{"id":1256,"date":"2016-10-28T05:36:21","date_gmt":"2016-10-28T05:36:21","guid":{"rendered":"http:\/\/www.masella.com\/blog\/ca\/?p=1256"},"modified":"2022-06-01T06:38:21","modified_gmt":"2022-06-01T06:38:21","slug":"cap-setmana-oficines-obertes","status":"publish","type":"post","link":"https:\/\/www.masella.com\/blog\/ca\/cap-setmana-oficines-obertes\/","title":{"rendered":"CAP DE SETMANA AMB OFICINES OBERTES"},"content":{"rendered":"<p style=\"text-align: justify;\">La tardor avan\u00e7a de manera imparable. Aquest cap de setmana arriba la castanyada i en, breu, la neu i el fred &#8230; amb l&#8217;inici de la temporada 2016-17. Per aquest motiu <strong><span style=\"text-decoration: underline;\">a partir d&#8217;aquest cap de setmana ens trobar\u00e0s cada dissabte i cada diumenge a les Oficines d&#8217;Atenci\u00f3 al Esquiador del Pla de Masella, d&#8217;11 a 14 h fins a l&#8217;inici de la temporada.<\/span><\/strong><\/p>\n<p style=\"text-align: justify;\"><strong>HORARIS D&#8217;OFICINES<\/strong><\/p>\n<p style=\"text-align: justify;\">Dilluns a dimecres de 8,30 a 18,00 h<\/p>\n<p style=\"text-align: justify;\">Dijous de 8,30 a 17,00 h<\/p>\n<p style=\"text-align: justify;\">Divendres de 8,30-13,00<\/p>\n<p style=\"text-align: justify;\">Dissabtes i diumenges de 11 a 14 h<\/p>\n<p style=\"text-align: justify;\">El dia 1 de novembre les oficines romandran tancades.<\/p>\n<p style=\"text-align: justify;\">Durant aquests horaris t&#8217;informarem de la nova temporada, podr\u00e0s tramitar el teu abonament de temporada, contractar l&#8217;asseguran\u00e7a que m\u00e9s s&#8217;ajusti a les teves necessitats, et facilitarem informaci\u00f3 dels cursets del CE Masella Team, podr\u00e0s reservar les teves classes d&#8217;esqu\u00ed i, alhora , reservar la taquilla guardaesqu\u00eds.<\/p>\n<p style=\"text-align: justify;\"><strong>TRAMITA L&#8217;ABONAMENT:\u00a0<\/strong>Des de les nostres oficines d&#8217;atenci\u00f3 al Esquiador podr\u00e0s tramitar el tipus d&#8217;abonament per esquiar que s&#8217;adapti millor a les teves necessitats per esquiar aquesta temporada. Recorda que fins al 20\/11\/2016 el trobar\u00e0s a preu de promoci\u00f3. L&#8217;abonament tamb\u00e9 el podr\u00e0s tramitar <a href=\"http:\/\/www.masella.com\/ca\/abonaments\/temporada\">&#8220;on-line&#8221;<\/a> a trav\u00e9s del nostre web <a href=\"http:\/\/www.masella.com\">www.masella.com<\/a><\/p>\n<p style=\"text-align: justify;\"><strong>ASSEGURANCES:\u00a0<\/strong>Els abonaments per esquiar a Masella no porten inclosa l&#8217;asseguran\u00e7a en cas d&#8217;accident. Des de la Oficines d&#8217;Atenci\u00f3 al Esquiador de Masella podr\u00e0s contractar, opcionalment, les assegurances que oferim. S\u00f3n les assegurances individual i familiar de la targeta RACC SLALOM o l&#8217;asseguran\u00e7a individual o familiar de la FCEH. M\u00e9s informaci\u00f3 a les nostres oficines.<\/p>\n<p style=\"text-align: justify;\"><strong>CE MASELLA TEAM:<\/strong>\u00a0El Masella Team \u00e9s un club d&#8217;esqu\u00ed i surf de neu que organitza cursets per a totes les edats amb grups d&#8217;iniciaci\u00f3 per als m\u00e9s petits, tecnificaci\u00f3, competici\u00f3 i &#8220;freestyle&#8221; aprofitant el potencial de Masella, el domini per esquiar de dia i de nit. Per a m\u00e9s informaci\u00f3 passa per la nostra oficines o clica <a href=\"http:\/\/www.masella.com\/ca\/paginas\/masella-team\">AQU\u00cd<\/a> o, directament, contacta amb la secret\u00e0ria del club mitjan\u00e7ant l\u2019E.mail: masellateam@masella.com o el tel\u00e8fon 972.144.000<\/p>\n<p style=\"text-align: justify;\"><a href=\"http:\/\/www.masella.com\/blog\/wp-content\/uploads\/2016\/10\/MasellaTeam.jpg\"><img loading=\"lazy\" decoding=\"async\" class=\"alignnone size-full wp-image-1257\" src=\"http:\/\/www.masella.com\/blog\/wp-content\/uploads\/2016\/10\/MasellaTeam.jpg\" alt=\"masellateam\" width=\"1280\" height=\"960\" srcset=\"https:\/\/www.masella.com\/blog\/wp-content\/uploads\/2016\/10\/MasellaTeam.jpg 1280w, https:\/\/www.masella.com\/blog\/wp-content\/uploads\/2016\/10\/MasellaTeam-300x225.jpg 300w, https:\/\/www.masella.com\/blog\/wp-content\/uploads\/2016\/10\/MasellaTeam-768x576.jpg 768w, https:\/\/www.masella.com\/blog\/wp-content\/uploads\/2016\/10\/MasellaTeam-1024x768.jpg 1024w\" sizes=\"(max-width: 1280px) 100vw, 1280px\" \/><\/a><\/p>\n<p style=\"text-align: justify;\"><strong>ESCOLA DE MASELLA:\u00a0<\/strong>L&#8217;Escola d&#8217;Esqu\u00ed i d&#8217;Snowboard de Masella tamb\u00e9 est\u00e0 oberta entre setmana (9 a 13 h i de 15 a 17 h) i els caps de setmana (11 a 14 h) per reservar els cursets a la carta, de 8 dissabtes o diumenges, Nadal, Cap d&#8217;Any, etc. Les oficines de l&#8217;Escola estan situades a l&#8217;edifici principal del Pla de Masella, davant la terrassa principal.<\/p>\n<p style=\"text-align: justify;\"><a href=\"http:\/\/www.masella.com\/blog\/wp-content\/uploads\/2016\/10\/Escola.jpg\"><img loading=\"lazy\" decoding=\"async\" class=\"alignnone size-full wp-image-1258\" src=\"http:\/\/www.masella.com\/blog\/wp-content\/uploads\/2016\/10\/Escola.jpg\" alt=\"escola\" width=\"1200\" height=\"900\" srcset=\"https:\/\/www.masella.com\/blog\/wp-content\/uploads\/2016\/10\/Escola.jpg 1200w, https:\/\/www.masella.com\/blog\/wp-content\/uploads\/2016\/10\/Escola-300x225.jpg 300w, https:\/\/www.masella.com\/blog\/wp-content\/uploads\/2016\/10\/Escola-768x576.jpg 768w, https:\/\/www.masella.com\/blog\/wp-content\/uploads\/2016\/10\/Escola-1024x768.jpg 1024w\" sizes=\"(max-width: 1200px) 100vw, 1200px\" \/><\/a><\/p>\n<p style=\"text-align: justify;\"><strong>TAQUILLES GUARDAESQU\u00cdS:<\/strong> Disposem de taquilles guardaesqu\u00eds a peu de pista perqu\u00e8 puguis guardar el teu material d&#8217;esqu\u00ed o de surf de neu. Les podr\u00e0s reservar a les nostres oficines d&#8217;atenci\u00f3 al Esquiador o mitjan\u00e7ant el E.mail: grups@masella.com<\/p>\n<p style=\"text-align: justify;\">Recorda que a Masella obrirem el primer cap de setmana de novembre que les condicions de les pistes ho permeten i per aquestes dates ja haur\u00edeu d&#8217;estar #apuntdeneu<\/p>\n","protected":false},"excerpt":{"rendered":"<p>La tardor avan\u00e7a de manera imparable. Aquest cap de setmana arriba la castanyada i en, breu, la neu i el<\/p>\n","protected":false},"author":4,"featured_media":1259,"comment_status":"closed","ping_status":"open","sticky":false,"template":"","format":"standard","meta":{"footnotes":""},"categories":[21,38,49,18],"tags":[],"yoast_head":"<!-- This site is optimized with the Yoast SEO plugin v21.5 - https:\/\/yoast.com\/wordpress\/plugins\/seo\/ -->\n<title>CAP DE SETMANA AMB OFICINES OBERTES - El Blog oficial de Masella<\/title>\n<meta name=\"robots\" content=\"index, follow, max-snippet:-1, max-image-preview:large, max-video-preview:-1\" \/>\n<link rel=\"canonical\" href=\"https:\/\/www.masella.com\/blog\/ca\/cap-setmana-oficines-obertes\/\" \/>\n<meta property=\"og:locale\" content=\"ca_ES\" \/>\n<meta property=\"og:type\" content=\"article\" \/>\n<meta property=\"og:title\" content=\"CAP DE SETMANA AMB OFICINES OBERTES - El Blog oficial de Masella\" \/>\n<meta property=\"og:description\" content=\"La tardor avan\u00e7a de manera imparable. Aquest cap de setmana arriba la castanyada i en, breu, la neu i el\" \/>\n<meta property=\"og:url\" content=\"https:\/\/www.masella.com\/blog\/ca\/cap-setmana-oficines-obertes\/\" \/>\n<meta property=\"og:site_name\" content=\"El Blog oficial de Masella\" \/>\n<meta property=\"article:published_time\" content=\"2016-10-28T05:36:21+00:00\" \/>\n<meta property=\"article:modified_time\" content=\"2022-06-01T06:38:21+00:00\" \/>\n<meta property=\"og:image\" content=\"https:\/\/www.masella.com\/blog\/wp-content\/uploads\/2016\/10\/EsquiAlpiMasella.jpg\" \/>\n\t<meta property=\"og:image:width\" content=\"1200\" \/>\n\t<meta property=\"og:image:height\" content=\"900\" \/>\n\t<meta property=\"og:image:type\" content=\"image\/jpeg\" \/>\n<meta name=\"author\" content=\"masella\" \/>\n<meta name=\"twitter:card\" content=\"summary_large_image\" \/>\n<meta name=\"twitter:label1\" content=\"Escrit per\" \/>\n\t<meta name=\"twitter:data1\" content=\"masella\" \/>\n\t<meta name=\"twitter:label2\" content=\"Temps estimat de lectura\" \/>\n\t<meta name=\"twitter:data2\" content=\"2 minuts\" \/>\n<script type=\"application\/ld+json\" class=\"yoast-schema-graph\">{\"@context\":\"https:\/\/schema.org\",\"@graph\":[{\"@type\":\"Article\",\"@id\":\"https:\/\/www.masella.com\/blog\/ca\/cap-setmana-oficines-obertes\/#article\",\"isPartOf\":{\"@id\":\"https:\/\/www.masella.com\/blog\/ca\/cap-setmana-oficines-obertes\/\"},\"author\":{\"name\":\"masella\",\"@id\":\"https:\/\/www.masella.com\/blog\/ca\/#\/schema\/person\/e32b971f5be20790c591d85b8f1c706b\"},\"headline\":\"CAP DE SETMANA AMB OFICINES OBERTES\",\"datePublished\":\"2016-10-28T05:36:21+00:00\",\"dateModified\":\"2022-06-01T06:38:21+00:00\",\"mainEntityOfPage\":{\"@id\":\"https:\/\/www.masella.com\/blog\/ca\/cap-setmana-oficines-obertes\/\"},\"wordCount\":508,\"publisher\":{\"@id\":\"https:\/\/www.masella.com\/blog\/ca\/#organization\"},\"articleSection\":[\"Actualitat\",\"Escola\",\"Formaci\u00f3\",\"Ofertes\"],\"inLanguage\":\"ca\"},{\"@type\":\"WebPage\",\"@id\":\"https:\/\/www.masella.com\/blog\/ca\/cap-setmana-oficines-obertes\/\",\"url\":\"https:\/\/www.masella.com\/blog\/ca\/cap-setmana-oficines-obertes\/\",\"name\":\"CAP DE SETMANA AMB OFICINES OBERTES - El Blog oficial de Masella\",\"isPartOf\":{\"@id\":\"https:\/\/www.masella.com\/blog\/ca\/#website\"},\"datePublished\":\"2016-10-28T05:36:21+00:00\",\"dateModified\":\"2022-06-01T06:38:21+00:00\",\"breadcrumb\":{\"@id\":\"https:\/\/www.masella.com\/blog\/ca\/cap-setmana-oficines-obertes\/#breadcrumb\"},\"inLanguage\":\"ca\",\"potentialAction\":[{\"@type\":\"ReadAction\",\"target\":[\"https:\/\/www.masella.com\/blog\/ca\/cap-setmana-oficines-obertes\/\"]}]},{\"@type\":\"BreadcrumbList\",\"@id\":\"https:\/\/www.masella.com\/blog\/ca\/cap-setmana-oficines-obertes\/#breadcrumb\",\"itemListElement\":[{\"@type\":\"ListItem\",\"position\":1,\"name\":\"Portada\",\"item\":\"https:\/\/www.masella.com\/blog\/ca\/\"},{\"@type\":\"ListItem\",\"position\":2,\"name\":\"CAP DE SETMANA AMB OFICINES OBERTES\"}]},{\"@type\":\"WebSite\",\"@id\":\"https:\/\/www.masella.com\/blog\/ca\/#website\",\"url\":\"https:\/\/www.masella.com\/blog\/ca\/\",\"name\":\"El Blog oficial de Masella\",\"description\":\"\",\"publisher\":{\"@id\":\"https:\/\/www.masella.com\/blog\/ca\/#organization\"},\"potentialAction\":[{\"@type\":\"SearchAction\",\"target\":{\"@type\":\"EntryPoint\",\"urlTemplate\":\"https:\/\/www.masella.com\/blog\/ca\/?s={search_term_string}\"},\"query-input\":\"required name=search_term_string\"}],\"inLanguage\":\"ca\"},{\"@type\":\"Organization\",\"@id\":\"https:\/\/www.masella.com\/blog\/ca\/#organization\",\"name\":\"El Blog oficial de Masella\",\"url\":\"https:\/\/www.masella.com\/blog\/ca\/\",\"logo\":{\"@type\":\"ImageObject\",\"inLanguage\":\"ca\",\"@id\":\"https:\/\/www.masella.com\/blog\/ca\/#\/schema\/logo\/image\/\",\"url\":\"https:\/\/www.masella.com\/blog\/wp-content\/uploads\/2022\/12\/cropped-logo-masella-cat.png\",\"contentUrl\":\"https:\/\/www.masella.com\/blog\/wp-content\/uploads\/2022\/12\/cropped-logo-masella-cat.png\",\"width\":150,\"height\":88,\"caption\":\"El Blog oficial de Masella\"},\"image\":{\"@id\":\"https:\/\/www.masella.com\/blog\/ca\/#\/schema\/logo\/image\/\"}},{\"@type\":\"Person\",\"@id\":\"https:\/\/www.masella.com\/blog\/ca\/#\/schema\/person\/e32b971f5be20790c591d85b8f1c706b\",\"name\":\"masella\",\"image\":{\"@type\":\"ImageObject\",\"inLanguage\":\"ca\",\"@id\":\"https:\/\/www.masella.com\/blog\/ca\/#\/schema\/person\/image\/\",\"url\":\"https:\/\/secure.gravatar.com\/avatar\/57590b1151eaa410a783e55768bbbba2?s=96&d=mm&r=g\",\"contentUrl\":\"https:\/\/secure.gravatar.com\/avatar\/57590b1151eaa410a783e55768bbbba2?s=96&d=mm&r=g\",\"caption\":\"masella\"},\"url\":\"https:\/\/www.masella.com\/blog\/ca\/author\/anna\/\"}]}<\/script>\n<!-- \/ Yoast SEO plugin. -->","yoast_head_json":{"title":"CAP DE SETMANA AMB OFICINES OBERTES - El Blog oficial de Masella","robots":{"index":"index","follow":"follow","max-snippet":"max-snippet:-1","max-image-preview":"max-image-preview:large","max-video-preview":"max-video-preview:-1"},"canonical":"https:\/\/www.masella.com\/blog\/ca\/cap-setmana-oficines-obertes\/","og_locale":"ca_ES","og_type":"article","og_title":"CAP DE SETMANA AMB OFICINES OBERTES - El Blog oficial de Masella","og_description":"La tardor avan\u00e7a de manera imparable. Aquest cap de setmana arriba la castanyada i en, breu, la neu i el","og_url":"https:\/\/www.masella.com\/blog\/ca\/cap-setmana-oficines-obertes\/","og_site_name":"El Blog oficial de Masella","article_published_time":"2016-10-28T05:36:21+00:00","article_modified_time":"2022-06-01T06:38:21+00:00","og_image":[{"width":1200,"height":900,"url":"https:\/\/www.masella.com\/blog\/wp-content\/uploads\/2016\/10\/EsquiAlpiMasella.jpg","type":"image\/jpeg"}],"author":"masella","twitter_card":"summary_large_image","twitter_misc":{"Escrit per":"masella","Temps estimat de lectura":"2 minuts"},"schema":{"@context":"https:\/\/schema.org","@graph":[{"@type":"Article","@id":"https:\/\/www.masella.com\/blog\/ca\/cap-setmana-oficines-obertes\/#article","isPartOf":{"@id":"https:\/\/www.masella.com\/blog\/ca\/cap-setmana-oficines-obertes\/"},"author":{"name":"masella","@id":"https:\/\/www.masella.com\/blog\/ca\/#\/schema\/person\/e32b971f5be20790c591d85b8f1c706b"},"headline":"CAP DE SETMANA AMB OFICINES OBERTES","datePublished":"2016-10-28T05:36:21+00:00","dateModified":"2022-06-01T06:38:21+00:00","mainEntityOfPage":{"@id":"https:\/\/www.masella.com\/blog\/ca\/cap-setmana-oficines-obertes\/"},"wordCount":508,"publisher":{"@id":"https:\/\/www.masella.com\/blog\/ca\/#organization"},"articleSection":["Actualitat","Escola","Formaci\u00f3","Ofertes"],"inLanguage":"ca"},{"@type":"WebPage","@id":"https:\/\/www.masella.com\/blog\/ca\/cap-setmana-oficines-obertes\/","url":"https:\/\/www.masella.com\/blog\/ca\/cap-setmana-oficines-obertes\/","name":"CAP DE SETMANA AMB OFICINES OBERTES - El Blog oficial de Masella","isPartOf":{"@id":"https:\/\/www.masella.com\/blog\/ca\/#website"},"datePublished":"2016-10-28T05:36:21+00:00","dateModified":"2022-06-01T06:38:21+00:00","breadcrumb":{"@id":"https:\/\/www.masella.com\/blog\/ca\/cap-setmana-oficines-obertes\/#breadcrumb"},"inLanguage":"ca","potentialAction":[{"@type":"ReadAction","target":["https:\/\/www.masella.com\/blog\/ca\/cap-setmana-oficines-obertes\/"]}]},{"@type":"BreadcrumbList","@id":"https:\/\/www.masella.com\/blog\/ca\/cap-setmana-oficines-obertes\/#breadcrumb","itemListElement":[{"@type":"ListItem","position":1,"name":"Portada","item":"https:\/\/www.masella.com\/blog\/ca\/"},{"@type":"ListItem","position":2,"name":"CAP DE SETMANA AMB OFICINES OBERTES"}]},{"@type":"WebSite","@id":"https:\/\/www.masella.com\/blog\/ca\/#website","url":"https:\/\/www.masella.com\/blog\/ca\/","name":"El Blog oficial de Masella","description":"","publisher":{"@id":"https:\/\/www.masella.com\/blog\/ca\/#organization"},"potentialAction":[{"@type":"SearchAction","target":{"@type":"EntryPoint","urlTemplate":"https:\/\/www.masella.com\/blog\/ca\/?s={search_term_string}"},"query-input":"required name=search_term_string"}],"inLanguage":"ca"},{"@type":"Organization","@id":"https:\/\/www.masella.com\/blog\/ca\/#organization","name":"El Blog oficial de Masella","url":"https:\/\/www.masella.com\/blog\/ca\/","logo":{"@type":"ImageObject","inLanguage":"ca","@id":"https:\/\/www.masella.com\/blog\/ca\/#\/schema\/logo\/image\/","url":"https:\/\/www.masella.com\/blog\/wp-content\/uploads\/2022\/12\/cropped-logo-masella-cat.png","contentUrl":"https:\/\/www.masella.com\/blog\/wp-content\/uploads\/2022\/12\/cropped-logo-masella-cat.png","width":150,"height":88,"caption":"El Blog oficial de Masella"},"image":{"@id":"https:\/\/www.masella.com\/blog\/ca\/#\/schema\/logo\/image\/"}},{"@type":"Person","@id":"https:\/\/www.masella.com\/blog\/ca\/#\/schema\/person\/e32b971f5be20790c591d85b8f1c706b","name":"masella","image":{"@type":"ImageObject","inLanguage":"ca","@id":"https:\/\/www.masella.com\/blog\/ca\/#\/schema\/person\/image\/","url":"https:\/\/secure.gravatar.com\/avatar\/57590b1151eaa410a783e55768bbbba2?s=96&d=mm&r=g","contentUrl":"https:\/\/secure.gravatar.com\/avatar\/57590b1151eaa410a783e55768bbbba2?s=96&d=mm&r=g","caption":"masella"},"url":"https:\/\/www.masella.com\/blog\/ca\/author\/anna\/"}]}},"_links":{"self":[{"href":"https:\/\/www.masella.com\/blog\/ca\/wp-json\/wp\/v2\/posts\/1256"}],"collection":[{"href":"https:\/\/www.masella.com\/blog\/ca\/wp-json\/wp\/v2\/posts"}],"about":[{"href":"https:\/\/www.masella.com\/blog\/ca\/wp-json\/wp\/v2\/types\/post"}],"author":[{"embeddable":true,"href":"https:\/\/www.masella.com\/blog\/ca\/wp-json\/wp\/v2\/users\/4"}],"replies":[{"embeddable":true,"href":"https:\/\/www.masella.com\/blog\/ca\/wp-json\/wp\/v2\/comments?post=1256"}],"version-history":[{"count":1,"href":"https:\/\/www.masella.com\/blog\/ca\/wp-json\/wp\/v2\/posts\/1256\/revisions"}],"predecessor-version":[{"id":1260,"href":"https:\/\/www.masella.com\/blog\/ca\/wp-json\/wp\/v2\/posts\/1256\/revisions\/1260"}],"wp:featuredmedia":[{"embeddable":true,"href":"https:\/\/www.masella.com\/blog\/ca\/wp-json\/wp\/v2\/media\/1259"}],"wp:attachment":[{"href":"https:\/\/www.masella.com\/blog\/ca\/wp-json\/wp\/v2\/media?parent=1256"}],"wp:term":[{"taxonomy":"category","embeddable":true,"href":"https:\/\/www.masella.com\/blog\/ca\/wp-json\/wp\/v2\/categories?post=1256"},{"taxonomy":"post_tag","embeddable":true,"href":"https:\/\/www.masella.com\/blog\/ca\/wp-json\/wp\/v2\/tags?post=1256"}],"curies":[{"name":"wp","href":"https:\/\/api.w.org\/{rel}","templated":true}]}}