{"id":1581,"date":"2016-12-27T10:01:53","date_gmt":"2016-12-27T10:01:53","guid":{"rendered":"http:\/\/www.masella.com\/blog\/ca\/?p=1581"},"modified":"2022-06-01T06:37:23","modified_gmt":"2022-06-01T06:37:23","slug":"agenda-festes-nadal","status":"publish","type":"post","link":"https:\/\/www.masella.com\/blog\/ca\/agenda-festes-nadal\/","title":{"rendered":"AGENDA DE LES FESTES DE NADAL"},"content":{"rendered":"<p style=\"text-align: justify;\">Des del 24 de desembre fins el 5 de gener l\u2019estaci\u00f3 organitza un seguit d\u2019activitats per fer de les esquiades, durant aquestes festes de Nadal, encara m\u00e9s acollidores entre les fam\u00edlies que aquest dies gaudeixin de Masella.<\/p>\n<p style=\"text-align: justify;\"><strong>24 i 25\/12\/2016 El Pare No\u00ebl reparteix caramels<\/strong><br \/>\nCada dia de Nadal i, tamb\u00e9, la vig\u00edlia el Pare No\u00ebl repartir\u00e0 caramels entre els petits esquiadors que s\u2019acostin a l\u2019estaci\u00f3. I ser\u00e0 la darrera ocasi\u00f3 perqu\u00e8 els m\u00e9s menuts expressin els seus darrers desitjos al Pare No\u00ebl.<\/p>\n<p style=\"text-align: justify;\"><a href=\"http:\/\/www.masella.com\/blog\/wp-content\/uploads\/2016\/12\/PareNoel.jpg\"><img loading=\"lazy\" decoding=\"async\" class=\"size-full wp-image-1582 aligncenter\" src=\"http:\/\/www.masella.com\/blog\/wp-content\/uploads\/2016\/12\/PareNoel.jpg\" alt=\"parenoel\" width=\"1200\" height=\"900\" srcset=\"https:\/\/www.masella.com\/blog\/wp-content\/uploads\/2016\/12\/PareNoel.jpg 1200w, https:\/\/www.masella.com\/blog\/wp-content\/uploads\/2016\/12\/PareNoel-300x225.jpg 300w, https:\/\/www.masella.com\/blog\/wp-content\/uploads\/2016\/12\/PareNoel-768x576.jpg 768w, https:\/\/www.masella.com\/blog\/wp-content\/uploads\/2016\/12\/PareNoel-1024x768.jpg 1024w\" sizes=\"(max-width: 1200px) 100vw, 1200px\" \/><\/a><\/p>\n<p style=\"text-align: justify;\"><strong>29\/12\/2016 Inauguraci\u00f3 de la temporada d\u2019Esqu\u00ed Nocturn<\/strong><br \/>\nAquest dijous l\u2019estaci\u00f3 iniciar\u00e0 la temporada del domini esquiable nocturn amb 10 km il\u2022luminats a Masella, la capital de l\u2019Esqu\u00ed Nocturn dels Pirineus.<\/p>\n<p style=\"text-align: justify;\"><strong>30\/12\/2016 Cursa Nocturna Infantils I i II. Organitza: X-TOT<\/strong><br \/>\nAmb aquesta cursa s\u2019inicia la temporada de competicions a l\u2019estaci\u00f3. En concret ser\u00e0 una prova d\u2019esl\u00e0lom de nit a la pista Esl\u00e0lom de La Pleta.<\/p>\n<p style=\"text-align: justify;\"><a href=\"http:\/\/www.masella.com\/blog\/wp-content\/uploads\/2016\/12\/Nocturn.jpg\"><img loading=\"lazy\" decoding=\"async\" class=\"size-full wp-image-1583 aligncenter\" src=\"http:\/\/www.masella.com\/blog\/wp-content\/uploads\/2016\/12\/Nocturn.jpg\" alt=\"nocturn\" width=\"1200\" height=\"900\" srcset=\"https:\/\/www.masella.com\/blog\/wp-content\/uploads\/2016\/12\/Nocturn.jpg 1200w, https:\/\/www.masella.com\/blog\/wp-content\/uploads\/2016\/12\/Nocturn-300x225.jpg 300w, https:\/\/www.masella.com\/blog\/wp-content\/uploads\/2016\/12\/Nocturn-768x576.jpg 768w, https:\/\/www.masella.com\/blog\/wp-content\/uploads\/2016\/12\/Nocturn-1024x768.jpg 1024w\" sizes=\"(max-width: 1200px) 100vw, 1200px\" \/><\/a><\/p>\n<p style=\"text-align: justify;\"><strong>31\/12\/2016 XIV Cursa Familiar<\/strong><br \/>\nUna cursa en qu\u00e8 totes les fam\u00edlies, amb abonament de temporada, podran gaudir de valent mentre competeixen. Per inscriure-us heu de passar per Oficines d&#8217;Atenci\u00f3 a l&#8217;Esquiador o b\u00e9 enviar un email a oficines@masella.com, fent-hi constar el nom de tots els membres de la fam\u00edlia que us voleu apuntar i la categoria en la qu\u00e8 competireu (pares-fills, germans, avis-n\u00e9ts o matrimonis).<\/p>\n<p style=\"text-align: justify;\"><strong>3\/1\/2017 Cursa Nocturna Alevins. Organitza: CEAC<\/strong><br \/>\nProva pels m\u00e9s menuts que tamb\u00e9 gaudeixen de l\u2019esqu\u00ed de nit i la competici\u00f3 en una cursa que tamb\u00e9 es celebrar\u00e0 a la pista Esl\u00e0lom de La Pleta.<\/p>\n<p style=\"text-align: justify;\"><strong>5\/1\/2016 Arribada dels Reis al Pla de Masella<\/strong><br \/>\nCada vig\u00edlia del dia de Reis, a les 18 h, els Reis d\u2019Orient arriben al Pla de Masella amb m\u00e0quines trepitjaneu escortats pels patges amb torxes. La festa, en qu\u00e8 els protagonistes s\u00f3n ses Majestats els Reis, el infants fan una xocolatada mentre esperen la nit m\u00e9s m\u00e0gica de l\u2019any.<\/p>\n<p style=\"text-align: justify;\"><a href=\"http:\/\/www.masella.com\/blog\/wp-content\/uploads\/2016\/12\/Reis.jpg\"><img loading=\"lazy\" decoding=\"async\" class=\"size-full wp-image-1584 aligncenter\" src=\"http:\/\/www.masella.com\/blog\/wp-content\/uploads\/2016\/12\/Reis.jpg\" alt=\"reis\" width=\"1200\" height=\"900\" srcset=\"https:\/\/www.masella.com\/blog\/wp-content\/uploads\/2016\/12\/Reis.jpg 1200w, https:\/\/www.masella.com\/blog\/wp-content\/uploads\/2016\/12\/Reis-300x225.jpg 300w, https:\/\/www.masella.com\/blog\/wp-content\/uploads\/2016\/12\/Reis-768x576.jpg 768w, https:\/\/www.masella.com\/blog\/wp-content\/uploads\/2016\/12\/Reis-1024x768.jpg 1024w\" sizes=\"(max-width: 1200px) 100vw, 1200px\" \/><\/a><\/p>\n<p style=\"text-align: justify;\">\n","protected":false},"excerpt":{"rendered":"<p>Des del 24 de desembre fins el 5 de gener l\u2019estaci\u00f3 organitza un seguit d\u2019activitats per fer de les esquiades,<\/p>\n","protected":false},"author":4,"featured_media":1586,"comment_status":"closed","ping_status":"open","sticky":false,"template":"","format":"standard","meta":{"footnotes":""},"categories":[21,50,30,13,24],"tags":[],"yoast_head":"<!-- This site is optimized with the Yoast SEO plugin v21.5 - https:\/\/yoast.com\/wordpress\/plugins\/seo\/ -->\n<title>AGENDA DE LES FESTES DE NADAL - El Blog oficial de Masella<\/title>\n<meta name=\"robots\" content=\"index, follow, max-snippet:-1, max-image-preview:large, max-video-preview:-1\" \/>\n<link rel=\"canonical\" href=\"https:\/\/www.masella.com\/blog\/ca\/agenda-festes-nadal\/\" \/>\n<meta property=\"og:locale\" content=\"ca_ES\" \/>\n<meta property=\"og:type\" content=\"article\" \/>\n<meta property=\"og:title\" content=\"AGENDA DE LES FESTES DE NADAL - El Blog oficial de Masella\" \/>\n<meta property=\"og:description\" content=\"Des del 24 de desembre fins el 5 de gener l\u2019estaci\u00f3 organitza un seguit d\u2019activitats per fer de les esquiades,\" \/>\n<meta property=\"og:url\" content=\"https:\/\/www.masella.com\/blog\/ca\/agenda-festes-nadal\/\" \/>\n<meta property=\"og:site_name\" content=\"El Blog oficial de Masella\" \/>\n<meta property=\"article:published_time\" content=\"2016-12-27T10:01:53+00:00\" \/>\n<meta property=\"article:modified_time\" content=\"2022-06-01T06:37:23+00:00\" \/>\n<meta property=\"og:image\" content=\"https:\/\/www.masella.com\/blog\/wp-content\/uploads\/2016\/12\/001FD-6.jpg\" \/>\n\t<meta property=\"og:image:width\" content=\"1200\" \/>\n\t<meta property=\"og:image:height\" content=\"900\" \/>\n\t<meta property=\"og:image:type\" content=\"image\/jpeg\" \/>\n<meta name=\"author\" content=\"masella\" \/>\n<meta name=\"twitter:card\" content=\"summary_large_image\" \/>\n<meta name=\"twitter:label1\" content=\"Escrit per\" \/>\n\t<meta name=\"twitter:data1\" content=\"masella\" \/>\n\t<meta name=\"twitter:label2\" content=\"Temps estimat de lectura\" \/>\n\t<meta name=\"twitter:data2\" content=\"2 minuts\" \/>\n<script type=\"application\/ld+json\" class=\"yoast-schema-graph\">{\"@context\":\"https:\/\/schema.org\",\"@graph\":[{\"@type\":\"Article\",\"@id\":\"https:\/\/www.masella.com\/blog\/ca\/agenda-festes-nadal\/#article\",\"isPartOf\":{\"@id\":\"https:\/\/www.masella.com\/blog\/ca\/agenda-festes-nadal\/\"},\"author\":{\"name\":\"masella\",\"@id\":\"https:\/\/www.masella.com\/blog\/ca\/#\/schema\/person\/e32b971f5be20790c591d85b8f1c706b\"},\"headline\":\"AGENDA DE LES FESTES DE NADAL\",\"datePublished\":\"2016-12-27T10:01:53+00:00\",\"dateModified\":\"2022-06-01T06:37:23+00:00\",\"mainEntityOfPage\":{\"@id\":\"https:\/\/www.masella.com\/blog\/ca\/agenda-festes-nadal\/\"},\"wordCount\":336,\"publisher\":{\"@id\":\"https:\/\/www.masella.com\/blog\/ca\/#organization\"},\"articleSection\":[\"Actualitat\",\"Competici\u00f3\",\"Curses\",\"Esdeveniments\",\"Nocturn\"],\"inLanguage\":\"ca\"},{\"@type\":\"WebPage\",\"@id\":\"https:\/\/www.masella.com\/blog\/ca\/agenda-festes-nadal\/\",\"url\":\"https:\/\/www.masella.com\/blog\/ca\/agenda-festes-nadal\/\",\"name\":\"AGENDA DE LES FESTES DE NADAL - El Blog oficial de Masella\",\"isPartOf\":{\"@id\":\"https:\/\/www.masella.com\/blog\/ca\/#website\"},\"datePublished\":\"2016-12-27T10:01:53+00:00\",\"dateModified\":\"2022-06-01T06:37:23+00:00\",\"breadcrumb\":{\"@id\":\"https:\/\/www.masella.com\/blog\/ca\/agenda-festes-nadal\/#breadcrumb\"},\"inLanguage\":\"ca\",\"potentialAction\":[{\"@type\":\"ReadAction\",\"target\":[\"https:\/\/www.masella.com\/blog\/ca\/agenda-festes-nadal\/\"]}]},{\"@type\":\"BreadcrumbList\",\"@id\":\"https:\/\/www.masella.com\/blog\/ca\/agenda-festes-nadal\/#breadcrumb\",\"itemListElement\":[{\"@type\":\"ListItem\",\"position\":1,\"name\":\"Portada\",\"item\":\"https:\/\/www.masella.com\/blog\/ca\/\"},{\"@type\":\"ListItem\",\"position\":2,\"name\":\"AGENDA DE LES FESTES DE NADAL\"}]},{\"@type\":\"WebSite\",\"@id\":\"https:\/\/www.masella.com\/blog\/ca\/#website\",\"url\":\"https:\/\/www.masella.com\/blog\/ca\/\",\"name\":\"El Blog oficial de Masella\",\"description\":\"\",\"publisher\":{\"@id\":\"https:\/\/www.masella.com\/blog\/ca\/#organization\"},\"potentialAction\":[{\"@type\":\"SearchAction\",\"target\":{\"@type\":\"EntryPoint\",\"urlTemplate\":\"https:\/\/www.masella.com\/blog\/ca\/?s={search_term_string}\"},\"query-input\":\"required name=search_term_string\"}],\"inLanguage\":\"ca\"},{\"@type\":\"Organization\",\"@id\":\"https:\/\/www.masella.com\/blog\/ca\/#organization\",\"name\":\"El Blog oficial de Masella\",\"url\":\"https:\/\/www.masella.com\/blog\/ca\/\",\"logo\":{\"@type\":\"ImageObject\",\"inLanguage\":\"ca\",\"@id\":\"https:\/\/www.masella.com\/blog\/ca\/#\/schema\/logo\/image\/\",\"url\":\"https:\/\/www.masella.com\/blog\/wp-content\/uploads\/2022\/12\/cropped-logo-masella-cat.png\",\"contentUrl\":\"https:\/\/www.masella.com\/blog\/wp-content\/uploads\/2022\/12\/cropped-logo-masella-cat.png\",\"width\":150,\"height\":88,\"caption\":\"El Blog oficial de Masella\"},\"image\":{\"@id\":\"https:\/\/www.masella.com\/blog\/ca\/#\/schema\/logo\/image\/\"}},{\"@type\":\"Person\",\"@id\":\"https:\/\/www.masella.com\/blog\/ca\/#\/schema\/person\/e32b971f5be20790c591d85b8f1c706b\",\"name\":\"masella\",\"image\":{\"@type\":\"ImageObject\",\"inLanguage\":\"ca\",\"@id\":\"https:\/\/www.masella.com\/blog\/ca\/#\/schema\/person\/image\/\",\"url\":\"https:\/\/secure.gravatar.com\/avatar\/57590b1151eaa410a783e55768bbbba2?s=96&d=mm&r=g\",\"contentUrl\":\"https:\/\/secure.gravatar.com\/avatar\/57590b1151eaa410a783e55768bbbba2?s=96&d=mm&r=g\",\"caption\":\"masella\"},\"url\":\"https:\/\/www.masella.com\/blog\/ca\/author\/anna\/\"}]}<\/script>\n<!-- \/ Yoast SEO plugin. -->","yoast_head_json":{"title":"AGENDA DE LES FESTES DE NADAL - El Blog oficial de Masella","robots":{"index":"index","follow":"follow","max-snippet":"max-snippet:-1","max-image-preview":"max-image-preview:large","max-video-preview":"max-video-preview:-1"},"canonical":"https:\/\/www.masella.com\/blog\/ca\/agenda-festes-nadal\/","og_locale":"ca_ES","og_type":"article","og_title":"AGENDA DE LES FESTES DE NADAL - El Blog oficial de Masella","og_description":"Des del 24 de desembre fins el 5 de gener l\u2019estaci\u00f3 organitza un seguit d\u2019activitats per fer de les esquiades,","og_url":"https:\/\/www.masella.com\/blog\/ca\/agenda-festes-nadal\/","og_site_name":"El Blog oficial de Masella","article_published_time":"2016-12-27T10:01:53+00:00","article_modified_time":"2022-06-01T06:37:23+00:00","og_image":[{"width":1200,"height":900,"url":"https:\/\/www.masella.com\/blog\/wp-content\/uploads\/2016\/12\/001FD-6.jpg","type":"image\/jpeg"}],"author":"masella","twitter_card":"summary_large_image","twitter_misc":{"Escrit per":"masella","Temps estimat de lectura":"2 minuts"},"schema":{"@context":"https:\/\/schema.org","@graph":[{"@type":"Article","@id":"https:\/\/www.masella.com\/blog\/ca\/agenda-festes-nadal\/#article","isPartOf":{"@id":"https:\/\/www.masella.com\/blog\/ca\/agenda-festes-nadal\/"},"author":{"name":"masella","@id":"https:\/\/www.masella.com\/blog\/ca\/#\/schema\/person\/e32b971f5be20790c591d85b8f1c706b"},"headline":"AGENDA DE LES FESTES DE NADAL","datePublished":"2016-12-27T10:01:53+00:00","dateModified":"2022-06-01T06:37:23+00:00","mainEntityOfPage":{"@id":"https:\/\/www.masella.com\/blog\/ca\/agenda-festes-nadal\/"},"wordCount":336,"publisher":{"@id":"https:\/\/www.masella.com\/blog\/ca\/#organization"},"articleSection":["Actualitat","Competici\u00f3","Curses","Esdeveniments","Nocturn"],"inLanguage":"ca"},{"@type":"WebPage","@id":"https:\/\/www.masella.com\/blog\/ca\/agenda-festes-nadal\/","url":"https:\/\/www.masella.com\/blog\/ca\/agenda-festes-nadal\/","name":"AGENDA DE LES FESTES DE NADAL - El Blog oficial de Masella","isPartOf":{"@id":"https:\/\/www.masella.com\/blog\/ca\/#website"},"datePublished":"2016-12-27T10:01:53+00:00","dateModified":"2022-06-01T06:37:23+00:00","breadcrumb":{"@id":"https:\/\/www.masella.com\/blog\/ca\/agenda-festes-nadal\/#breadcrumb"},"inLanguage":"ca","potentialAction":[{"@type":"ReadAction","target":["https:\/\/www.masella.com\/blog\/ca\/agenda-festes-nadal\/"]}]},{"@type":"BreadcrumbList","@id":"https:\/\/www.masella.com\/blog\/ca\/agenda-festes-nadal\/#breadcrumb","itemListElement":[{"@type":"ListItem","position":1,"name":"Portada","item":"https:\/\/www.masella.com\/blog\/ca\/"},{"@type":"ListItem","position":2,"name":"AGENDA DE LES FESTES DE NADAL"}]},{"@type":"WebSite","@id":"https:\/\/www.masella.com\/blog\/ca\/#website","url":"https:\/\/www.masella.com\/blog\/ca\/","name":"El Blog oficial de Masella","description":"","publisher":{"@id":"https:\/\/www.masella.com\/blog\/ca\/#organization"},"potentialAction":[{"@type":"SearchAction","target":{"@type":"EntryPoint","urlTemplate":"https:\/\/www.masella.com\/blog\/ca\/?s={search_term_string}"},"query-input":"required name=search_term_string"}],"inLanguage":"ca"},{"@type":"Organization","@id":"https:\/\/www.masella.com\/blog\/ca\/#organization","name":"El Blog oficial de Masella","url":"https:\/\/www.masella.com\/blog\/ca\/","logo":{"@type":"ImageObject","inLanguage":"ca","@id":"https:\/\/www.masella.com\/blog\/ca\/#\/schema\/logo\/image\/","url":"https:\/\/www.masella.com\/blog\/wp-content\/uploads\/2022\/12\/cropped-logo-masella-cat.png","contentUrl":"https:\/\/www.masella.com\/blog\/wp-content\/uploads\/2022\/12\/cropped-logo-masella-cat.png","width":150,"height":88,"caption":"El Blog oficial de Masella"},"image":{"@id":"https:\/\/www.masella.com\/blog\/ca\/#\/schema\/logo\/image\/"}},{"@type":"Person","@id":"https:\/\/www.masella.com\/blog\/ca\/#\/schema\/person\/e32b971f5be20790c591d85b8f1c706b","name":"masella","image":{"@type":"ImageObject","inLanguage":"ca","@id":"https:\/\/www.masella.com\/blog\/ca\/#\/schema\/person\/image\/","url":"https:\/\/secure.gravatar.com\/avatar\/57590b1151eaa410a783e55768bbbba2?s=96&d=mm&r=g","contentUrl":"https:\/\/secure.gravatar.com\/avatar\/57590b1151eaa410a783e55768bbbba2?s=96&d=mm&r=g","caption":"masella"},"url":"https:\/\/www.masella.com\/blog\/ca\/author\/anna\/"}]}},"_links":{"self":[{"href":"https:\/\/www.masella.com\/blog\/ca\/wp-json\/wp\/v2\/posts\/1581"}],"collection":[{"href":"https:\/\/www.masella.com\/blog\/ca\/wp-json\/wp\/v2\/posts"}],"about":[{"href":"https:\/\/www.masella.com\/blog\/ca\/wp-json\/wp\/v2\/types\/post"}],"author":[{"embeddable":true,"href":"https:\/\/www.masella.com\/blog\/ca\/wp-json\/wp\/v2\/users\/4"}],"replies":[{"embeddable":true,"href":"https:\/\/www.masella.com\/blog\/ca\/wp-json\/wp\/v2\/comments?post=1581"}],"version-history":[{"count":3,"href":"https:\/\/www.masella.com\/blog\/ca\/wp-json\/wp\/v2\/posts\/1581\/revisions"}],"predecessor-version":[{"id":1603,"href":"https:\/\/www.masella.com\/blog\/ca\/wp-json\/wp\/v2\/posts\/1581\/revisions\/1603"}],"wp:featuredmedia":[{"embeddable":true,"href":"https:\/\/www.masella.com\/blog\/ca\/wp-json\/wp\/v2\/media\/1586"}],"wp:attachment":[{"href":"https:\/\/www.masella.com\/blog\/ca\/wp-json\/wp\/v2\/media?parent=1581"}],"wp:term":[{"taxonomy":"category","embeddable":true,"href":"https:\/\/www.masella.com\/blog\/ca\/wp-json\/wp\/v2\/categories?post=1581"},{"taxonomy":"post_tag","embeddable":true,"href":"https:\/\/www.masella.com\/blog\/ca\/wp-json\/wp\/v2\/tags?post=1581"}],"curies":[{"name":"wp","href":"https:\/\/api.w.org\/{rel}","templated":true}]}}