{"id":1754,"date":"2017-01-14T07:27:18","date_gmt":"2017-01-14T07:27:18","guid":{"rendered":"http:\/\/www.masella.com\/blog\/?p=1754\/"},"modified":"2022-06-01T06:36:53","modified_gmt":"2022-06-01T06:36:53","slug":"bosc-masella-millor-opcio-dies-fred-vent","status":"publish","type":"post","link":"https:\/\/www.masella.com\/blog\/ca\/bosc-masella-millor-opcio-dies-fred-vent\/","title":{"rendered":"EL BOSC DE MASELLA, LA MILLOR OPCI\u00d3 EN DIES DE FRED I VENT"},"content":{"rendered":"<p>S&#8217;acosten dies de molt de fred i vent i Masella, amb un<strong> 80% de les pistes tra\u00e7ades enmig del bosc<\/strong>, t\u00e9 els millors racons per resguardar-se de les condicions meteorol\u00f2giques m\u00e9s extremes.<\/p>\n<p>El sector\u00a0del<strong> Bosc\u00a0d&#8217;Alp,<\/strong> des de Cap del Bosc i fins al Pla de Masella i <strong>accessible tant des del Tsd Masella Jet com del Tsd TGV<\/strong>, t\u00e9 pistes de tots els nivells i totes queden a resguard del vent gr\u00e0cies als densos boscos que les envolten. Trobareu en aquesta zona les blaves Enamorats, La Plana, Volta Maria, Clariana, L&#8217;Aparador, Les Fustes, La Cova, La Fosca, entre d&#8217;altres, i les vermelles Central, Esquirols, Muntanyes Russes, Davallada&#8230;<\/p>\n<figure id=\"attachment_1763\" aria-describedby=\"caption-attachment-1763\" style=\"width: 800px\" class=\"wp-caption alignnone\"><a href=\"http:\/\/www.masella.com\/blog\/wp-content\/uploads\/2017\/01\/bosc2.jpg\"><img loading=\"lazy\" decoding=\"async\" class=\"wp-image-1763 size-full\" src=\"http:\/\/www.masella.com\/blog\/wp-content\/uploads\/2017\/01\/bosc2.jpg\" alt=\"bosc2\" width=\"800\" height=\"600\" srcset=\"https:\/\/www.masella.com\/blog\/wp-content\/uploads\/2017\/01\/bosc2.jpg 800w, https:\/\/www.masella.com\/blog\/wp-content\/uploads\/2017\/01\/bosc2-300x225.jpg 300w, https:\/\/www.masella.com\/blog\/wp-content\/uploads\/2017\/01\/bosc2-768x576.jpg 768w\" sizes=\"(max-width: 800px) 100vw, 800px\" \/><\/a><figcaption id=\"caption-attachment-1763\" class=\"wp-caption-text\">PISTA FAMILIAR &#8211; FOTO D&#8217;ARXIU<\/figcaption><\/figure>\n<p>El mateix passa al <strong>sector La Pia<\/strong>, amb una desena de pistes moltes de les quals transcorren entremig dels boscos m\u00e9s orientals de Masella. Si agafeu el <strong>Tsd de La Pia Express<\/strong> podreu accedir a les pistes blaves Familiar, Cerdanya, Rovellons, Sargantana&#8230;, a les vermelles Cerdanya, Amagada i L&#8217;Excursi\u00f3 i a la negra L&#8217;Atrevida.<\/p>\n<p>Consultant online el <a href=\"http:\/\/www.masella.com\/ca\/paginas\/mapa-pistes\">mapa de Masella<\/a> podr\u00e0s veure quines s\u00f3n exactament les pistes tra\u00e7ades dins del bosc i que quedaran m\u00e9s resguardades del vent i el fred en dies de condicions meteorol\u00f2giques adverses.<\/p>\n","protected":false},"excerpt":{"rendered":"<p>S&#8217;acosten dies de molt de fred i vent i Masella, amb un 80% de les pistes tra\u00e7ades enmig del bosc,<\/p>\n","protected":false},"author":4,"featured_media":1762,"comment_status":"closed","ping_status":"open","sticky":false,"template":"","format":"standard","meta":{"footnotes":""},"categories":[21,12,35],"tags":[],"yoast_head":"<!-- This site is optimized with the Yoast SEO plugin v21.5 - https:\/\/yoast.com\/wordpress\/plugins\/seo\/ -->\n<title>EL BOSC DE MASELLA, LA MILLOR OPCI\u00d3 EN DIES DE FRED I VENT - El Blog oficial de Masella<\/title>\n<meta name=\"robots\" content=\"index, follow, max-snippet:-1, max-image-preview:large, max-video-preview:-1\" \/>\n<link rel=\"canonical\" href=\"https:\/\/www.masella.com\/blog\/ca\/bosc-masella-millor-opcio-dies-fred-vent\/\" \/>\n<meta property=\"og:locale\" content=\"ca_ES\" \/>\n<meta property=\"og:type\" content=\"article\" \/>\n<meta property=\"og:title\" content=\"EL BOSC DE MASELLA, LA MILLOR OPCI\u00d3 EN DIES DE FRED I VENT - El Blog oficial de Masella\" \/>\n<meta property=\"og:description\" content=\"S&#8217;acosten dies de molt de fred i vent i Masella, amb un 80% de les pistes tra\u00e7ades enmig del bosc,\" \/>\n<meta property=\"og:url\" content=\"https:\/\/www.masella.com\/blog\/ca\/bosc-masella-millor-opcio-dies-fred-vent\/\" \/>\n<meta property=\"og:site_name\" content=\"El Blog oficial de Masella\" \/>\n<meta property=\"article:published_time\" content=\"2017-01-14T07:27:18+00:00\" \/>\n<meta property=\"article:modified_time\" content=\"2022-06-01T06:36:53+00:00\" \/>\n<meta property=\"og:image\" content=\"https:\/\/www.masella.com\/blog\/wp-content\/uploads\/2017\/01\/bosc1.jpg\" \/>\n\t<meta property=\"og:image:width\" content=\"800\" \/>\n\t<meta property=\"og:image:height\" content=\"451\" \/>\n\t<meta property=\"og:image:type\" content=\"image\/jpeg\" \/>\n<meta name=\"author\" content=\"masella\" \/>\n<meta name=\"twitter:card\" content=\"summary_large_image\" \/>\n<meta name=\"twitter:label1\" content=\"Escrit per\" \/>\n\t<meta name=\"twitter:data1\" content=\"masella\" \/>\n\t<meta name=\"twitter:label2\" content=\"Temps estimat de lectura\" \/>\n\t<meta name=\"twitter:data2\" content=\"1 minut\" \/>\n<script type=\"application\/ld+json\" class=\"yoast-schema-graph\">{\"@context\":\"https:\/\/schema.org\",\"@graph\":[{\"@type\":\"Article\",\"@id\":\"https:\/\/www.masella.com\/blog\/ca\/bosc-masella-millor-opcio-dies-fred-vent\/#article\",\"isPartOf\":{\"@id\":\"https:\/\/www.masella.com\/blog\/ca\/bosc-masella-millor-opcio-dies-fred-vent\/\"},\"author\":{\"name\":\"masella\",\"@id\":\"https:\/\/www.masella.com\/blog\/ca\/#\/schema\/person\/e32b971f5be20790c591d85b8f1c706b\"},\"headline\":\"EL BOSC DE MASELLA, LA MILLOR OPCI\u00d3 EN DIES DE FRED I VENT\",\"datePublished\":\"2017-01-14T07:27:18+00:00\",\"dateModified\":\"2022-06-01T06:36:53+00:00\",\"mainEntityOfPage\":{\"@id\":\"https:\/\/www.masella.com\/blog\/ca\/bosc-masella-millor-opcio-dies-fred-vent\/\"},\"wordCount\":237,\"publisher\":{\"@id\":\"https:\/\/www.masella.com\/blog\/ca\/#organization\"},\"articleSection\":[\"Actualitat\",\"M\u00e9teo\",\"Muntanya\"],\"inLanguage\":\"ca\"},{\"@type\":\"WebPage\",\"@id\":\"https:\/\/www.masella.com\/blog\/ca\/bosc-masella-millor-opcio-dies-fred-vent\/\",\"url\":\"https:\/\/www.masella.com\/blog\/ca\/bosc-masella-millor-opcio-dies-fred-vent\/\",\"name\":\"EL BOSC DE MASELLA, LA MILLOR OPCI\u00d3 EN DIES DE FRED I VENT - El Blog oficial de Masella\",\"isPartOf\":{\"@id\":\"https:\/\/www.masella.com\/blog\/ca\/#website\"},\"datePublished\":\"2017-01-14T07:27:18+00:00\",\"dateModified\":\"2022-06-01T06:36:53+00:00\",\"breadcrumb\":{\"@id\":\"https:\/\/www.masella.com\/blog\/ca\/bosc-masella-millor-opcio-dies-fred-vent\/#breadcrumb\"},\"inLanguage\":\"ca\",\"potentialAction\":[{\"@type\":\"ReadAction\",\"target\":[\"https:\/\/www.masella.com\/blog\/ca\/bosc-masella-millor-opcio-dies-fred-vent\/\"]}]},{\"@type\":\"BreadcrumbList\",\"@id\":\"https:\/\/www.masella.com\/blog\/ca\/bosc-masella-millor-opcio-dies-fred-vent\/#breadcrumb\",\"itemListElement\":[{\"@type\":\"ListItem\",\"position\":1,\"name\":\"Portada\",\"item\":\"https:\/\/www.masella.com\/blog\/ca\/\"},{\"@type\":\"ListItem\",\"position\":2,\"name\":\"EL BOSC DE MASELLA, LA MILLOR OPCI\u00d3 EN DIES DE FRED I VENT\"}]},{\"@type\":\"WebSite\",\"@id\":\"https:\/\/www.masella.com\/blog\/ca\/#website\",\"url\":\"https:\/\/www.masella.com\/blog\/ca\/\",\"name\":\"El Blog oficial de Masella\",\"description\":\"\",\"publisher\":{\"@id\":\"https:\/\/www.masella.com\/blog\/ca\/#organization\"},\"potentialAction\":[{\"@type\":\"SearchAction\",\"target\":{\"@type\":\"EntryPoint\",\"urlTemplate\":\"https:\/\/www.masella.com\/blog\/ca\/?s={search_term_string}\"},\"query-input\":\"required name=search_term_string\"}],\"inLanguage\":\"ca\"},{\"@type\":\"Organization\",\"@id\":\"https:\/\/www.masella.com\/blog\/ca\/#organization\",\"name\":\"El Blog oficial de Masella\",\"url\":\"https:\/\/www.masella.com\/blog\/ca\/\",\"logo\":{\"@type\":\"ImageObject\",\"inLanguage\":\"ca\",\"@id\":\"https:\/\/www.masella.com\/blog\/ca\/#\/schema\/logo\/image\/\",\"url\":\"https:\/\/www.masella.com\/blog\/wp-content\/uploads\/2022\/12\/cropped-logo-masella-cat.png\",\"contentUrl\":\"https:\/\/www.masella.com\/blog\/wp-content\/uploads\/2022\/12\/cropped-logo-masella-cat.png\",\"width\":150,\"height\":88,\"caption\":\"El Blog oficial de Masella\"},\"image\":{\"@id\":\"https:\/\/www.masella.com\/blog\/ca\/#\/schema\/logo\/image\/\"}},{\"@type\":\"Person\",\"@id\":\"https:\/\/www.masella.com\/blog\/ca\/#\/schema\/person\/e32b971f5be20790c591d85b8f1c706b\",\"name\":\"masella\",\"image\":{\"@type\":\"ImageObject\",\"inLanguage\":\"ca\",\"@id\":\"https:\/\/www.masella.com\/blog\/ca\/#\/schema\/person\/image\/\",\"url\":\"https:\/\/secure.gravatar.com\/avatar\/57590b1151eaa410a783e55768bbbba2?s=96&d=mm&r=g\",\"contentUrl\":\"https:\/\/secure.gravatar.com\/avatar\/57590b1151eaa410a783e55768bbbba2?s=96&d=mm&r=g\",\"caption\":\"masella\"},\"url\":\"https:\/\/www.masella.com\/blog\/ca\/author\/anna\/\"}]}<\/script>\n<!-- \/ Yoast SEO plugin. -->","yoast_head_json":{"title":"EL BOSC DE MASELLA, LA MILLOR OPCI\u00d3 EN DIES DE FRED I VENT - El Blog oficial de Masella","robots":{"index":"index","follow":"follow","max-snippet":"max-snippet:-1","max-image-preview":"max-image-preview:large","max-video-preview":"max-video-preview:-1"},"canonical":"https:\/\/www.masella.com\/blog\/ca\/bosc-masella-millor-opcio-dies-fred-vent\/","og_locale":"ca_ES","og_type":"article","og_title":"EL BOSC DE MASELLA, LA MILLOR OPCI\u00d3 EN DIES DE FRED I VENT - El Blog oficial de Masella","og_description":"S&#8217;acosten dies de molt de fred i vent i Masella, amb un 80% de les pistes tra\u00e7ades enmig del bosc,","og_url":"https:\/\/www.masella.com\/blog\/ca\/bosc-masella-millor-opcio-dies-fred-vent\/","og_site_name":"El Blog oficial de Masella","article_published_time":"2017-01-14T07:27:18+00:00","article_modified_time":"2022-06-01T06:36:53+00:00","og_image":[{"width":800,"height":451,"url":"https:\/\/www.masella.com\/blog\/wp-content\/uploads\/2017\/01\/bosc1.jpg","type":"image\/jpeg"}],"author":"masella","twitter_card":"summary_large_image","twitter_misc":{"Escrit per":"masella","Temps estimat de lectura":"1 minut"},"schema":{"@context":"https:\/\/schema.org","@graph":[{"@type":"Article","@id":"https:\/\/www.masella.com\/blog\/ca\/bosc-masella-millor-opcio-dies-fred-vent\/#article","isPartOf":{"@id":"https:\/\/www.masella.com\/blog\/ca\/bosc-masella-millor-opcio-dies-fred-vent\/"},"author":{"name":"masella","@id":"https:\/\/www.masella.com\/blog\/ca\/#\/schema\/person\/e32b971f5be20790c591d85b8f1c706b"},"headline":"EL BOSC DE MASELLA, LA MILLOR OPCI\u00d3 EN DIES DE FRED I VENT","datePublished":"2017-01-14T07:27:18+00:00","dateModified":"2022-06-01T06:36:53+00:00","mainEntityOfPage":{"@id":"https:\/\/www.masella.com\/blog\/ca\/bosc-masella-millor-opcio-dies-fred-vent\/"},"wordCount":237,"publisher":{"@id":"https:\/\/www.masella.com\/blog\/ca\/#organization"},"articleSection":["Actualitat","M\u00e9teo","Muntanya"],"inLanguage":"ca"},{"@type":"WebPage","@id":"https:\/\/www.masella.com\/blog\/ca\/bosc-masella-millor-opcio-dies-fred-vent\/","url":"https:\/\/www.masella.com\/blog\/ca\/bosc-masella-millor-opcio-dies-fred-vent\/","name":"EL BOSC DE MASELLA, LA MILLOR OPCI\u00d3 EN DIES DE FRED I VENT - El Blog oficial de Masella","isPartOf":{"@id":"https:\/\/www.masella.com\/blog\/ca\/#website"},"datePublished":"2017-01-14T07:27:18+00:00","dateModified":"2022-06-01T06:36:53+00:00","breadcrumb":{"@id":"https:\/\/www.masella.com\/blog\/ca\/bosc-masella-millor-opcio-dies-fred-vent\/#breadcrumb"},"inLanguage":"ca","potentialAction":[{"@type":"ReadAction","target":["https:\/\/www.masella.com\/blog\/ca\/bosc-masella-millor-opcio-dies-fred-vent\/"]}]},{"@type":"BreadcrumbList","@id":"https:\/\/www.masella.com\/blog\/ca\/bosc-masella-millor-opcio-dies-fred-vent\/#breadcrumb","itemListElement":[{"@type":"ListItem","position":1,"name":"Portada","item":"https:\/\/www.masella.com\/blog\/ca\/"},{"@type":"ListItem","position":2,"name":"EL BOSC DE MASELLA, LA MILLOR OPCI\u00d3 EN DIES DE FRED I VENT"}]},{"@type":"WebSite","@id":"https:\/\/www.masella.com\/blog\/ca\/#website","url":"https:\/\/www.masella.com\/blog\/ca\/","name":"El Blog oficial de Masella","description":"","publisher":{"@id":"https:\/\/www.masella.com\/blog\/ca\/#organization"},"potentialAction":[{"@type":"SearchAction","target":{"@type":"EntryPoint","urlTemplate":"https:\/\/www.masella.com\/blog\/ca\/?s={search_term_string}"},"query-input":"required name=search_term_string"}],"inLanguage":"ca"},{"@type":"Organization","@id":"https:\/\/www.masella.com\/blog\/ca\/#organization","name":"El Blog oficial de Masella","url":"https:\/\/www.masella.com\/blog\/ca\/","logo":{"@type":"ImageObject","inLanguage":"ca","@id":"https:\/\/www.masella.com\/blog\/ca\/#\/schema\/logo\/image\/","url":"https:\/\/www.masella.com\/blog\/wp-content\/uploads\/2022\/12\/cropped-logo-masella-cat.png","contentUrl":"https:\/\/www.masella.com\/blog\/wp-content\/uploads\/2022\/12\/cropped-logo-masella-cat.png","width":150,"height":88,"caption":"El Blog oficial de Masella"},"image":{"@id":"https:\/\/www.masella.com\/blog\/ca\/#\/schema\/logo\/image\/"}},{"@type":"Person","@id":"https:\/\/www.masella.com\/blog\/ca\/#\/schema\/person\/e32b971f5be20790c591d85b8f1c706b","name":"masella","image":{"@type":"ImageObject","inLanguage":"ca","@id":"https:\/\/www.masella.com\/blog\/ca\/#\/schema\/person\/image\/","url":"https:\/\/secure.gravatar.com\/avatar\/57590b1151eaa410a783e55768bbbba2?s=96&d=mm&r=g","contentUrl":"https:\/\/secure.gravatar.com\/avatar\/57590b1151eaa410a783e55768bbbba2?s=96&d=mm&r=g","caption":"masella"},"url":"https:\/\/www.masella.com\/blog\/ca\/author\/anna\/"}]}},"_links":{"self":[{"href":"https:\/\/www.masella.com\/blog\/ca\/wp-json\/wp\/v2\/posts\/1754"}],"collection":[{"href":"https:\/\/www.masella.com\/blog\/ca\/wp-json\/wp\/v2\/posts"}],"about":[{"href":"https:\/\/www.masella.com\/blog\/ca\/wp-json\/wp\/v2\/types\/post"}],"author":[{"embeddable":true,"href":"https:\/\/www.masella.com\/blog\/ca\/wp-json\/wp\/v2\/users\/4"}],"replies":[{"embeddable":true,"href":"https:\/\/www.masella.com\/blog\/ca\/wp-json\/wp\/v2\/comments?post=1754"}],"version-history":[{"count":6,"href":"https:\/\/www.masella.com\/blog\/ca\/wp-json\/wp\/v2\/posts\/1754\/revisions"}],"predecessor-version":[{"id":1770,"href":"https:\/\/www.masella.com\/blog\/ca\/wp-json\/wp\/v2\/posts\/1754\/revisions\/1770"}],"wp:featuredmedia":[{"embeddable":true,"href":"https:\/\/www.masella.com\/blog\/ca\/wp-json\/wp\/v2\/media\/1762"}],"wp:attachment":[{"href":"https:\/\/www.masella.com\/blog\/ca\/wp-json\/wp\/v2\/media?parent=1754"}],"wp:term":[{"taxonomy":"category","embeddable":true,"href":"https:\/\/www.masella.com\/blog\/ca\/wp-json\/wp\/v2\/categories?post=1754"},{"taxonomy":"post_tag","embeddable":true,"href":"https:\/\/www.masella.com\/blog\/ca\/wp-json\/wp\/v2\/tags?post=1754"}],"curies":[{"name":"wp","href":"https:\/\/api.w.org\/{rel}","templated":true}]}}