{"id":2031,"date":"2017-02-15T12:28:04","date_gmt":"2017-02-15T12:28:04","guid":{"rendered":"http:\/\/www.masella.com\/blog\/?p=2031\/"},"modified":"2022-06-01T06:36:19","modified_gmt":"2022-06-01T06:36:19","slug":"treballem-garantir-seguretat-pistes-breu-oferir-domini-esquiable-obert-gruixos-neu-mes-importants-temporada","status":"publish","type":"post","link":"https:\/\/www.masella.com\/blog\/ca\/treballem-garantir-seguretat-pistes-breu-oferir-domini-esquiable-obert-gruixos-neu-mes-importants-temporada\/","title":{"rendered":"TREBALLEM PER GARANTIR LA SEGURETAT A PISTES I EN BREU OFERIR TOT EL DOMINI ESQUIABLE OBERT, AMB ELS GRUIXOS DE NEU M\u00c9S  IMPORTANTS DE LA TEMPORADA"},"content":{"rendered":"<p>Els dies 14 i 15 de febrer tenim les cotes altes tancades preventivament degut a l\u2019elevat risc d\u2019allaus. Aix\u00f2 vol dir que totes les pistes dels sectors de Dues Estacions, Coma Pregona, la Tosa i els Isards estan tancades. Les nevades del dilluns passat, amb gruixos superiors als 50 cm de neu fresca a cotes altes, ens fan activar els protocols de seguretat provocant allaus controlats per garantir un esqu\u00ed segur a les pistes m\u00e9s enlairades del nostre domini esquiable.<\/p>\n<p><a href=\"http:\/\/www.masella.com\/blog\/wp-content\/uploads\/2017\/02\/ComaPregona.jpg\"><img loading=\"lazy\" decoding=\"async\" class=\"size-full wp-image-2032 aligncenter\" src=\"http:\/\/www.masella.com\/blog\/wp-content\/uploads\/2017\/02\/ComaPregona.jpg\" alt=\"\" width=\"1200\" height=\"512\" srcset=\"https:\/\/www.masella.com\/blog\/wp-content\/uploads\/2017\/02\/ComaPregona.jpg 1200w, https:\/\/www.masella.com\/blog\/wp-content\/uploads\/2017\/02\/ComaPregona-300x128.jpg 300w, https:\/\/www.masella.com\/blog\/wp-content\/uploads\/2017\/02\/ComaPregona-768x328.jpg 768w, https:\/\/www.masella.com\/blog\/wp-content\/uploads\/2017\/02\/ComaPregona-1024x437.jpg 1024w\" sizes=\"(max-width: 1200px) 100vw, 1200px\" \/><\/a><\/p>\n<p style=\"text-align: center;\">Coma Pregona &#8211; Fotografia del 15\/2\/2017<\/p>\n<p>El sistema de desencadenament d\u2019allaus controlats de Masella \u00e9s a trav\u00e9s d\u2019un aparell, anomenat Daisy Bell, que provoca explosions controlades amb la finalitat de descarregar els vessants de les muntanyes amb un elevat risc d\u2019allaus. Aquest aparell, lligat a l\u2019helic\u00f2pter amb una eslinga per accedir a llocs remots, t\u00e9 forma de campana i provoca explosions controlades a trav\u00e9s d\u2019una mescla d\u2019oxigen i hidrogen.<\/p>\n<p><a href=\"http:\/\/www.masella.com\/blog\/wp-content\/uploads\/2017\/02\/000HD.jpg\"><img loading=\"lazy\" decoding=\"async\" class=\"alignnone size-full wp-image-2033\" src=\"http:\/\/www.masella.com\/blog\/wp-content\/uploads\/2017\/02\/000HD.jpg\" alt=\"\" width=\"2000\" height=\"640\" srcset=\"https:\/\/www.masella.com\/blog\/wp-content\/uploads\/2017\/02\/000HD.jpg 2000w, https:\/\/www.masella.com\/blog\/wp-content\/uploads\/2017\/02\/000HD-300x96.jpg 300w, https:\/\/www.masella.com\/blog\/wp-content\/uploads\/2017\/02\/000HD-768x246.jpg 768w, https:\/\/www.masella.com\/blog\/wp-content\/uploads\/2017\/02\/000HD-1024x328.jpg 1024w\" sizes=\"(max-width: 2000px) 100vw, 2000px\" \/><\/a><\/p>\n<p style=\"text-align: center;\">Vistes de la Tosa des de l&#8217;helic\u00f2pter, mentre provocava allaus controlats amb la DaisyBell, el 29\/1\/ 2017<\/p>\n<p>Un cop s\u2019hagin fet totes aquestes tasques preventives a Masella es podr\u00e0 gaudir de nou de la totalitat de pistes de l\u2019estaci\u00f3 gr\u00e0cies als importants gruixos que hi ha a tots els vessants de la muntanya de la Tosa.<\/p>\n","protected":false},"excerpt":{"rendered":"<p>Els dies 14 i 15 de febrer tenim les cotes altes tancades preventivament degut a l\u2019elevat risc d\u2019allaus. Aix\u00f2 vol<\/p>\n","protected":false},"author":4,"featured_media":2038,"comment_status":"closed","ping_status":"open","sticky":false,"template":"","format":"standard","meta":{"footnotes":""},"categories":[21,35],"tags":[],"yoast_head":"<!-- This site is optimized with the Yoast SEO plugin v21.5 - https:\/\/yoast.com\/wordpress\/plugins\/seo\/ -->\n<title>TREBALLEM PER GARANTIR LA SEGURETAT A PISTES I EN BREU OFERIR TOT EL DOMINI ESQUIABLE OBERT, AMB ELS GRUIXOS DE NEU M\u00c9S IMPORTANTS DE LA TEMPORADA - El Blog oficial de Masella<\/title>\n<meta name=\"robots\" content=\"index, follow, max-snippet:-1, max-image-preview:large, max-video-preview:-1\" \/>\n<link rel=\"canonical\" href=\"https:\/\/www.masella.com\/blog\/ca\/treballem-garantir-seguretat-pistes-breu-oferir-domini-esquiable-obert-gruixos-neu-mes-importants-temporada\/\" \/>\n<meta property=\"og:locale\" content=\"ca_ES\" \/>\n<meta property=\"og:type\" content=\"article\" \/>\n<meta property=\"og:title\" content=\"TREBALLEM PER GARANTIR LA SEGURETAT A PISTES I EN BREU OFERIR TOT EL DOMINI ESQUIABLE OBERT, AMB ELS GRUIXOS DE NEU M\u00c9S IMPORTANTS DE LA TEMPORADA - El Blog oficial de Masella\" \/>\n<meta property=\"og:description\" content=\"Els dies 14 i 15 de febrer tenim les cotes altes tancades preventivament degut a l\u2019elevat risc d\u2019allaus. Aix\u00f2 vol\" \/>\n<meta property=\"og:url\" content=\"https:\/\/www.masella.com\/blog\/ca\/treballem-garantir-seguretat-pistes-breu-oferir-domini-esquiable-obert-gruixos-neu-mes-importants-temporada\/\" \/>\n<meta property=\"og:site_name\" content=\"El Blog oficial de Masella\" \/>\n<meta property=\"article:published_time\" content=\"2017-02-15T12:28:04+00:00\" \/>\n<meta property=\"article:modified_time\" content=\"2022-06-01T06:36:19+00:00\" \/>\n<meta property=\"og:image\" content=\"https:\/\/www.masella.com\/blog\/wp-content\/uploads\/2017\/02\/MiniaturaDB-800x445c.jpg\" \/>\n\t<meta property=\"og:image:width\" content=\"2400\" \/>\n\t<meta property=\"og:image:height\" content=\"1335\" \/>\n\t<meta property=\"og:image:type\" content=\"image\/jpeg\" \/>\n<meta name=\"author\" content=\"masella\" \/>\n<meta name=\"twitter:card\" content=\"summary_large_image\" \/>\n<meta name=\"twitter:label1\" content=\"Escrit per\" \/>\n\t<meta name=\"twitter:data1\" content=\"masella\" \/>\n\t<meta name=\"twitter:label2\" content=\"Temps estimat de lectura\" \/>\n\t<meta name=\"twitter:data2\" content=\"1 minut\" \/>\n<script type=\"application\/ld+json\" class=\"yoast-schema-graph\">{\"@context\":\"https:\/\/schema.org\",\"@graph\":[{\"@type\":\"Article\",\"@id\":\"https:\/\/www.masella.com\/blog\/ca\/treballem-garantir-seguretat-pistes-breu-oferir-domini-esquiable-obert-gruixos-neu-mes-importants-temporada\/#article\",\"isPartOf\":{\"@id\":\"https:\/\/www.masella.com\/blog\/ca\/treballem-garantir-seguretat-pistes-breu-oferir-domini-esquiable-obert-gruixos-neu-mes-importants-temporada\/\"},\"author\":{\"name\":\"masella\",\"@id\":\"https:\/\/www.masella.com\/blog\/ca\/#\/schema\/person\/e32b971f5be20790c591d85b8f1c706b\"},\"headline\":\"TREBALLEM PER GARANTIR LA SEGURETAT A PISTES I EN BREU OFERIR TOT EL DOMINI ESQUIABLE OBERT, AMB ELS GRUIXOS DE NEU M\u00c9S IMPORTANTS DE LA TEMPORADA\",\"datePublished\":\"2017-02-15T12:28:04+00:00\",\"dateModified\":\"2022-06-01T06:36:19+00:00\",\"mainEntityOfPage\":{\"@id\":\"https:\/\/www.masella.com\/blog\/ca\/treballem-garantir-seguretat-pistes-breu-oferir-domini-esquiable-obert-gruixos-neu-mes-importants-temporada\/\"},\"wordCount\":243,\"publisher\":{\"@id\":\"https:\/\/www.masella.com\/blog\/ca\/#organization\"},\"articleSection\":[\"Actualitat\",\"Muntanya\"],\"inLanguage\":\"ca\"},{\"@type\":\"WebPage\",\"@id\":\"https:\/\/www.masella.com\/blog\/ca\/treballem-garantir-seguretat-pistes-breu-oferir-domini-esquiable-obert-gruixos-neu-mes-importants-temporada\/\",\"url\":\"https:\/\/www.masella.com\/blog\/ca\/treballem-garantir-seguretat-pistes-breu-oferir-domini-esquiable-obert-gruixos-neu-mes-importants-temporada\/\",\"name\":\"TREBALLEM PER GARANTIR LA SEGURETAT A PISTES I EN BREU OFERIR TOT EL DOMINI ESQUIABLE OBERT, AMB ELS GRUIXOS DE NEU M\u00c9S IMPORTANTS DE LA TEMPORADA - El Blog oficial de Masella\",\"isPartOf\":{\"@id\":\"https:\/\/www.masella.com\/blog\/ca\/#website\"},\"datePublished\":\"2017-02-15T12:28:04+00:00\",\"dateModified\":\"2022-06-01T06:36:19+00:00\",\"breadcrumb\":{\"@id\":\"https:\/\/www.masella.com\/blog\/ca\/treballem-garantir-seguretat-pistes-breu-oferir-domini-esquiable-obert-gruixos-neu-mes-importants-temporada\/#breadcrumb\"},\"inLanguage\":\"ca\",\"potentialAction\":[{\"@type\":\"ReadAction\",\"target\":[\"https:\/\/www.masella.com\/blog\/ca\/treballem-garantir-seguretat-pistes-breu-oferir-domini-esquiable-obert-gruixos-neu-mes-importants-temporada\/\"]}]},{\"@type\":\"BreadcrumbList\",\"@id\":\"https:\/\/www.masella.com\/blog\/ca\/treballem-garantir-seguretat-pistes-breu-oferir-domini-esquiable-obert-gruixos-neu-mes-importants-temporada\/#breadcrumb\",\"itemListElement\":[{\"@type\":\"ListItem\",\"position\":1,\"name\":\"Portada\",\"item\":\"https:\/\/www.masella.com\/blog\/ca\/\"},{\"@type\":\"ListItem\",\"position\":2,\"name\":\"TREBALLEM PER GARANTIR LA SEGURETAT A PISTES I EN BREU OFERIR TOT EL DOMINI ESQUIABLE OBERT, AMB ELS GRUIXOS DE NEU M\u00c9S IMPORTANTS DE LA TEMPORADA\"}]},{\"@type\":\"WebSite\",\"@id\":\"https:\/\/www.masella.com\/blog\/ca\/#website\",\"url\":\"https:\/\/www.masella.com\/blog\/ca\/\",\"name\":\"El Blog oficial de Masella\",\"description\":\"\",\"publisher\":{\"@id\":\"https:\/\/www.masella.com\/blog\/ca\/#organization\"},\"potentialAction\":[{\"@type\":\"SearchAction\",\"target\":{\"@type\":\"EntryPoint\",\"urlTemplate\":\"https:\/\/www.masella.com\/blog\/ca\/?s={search_term_string}\"},\"query-input\":\"required name=search_term_string\"}],\"inLanguage\":\"ca\"},{\"@type\":\"Organization\",\"@id\":\"https:\/\/www.masella.com\/blog\/ca\/#organization\",\"name\":\"El Blog oficial de Masella\",\"url\":\"https:\/\/www.masella.com\/blog\/ca\/\",\"logo\":{\"@type\":\"ImageObject\",\"inLanguage\":\"ca\",\"@id\":\"https:\/\/www.masella.com\/blog\/ca\/#\/schema\/logo\/image\/\",\"url\":\"https:\/\/www.masella.com\/blog\/wp-content\/uploads\/2022\/12\/cropped-logo-masella-cat.png\",\"contentUrl\":\"https:\/\/www.masella.com\/blog\/wp-content\/uploads\/2022\/12\/cropped-logo-masella-cat.png\",\"width\":150,\"height\":88,\"caption\":\"El Blog oficial de Masella\"},\"image\":{\"@id\":\"https:\/\/www.masella.com\/blog\/ca\/#\/schema\/logo\/image\/\"}},{\"@type\":\"Person\",\"@id\":\"https:\/\/www.masella.com\/blog\/ca\/#\/schema\/person\/e32b971f5be20790c591d85b8f1c706b\",\"name\":\"masella\",\"image\":{\"@type\":\"ImageObject\",\"inLanguage\":\"ca\",\"@id\":\"https:\/\/www.masella.com\/blog\/ca\/#\/schema\/person\/image\/\",\"url\":\"https:\/\/secure.gravatar.com\/avatar\/57590b1151eaa410a783e55768bbbba2?s=96&d=mm&r=g\",\"contentUrl\":\"https:\/\/secure.gravatar.com\/avatar\/57590b1151eaa410a783e55768bbbba2?s=96&d=mm&r=g\",\"caption\":\"masella\"},\"url\":\"https:\/\/www.masella.com\/blog\/ca\/author\/anna\/\"}]}<\/script>\n<!-- \/ Yoast SEO plugin. -->","yoast_head_json":{"title":"TREBALLEM PER GARANTIR LA SEGURETAT A PISTES I EN BREU OFERIR TOT EL DOMINI ESQUIABLE OBERT, AMB ELS GRUIXOS DE NEU M\u00c9S IMPORTANTS DE LA TEMPORADA - El Blog oficial de Masella","robots":{"index":"index","follow":"follow","max-snippet":"max-snippet:-1","max-image-preview":"max-image-preview:large","max-video-preview":"max-video-preview:-1"},"canonical":"https:\/\/www.masella.com\/blog\/ca\/treballem-garantir-seguretat-pistes-breu-oferir-domini-esquiable-obert-gruixos-neu-mes-importants-temporada\/","og_locale":"ca_ES","og_type":"article","og_title":"TREBALLEM PER GARANTIR LA SEGURETAT A PISTES I EN BREU OFERIR TOT EL DOMINI ESQUIABLE OBERT, AMB ELS GRUIXOS DE NEU M\u00c9S IMPORTANTS DE LA TEMPORADA - El Blog oficial de Masella","og_description":"Els dies 14 i 15 de febrer tenim les cotes altes tancades preventivament degut a l\u2019elevat risc d\u2019allaus. Aix\u00f2 vol","og_url":"https:\/\/www.masella.com\/blog\/ca\/treballem-garantir-seguretat-pistes-breu-oferir-domini-esquiable-obert-gruixos-neu-mes-importants-temporada\/","og_site_name":"El Blog oficial de Masella","article_published_time":"2017-02-15T12:28:04+00:00","article_modified_time":"2022-06-01T06:36:19+00:00","og_image":[{"width":2400,"height":1335,"url":"https:\/\/www.masella.com\/blog\/wp-content\/uploads\/2017\/02\/MiniaturaDB-800x445c.jpg","type":"image\/jpeg"}],"author":"masella","twitter_card":"summary_large_image","twitter_misc":{"Escrit per":"masella","Temps estimat de lectura":"1 minut"},"schema":{"@context":"https:\/\/schema.org","@graph":[{"@type":"Article","@id":"https:\/\/www.masella.com\/blog\/ca\/treballem-garantir-seguretat-pistes-breu-oferir-domini-esquiable-obert-gruixos-neu-mes-importants-temporada\/#article","isPartOf":{"@id":"https:\/\/www.masella.com\/blog\/ca\/treballem-garantir-seguretat-pistes-breu-oferir-domini-esquiable-obert-gruixos-neu-mes-importants-temporada\/"},"author":{"name":"masella","@id":"https:\/\/www.masella.com\/blog\/ca\/#\/schema\/person\/e32b971f5be20790c591d85b8f1c706b"},"headline":"TREBALLEM PER GARANTIR LA SEGURETAT A PISTES I EN BREU OFERIR TOT EL DOMINI ESQUIABLE OBERT, AMB ELS GRUIXOS DE NEU M\u00c9S IMPORTANTS DE LA TEMPORADA","datePublished":"2017-02-15T12:28:04+00:00","dateModified":"2022-06-01T06:36:19+00:00","mainEntityOfPage":{"@id":"https:\/\/www.masella.com\/blog\/ca\/treballem-garantir-seguretat-pistes-breu-oferir-domini-esquiable-obert-gruixos-neu-mes-importants-temporada\/"},"wordCount":243,"publisher":{"@id":"https:\/\/www.masella.com\/blog\/ca\/#organization"},"articleSection":["Actualitat","Muntanya"],"inLanguage":"ca"},{"@type":"WebPage","@id":"https:\/\/www.masella.com\/blog\/ca\/treballem-garantir-seguretat-pistes-breu-oferir-domini-esquiable-obert-gruixos-neu-mes-importants-temporada\/","url":"https:\/\/www.masella.com\/blog\/ca\/treballem-garantir-seguretat-pistes-breu-oferir-domini-esquiable-obert-gruixos-neu-mes-importants-temporada\/","name":"TREBALLEM PER GARANTIR LA SEGURETAT A PISTES I EN BREU OFERIR TOT EL DOMINI ESQUIABLE OBERT, AMB ELS GRUIXOS DE NEU M\u00c9S IMPORTANTS DE LA TEMPORADA - El Blog oficial de Masella","isPartOf":{"@id":"https:\/\/www.masella.com\/blog\/ca\/#website"},"datePublished":"2017-02-15T12:28:04+00:00","dateModified":"2022-06-01T06:36:19+00:00","breadcrumb":{"@id":"https:\/\/www.masella.com\/blog\/ca\/treballem-garantir-seguretat-pistes-breu-oferir-domini-esquiable-obert-gruixos-neu-mes-importants-temporada\/#breadcrumb"},"inLanguage":"ca","potentialAction":[{"@type":"ReadAction","target":["https:\/\/www.masella.com\/blog\/ca\/treballem-garantir-seguretat-pistes-breu-oferir-domini-esquiable-obert-gruixos-neu-mes-importants-temporada\/"]}]},{"@type":"BreadcrumbList","@id":"https:\/\/www.masella.com\/blog\/ca\/treballem-garantir-seguretat-pistes-breu-oferir-domini-esquiable-obert-gruixos-neu-mes-importants-temporada\/#breadcrumb","itemListElement":[{"@type":"ListItem","position":1,"name":"Portada","item":"https:\/\/www.masella.com\/blog\/ca\/"},{"@type":"ListItem","position":2,"name":"TREBALLEM PER GARANTIR LA SEGURETAT A PISTES I EN BREU OFERIR TOT EL DOMINI ESQUIABLE OBERT, AMB ELS GRUIXOS DE NEU M\u00c9S IMPORTANTS DE LA TEMPORADA"}]},{"@type":"WebSite","@id":"https:\/\/www.masella.com\/blog\/ca\/#website","url":"https:\/\/www.masella.com\/blog\/ca\/","name":"El Blog oficial de Masella","description":"","publisher":{"@id":"https:\/\/www.masella.com\/blog\/ca\/#organization"},"potentialAction":[{"@type":"SearchAction","target":{"@type":"EntryPoint","urlTemplate":"https:\/\/www.masella.com\/blog\/ca\/?s={search_term_string}"},"query-input":"required name=search_term_string"}],"inLanguage":"ca"},{"@type":"Organization","@id":"https:\/\/www.masella.com\/blog\/ca\/#organization","name":"El Blog oficial de Masella","url":"https:\/\/www.masella.com\/blog\/ca\/","logo":{"@type":"ImageObject","inLanguage":"ca","@id":"https:\/\/www.masella.com\/blog\/ca\/#\/schema\/logo\/image\/","url":"https:\/\/www.masella.com\/blog\/wp-content\/uploads\/2022\/12\/cropped-logo-masella-cat.png","contentUrl":"https:\/\/www.masella.com\/blog\/wp-content\/uploads\/2022\/12\/cropped-logo-masella-cat.png","width":150,"height":88,"caption":"El Blog oficial de Masella"},"image":{"@id":"https:\/\/www.masella.com\/blog\/ca\/#\/schema\/logo\/image\/"}},{"@type":"Person","@id":"https:\/\/www.masella.com\/blog\/ca\/#\/schema\/person\/e32b971f5be20790c591d85b8f1c706b","name":"masella","image":{"@type":"ImageObject","inLanguage":"ca","@id":"https:\/\/www.masella.com\/blog\/ca\/#\/schema\/person\/image\/","url":"https:\/\/secure.gravatar.com\/avatar\/57590b1151eaa410a783e55768bbbba2?s=96&d=mm&r=g","contentUrl":"https:\/\/secure.gravatar.com\/avatar\/57590b1151eaa410a783e55768bbbba2?s=96&d=mm&r=g","caption":"masella"},"url":"https:\/\/www.masella.com\/blog\/ca\/author\/anna\/"}]}},"_links":{"self":[{"href":"https:\/\/www.masella.com\/blog\/ca\/wp-json\/wp\/v2\/posts\/2031"}],"collection":[{"href":"https:\/\/www.masella.com\/blog\/ca\/wp-json\/wp\/v2\/posts"}],"about":[{"href":"https:\/\/www.masella.com\/blog\/ca\/wp-json\/wp\/v2\/types\/post"}],"author":[{"embeddable":true,"href":"https:\/\/www.masella.com\/blog\/ca\/wp-json\/wp\/v2\/users\/4"}],"replies":[{"embeddable":true,"href":"https:\/\/www.masella.com\/blog\/ca\/wp-json\/wp\/v2\/comments?post=2031"}],"version-history":[{"count":3,"href":"https:\/\/www.masella.com\/blog\/ca\/wp-json\/wp\/v2\/posts\/2031\/revisions"}],"predecessor-version":[{"id":2039,"href":"https:\/\/www.masella.com\/blog\/ca\/wp-json\/wp\/v2\/posts\/2031\/revisions\/2039"}],"wp:featuredmedia":[{"embeddable":true,"href":"https:\/\/www.masella.com\/blog\/ca\/wp-json\/wp\/v2\/media\/2038"}],"wp:attachment":[{"href":"https:\/\/www.masella.com\/blog\/ca\/wp-json\/wp\/v2\/media?parent=2031"}],"wp:term":[{"taxonomy":"category","embeddable":true,"href":"https:\/\/www.masella.com\/blog\/ca\/wp-json\/wp\/v2\/categories?post=2031"},{"taxonomy":"post_tag","embeddable":true,"href":"https:\/\/www.masella.com\/blog\/ca\/wp-json\/wp\/v2\/tags?post=2031"}],"curies":[{"name":"wp","href":"https:\/\/api.w.org\/{rel}","templated":true}]}}