{"id":2061,"date":"2017-02-17T12:10:12","date_gmt":"2017-02-17T12:10:12","guid":{"rendered":"http:\/\/www.masella.com\/blog\/?p=2061\/"},"modified":"2022-06-01T06:36:19","modified_gmt":"2022-06-01T06:36:19","slug":"cap-setmana-temps-neu-excellents","status":"publish","type":"post","link":"https:\/\/www.masella.com\/blog\/ca\/cap-setmana-temps-neu-excellents\/","title":{"rendered":"CAP DE SETMANA DE TEMPS I NEU EXCEL\u2022LENTS"},"content":{"rendered":"<p>Despr\u00e9s d\u2019un parell de caps de setmana marcats pel temps inestable, amb temporals de vent i nevades, aquest cap de setmana 18 i 19 de febrer tindrem una meteorologia excel\u00b7lent. El temps vindr\u00e0 marcat pel sol durant els matins, amb algunes nuvolades dissabte a la tarda. La visibilitat ser\u00e0 de bona a molt bona tan dissabte com diumenge. Pel que respecte a les temperatures seran fredes de nit i suaus de dia. Les temperatures m\u00e0ximes a la cota 1600 m rondaran els +6\u00baC i les m\u00e0ximes a la cota 2500 m estaran per sota els -2\u00baC; uns valors que ajudaran a mantenir la qualitat de la neu. La previsi\u00f3 tamb\u00e9 indica que tindrem vent en calma, per tant es podr\u00e0 obrir cotes altes amb normalitat.<\/p>\n<p><a href=\"http:\/\/www.masella.com\/blog\/wp-content\/uploads\/2017\/02\/002FD-2.jpg\"><img loading=\"lazy\" decoding=\"async\" class=\"size-full wp-image-2063 aligncenter\" src=\"http:\/\/www.masella.com\/blog\/wp-content\/uploads\/2017\/02\/002FD-2.jpg\" alt=\"\" width=\"1200\" height=\"900\" srcset=\"https:\/\/www.masella.com\/blog\/wp-content\/uploads\/2017\/02\/002FD-2.jpg 1200w, https:\/\/www.masella.com\/blog\/wp-content\/uploads\/2017\/02\/002FD-2-300x225.jpg 300w, https:\/\/www.masella.com\/blog\/wp-content\/uploads\/2017\/02\/002FD-2-768x576.jpg 768w, https:\/\/www.masella.com\/blog\/wp-content\/uploads\/2017\/02\/002FD-2-1024x768.jpg 1024w\" sizes=\"(max-width: 1200px) 100vw, 1200px\" \/><\/a><\/p>\n<p style=\"text-align: center;\">OLYMPUS DIGITAL CAMERA<\/p>\n<p>En relaci\u00f3 a la neu disposem dels millors gruixos de la temporada, que oscil\u00b7len entre els 80 i els 240 cm. La qualitat de la neu \u00e9s pols o pols sobre fons dur, en funci\u00f3 de la cota i l\u2019orientaci\u00f3 de les pistes. A cotes baixes al llarg de la jornada la neu es transforma a primavera. En tot cas, la neu, amb lleugeres variacions al llarg del dia i en funci\u00f3 de les pistes, ser\u00e0 de qualitat bona amb uns gruixos de neu m\u00e9s que garantits en el domini esquiable de Masella.<\/p>\n<p>&nbsp;<\/p>\n<p><a href=\"http:\/\/www.masella.com\/blog\/wp-content\/uploads\/2017\/02\/001FD.jpg\"><img loading=\"lazy\" decoding=\"async\" class=\"size-full wp-image-2064\" src=\"http:\/\/www.masella.com\/blog\/wp-content\/uploads\/2017\/02\/001FD.jpg\" alt=\"\" width=\"1200\" height=\"900\" srcset=\"https:\/\/www.masella.com\/blog\/wp-content\/uploads\/2017\/02\/001FD.jpg 1200w, https:\/\/www.masella.com\/blog\/wp-content\/uploads\/2017\/02\/001FD-300x225.jpg 300w, https:\/\/www.masella.com\/blog\/wp-content\/uploads\/2017\/02\/001FD-768x576.jpg 768w, https:\/\/www.masella.com\/blog\/wp-content\/uploads\/2017\/02\/001FD-1024x768.jpg 1024w\" sizes=\"(max-width: 1200px) 100vw, 1200px\" \/><\/a><\/p>\n<p style=\"text-align: center;\">OLYMPUS DIGITAL CAMERA<\/p>\n<p>L\u2019estat d\u2019obertura de pistes i remuntadors previst pel cap de setmana \u00e9s el seg\u00fcent:<\/p>\n<ul>\n<li><strong>65 pistes i 18 variants obertes<\/strong>, que suposen la totalitat del domini esquiable.<\/li>\n<li><strong>100% dels remuntadors <\/strong>oberts<\/li>\n<li><strong>100% del desnivell obert<\/strong>, des de La Tosa (2535m) fins el Pla de Masella (1600m)<\/li>\n<li><strong>Esqu\u00ed Nocturn Divendres<\/strong>\u00a0(18,30h a 21,30h)\u00a0i\u00a0<strong>el Dissabte<\/strong>\u00a0(18,30h a 21,30h)<\/li>\n<\/ul>\n<p style=\"text-align: center;\">A m\u00e9s el cap de setmana vindr\u00e0 marcat pels esdeveniments, en particular, aquest Dissabte es celebrar\u00e0 la Salomon Quest Challenge i una Festa Apr\u00e8s-Ski a La Cantina del Pla de Masella.<\/p>\n<p style=\"text-align: center;\"><a href=\"http:\/\/www.masella.com\/blog\/wp-content\/uploads\/2017\/02\/SQC-1.jpg\" target=\"_blank\" rel=\"noopener\"><img loading=\"lazy\" decoding=\"async\" class=\"alignnone size-full wp-image-2065\" src=\"http:\/\/www.masella.com\/blog\/wp-content\/uploads\/2017\/02\/SQC-1.jpg\" alt=\"\" width=\"935\" height=\"701\" srcset=\"https:\/\/www.masella.com\/blog\/wp-content\/uploads\/2017\/02\/SQC-1.jpg 935w, https:\/\/www.masella.com\/blog\/wp-content\/uploads\/2017\/02\/SQC-1-300x225.jpg 300w, https:\/\/www.masella.com\/blog\/wp-content\/uploads\/2017\/02\/SQC-1-768x576.jpg 768w\" sizes=\"(max-width: 935px) 100vw, 935px\" \/><\/a><\/p>\n<p style=\"text-align: center;\">Per a m\u00e9s informaci\u00f3 de la Salomon Quest Challenge clica <a href=\"http:\/\/www.masella.com\/blog\/ca\/inscripcions-salomon-quest-chalenge-abiertas-18-febrero\/\" target=\"_blank\" rel=\"noopener\">AQU\u00cd<\/a><\/p>\n<p style=\"text-align: center;\"><a href=\"http:\/\/www.masella.com\/blog\/wp-content\/uploads\/2017\/02\/FestaCantina.jpg\"><img loading=\"lazy\" decoding=\"async\" class=\"alignnone size-full wp-image-2066\" src=\"http:\/\/www.masella.com\/blog\/wp-content\/uploads\/2017\/02\/FestaCantina.jpg\" alt=\"\" width=\"718\" height=\"720\" srcset=\"https:\/\/www.masella.com\/blog\/wp-content\/uploads\/2017\/02\/FestaCantina.jpg 718w, https:\/\/www.masella.com\/blog\/wp-content\/uploads\/2017\/02\/FestaCantina-150x150.jpg 150w, https:\/\/www.masella.com\/blog\/wp-content\/uploads\/2017\/02\/FestaCantina-300x300.jpg 300w\" sizes=\"(max-width: 718px) 100vw, 718px\" \/><\/a><\/p>\n","protected":false},"excerpt":{"rendered":"<p>Despr\u00e9s d\u2019un parell de caps de setmana marcats pel temps inestable, amb temporals de vent i nevades, aquest cap de<\/p>\n","protected":false},"author":4,"featured_media":2062,"comment_status":"closed","ping_status":"open","sticky":false,"template":"","format":"standard","meta":{"footnotes":""},"categories":[21,13,12,35,24],"tags":[],"yoast_head":"<!-- This site is optimized with the Yoast SEO plugin v21.5 - https:\/\/yoast.com\/wordpress\/plugins\/seo\/ -->\n<title>CAP DE SETMANA DE TEMPS I NEU EXCEL\u2022LENTS - El Blog oficial de Masella<\/title>\n<meta name=\"robots\" content=\"index, follow, max-snippet:-1, max-image-preview:large, max-video-preview:-1\" \/>\n<link rel=\"canonical\" href=\"https:\/\/www.masella.com\/blog\/ca\/cap-setmana-temps-neu-excellents\/\" \/>\n<meta property=\"og:locale\" content=\"ca_ES\" \/>\n<meta property=\"og:type\" content=\"article\" \/>\n<meta property=\"og:title\" content=\"CAP DE SETMANA DE TEMPS I NEU EXCEL\u2022LENTS - El Blog oficial de Masella\" \/>\n<meta property=\"og:description\" content=\"Despr\u00e9s d\u2019un parell de caps de setmana marcats pel temps inestable, amb temporals de vent i nevades, aquest cap de\" \/>\n<meta property=\"og:url\" content=\"https:\/\/www.masella.com\/blog\/ca\/cap-setmana-temps-neu-excellents\/\" \/>\n<meta property=\"og:site_name\" content=\"El Blog oficial de Masella\" \/>\n<meta property=\"article:published_time\" content=\"2017-02-17T12:10:12+00:00\" \/>\n<meta property=\"article:modified_time\" content=\"2022-06-01T06:36:19+00:00\" \/>\n<meta property=\"og:image\" content=\"https:\/\/www.masella.com\/blog\/wp-content\/uploads\/2017\/02\/003FD.jpg\" \/>\n\t<meta property=\"og:image:width\" content=\"1200\" \/>\n\t<meta property=\"og:image:height\" content=\"900\" \/>\n\t<meta property=\"og:image:type\" content=\"image\/jpeg\" \/>\n<meta name=\"author\" content=\"masella\" \/>\n<meta name=\"twitter:card\" content=\"summary_large_image\" \/>\n<meta name=\"twitter:label1\" content=\"Escrit per\" \/>\n\t<meta name=\"twitter:data1\" content=\"masella\" \/>\n\t<meta name=\"twitter:label2\" content=\"Temps estimat de lectura\" \/>\n\t<meta name=\"twitter:data2\" content=\"2 minuts\" \/>\n<script type=\"application\/ld+json\" class=\"yoast-schema-graph\">{\"@context\":\"https:\/\/schema.org\",\"@graph\":[{\"@type\":\"Article\",\"@id\":\"https:\/\/www.masella.com\/blog\/ca\/cap-setmana-temps-neu-excellents\/#article\",\"isPartOf\":{\"@id\":\"https:\/\/www.masella.com\/blog\/ca\/cap-setmana-temps-neu-excellents\/\"},\"author\":{\"name\":\"masella\",\"@id\":\"https:\/\/www.masella.com\/blog\/ca\/#\/schema\/person\/e32b971f5be20790c591d85b8f1c706b\"},\"headline\":\"CAP DE SETMANA DE TEMPS I NEU EXCEL\u2022LENTS\",\"datePublished\":\"2017-02-17T12:10:12+00:00\",\"dateModified\":\"2022-06-01T06:36:19+00:00\",\"mainEntityOfPage\":{\"@id\":\"https:\/\/www.masella.com\/blog\/ca\/cap-setmana-temps-neu-excellents\/\"},\"wordCount\":339,\"publisher\":{\"@id\":\"https:\/\/www.masella.com\/blog\/ca\/#organization\"},\"articleSection\":[\"Actualitat\",\"Esdeveniments\",\"M\u00e9teo\",\"Muntanya\",\"Nocturn\"],\"inLanguage\":\"ca\"},{\"@type\":\"WebPage\",\"@id\":\"https:\/\/www.masella.com\/blog\/ca\/cap-setmana-temps-neu-excellents\/\",\"url\":\"https:\/\/www.masella.com\/blog\/ca\/cap-setmana-temps-neu-excellents\/\",\"name\":\"CAP DE SETMANA DE TEMPS I NEU EXCEL\u2022LENTS - El Blog oficial de Masella\",\"isPartOf\":{\"@id\":\"https:\/\/www.masella.com\/blog\/ca\/#website\"},\"datePublished\":\"2017-02-17T12:10:12+00:00\",\"dateModified\":\"2022-06-01T06:36:19+00:00\",\"breadcrumb\":{\"@id\":\"https:\/\/www.masella.com\/blog\/ca\/cap-setmana-temps-neu-excellents\/#breadcrumb\"},\"inLanguage\":\"ca\",\"potentialAction\":[{\"@type\":\"ReadAction\",\"target\":[\"https:\/\/www.masella.com\/blog\/ca\/cap-setmana-temps-neu-excellents\/\"]}]},{\"@type\":\"BreadcrumbList\",\"@id\":\"https:\/\/www.masella.com\/blog\/ca\/cap-setmana-temps-neu-excellents\/#breadcrumb\",\"itemListElement\":[{\"@type\":\"ListItem\",\"position\":1,\"name\":\"Portada\",\"item\":\"https:\/\/www.masella.com\/blog\/ca\/\"},{\"@type\":\"ListItem\",\"position\":2,\"name\":\"CAP DE SETMANA DE TEMPS I NEU EXCEL\u2022LENTS\"}]},{\"@type\":\"WebSite\",\"@id\":\"https:\/\/www.masella.com\/blog\/ca\/#website\",\"url\":\"https:\/\/www.masella.com\/blog\/ca\/\",\"name\":\"El Blog oficial de Masella\",\"description\":\"\",\"publisher\":{\"@id\":\"https:\/\/www.masella.com\/blog\/ca\/#organization\"},\"potentialAction\":[{\"@type\":\"SearchAction\",\"target\":{\"@type\":\"EntryPoint\",\"urlTemplate\":\"https:\/\/www.masella.com\/blog\/ca\/?s={search_term_string}\"},\"query-input\":\"required name=search_term_string\"}],\"inLanguage\":\"ca\"},{\"@type\":\"Organization\",\"@id\":\"https:\/\/www.masella.com\/blog\/ca\/#organization\",\"name\":\"El Blog oficial de Masella\",\"url\":\"https:\/\/www.masella.com\/blog\/ca\/\",\"logo\":{\"@type\":\"ImageObject\",\"inLanguage\":\"ca\",\"@id\":\"https:\/\/www.masella.com\/blog\/ca\/#\/schema\/logo\/image\/\",\"url\":\"https:\/\/www.masella.com\/blog\/wp-content\/uploads\/2022\/12\/cropped-logo-masella-cat.png\",\"contentUrl\":\"https:\/\/www.masella.com\/blog\/wp-content\/uploads\/2022\/12\/cropped-logo-masella-cat.png\",\"width\":150,\"height\":88,\"caption\":\"El Blog oficial de Masella\"},\"image\":{\"@id\":\"https:\/\/www.masella.com\/blog\/ca\/#\/schema\/logo\/image\/\"}},{\"@type\":\"Person\",\"@id\":\"https:\/\/www.masella.com\/blog\/ca\/#\/schema\/person\/e32b971f5be20790c591d85b8f1c706b\",\"name\":\"masella\",\"image\":{\"@type\":\"ImageObject\",\"inLanguage\":\"ca\",\"@id\":\"https:\/\/www.masella.com\/blog\/ca\/#\/schema\/person\/image\/\",\"url\":\"https:\/\/secure.gravatar.com\/avatar\/57590b1151eaa410a783e55768bbbba2?s=96&d=mm&r=g\",\"contentUrl\":\"https:\/\/secure.gravatar.com\/avatar\/57590b1151eaa410a783e55768bbbba2?s=96&d=mm&r=g\",\"caption\":\"masella\"},\"url\":\"https:\/\/www.masella.com\/blog\/ca\/author\/anna\/\"}]}<\/script>\n<!-- \/ Yoast SEO plugin. -->","yoast_head_json":{"title":"CAP DE SETMANA DE TEMPS I NEU EXCEL\u2022LENTS - El Blog oficial de Masella","robots":{"index":"index","follow":"follow","max-snippet":"max-snippet:-1","max-image-preview":"max-image-preview:large","max-video-preview":"max-video-preview:-1"},"canonical":"https:\/\/www.masella.com\/blog\/ca\/cap-setmana-temps-neu-excellents\/","og_locale":"ca_ES","og_type":"article","og_title":"CAP DE SETMANA DE TEMPS I NEU EXCEL\u2022LENTS - El Blog oficial de Masella","og_description":"Despr\u00e9s d\u2019un parell de caps de setmana marcats pel temps inestable, amb temporals de vent i nevades, aquest cap de","og_url":"https:\/\/www.masella.com\/blog\/ca\/cap-setmana-temps-neu-excellents\/","og_site_name":"El Blog oficial de Masella","article_published_time":"2017-02-17T12:10:12+00:00","article_modified_time":"2022-06-01T06:36:19+00:00","og_image":[{"width":1200,"height":900,"url":"https:\/\/www.masella.com\/blog\/wp-content\/uploads\/2017\/02\/003FD.jpg","type":"image\/jpeg"}],"author":"masella","twitter_card":"summary_large_image","twitter_misc":{"Escrit per":"masella","Temps estimat de lectura":"2 minuts"},"schema":{"@context":"https:\/\/schema.org","@graph":[{"@type":"Article","@id":"https:\/\/www.masella.com\/blog\/ca\/cap-setmana-temps-neu-excellents\/#article","isPartOf":{"@id":"https:\/\/www.masella.com\/blog\/ca\/cap-setmana-temps-neu-excellents\/"},"author":{"name":"masella","@id":"https:\/\/www.masella.com\/blog\/ca\/#\/schema\/person\/e32b971f5be20790c591d85b8f1c706b"},"headline":"CAP DE SETMANA DE TEMPS I NEU EXCEL\u2022LENTS","datePublished":"2017-02-17T12:10:12+00:00","dateModified":"2022-06-01T06:36:19+00:00","mainEntityOfPage":{"@id":"https:\/\/www.masella.com\/blog\/ca\/cap-setmana-temps-neu-excellents\/"},"wordCount":339,"publisher":{"@id":"https:\/\/www.masella.com\/blog\/ca\/#organization"},"articleSection":["Actualitat","Esdeveniments","M\u00e9teo","Muntanya","Nocturn"],"inLanguage":"ca"},{"@type":"WebPage","@id":"https:\/\/www.masella.com\/blog\/ca\/cap-setmana-temps-neu-excellents\/","url":"https:\/\/www.masella.com\/blog\/ca\/cap-setmana-temps-neu-excellents\/","name":"CAP DE SETMANA DE TEMPS I NEU EXCEL\u2022LENTS - El Blog oficial de Masella","isPartOf":{"@id":"https:\/\/www.masella.com\/blog\/ca\/#website"},"datePublished":"2017-02-17T12:10:12+00:00","dateModified":"2022-06-01T06:36:19+00:00","breadcrumb":{"@id":"https:\/\/www.masella.com\/blog\/ca\/cap-setmana-temps-neu-excellents\/#breadcrumb"},"inLanguage":"ca","potentialAction":[{"@type":"ReadAction","target":["https:\/\/www.masella.com\/blog\/ca\/cap-setmana-temps-neu-excellents\/"]}]},{"@type":"BreadcrumbList","@id":"https:\/\/www.masella.com\/blog\/ca\/cap-setmana-temps-neu-excellents\/#breadcrumb","itemListElement":[{"@type":"ListItem","position":1,"name":"Portada","item":"https:\/\/www.masella.com\/blog\/ca\/"},{"@type":"ListItem","position":2,"name":"CAP DE SETMANA DE TEMPS I NEU EXCEL\u2022LENTS"}]},{"@type":"WebSite","@id":"https:\/\/www.masella.com\/blog\/ca\/#website","url":"https:\/\/www.masella.com\/blog\/ca\/","name":"El Blog oficial de Masella","description":"","publisher":{"@id":"https:\/\/www.masella.com\/blog\/ca\/#organization"},"potentialAction":[{"@type":"SearchAction","target":{"@type":"EntryPoint","urlTemplate":"https:\/\/www.masella.com\/blog\/ca\/?s={search_term_string}"},"query-input":"required name=search_term_string"}],"inLanguage":"ca"},{"@type":"Organization","@id":"https:\/\/www.masella.com\/blog\/ca\/#organization","name":"El Blog oficial de Masella","url":"https:\/\/www.masella.com\/blog\/ca\/","logo":{"@type":"ImageObject","inLanguage":"ca","@id":"https:\/\/www.masella.com\/blog\/ca\/#\/schema\/logo\/image\/","url":"https:\/\/www.masella.com\/blog\/wp-content\/uploads\/2022\/12\/cropped-logo-masella-cat.png","contentUrl":"https:\/\/www.masella.com\/blog\/wp-content\/uploads\/2022\/12\/cropped-logo-masella-cat.png","width":150,"height":88,"caption":"El Blog oficial de Masella"},"image":{"@id":"https:\/\/www.masella.com\/blog\/ca\/#\/schema\/logo\/image\/"}},{"@type":"Person","@id":"https:\/\/www.masella.com\/blog\/ca\/#\/schema\/person\/e32b971f5be20790c591d85b8f1c706b","name":"masella","image":{"@type":"ImageObject","inLanguage":"ca","@id":"https:\/\/www.masella.com\/blog\/ca\/#\/schema\/person\/image\/","url":"https:\/\/secure.gravatar.com\/avatar\/57590b1151eaa410a783e55768bbbba2?s=96&d=mm&r=g","contentUrl":"https:\/\/secure.gravatar.com\/avatar\/57590b1151eaa410a783e55768bbbba2?s=96&d=mm&r=g","caption":"masella"},"url":"https:\/\/www.masella.com\/blog\/ca\/author\/anna\/"}]}},"_links":{"self":[{"href":"https:\/\/www.masella.com\/blog\/ca\/wp-json\/wp\/v2\/posts\/2061"}],"collection":[{"href":"https:\/\/www.masella.com\/blog\/ca\/wp-json\/wp\/v2\/posts"}],"about":[{"href":"https:\/\/www.masella.com\/blog\/ca\/wp-json\/wp\/v2\/types\/post"}],"author":[{"embeddable":true,"href":"https:\/\/www.masella.com\/blog\/ca\/wp-json\/wp\/v2\/users\/4"}],"replies":[{"embeddable":true,"href":"https:\/\/www.masella.com\/blog\/ca\/wp-json\/wp\/v2\/comments?post=2061"}],"version-history":[{"count":2,"href":"https:\/\/www.masella.com\/blog\/ca\/wp-json\/wp\/v2\/posts\/2061\/revisions"}],"predecessor-version":[{"id":5440,"href":"https:\/\/www.masella.com\/blog\/ca\/wp-json\/wp\/v2\/posts\/2061\/revisions\/5440"}],"wp:featuredmedia":[{"embeddable":true,"href":"https:\/\/www.masella.com\/blog\/ca\/wp-json\/wp\/v2\/media\/2062"}],"wp:attachment":[{"href":"https:\/\/www.masella.com\/blog\/ca\/wp-json\/wp\/v2\/media?parent=2061"}],"wp:term":[{"taxonomy":"category","embeddable":true,"href":"https:\/\/www.masella.com\/blog\/ca\/wp-json\/wp\/v2\/categories?post=2061"},{"taxonomy":"post_tag","embeddable":true,"href":"https:\/\/www.masella.com\/blog\/ca\/wp-json\/wp\/v2\/tags?post=2061"}],"curies":[{"name":"wp","href":"https:\/\/api.w.org\/{rel}","templated":true}]}}