{"id":2114,"date":"2017-02-23T13:02:33","date_gmt":"2017-02-23T13:02:33","guid":{"rendered":"http:\/\/www.masella.com\/blog\/?p=2114\/"},"modified":"2022-06-01T06:36:17","modified_gmt":"2022-06-01T06:36:17","slug":"head-12-h-masella-1132017-inscripcions-obertes","status":"publish","type":"post","link":"https:\/\/www.masella.com\/blog\/ca\/head-12-h-masella-1132017-inscripcions-obertes\/","title":{"rendered":"HEAD 12 h MASELLA &#8211; 11\/3\/2017 &#8211; INSCRIPCIONS OBERTES"},"content":{"rendered":"<p><strong>QU\u00c8 \u00c9S?<\/strong><\/p>\n<p>\u00c9s la primera prova de resist\u00e8ncia d\u2019esqu\u00ed alp\u00ed de\u00a012 h de resist\u00e8ncia, &#8220;non stop&#8221; que es celebra en el Pirineu. Consistir\u00e0 en un descens continu per una pista tancada per aquest esdeveniment. L&#8217;objectiu ser\u00e0 la de realitzar el major n\u00famero de baixades amb el menor temps possible per part dels equips participants, els quals triaran l\u2019estrat\u00e8gia d&#8217;aturades i relleus que considerin oportunes.<\/p>\n<p><strong>DATA I LLOC<\/strong><\/p>\n<p>Dissabte, 11 de mar\u00e7 de 2017, de 8 a 20 h a Masella, estaci\u00f3 d\u2019esqu\u00ed i muntanya del Pirineu de Girona.<\/p>\n<p><a href=\"http:\/\/www.masella.com\/blog\/wp-content\/uploads\/2017\/02\/002H-1.jpg\"><img loading=\"lazy\" decoding=\"async\" class=\"alignnone size-full wp-image-2119\" src=\"http:\/\/www.masella.com\/blog\/wp-content\/uploads\/2017\/02\/002H-1.jpg\" alt=\"\" width=\"2000\" height=\"640\" srcset=\"https:\/\/www.masella.com\/blog\/wp-content\/uploads\/2017\/02\/002H-1.jpg 2000w, https:\/\/www.masella.com\/blog\/wp-content\/uploads\/2017\/02\/002H-1-300x96.jpg 300w, https:\/\/www.masella.com\/blog\/wp-content\/uploads\/2017\/02\/002H-1-768x246.jpg 768w, https:\/\/www.masella.com\/blog\/wp-content\/uploads\/2017\/02\/002H-1-1024x328.jpg 1024w\" sizes=\"(max-width: 2000px) 100vw, 2000px\" \/><\/a><\/p>\n<p><strong>EQUIPS PARTICIPANTS I CATEGORIES<\/strong><\/p>\n<p>Els equips poden ser mixtes i estaran integrats per 1, 2 o 3 esquiadors.<\/p>\n<p><strong>Infantils<\/strong> (Nascuts entre el 2004 i el 2003, ambd\u00f3s inclosos)<\/p>\n<p><strong>\u00c8lit<\/strong> (Nascuts entre els anys 2002 i el 1987, ambd\u00f3s inclosos)<\/p>\n<p><strong>M\u00e0ster<\/strong> (Nascuts a partir de l\u2019any 1986)<\/p>\n<p><strong>INSCRIPCIONS<\/strong><\/p>\n<p><strong>Preu <\/strong><\/p>\n<p>40,00 \u20ac\/participant<\/p>\n<p><strong>Presencialment<\/strong><\/p>\n<p>-Les inscripcions es poden realitzar a les oficines del sector del Pla de Masella-1600 m, a la mateixa estaci\u00f3, en horari d&#8217;obertura al p\u00fablic. Consultar horaris <a href=\"http:\/\/www.masella.com\/ca\/paginas\/horaris\">AQU\u00cd<\/a><\/p>\n<p><strong>Via web<\/strong><\/p>\n<p>-Les inscripcions tamb\u00e9 es poden fer a trav\u00e9s del formulari a la web <a href=\"http:\/\/head12horasmasella.com\/ca\/\">www.head12horasmasella.com<\/a><\/p>\n<p>-Inscripcions obertes fins el 9\u00a0de mar\u00e7, a les 14 hores.<\/p>\n<p><strong>QU\u00c8 INCLOU LA INSCRIPCI\u00d3?<\/strong><\/p>\n<p>Forfet\/s de la Head 12 h \u201cnon stop\u201d Masella (Nom\u00e9s d\u00f3na acc\u00e9s al TGV)<\/p>\n<p>Dorsals<\/p>\n<p>Avituallament<\/p>\n<p>Obsequis<\/p>\n<p>Refrigeri final<\/p>\n<p><a href=\"http:\/\/www.masella.com\/blog\/wp-content\/uploads\/2017\/02\/003FD-2.jpg\"><img loading=\"lazy\" decoding=\"async\" class=\"size-full wp-image-2120\" src=\"http:\/\/www.masella.com\/blog\/wp-content\/uploads\/2017\/02\/003FD-2.jpg\" alt=\"\" width=\"3482\" height=\"2611\" srcset=\"https:\/\/www.masella.com\/blog\/wp-content\/uploads\/2017\/02\/003FD-2.jpg 3482w, https:\/\/www.masella.com\/blog\/wp-content\/uploads\/2017\/02\/003FD-2-300x225.jpg 300w, https:\/\/www.masella.com\/blog\/wp-content\/uploads\/2017\/02\/003FD-2-768x576.jpg 768w, https:\/\/www.masella.com\/blog\/wp-content\/uploads\/2017\/02\/003FD-2-1024x768.jpg 1024w\" sizes=\"(max-width: 3482px) 100vw, 3482px\" \/><\/a><\/p>\n<p><strong>DESCRIPCI\u00d3<\/strong><\/p>\n<p>La carrera consisteix en fer el major n\u00famero de baixades en el temps total de 12 hores. Els equips seran de 1, 2 o 3 participants i podr\u00e0 c\u00f3rrer 1 membre de l&#8217;equip, la resta seran reserva per fer els relleus. Els participants es gestionaran el seu temps i l&#8217;estrat\u00e8gia de parades. Hi haur\u00e0 punts de control electr\u00f2nics que comptaran el n\u00famero de baixades.\u00a0Es celebrar\u00e0 a la pista de la Davallada, tram tancat i cronometrat per a la prova. El remuntador de la prova ser\u00e0 el telecadira desembragable de 6 places TGV. Hi haur\u00e0 fletxes de direcci\u00f3 que marcaran el recorregut. Hi haur\u00e0 dos trams d\u2019enlla\u00e7, a la sortida i a l\u2019arribada del TGV sense cron\u00f2metre.<\/p>\n<p>Abans de la sortida, hi haur\u00e0 una baixada de reconeixement i classificat\u00f2ria que marcar\u00e0 la posici\u00f3 de la l\u00ednia de sortida que es dur\u00e0 a terme posteriorment i nom\u00e9s participar\u00e0 un membre de l&#8217;equip.\u00a0La sortida la far\u00e0 un membre per equip. Els esquiadors darrera de la l\u00ednia de sortida, aniran equipats, amb botes, bastons i sense esqu\u00eds. Hauran de c\u00f3rrer a buscar els esqu\u00eds i cal\u00e7ar-se per anar a la cua del TGV.<\/p>\n<p><a href=\"http:\/\/www.masella.com\/blog\/wp-content\/uploads\/2017\/02\/005FD.jpg\"><img loading=\"lazy\" decoding=\"async\" class=\"size-full wp-image-2124 aligncenter\" src=\"http:\/\/www.masella.com\/blog\/wp-content\/uploads\/2017\/02\/005FD.jpg\" alt=\"\" width=\"1200\" height=\"900\" srcset=\"https:\/\/www.masella.com\/blog\/wp-content\/uploads\/2017\/02\/005FD.jpg 1200w, https:\/\/www.masella.com\/blog\/wp-content\/uploads\/2017\/02\/005FD-300x225.jpg 300w, https:\/\/www.masella.com\/blog\/wp-content\/uploads\/2017\/02\/005FD-768x576.jpg 768w, https:\/\/www.masella.com\/blog\/wp-content\/uploads\/2017\/02\/005FD-1024x768.jpg 1024w\" sizes=\"(max-width: 1200px) 100vw, 1200px\" \/><\/a><\/p>\n<p>&nbsp;<\/p>\n<p><strong>PREMIS<\/strong><\/p>\n<p>CATEGORIA INFANTIL:<\/p>\n<p>1r &#8211; Una c\u00e1mara GoPro*<\/p>\n<p>2n &#8211; Un xec de compres HEAD per valor de 250\u20ac*<\/p>\n<p>3r &#8211; Un lot de productes HEAD*<\/p>\n<p>CATEGORIA \u00c8LIT:<\/p>\n<p>1r &#8211; Un xec de compres HEAD per valor de 500\u20ac*<\/p>\n<p>2n &#8211; Un xec de compres HEAD per valor de 250\u20ac*<\/p>\n<p>3r &#8211; Un lot de productes HEAD*<\/p>\n<p>CATEGORIA MASTER:<\/p>\n<p>1r &#8211; Una multi-eina Leatherman + cessi\u00f3 d&#8217;un cotxe d&#8217;alta gamma Jaguar o Land Rover*<\/p>\n<p>2n &#8211; Una nit 2pax MP + Spa en el Hotel&amp;Spa La Collada*<\/p>\n<p>3r &#8211; Un lot de productes HEAD*<\/p>\n<p>* Per cada membre de l&#8217;equip.<\/p>\n<p><strong>Organitzen:<\/strong> Head, Masella i Camp Base<\/p>\n<p><strong>Patrocinador:<\/strong> Jaguar \u00a0&amp; \u00a0Land Rover Donnay<\/p>\n<p><strong>Col\u00b7laboren:<\/strong> Pastas Gallo, Caldos Aneto, Rs7 articulaciones, Isotonica San Miguel, Tag Heuer, Olympus, GoPro, Cuvic, Leatherman, Nalgene, DonJoy, Grau Soler, \u00d2ndia, Doublet, Carlit, Cad\u00ed, Hotel &amp; Spa La Collada, Coca-Cola, Monster, Aquabona, Bodegas Chivite i Vichy Catalan.<\/p>\n<p><strong>Observacions:<\/strong> Perqu\u00e8 la prova es celebri cal un m\u00ednim de 50 equips inscrits.<\/p>\n","protected":false},"excerpt":{"rendered":"<p>QU\u00c8 \u00c9S? \u00c9s la primera prova de resist\u00e8ncia d\u2019esqu\u00ed alp\u00ed de\u00a012 h de resist\u00e8ncia, &#8220;non stop&#8221; que es celebra en<\/p>\n","protected":false},"author":4,"featured_media":2117,"comment_status":"closed","ping_status":"open","sticky":false,"template":"","format":"standard","meta":{"footnotes":""},"categories":[21,30,13,35],"tags":[],"yoast_head":"<!-- This site is optimized with the Yoast SEO plugin v21.5 - https:\/\/yoast.com\/wordpress\/plugins\/seo\/ -->\n<title>HEAD 12 h MASELLA - 11\/3\/2017 - INSCRIPCIONS OBERTES - El Blog oficial de Masella<\/title>\n<meta name=\"robots\" content=\"index, follow, max-snippet:-1, max-image-preview:large, max-video-preview:-1\" \/>\n<link rel=\"canonical\" href=\"https:\/\/www.masella.com\/blog\/ca\/head-12-h-masella-1132017-inscripcions-obertes\/\" \/>\n<meta property=\"og:locale\" content=\"ca_ES\" \/>\n<meta property=\"og:type\" content=\"article\" \/>\n<meta property=\"og:title\" content=\"HEAD 12 h MASELLA - 11\/3\/2017 - INSCRIPCIONS OBERTES - El Blog oficial de Masella\" \/>\n<meta property=\"og:description\" content=\"QU\u00c8 \u00c9S? \u00c9s la primera prova de resist\u00e8ncia d\u2019esqu\u00ed alp\u00ed de\u00a012 h de resist\u00e8ncia, &#8220;non stop&#8221; que es celebra en\" \/>\n<meta property=\"og:url\" content=\"https:\/\/www.masella.com\/blog\/ca\/head-12-h-masella-1132017-inscripcions-obertes\/\" \/>\n<meta property=\"og:site_name\" content=\"El Blog oficial de Masella\" \/>\n<meta property=\"article:published_time\" content=\"2017-02-23T13:02:33+00:00\" \/>\n<meta property=\"article:modified_time\" content=\"2022-06-01T06:36:17+00:00\" \/>\n<meta property=\"og:image\" content=\"https:\/\/www.masella.com\/blog\/wp-content\/uploads\/2017\/02\/002FD-5.jpg\" \/>\n\t<meta property=\"og:image:width\" content=\"1200\" \/>\n\t<meta property=\"og:image:height\" content=\"900\" \/>\n\t<meta property=\"og:image:type\" content=\"image\/jpeg\" \/>\n<meta name=\"author\" content=\"masella\" \/>\n<meta name=\"twitter:card\" content=\"summary_large_image\" \/>\n<meta name=\"twitter:label1\" content=\"Escrit per\" \/>\n\t<meta name=\"twitter:data1\" content=\"masella\" \/>\n\t<meta name=\"twitter:label2\" content=\"Temps estimat de lectura\" \/>\n\t<meta name=\"twitter:data2\" content=\"3 minuts\" \/>\n<script type=\"application\/ld+json\" class=\"yoast-schema-graph\">{\"@context\":\"https:\/\/schema.org\",\"@graph\":[{\"@type\":\"Article\",\"@id\":\"https:\/\/www.masella.com\/blog\/ca\/head-12-h-masella-1132017-inscripcions-obertes\/#article\",\"isPartOf\":{\"@id\":\"https:\/\/www.masella.com\/blog\/ca\/head-12-h-masella-1132017-inscripcions-obertes\/\"},\"author\":{\"name\":\"masella\",\"@id\":\"https:\/\/www.masella.com\/blog\/ca\/#\/schema\/person\/e32b971f5be20790c591d85b8f1c706b\"},\"headline\":\"HEAD 12 h MASELLA &#8211; 11\/3\/2017 &#8211; INSCRIPCIONS OBERTES\",\"datePublished\":\"2017-02-23T13:02:33+00:00\",\"dateModified\":\"2022-06-01T06:36:17+00:00\",\"mainEntityOfPage\":{\"@id\":\"https:\/\/www.masella.com\/blog\/ca\/head-12-h-masella-1132017-inscripcions-obertes\/\"},\"wordCount\":599,\"publisher\":{\"@id\":\"https:\/\/www.masella.com\/blog\/ca\/#organization\"},\"articleSection\":[\"Actualitat\",\"Curses\",\"Esdeveniments\",\"Muntanya\"],\"inLanguage\":\"ca\"},{\"@type\":\"WebPage\",\"@id\":\"https:\/\/www.masella.com\/blog\/ca\/head-12-h-masella-1132017-inscripcions-obertes\/\",\"url\":\"https:\/\/www.masella.com\/blog\/ca\/head-12-h-masella-1132017-inscripcions-obertes\/\",\"name\":\"HEAD 12 h MASELLA - 11\/3\/2017 - INSCRIPCIONS OBERTES - El Blog oficial de Masella\",\"isPartOf\":{\"@id\":\"https:\/\/www.masella.com\/blog\/ca\/#website\"},\"datePublished\":\"2017-02-23T13:02:33+00:00\",\"dateModified\":\"2022-06-01T06:36:17+00:00\",\"breadcrumb\":{\"@id\":\"https:\/\/www.masella.com\/blog\/ca\/head-12-h-masella-1132017-inscripcions-obertes\/#breadcrumb\"},\"inLanguage\":\"ca\",\"potentialAction\":[{\"@type\":\"ReadAction\",\"target\":[\"https:\/\/www.masella.com\/blog\/ca\/head-12-h-masella-1132017-inscripcions-obertes\/\"]}]},{\"@type\":\"BreadcrumbList\",\"@id\":\"https:\/\/www.masella.com\/blog\/ca\/head-12-h-masella-1132017-inscripcions-obertes\/#breadcrumb\",\"itemListElement\":[{\"@type\":\"ListItem\",\"position\":1,\"name\":\"Portada\",\"item\":\"https:\/\/www.masella.com\/blog\/ca\/\"},{\"@type\":\"ListItem\",\"position\":2,\"name\":\"HEAD 12 h MASELLA &#8211; 11\/3\/2017 &#8211; INSCRIPCIONS OBERTES\"}]},{\"@type\":\"WebSite\",\"@id\":\"https:\/\/www.masella.com\/blog\/ca\/#website\",\"url\":\"https:\/\/www.masella.com\/blog\/ca\/\",\"name\":\"El Blog oficial de Masella\",\"description\":\"\",\"publisher\":{\"@id\":\"https:\/\/www.masella.com\/blog\/ca\/#organization\"},\"potentialAction\":[{\"@type\":\"SearchAction\",\"target\":{\"@type\":\"EntryPoint\",\"urlTemplate\":\"https:\/\/www.masella.com\/blog\/ca\/?s={search_term_string}\"},\"query-input\":\"required name=search_term_string\"}],\"inLanguage\":\"ca\"},{\"@type\":\"Organization\",\"@id\":\"https:\/\/www.masella.com\/blog\/ca\/#organization\",\"name\":\"El Blog oficial de Masella\",\"url\":\"https:\/\/www.masella.com\/blog\/ca\/\",\"logo\":{\"@type\":\"ImageObject\",\"inLanguage\":\"ca\",\"@id\":\"https:\/\/www.masella.com\/blog\/ca\/#\/schema\/logo\/image\/\",\"url\":\"https:\/\/www.masella.com\/blog\/wp-content\/uploads\/2022\/12\/cropped-logo-masella-cat.png\",\"contentUrl\":\"https:\/\/www.masella.com\/blog\/wp-content\/uploads\/2022\/12\/cropped-logo-masella-cat.png\",\"width\":150,\"height\":88,\"caption\":\"El Blog oficial de Masella\"},\"image\":{\"@id\":\"https:\/\/www.masella.com\/blog\/ca\/#\/schema\/logo\/image\/\"}},{\"@type\":\"Person\",\"@id\":\"https:\/\/www.masella.com\/blog\/ca\/#\/schema\/person\/e32b971f5be20790c591d85b8f1c706b\",\"name\":\"masella\",\"image\":{\"@type\":\"ImageObject\",\"inLanguage\":\"ca\",\"@id\":\"https:\/\/www.masella.com\/blog\/ca\/#\/schema\/person\/image\/\",\"url\":\"https:\/\/secure.gravatar.com\/avatar\/57590b1151eaa410a783e55768bbbba2?s=96&d=mm&r=g\",\"contentUrl\":\"https:\/\/secure.gravatar.com\/avatar\/57590b1151eaa410a783e55768bbbba2?s=96&d=mm&r=g\",\"caption\":\"masella\"},\"url\":\"https:\/\/www.masella.com\/blog\/ca\/author\/anna\/\"}]}<\/script>\n<!-- \/ Yoast SEO plugin. -->","yoast_head_json":{"title":"HEAD 12 h MASELLA - 11\/3\/2017 - INSCRIPCIONS OBERTES - El Blog oficial de Masella","robots":{"index":"index","follow":"follow","max-snippet":"max-snippet:-1","max-image-preview":"max-image-preview:large","max-video-preview":"max-video-preview:-1"},"canonical":"https:\/\/www.masella.com\/blog\/ca\/head-12-h-masella-1132017-inscripcions-obertes\/","og_locale":"ca_ES","og_type":"article","og_title":"HEAD 12 h MASELLA - 11\/3\/2017 - INSCRIPCIONS OBERTES - El Blog oficial de Masella","og_description":"QU\u00c8 \u00c9S? \u00c9s la primera prova de resist\u00e8ncia d\u2019esqu\u00ed alp\u00ed de\u00a012 h de resist\u00e8ncia, &#8220;non stop&#8221; que es celebra en","og_url":"https:\/\/www.masella.com\/blog\/ca\/head-12-h-masella-1132017-inscripcions-obertes\/","og_site_name":"El Blog oficial de Masella","article_published_time":"2017-02-23T13:02:33+00:00","article_modified_time":"2022-06-01T06:36:17+00:00","og_image":[{"width":1200,"height":900,"url":"https:\/\/www.masella.com\/blog\/wp-content\/uploads\/2017\/02\/002FD-5.jpg","type":"image\/jpeg"}],"author":"masella","twitter_card":"summary_large_image","twitter_misc":{"Escrit per":"masella","Temps estimat de lectura":"3 minuts"},"schema":{"@context":"https:\/\/schema.org","@graph":[{"@type":"Article","@id":"https:\/\/www.masella.com\/blog\/ca\/head-12-h-masella-1132017-inscripcions-obertes\/#article","isPartOf":{"@id":"https:\/\/www.masella.com\/blog\/ca\/head-12-h-masella-1132017-inscripcions-obertes\/"},"author":{"name":"masella","@id":"https:\/\/www.masella.com\/blog\/ca\/#\/schema\/person\/e32b971f5be20790c591d85b8f1c706b"},"headline":"HEAD 12 h MASELLA &#8211; 11\/3\/2017 &#8211; INSCRIPCIONS OBERTES","datePublished":"2017-02-23T13:02:33+00:00","dateModified":"2022-06-01T06:36:17+00:00","mainEntityOfPage":{"@id":"https:\/\/www.masella.com\/blog\/ca\/head-12-h-masella-1132017-inscripcions-obertes\/"},"wordCount":599,"publisher":{"@id":"https:\/\/www.masella.com\/blog\/ca\/#organization"},"articleSection":["Actualitat","Curses","Esdeveniments","Muntanya"],"inLanguage":"ca"},{"@type":"WebPage","@id":"https:\/\/www.masella.com\/blog\/ca\/head-12-h-masella-1132017-inscripcions-obertes\/","url":"https:\/\/www.masella.com\/blog\/ca\/head-12-h-masella-1132017-inscripcions-obertes\/","name":"HEAD 12 h MASELLA - 11\/3\/2017 - INSCRIPCIONS OBERTES - El Blog oficial de Masella","isPartOf":{"@id":"https:\/\/www.masella.com\/blog\/ca\/#website"},"datePublished":"2017-02-23T13:02:33+00:00","dateModified":"2022-06-01T06:36:17+00:00","breadcrumb":{"@id":"https:\/\/www.masella.com\/blog\/ca\/head-12-h-masella-1132017-inscripcions-obertes\/#breadcrumb"},"inLanguage":"ca","potentialAction":[{"@type":"ReadAction","target":["https:\/\/www.masella.com\/blog\/ca\/head-12-h-masella-1132017-inscripcions-obertes\/"]}]},{"@type":"BreadcrumbList","@id":"https:\/\/www.masella.com\/blog\/ca\/head-12-h-masella-1132017-inscripcions-obertes\/#breadcrumb","itemListElement":[{"@type":"ListItem","position":1,"name":"Portada","item":"https:\/\/www.masella.com\/blog\/ca\/"},{"@type":"ListItem","position":2,"name":"HEAD 12 h MASELLA &#8211; 11\/3\/2017 &#8211; INSCRIPCIONS OBERTES"}]},{"@type":"WebSite","@id":"https:\/\/www.masella.com\/blog\/ca\/#website","url":"https:\/\/www.masella.com\/blog\/ca\/","name":"El Blog oficial de Masella","description":"","publisher":{"@id":"https:\/\/www.masella.com\/blog\/ca\/#organization"},"potentialAction":[{"@type":"SearchAction","target":{"@type":"EntryPoint","urlTemplate":"https:\/\/www.masella.com\/blog\/ca\/?s={search_term_string}"},"query-input":"required name=search_term_string"}],"inLanguage":"ca"},{"@type":"Organization","@id":"https:\/\/www.masella.com\/blog\/ca\/#organization","name":"El Blog oficial de Masella","url":"https:\/\/www.masella.com\/blog\/ca\/","logo":{"@type":"ImageObject","inLanguage":"ca","@id":"https:\/\/www.masella.com\/blog\/ca\/#\/schema\/logo\/image\/","url":"https:\/\/www.masella.com\/blog\/wp-content\/uploads\/2022\/12\/cropped-logo-masella-cat.png","contentUrl":"https:\/\/www.masella.com\/blog\/wp-content\/uploads\/2022\/12\/cropped-logo-masella-cat.png","width":150,"height":88,"caption":"El Blog oficial de Masella"},"image":{"@id":"https:\/\/www.masella.com\/blog\/ca\/#\/schema\/logo\/image\/"}},{"@type":"Person","@id":"https:\/\/www.masella.com\/blog\/ca\/#\/schema\/person\/e32b971f5be20790c591d85b8f1c706b","name":"masella","image":{"@type":"ImageObject","inLanguage":"ca","@id":"https:\/\/www.masella.com\/blog\/ca\/#\/schema\/person\/image\/","url":"https:\/\/secure.gravatar.com\/avatar\/57590b1151eaa410a783e55768bbbba2?s=96&d=mm&r=g","contentUrl":"https:\/\/secure.gravatar.com\/avatar\/57590b1151eaa410a783e55768bbbba2?s=96&d=mm&r=g","caption":"masella"},"url":"https:\/\/www.masella.com\/blog\/ca\/author\/anna\/"}]}},"_links":{"self":[{"href":"https:\/\/www.masella.com\/blog\/ca\/wp-json\/wp\/v2\/posts\/2114"}],"collection":[{"href":"https:\/\/www.masella.com\/blog\/ca\/wp-json\/wp\/v2\/posts"}],"about":[{"href":"https:\/\/www.masella.com\/blog\/ca\/wp-json\/wp\/v2\/types\/post"}],"author":[{"embeddable":true,"href":"https:\/\/www.masella.com\/blog\/ca\/wp-json\/wp\/v2\/users\/4"}],"replies":[{"embeddable":true,"href":"https:\/\/www.masella.com\/blog\/ca\/wp-json\/wp\/v2\/comments?post=2114"}],"version-history":[{"count":7,"href":"https:\/\/www.masella.com\/blog\/ca\/wp-json\/wp\/v2\/posts\/2114\/revisions"}],"predecessor-version":[{"id":2155,"href":"https:\/\/www.masella.com\/blog\/ca\/wp-json\/wp\/v2\/posts\/2114\/revisions\/2155"}],"wp:featuredmedia":[{"embeddable":true,"href":"https:\/\/www.masella.com\/blog\/ca\/wp-json\/wp\/v2\/media\/2117"}],"wp:attachment":[{"href":"https:\/\/www.masella.com\/blog\/ca\/wp-json\/wp\/v2\/media?parent=2114"}],"wp:term":[{"taxonomy":"category","embeddable":true,"href":"https:\/\/www.masella.com\/blog\/ca\/wp-json\/wp\/v2\/categories?post=2114"},{"taxonomy":"post_tag","embeddable":true,"href":"https:\/\/www.masella.com\/blog\/ca\/wp-json\/wp\/v2\/tags?post=2114"}],"curies":[{"name":"wp","href":"https:\/\/api.w.org\/{rel}","templated":true}]}}