{"id":2128,"date":"2017-02-26T11:15:41","date_gmt":"2017-02-26T11:15:41","guid":{"rendered":"http:\/\/www.masella.com\/blog\/?p=2128\/"},"modified":"2022-06-01T06:36:17","modified_gmt":"2022-06-01T06:36:17","slug":"carnestoltes-sol-que-mantindra-pels-proxims-dies","status":"publish","type":"post","link":"https:\/\/www.masella.com\/blog\/ca\/carnestoltes-sol-que-mantindra-pels-proxims-dies\/","title":{"rendered":"CARNESTOLTES AMB SOL QUE ES MANTINDR\u00c0 PELS PR\u00d2XIMS DIES"},"content":{"rendered":"<p>Aquest dies previs a la quaresma molts infants de clubs, entrenadors, clients treballadors, etc. han aprofitat el Carnaval per disfressar-se amb vestits originals i robes llampants, \u00a0que han llu\u00eft m\u00e9s que mai i \u00e9s que el sol i la visibilitat excel\u00b7lent s\u00f3n els patrons del temps que han marcat aquestes jornades d\u2019esqu\u00ed.<\/p>\n<p><a href=\"http:\/\/www.masella.com\/blog\/wp-content\/uploads\/2017\/02\/P2250034.jpg\"><img loading=\"lazy\" decoding=\"async\" class=\"size-full wp-image-2129\" src=\"http:\/\/www.masella.com\/blog\/wp-content\/uploads\/2017\/02\/P2250034.jpg\" alt=\"\" width=\"1200\" height=\"900\" srcset=\"https:\/\/www.masella.com\/blog\/wp-content\/uploads\/2017\/02\/P2250034.jpg 1200w, https:\/\/www.masella.com\/blog\/wp-content\/uploads\/2017\/02\/P2250034-300x225.jpg 300w, https:\/\/www.masella.com\/blog\/wp-content\/uploads\/2017\/02\/P2250034-768x576.jpg 768w, https:\/\/www.masella.com\/blog\/wp-content\/uploads\/2017\/02\/P2250034-1024x768.jpg 1024w\" sizes=\"(max-width: 1200px) 100vw, 1200px\" \/><\/a><\/p>\n<p>El bon temps tindr\u00e0 continu\u00eftat pels pr\u00f2xims dies, amb un clar domini del sol i visibilitat bona. Les temperatures m\u00ednimes es mantindran estables i les m\u00e0ximes pujaran lleugerament. Aix\u00ed que pels propers dies estan garantides les grans jornades d\u2019esqu\u00ed amb cel blau, sol i bons gruixos de neu.<\/p>\n<p><a href=\"http:\/\/www.masella.com\/blog\/wp-content\/uploads\/2017\/02\/P2250010.jpg\"><img loading=\"lazy\" decoding=\"async\" class=\"size-full wp-image-2130\" src=\"http:\/\/www.masella.com\/blog\/wp-content\/uploads\/2017\/02\/P2250010.jpg\" alt=\"\" width=\"1200\" height=\"900\" srcset=\"https:\/\/www.masella.com\/blog\/wp-content\/uploads\/2017\/02\/P2250010.jpg 1200w, https:\/\/www.masella.com\/blog\/wp-content\/uploads\/2017\/02\/P2250010-300x225.jpg 300w, https:\/\/www.masella.com\/blog\/wp-content\/uploads\/2017\/02\/P2250010-768x576.jpg 768w, https:\/\/www.masella.com\/blog\/wp-content\/uploads\/2017\/02\/P2250010-1024x768.jpg 1024w\" sizes=\"(max-width: 1200px) 100vw, 1200px\" \/><\/a><\/p>\n<p>La neu, amb la bonan\u00e7a del term\u00f2metre de dia, comen\u00e7a a tenir un comportament t\u00edpic de primavera i \u00e9s que a primera hora \u00e9s pols-dura i al migdia, a les cotes mitges i baixes, es transforma en qualitat primavera, que tamb\u00e9 fa de bon esquiar.<\/p>\n<p>&nbsp;<\/p>\n","protected":false},"excerpt":{"rendered":"<p>Aquest dies previs a la quaresma molts infants de clubs, entrenadors, clients treballadors, etc. han aprofitat el Carnaval per disfressar-se<\/p>\n","protected":false},"author":4,"featured_media":2131,"comment_status":"closed","ping_status":"open","sticky":false,"template":"","format":"standard","meta":{"footnotes":""},"categories":[21,13,12,35],"tags":[],"yoast_head":"<!-- This site is optimized with the Yoast SEO plugin v21.5 - https:\/\/yoast.com\/wordpress\/plugins\/seo\/ -->\n<title>CARNESTOLTES AMB SOL QUE ES MANTINDR\u00c0 PELS PR\u00d2XIMS DIES - El Blog oficial de Masella<\/title>\n<meta name=\"robots\" content=\"index, follow, max-snippet:-1, max-image-preview:large, max-video-preview:-1\" \/>\n<link rel=\"canonical\" href=\"https:\/\/www.masella.com\/blog\/ca\/carnestoltes-sol-que-mantindra-pels-proxims-dies\/\" \/>\n<meta property=\"og:locale\" content=\"ca_ES\" \/>\n<meta property=\"og:type\" content=\"article\" \/>\n<meta property=\"og:title\" content=\"CARNESTOLTES AMB SOL QUE ES MANTINDR\u00c0 PELS PR\u00d2XIMS DIES - El Blog oficial de Masella\" \/>\n<meta property=\"og:description\" content=\"Aquest dies previs a la quaresma molts infants de clubs, entrenadors, clients treballadors, etc. han aprofitat el Carnaval per disfressar-se\" \/>\n<meta property=\"og:url\" content=\"https:\/\/www.masella.com\/blog\/ca\/carnestoltes-sol-que-mantindra-pels-proxims-dies\/\" \/>\n<meta property=\"og:site_name\" content=\"El Blog oficial de Masella\" \/>\n<meta property=\"article:published_time\" content=\"2017-02-26T11:15:41+00:00\" \/>\n<meta property=\"article:modified_time\" content=\"2022-06-01T06:36:17+00:00\" \/>\n<meta property=\"og:image\" content=\"https:\/\/www.masella.com\/blog\/wp-content\/uploads\/2017\/02\/P2250039.jpg\" \/>\n\t<meta property=\"og:image:width\" content=\"1200\" \/>\n\t<meta property=\"og:image:height\" content=\"900\" \/>\n\t<meta property=\"og:image:type\" content=\"image\/jpeg\" \/>\n<meta name=\"author\" content=\"masella\" \/>\n<meta name=\"twitter:card\" content=\"summary_large_image\" \/>\n<meta name=\"twitter:label1\" content=\"Escrit per\" \/>\n\t<meta name=\"twitter:data1\" content=\"masella\" \/>\n\t<meta name=\"twitter:label2\" content=\"Temps estimat de lectura\" \/>\n\t<meta name=\"twitter:data2\" content=\"1 minut\" \/>\n<script type=\"application\/ld+json\" class=\"yoast-schema-graph\">{\"@context\":\"https:\/\/schema.org\",\"@graph\":[{\"@type\":\"Article\",\"@id\":\"https:\/\/www.masella.com\/blog\/ca\/carnestoltes-sol-que-mantindra-pels-proxims-dies\/#article\",\"isPartOf\":{\"@id\":\"https:\/\/www.masella.com\/blog\/ca\/carnestoltes-sol-que-mantindra-pels-proxims-dies\/\"},\"author\":{\"name\":\"masella\",\"@id\":\"https:\/\/www.masella.com\/blog\/ca\/#\/schema\/person\/e32b971f5be20790c591d85b8f1c706b\"},\"headline\":\"CARNESTOLTES AMB SOL QUE ES MANTINDR\u00c0 PELS PR\u00d2XIMS DIES\",\"datePublished\":\"2017-02-26T11:15:41+00:00\",\"dateModified\":\"2022-06-01T06:36:17+00:00\",\"mainEntityOfPage\":{\"@id\":\"https:\/\/www.masella.com\/blog\/ca\/carnestoltes-sol-que-mantindra-pels-proxims-dies\/\"},\"wordCount\":170,\"publisher\":{\"@id\":\"https:\/\/www.masella.com\/blog\/ca\/#organization\"},\"articleSection\":[\"Actualitat\",\"Esdeveniments\",\"M\u00e9teo\",\"Muntanya\"],\"inLanguage\":\"ca\"},{\"@type\":\"WebPage\",\"@id\":\"https:\/\/www.masella.com\/blog\/ca\/carnestoltes-sol-que-mantindra-pels-proxims-dies\/\",\"url\":\"https:\/\/www.masella.com\/blog\/ca\/carnestoltes-sol-que-mantindra-pels-proxims-dies\/\",\"name\":\"CARNESTOLTES AMB SOL QUE ES MANTINDR\u00c0 PELS PR\u00d2XIMS DIES - El Blog oficial de Masella\",\"isPartOf\":{\"@id\":\"https:\/\/www.masella.com\/blog\/ca\/#website\"},\"datePublished\":\"2017-02-26T11:15:41+00:00\",\"dateModified\":\"2022-06-01T06:36:17+00:00\",\"breadcrumb\":{\"@id\":\"https:\/\/www.masella.com\/blog\/ca\/carnestoltes-sol-que-mantindra-pels-proxims-dies\/#breadcrumb\"},\"inLanguage\":\"ca\",\"potentialAction\":[{\"@type\":\"ReadAction\",\"target\":[\"https:\/\/www.masella.com\/blog\/ca\/carnestoltes-sol-que-mantindra-pels-proxims-dies\/\"]}]},{\"@type\":\"BreadcrumbList\",\"@id\":\"https:\/\/www.masella.com\/blog\/ca\/carnestoltes-sol-que-mantindra-pels-proxims-dies\/#breadcrumb\",\"itemListElement\":[{\"@type\":\"ListItem\",\"position\":1,\"name\":\"Portada\",\"item\":\"https:\/\/www.masella.com\/blog\/ca\/\"},{\"@type\":\"ListItem\",\"position\":2,\"name\":\"CARNESTOLTES AMB SOL QUE ES MANTINDR\u00c0 PELS PR\u00d2XIMS DIES\"}]},{\"@type\":\"WebSite\",\"@id\":\"https:\/\/www.masella.com\/blog\/ca\/#website\",\"url\":\"https:\/\/www.masella.com\/blog\/ca\/\",\"name\":\"El Blog oficial de Masella\",\"description\":\"\",\"publisher\":{\"@id\":\"https:\/\/www.masella.com\/blog\/ca\/#organization\"},\"potentialAction\":[{\"@type\":\"SearchAction\",\"target\":{\"@type\":\"EntryPoint\",\"urlTemplate\":\"https:\/\/www.masella.com\/blog\/ca\/?s={search_term_string}\"},\"query-input\":\"required name=search_term_string\"}],\"inLanguage\":\"ca\"},{\"@type\":\"Organization\",\"@id\":\"https:\/\/www.masella.com\/blog\/ca\/#organization\",\"name\":\"El Blog oficial de Masella\",\"url\":\"https:\/\/www.masella.com\/blog\/ca\/\",\"logo\":{\"@type\":\"ImageObject\",\"inLanguage\":\"ca\",\"@id\":\"https:\/\/www.masella.com\/blog\/ca\/#\/schema\/logo\/image\/\",\"url\":\"https:\/\/www.masella.com\/blog\/wp-content\/uploads\/2022\/12\/cropped-logo-masella-cat.png\",\"contentUrl\":\"https:\/\/www.masella.com\/blog\/wp-content\/uploads\/2022\/12\/cropped-logo-masella-cat.png\",\"width\":150,\"height\":88,\"caption\":\"El Blog oficial de Masella\"},\"image\":{\"@id\":\"https:\/\/www.masella.com\/blog\/ca\/#\/schema\/logo\/image\/\"}},{\"@type\":\"Person\",\"@id\":\"https:\/\/www.masella.com\/blog\/ca\/#\/schema\/person\/e32b971f5be20790c591d85b8f1c706b\",\"name\":\"masella\",\"image\":{\"@type\":\"ImageObject\",\"inLanguage\":\"ca\",\"@id\":\"https:\/\/www.masella.com\/blog\/ca\/#\/schema\/person\/image\/\",\"url\":\"https:\/\/secure.gravatar.com\/avatar\/57590b1151eaa410a783e55768bbbba2?s=96&d=mm&r=g\",\"contentUrl\":\"https:\/\/secure.gravatar.com\/avatar\/57590b1151eaa410a783e55768bbbba2?s=96&d=mm&r=g\",\"caption\":\"masella\"},\"url\":\"https:\/\/www.masella.com\/blog\/ca\/author\/anna\/\"}]}<\/script>\n<!-- \/ Yoast SEO plugin. -->","yoast_head_json":{"title":"CARNESTOLTES AMB SOL QUE ES MANTINDR\u00c0 PELS PR\u00d2XIMS DIES - El Blog oficial de Masella","robots":{"index":"index","follow":"follow","max-snippet":"max-snippet:-1","max-image-preview":"max-image-preview:large","max-video-preview":"max-video-preview:-1"},"canonical":"https:\/\/www.masella.com\/blog\/ca\/carnestoltes-sol-que-mantindra-pels-proxims-dies\/","og_locale":"ca_ES","og_type":"article","og_title":"CARNESTOLTES AMB SOL QUE ES MANTINDR\u00c0 PELS PR\u00d2XIMS DIES - El Blog oficial de Masella","og_description":"Aquest dies previs a la quaresma molts infants de clubs, entrenadors, clients treballadors, etc. han aprofitat el Carnaval per disfressar-se","og_url":"https:\/\/www.masella.com\/blog\/ca\/carnestoltes-sol-que-mantindra-pels-proxims-dies\/","og_site_name":"El Blog oficial de Masella","article_published_time":"2017-02-26T11:15:41+00:00","article_modified_time":"2022-06-01T06:36:17+00:00","og_image":[{"width":1200,"height":900,"url":"https:\/\/www.masella.com\/blog\/wp-content\/uploads\/2017\/02\/P2250039.jpg","type":"image\/jpeg"}],"author":"masella","twitter_card":"summary_large_image","twitter_misc":{"Escrit per":"masella","Temps estimat de lectura":"1 minut"},"schema":{"@context":"https:\/\/schema.org","@graph":[{"@type":"Article","@id":"https:\/\/www.masella.com\/blog\/ca\/carnestoltes-sol-que-mantindra-pels-proxims-dies\/#article","isPartOf":{"@id":"https:\/\/www.masella.com\/blog\/ca\/carnestoltes-sol-que-mantindra-pels-proxims-dies\/"},"author":{"name":"masella","@id":"https:\/\/www.masella.com\/blog\/ca\/#\/schema\/person\/e32b971f5be20790c591d85b8f1c706b"},"headline":"CARNESTOLTES AMB SOL QUE ES MANTINDR\u00c0 PELS PR\u00d2XIMS DIES","datePublished":"2017-02-26T11:15:41+00:00","dateModified":"2022-06-01T06:36:17+00:00","mainEntityOfPage":{"@id":"https:\/\/www.masella.com\/blog\/ca\/carnestoltes-sol-que-mantindra-pels-proxims-dies\/"},"wordCount":170,"publisher":{"@id":"https:\/\/www.masella.com\/blog\/ca\/#organization"},"articleSection":["Actualitat","Esdeveniments","M\u00e9teo","Muntanya"],"inLanguage":"ca"},{"@type":"WebPage","@id":"https:\/\/www.masella.com\/blog\/ca\/carnestoltes-sol-que-mantindra-pels-proxims-dies\/","url":"https:\/\/www.masella.com\/blog\/ca\/carnestoltes-sol-que-mantindra-pels-proxims-dies\/","name":"CARNESTOLTES AMB SOL QUE ES MANTINDR\u00c0 PELS PR\u00d2XIMS DIES - El Blog oficial de Masella","isPartOf":{"@id":"https:\/\/www.masella.com\/blog\/ca\/#website"},"datePublished":"2017-02-26T11:15:41+00:00","dateModified":"2022-06-01T06:36:17+00:00","breadcrumb":{"@id":"https:\/\/www.masella.com\/blog\/ca\/carnestoltes-sol-que-mantindra-pels-proxims-dies\/#breadcrumb"},"inLanguage":"ca","potentialAction":[{"@type":"ReadAction","target":["https:\/\/www.masella.com\/blog\/ca\/carnestoltes-sol-que-mantindra-pels-proxims-dies\/"]}]},{"@type":"BreadcrumbList","@id":"https:\/\/www.masella.com\/blog\/ca\/carnestoltes-sol-que-mantindra-pels-proxims-dies\/#breadcrumb","itemListElement":[{"@type":"ListItem","position":1,"name":"Portada","item":"https:\/\/www.masella.com\/blog\/ca\/"},{"@type":"ListItem","position":2,"name":"CARNESTOLTES AMB SOL QUE ES MANTINDR\u00c0 PELS PR\u00d2XIMS DIES"}]},{"@type":"WebSite","@id":"https:\/\/www.masella.com\/blog\/ca\/#website","url":"https:\/\/www.masella.com\/blog\/ca\/","name":"El Blog oficial de Masella","description":"","publisher":{"@id":"https:\/\/www.masella.com\/blog\/ca\/#organization"},"potentialAction":[{"@type":"SearchAction","target":{"@type":"EntryPoint","urlTemplate":"https:\/\/www.masella.com\/blog\/ca\/?s={search_term_string}"},"query-input":"required name=search_term_string"}],"inLanguage":"ca"},{"@type":"Organization","@id":"https:\/\/www.masella.com\/blog\/ca\/#organization","name":"El Blog oficial de Masella","url":"https:\/\/www.masella.com\/blog\/ca\/","logo":{"@type":"ImageObject","inLanguage":"ca","@id":"https:\/\/www.masella.com\/blog\/ca\/#\/schema\/logo\/image\/","url":"https:\/\/www.masella.com\/blog\/wp-content\/uploads\/2022\/12\/cropped-logo-masella-cat.png","contentUrl":"https:\/\/www.masella.com\/blog\/wp-content\/uploads\/2022\/12\/cropped-logo-masella-cat.png","width":150,"height":88,"caption":"El Blog oficial de Masella"},"image":{"@id":"https:\/\/www.masella.com\/blog\/ca\/#\/schema\/logo\/image\/"}},{"@type":"Person","@id":"https:\/\/www.masella.com\/blog\/ca\/#\/schema\/person\/e32b971f5be20790c591d85b8f1c706b","name":"masella","image":{"@type":"ImageObject","inLanguage":"ca","@id":"https:\/\/www.masella.com\/blog\/ca\/#\/schema\/person\/image\/","url":"https:\/\/secure.gravatar.com\/avatar\/57590b1151eaa410a783e55768bbbba2?s=96&d=mm&r=g","contentUrl":"https:\/\/secure.gravatar.com\/avatar\/57590b1151eaa410a783e55768bbbba2?s=96&d=mm&r=g","caption":"masella"},"url":"https:\/\/www.masella.com\/blog\/ca\/author\/anna\/"}]}},"_links":{"self":[{"href":"https:\/\/www.masella.com\/blog\/ca\/wp-json\/wp\/v2\/posts\/2128"}],"collection":[{"href":"https:\/\/www.masella.com\/blog\/ca\/wp-json\/wp\/v2\/posts"}],"about":[{"href":"https:\/\/www.masella.com\/blog\/ca\/wp-json\/wp\/v2\/types\/post"}],"author":[{"embeddable":true,"href":"https:\/\/www.masella.com\/blog\/ca\/wp-json\/wp\/v2\/users\/4"}],"replies":[{"embeddable":true,"href":"https:\/\/www.masella.com\/blog\/ca\/wp-json\/wp\/v2\/comments?post=2128"}],"version-history":[{"count":1,"href":"https:\/\/www.masella.com\/blog\/ca\/wp-json\/wp\/v2\/posts\/2128\/revisions"}],"predecessor-version":[{"id":2132,"href":"https:\/\/www.masella.com\/blog\/ca\/wp-json\/wp\/v2\/posts\/2128\/revisions\/2132"}],"wp:featuredmedia":[{"embeddable":true,"href":"https:\/\/www.masella.com\/blog\/ca\/wp-json\/wp\/v2\/media\/2131"}],"wp:attachment":[{"href":"https:\/\/www.masella.com\/blog\/ca\/wp-json\/wp\/v2\/media?parent=2128"}],"wp:term":[{"taxonomy":"category","embeddable":true,"href":"https:\/\/www.masella.com\/blog\/ca\/wp-json\/wp\/v2\/categories?post=2128"},{"taxonomy":"post_tag","embeddable":true,"href":"https:\/\/www.masella.com\/blog\/ca\/wp-json\/wp\/v2\/tags?post=2128"}],"curies":[{"name":"wp","href":"https:\/\/api.w.org\/{rel}","templated":true}]}}