{"id":2174,"date":"2017-03-12T12:48:25","date_gmt":"2017-03-12T12:48:25","guid":{"rendered":"http:\/\/www.masella.com\/blog\/?p=2174\/"},"modified":"2022-06-01T06:36:00","modified_gmt":"2022-06-01T06:36:00","slug":"satisfaccio-participants-head-12-h-desqui-alpi","status":"publish","type":"post","link":"https:\/\/www.masella.com\/blog\/ca\/satisfaccio-participants-head-12-h-desqui-alpi\/","title":{"rendered":"SATISFACCI\u00d3 ENTRE ELS PARTICIPANTS LA HEAD 12 H D&#8217;ESQU\u00cd ALP\u00cd"},"content":{"rendered":"<p>Aquest dissabte s\u2019ha celebrat la primera prova de resist\u00e8ncia d&#8217;esqu\u00ed alp\u00ed de 12 hores &#8220;non stop&#8221; celebrada en el sud d\u2019Europa. L\u2019ha promogut la marca d\u2019esqu\u00eds Head amb el suport t\u00e8cnic de Camp Base i de l\u2019estaci\u00f3 d\u2019esqu\u00ed de Masella.<\/p>\n<p><a href=\"http:\/\/www.masella.com\/blog\/wp-content\/uploads\/2017\/03\/001FD-1.jpg\"><img loading=\"lazy\" decoding=\"async\" class=\"alignnone size-full wp-image-2175\" src=\"http:\/\/www.masella.com\/blog\/wp-content\/uploads\/2017\/03\/001FD-1.jpg\" alt=\"\" width=\"1200\" height=\"900\" srcset=\"https:\/\/www.masella.com\/blog\/wp-content\/uploads\/2017\/03\/001FD-1.jpg 1200w, https:\/\/www.masella.com\/blog\/wp-content\/uploads\/2017\/03\/001FD-1-300x225.jpg 300w, https:\/\/www.masella.com\/blog\/wp-content\/uploads\/2017\/03\/001FD-1-768x576.jpg 768w, https:\/\/www.masella.com\/blog\/wp-content\/uploads\/2017\/03\/001FD-1-1024x768.jpg 1024w\" sizes=\"(max-width: 1200px) 100vw, 1200px\" \/><\/a><\/p>\n<p>La Head 12 h d\u2019esqu\u00ed alp\u00ed ha consistit en un descens continu per una pista tancada per aquest esdeveniment. L&#8217;objectiu ha sigut realitzar el major n\u00famero de baixades amb el menor temps possible per part dels equips participants integrats per un, dos o tres esquiadors.<\/p>\n<p><a href=\"http:\/\/www.masella.com\/blog\/wp-content\/uploads\/2017\/03\/002H.jpg\"><img loading=\"lazy\" decoding=\"async\" class=\"alignnone size-full wp-image-2176\" src=\"http:\/\/www.masella.com\/blog\/wp-content\/uploads\/2017\/03\/002H.jpg\" alt=\"\" width=\"2000\" height=\"640\" srcset=\"https:\/\/www.masella.com\/blog\/wp-content\/uploads\/2017\/03\/002H.jpg 2000w, https:\/\/www.masella.com\/blog\/wp-content\/uploads\/2017\/03\/002H-300x96.jpg 300w, https:\/\/www.masella.com\/blog\/wp-content\/uploads\/2017\/03\/002H-768x246.jpg 768w, https:\/\/www.masella.com\/blog\/wp-content\/uploads\/2017\/03\/002H-1024x328.jpg 1024w\" sizes=\"(max-width: 2000px) 100vw, 2000px\" \/><\/a><\/p>\n<p>La competici\u00f3 s\u2019ha engegat a les 8 del mat\u00ed, despr\u00e9s de les classificat\u00f2ries, amb una espectacular sortida tipus Le Mans. I ha finalitzat al cap de 12 hores amb la bandera de quadres a l\u2019arc d\u2019arribada, ja en plena nit. El piscolabis de la nit i el repartiment de premis han posat punt i final d\u2019una emocionant jornada d\u2019esport, competici\u00f3, per\u00f2 tamb\u00e9 de companyonia i \u201cfair play\u201d entre tots els participants de la Head 12 hores de Masella.<\/p>\n<p><a href=\"http:\/\/www.masella.com\/blog\/wp-content\/uploads\/2017\/03\/001FD-2.jpg\"><img loading=\"lazy\" decoding=\"async\" class=\"size-full wp-image-2177\" src=\"http:\/\/www.masella.com\/blog\/wp-content\/uploads\/2017\/03\/001FD-2.jpg\" alt=\"\" width=\"1200\" height=\"900\" srcset=\"https:\/\/www.masella.com\/blog\/wp-content\/uploads\/2017\/03\/001FD-2.jpg 1200w, https:\/\/www.masella.com\/blog\/wp-content\/uploads\/2017\/03\/001FD-2-300x225.jpg 300w, https:\/\/www.masella.com\/blog\/wp-content\/uploads\/2017\/03\/001FD-2-768x576.jpg 768w, https:\/\/www.masella.com\/blog\/wp-content\/uploads\/2017\/03\/001FD-2-1024x768.jpg 1024w\" sizes=\"(max-width: 1200px) 100vw, 1200px\" \/><\/a><\/p>\n<p>A l\u2019hora del repartiment dels premis entre els participants, si b\u00e9 en el rostre de tots es notaven les 12 hores d\u2019esfor\u00e7 f\u00edsic i de cansament mental, hi ha hagut unanimitat a la pregunta de \u201c<em>i quan ser\u00e0 la propera edici\u00f3?<\/em>\u201d. La resposta de l\u2019organitzaci\u00f3 ha sigut ben clara amb un <em>\u201cfins ben aviat\u201d<\/em> i \u00e9s que ja s\u2019est\u00e0 preparant la segona edici\u00f3 de la Head 12 hores de Masella d\u2019esqu\u00ed alp\u00ed.<\/p>\n<p><strong>En els seg\u00fcents enlla\u00e7os podreu trobar la\u00a0<a href=\"http:\/\/www.masella.com\/blog\/wp-content\/uploads\/2017\/03\/clasificacio-final.pdf\">classificaci\u00f3 final<\/a>\u00a0i la <a href=\"http:\/\/www.masella.com\/blog\/wp-content\/uploads\/2017\/03\/clasificacio-final-categories.pdf\">classificaci\u00f3 final per categories<\/a><\/strong><\/p>\n<p><strong>Organitzat per:<\/strong> Head, Masella i Camp Base<\/p>\n<p><strong>Patrocinat per: <\/strong>Land Rover &amp; Jaguar Donnay<\/p>\n<p><strong>Col\u00b7laboradors:<\/strong> Soba de Pastas Gallo, Caldos Aneto, Rs7 articulaciones, Isotonica San Miguel, Tag Heuer, Olympus, Cuvic, Leatherman, Nalgene, DonJoy, Grau Soler, \u00d2ndia, Doublet, Carlit, Cad\u00ed, Hotel &amp; Spa La Collada, GoPro, Coca-Cola, Monster, Aquabona, Bodegas Chivite.<\/p>\n","protected":false},"excerpt":{"rendered":"<p>Aquest dissabte s\u2019ha celebrat la primera prova de resist\u00e8ncia d&#8217;esqu\u00ed alp\u00ed de 12 hores &#8220;non stop&#8221; celebrada en el sud<\/p>\n","protected":false},"author":4,"featured_media":2178,"comment_status":"closed","ping_status":"open","sticky":false,"template":"","format":"standard","meta":{"footnotes":""},"categories":[21,50,30,13,35,24],"tags":[],"yoast_head":"<!-- This site is optimized with the Yoast SEO plugin v21.5 - https:\/\/yoast.com\/wordpress\/plugins\/seo\/ -->\n<title>SATISFACCI\u00d3 ENTRE ELS PARTICIPANTS LA HEAD 12 H D&#039;ESQU\u00cd ALP\u00cd - El Blog oficial de Masella<\/title>\n<meta name=\"robots\" content=\"index, follow, max-snippet:-1, max-image-preview:large, max-video-preview:-1\" \/>\n<link rel=\"canonical\" href=\"https:\/\/www.masella.com\/blog\/ca\/satisfaccio-participants-head-12-h-desqui-alpi\/\" \/>\n<meta property=\"og:locale\" content=\"ca_ES\" \/>\n<meta property=\"og:type\" content=\"article\" \/>\n<meta property=\"og:title\" content=\"SATISFACCI\u00d3 ENTRE ELS PARTICIPANTS LA HEAD 12 H D&#039;ESQU\u00cd ALP\u00cd - El Blog oficial de Masella\" \/>\n<meta property=\"og:description\" content=\"Aquest dissabte s\u2019ha celebrat la primera prova de resist\u00e8ncia d&#8217;esqu\u00ed alp\u00ed de 12 hores &#8220;non stop&#8221; celebrada en el sud\" \/>\n<meta property=\"og:url\" content=\"https:\/\/www.masella.com\/blog\/ca\/satisfaccio-participants-head-12-h-desqui-alpi\/\" \/>\n<meta property=\"og:site_name\" content=\"El Blog oficial de Masella\" \/>\n<meta property=\"article:published_time\" content=\"2017-03-12T12:48:25+00:00\" \/>\n<meta property=\"article:modified_time\" content=\"2022-06-01T06:36:00+00:00\" \/>\n<meta property=\"og:image\" content=\"https:\/\/www.masella.com\/blog\/wp-content\/uploads\/2017\/03\/002FD.jpg\" \/>\n\t<meta property=\"og:image:width\" content=\"1200\" \/>\n\t<meta property=\"og:image:height\" content=\"900\" \/>\n\t<meta property=\"og:image:type\" content=\"image\/jpeg\" \/>\n<meta name=\"author\" content=\"masella\" \/>\n<meta name=\"twitter:card\" content=\"summary_large_image\" \/>\n<meta name=\"twitter:label1\" content=\"Escrit per\" \/>\n\t<meta name=\"twitter:data1\" content=\"masella\" \/>\n\t<meta name=\"twitter:label2\" content=\"Temps estimat de lectura\" \/>\n\t<meta name=\"twitter:data2\" content=\"2 minuts\" \/>\n<script type=\"application\/ld+json\" class=\"yoast-schema-graph\">{\"@context\":\"https:\/\/schema.org\",\"@graph\":[{\"@type\":\"Article\",\"@id\":\"https:\/\/www.masella.com\/blog\/ca\/satisfaccio-participants-head-12-h-desqui-alpi\/#article\",\"isPartOf\":{\"@id\":\"https:\/\/www.masella.com\/blog\/ca\/satisfaccio-participants-head-12-h-desqui-alpi\/\"},\"author\":{\"name\":\"masella\",\"@id\":\"https:\/\/www.masella.com\/blog\/ca\/#\/schema\/person\/e32b971f5be20790c591d85b8f1c706b\"},\"headline\":\"SATISFACCI\u00d3 ENTRE ELS PARTICIPANTS LA HEAD 12 H D&#8217;ESQU\u00cd ALP\u00cd\",\"datePublished\":\"2017-03-12T12:48:25+00:00\",\"dateModified\":\"2022-06-01T06:36:00+00:00\",\"mainEntityOfPage\":{\"@id\":\"https:\/\/www.masella.com\/blog\/ca\/satisfaccio-participants-head-12-h-desqui-alpi\/\"},\"wordCount\":332,\"publisher\":{\"@id\":\"https:\/\/www.masella.com\/blog\/ca\/#organization\"},\"articleSection\":[\"Actualitat\",\"Competici\u00f3\",\"Curses\",\"Esdeveniments\",\"Muntanya\",\"Nocturn\"],\"inLanguage\":\"ca\"},{\"@type\":\"WebPage\",\"@id\":\"https:\/\/www.masella.com\/blog\/ca\/satisfaccio-participants-head-12-h-desqui-alpi\/\",\"url\":\"https:\/\/www.masella.com\/blog\/ca\/satisfaccio-participants-head-12-h-desqui-alpi\/\",\"name\":\"SATISFACCI\u00d3 ENTRE ELS PARTICIPANTS LA HEAD 12 H D'ESQU\u00cd ALP\u00cd - El Blog oficial de Masella\",\"isPartOf\":{\"@id\":\"https:\/\/www.masella.com\/blog\/ca\/#website\"},\"datePublished\":\"2017-03-12T12:48:25+00:00\",\"dateModified\":\"2022-06-01T06:36:00+00:00\",\"breadcrumb\":{\"@id\":\"https:\/\/www.masella.com\/blog\/ca\/satisfaccio-participants-head-12-h-desqui-alpi\/#breadcrumb\"},\"inLanguage\":\"ca\",\"potentialAction\":[{\"@type\":\"ReadAction\",\"target\":[\"https:\/\/www.masella.com\/blog\/ca\/satisfaccio-participants-head-12-h-desqui-alpi\/\"]}]},{\"@type\":\"BreadcrumbList\",\"@id\":\"https:\/\/www.masella.com\/blog\/ca\/satisfaccio-participants-head-12-h-desqui-alpi\/#breadcrumb\",\"itemListElement\":[{\"@type\":\"ListItem\",\"position\":1,\"name\":\"Portada\",\"item\":\"https:\/\/www.masella.com\/blog\/ca\/\"},{\"@type\":\"ListItem\",\"position\":2,\"name\":\"SATISFACCI\u00d3 ENTRE ELS PARTICIPANTS LA HEAD 12 H D&#8217;ESQU\u00cd ALP\u00cd\"}]},{\"@type\":\"WebSite\",\"@id\":\"https:\/\/www.masella.com\/blog\/ca\/#website\",\"url\":\"https:\/\/www.masella.com\/blog\/ca\/\",\"name\":\"El Blog oficial de Masella\",\"description\":\"\",\"publisher\":{\"@id\":\"https:\/\/www.masella.com\/blog\/ca\/#organization\"},\"potentialAction\":[{\"@type\":\"SearchAction\",\"target\":{\"@type\":\"EntryPoint\",\"urlTemplate\":\"https:\/\/www.masella.com\/blog\/ca\/?s={search_term_string}\"},\"query-input\":\"required name=search_term_string\"}],\"inLanguage\":\"ca\"},{\"@type\":\"Organization\",\"@id\":\"https:\/\/www.masella.com\/blog\/ca\/#organization\",\"name\":\"El Blog oficial de Masella\",\"url\":\"https:\/\/www.masella.com\/blog\/ca\/\",\"logo\":{\"@type\":\"ImageObject\",\"inLanguage\":\"ca\",\"@id\":\"https:\/\/www.masella.com\/blog\/ca\/#\/schema\/logo\/image\/\",\"url\":\"https:\/\/www.masella.com\/blog\/wp-content\/uploads\/2022\/12\/cropped-logo-masella-cat.png\",\"contentUrl\":\"https:\/\/www.masella.com\/blog\/wp-content\/uploads\/2022\/12\/cropped-logo-masella-cat.png\",\"width\":150,\"height\":88,\"caption\":\"El Blog oficial de Masella\"},\"image\":{\"@id\":\"https:\/\/www.masella.com\/blog\/ca\/#\/schema\/logo\/image\/\"}},{\"@type\":\"Person\",\"@id\":\"https:\/\/www.masella.com\/blog\/ca\/#\/schema\/person\/e32b971f5be20790c591d85b8f1c706b\",\"name\":\"masella\",\"image\":{\"@type\":\"ImageObject\",\"inLanguage\":\"ca\",\"@id\":\"https:\/\/www.masella.com\/blog\/ca\/#\/schema\/person\/image\/\",\"url\":\"https:\/\/secure.gravatar.com\/avatar\/57590b1151eaa410a783e55768bbbba2?s=96&d=mm&r=g\",\"contentUrl\":\"https:\/\/secure.gravatar.com\/avatar\/57590b1151eaa410a783e55768bbbba2?s=96&d=mm&r=g\",\"caption\":\"masella\"},\"url\":\"https:\/\/www.masella.com\/blog\/ca\/author\/anna\/\"}]}<\/script>\n<!-- \/ Yoast SEO plugin. -->","yoast_head_json":{"title":"SATISFACCI\u00d3 ENTRE ELS PARTICIPANTS LA HEAD 12 H D'ESQU\u00cd ALP\u00cd - El Blog oficial de Masella","robots":{"index":"index","follow":"follow","max-snippet":"max-snippet:-1","max-image-preview":"max-image-preview:large","max-video-preview":"max-video-preview:-1"},"canonical":"https:\/\/www.masella.com\/blog\/ca\/satisfaccio-participants-head-12-h-desqui-alpi\/","og_locale":"ca_ES","og_type":"article","og_title":"SATISFACCI\u00d3 ENTRE ELS PARTICIPANTS LA HEAD 12 H D'ESQU\u00cd ALP\u00cd - El Blog oficial de Masella","og_description":"Aquest dissabte s\u2019ha celebrat la primera prova de resist\u00e8ncia d&#8217;esqu\u00ed alp\u00ed de 12 hores &#8220;non stop&#8221; celebrada en el sud","og_url":"https:\/\/www.masella.com\/blog\/ca\/satisfaccio-participants-head-12-h-desqui-alpi\/","og_site_name":"El Blog oficial de Masella","article_published_time":"2017-03-12T12:48:25+00:00","article_modified_time":"2022-06-01T06:36:00+00:00","og_image":[{"width":1200,"height":900,"url":"https:\/\/www.masella.com\/blog\/wp-content\/uploads\/2017\/03\/002FD.jpg","type":"image\/jpeg"}],"author":"masella","twitter_card":"summary_large_image","twitter_misc":{"Escrit per":"masella","Temps estimat de lectura":"2 minuts"},"schema":{"@context":"https:\/\/schema.org","@graph":[{"@type":"Article","@id":"https:\/\/www.masella.com\/blog\/ca\/satisfaccio-participants-head-12-h-desqui-alpi\/#article","isPartOf":{"@id":"https:\/\/www.masella.com\/blog\/ca\/satisfaccio-participants-head-12-h-desqui-alpi\/"},"author":{"name":"masella","@id":"https:\/\/www.masella.com\/blog\/ca\/#\/schema\/person\/e32b971f5be20790c591d85b8f1c706b"},"headline":"SATISFACCI\u00d3 ENTRE ELS PARTICIPANTS LA HEAD 12 H D&#8217;ESQU\u00cd ALP\u00cd","datePublished":"2017-03-12T12:48:25+00:00","dateModified":"2022-06-01T06:36:00+00:00","mainEntityOfPage":{"@id":"https:\/\/www.masella.com\/blog\/ca\/satisfaccio-participants-head-12-h-desqui-alpi\/"},"wordCount":332,"publisher":{"@id":"https:\/\/www.masella.com\/blog\/ca\/#organization"},"articleSection":["Actualitat","Competici\u00f3","Curses","Esdeveniments","Muntanya","Nocturn"],"inLanguage":"ca"},{"@type":"WebPage","@id":"https:\/\/www.masella.com\/blog\/ca\/satisfaccio-participants-head-12-h-desqui-alpi\/","url":"https:\/\/www.masella.com\/blog\/ca\/satisfaccio-participants-head-12-h-desqui-alpi\/","name":"SATISFACCI\u00d3 ENTRE ELS PARTICIPANTS LA HEAD 12 H D'ESQU\u00cd ALP\u00cd - El Blog oficial de Masella","isPartOf":{"@id":"https:\/\/www.masella.com\/blog\/ca\/#website"},"datePublished":"2017-03-12T12:48:25+00:00","dateModified":"2022-06-01T06:36:00+00:00","breadcrumb":{"@id":"https:\/\/www.masella.com\/blog\/ca\/satisfaccio-participants-head-12-h-desqui-alpi\/#breadcrumb"},"inLanguage":"ca","potentialAction":[{"@type":"ReadAction","target":["https:\/\/www.masella.com\/blog\/ca\/satisfaccio-participants-head-12-h-desqui-alpi\/"]}]},{"@type":"BreadcrumbList","@id":"https:\/\/www.masella.com\/blog\/ca\/satisfaccio-participants-head-12-h-desqui-alpi\/#breadcrumb","itemListElement":[{"@type":"ListItem","position":1,"name":"Portada","item":"https:\/\/www.masella.com\/blog\/ca\/"},{"@type":"ListItem","position":2,"name":"SATISFACCI\u00d3 ENTRE ELS PARTICIPANTS LA HEAD 12 H D&#8217;ESQU\u00cd ALP\u00cd"}]},{"@type":"WebSite","@id":"https:\/\/www.masella.com\/blog\/ca\/#website","url":"https:\/\/www.masella.com\/blog\/ca\/","name":"El Blog oficial de Masella","description":"","publisher":{"@id":"https:\/\/www.masella.com\/blog\/ca\/#organization"},"potentialAction":[{"@type":"SearchAction","target":{"@type":"EntryPoint","urlTemplate":"https:\/\/www.masella.com\/blog\/ca\/?s={search_term_string}"},"query-input":"required name=search_term_string"}],"inLanguage":"ca"},{"@type":"Organization","@id":"https:\/\/www.masella.com\/blog\/ca\/#organization","name":"El Blog oficial de Masella","url":"https:\/\/www.masella.com\/blog\/ca\/","logo":{"@type":"ImageObject","inLanguage":"ca","@id":"https:\/\/www.masella.com\/blog\/ca\/#\/schema\/logo\/image\/","url":"https:\/\/www.masella.com\/blog\/wp-content\/uploads\/2022\/12\/cropped-logo-masella-cat.png","contentUrl":"https:\/\/www.masella.com\/blog\/wp-content\/uploads\/2022\/12\/cropped-logo-masella-cat.png","width":150,"height":88,"caption":"El Blog oficial de Masella"},"image":{"@id":"https:\/\/www.masella.com\/blog\/ca\/#\/schema\/logo\/image\/"}},{"@type":"Person","@id":"https:\/\/www.masella.com\/blog\/ca\/#\/schema\/person\/e32b971f5be20790c591d85b8f1c706b","name":"masella","image":{"@type":"ImageObject","inLanguage":"ca","@id":"https:\/\/www.masella.com\/blog\/ca\/#\/schema\/person\/image\/","url":"https:\/\/secure.gravatar.com\/avatar\/57590b1151eaa410a783e55768bbbba2?s=96&d=mm&r=g","contentUrl":"https:\/\/secure.gravatar.com\/avatar\/57590b1151eaa410a783e55768bbbba2?s=96&d=mm&r=g","caption":"masella"},"url":"https:\/\/www.masella.com\/blog\/ca\/author\/anna\/"}]}},"_links":{"self":[{"href":"https:\/\/www.masella.com\/blog\/ca\/wp-json\/wp\/v2\/posts\/2174"}],"collection":[{"href":"https:\/\/www.masella.com\/blog\/ca\/wp-json\/wp\/v2\/posts"}],"about":[{"href":"https:\/\/www.masella.com\/blog\/ca\/wp-json\/wp\/v2\/types\/post"}],"author":[{"embeddable":true,"href":"https:\/\/www.masella.com\/blog\/ca\/wp-json\/wp\/v2\/users\/4"}],"replies":[{"embeddable":true,"href":"https:\/\/www.masella.com\/blog\/ca\/wp-json\/wp\/v2\/comments?post=2174"}],"version-history":[{"count":4,"href":"https:\/\/www.masella.com\/blog\/ca\/wp-json\/wp\/v2\/posts\/2174\/revisions"}],"predecessor-version":[{"id":2190,"href":"https:\/\/www.masella.com\/blog\/ca\/wp-json\/wp\/v2\/posts\/2174\/revisions\/2190"}],"wp:featuredmedia":[{"embeddable":true,"href":"https:\/\/www.masella.com\/blog\/ca\/wp-json\/wp\/v2\/media\/2178"}],"wp:attachment":[{"href":"https:\/\/www.masella.com\/blog\/ca\/wp-json\/wp\/v2\/media?parent=2174"}],"wp:term":[{"taxonomy":"category","embeddable":true,"href":"https:\/\/www.masella.com\/blog\/ca\/wp-json\/wp\/v2\/categories?post=2174"},{"taxonomy":"post_tag","embeddable":true,"href":"https:\/\/www.masella.com\/blog\/ca\/wp-json\/wp\/v2\/tags?post=2174"}],"curies":[{"name":"wp","href":"https:\/\/api.w.org\/{rel}","templated":true}]}}