{"id":2331,"date":"2017-04-07T08:27:02","date_gmt":"2017-04-07T08:27:02","guid":{"rendered":"http:\/\/www.masella.com\/blog\/?p=2331\/"},"modified":"2022-06-01T06:35:41","modified_gmt":"2022-06-01T06:35:41","slug":"5-raons-esquiar-masella-durant-setmana-santa","status":"publish","type":"post","link":"https:\/\/www.masella.com\/blog\/ca\/5-raons-esquiar-masella-durant-setmana-santa\/","title":{"rendered":"5 RAONS PER ESQUIAR A MASELLA DURANT LA SETMANA SANTA"},"content":{"rendered":"<p>Masella es presenta amb molt bones condicions de cara aquesta Setmana Santa 2016-17. Us donem cinc raons per esquiar a l\u2019estaci\u00f3 de la Cerdanya durant aquest per\u00edode de vacances:<\/p>\n<p><strong>1.\u00a0\u00a0\u00a0 <\/strong><strong>CONDICIONS NATURALS IMMILLORABLES:<\/strong> L\u2019altitud, amb molt sectors per sobre els 2100 m que mantenen fresca la neu, l\u2019orientaci\u00f3 nord que protegeix les pistes de la radiaci\u00f3 solar i mant\u00e9 la neu m\u00e9s freda i, finalment, el bosc amb unes masses forestals que protegeixen la neu de la radiaci\u00f3 solar, s\u00f3n factors que afavoreixen una bona conservaci\u00f3 de la neu.<\/p>\n<p><strong>2.\u00a0\u00a0\u00a0 <\/strong><strong>SECTORS MOLT FREDS I OBACS: <\/strong>Hi ha sectors com, per exemple, els Isards de Coma Oriola i Coma Pregona que estan orientats a nord, s\u00f3n molt ombr\u00edvols i estan per sobre dels 2.000 metres d\u2019altitud factors que afavoreixen que la neu a les pistes d\u2019aquests sectors es conservi especialment b\u00e9, fins i tot, els dies m\u00e9s c\u00e0lids de la primavera.<\/p>\n<figure id=\"attachment_2332\" aria-describedby=\"caption-attachment-2332\" style=\"width: 1200px\" class=\"wp-caption aligncenter\"><a href=\"http:\/\/www.masella.com\/blog\/wp-content\/uploads\/2017\/04\/002FD.jpg\"><img loading=\"lazy\" decoding=\"async\" class=\"size-full wp-image-2332\" src=\"http:\/\/www.masella.com\/blog\/wp-content\/uploads\/2017\/04\/002FD.jpg\" alt=\"\" width=\"1200\" height=\"900\" srcset=\"https:\/\/www.masella.com\/blog\/wp-content\/uploads\/2017\/04\/002FD.jpg 1200w, https:\/\/www.masella.com\/blog\/wp-content\/uploads\/2017\/04\/002FD-300x225.jpg 300w, https:\/\/www.masella.com\/blog\/wp-content\/uploads\/2017\/04\/002FD-768x576.jpg 768w, https:\/\/www.masella.com\/blog\/wp-content\/uploads\/2017\/04\/002FD-1024x768.jpg 1024w\" sizes=\"(max-width: 1200px) 100vw, 1200px\" \/><\/a><figcaption id=\"caption-attachment-2332\" class=\"wp-caption-text\">OLYMPUS DIGITAL CAMERA<\/figcaption><\/figure>\n<p><strong>3.\u00a0\u00a0\u00a0 <\/strong><strong>BONA NEU PRIMAVERA QUE EVOLUCIONA AL LLARG DEL DIA: <\/strong>La neu primavera, la t\u00edpica d\u2019aquesta \u00e8poca de l\u2019any \u00e9s molt bona, per\u00f2 cal saber interpretar-la per gaudir del m\u00e0xim de l\u2019esqu\u00ed. \u00c9s una neu que es transforma al llarg de les hores. De bon mat\u00ed \u00e9s m\u00e9s dura fruit del regel nocturn, \u00e9s aleshores quan cal aprofitar les pistes per sota de Cap del Bosc-2150 m; \u00e9s a dir a les cotes mitges i baixes del domini esquiable. I \u00e9s quan ha transformat i ja \u00e9s m\u00e9s pesada a les cotes baixes quan recomanem esquiar a la cota alta de l\u2019estaci\u00f3; \u00e9s a dir en els sectors de Coma Pregona, la Tosa i Isards. <strong>\u00a0<\/strong><\/p>\n<p><strong>4.\u00a0\u00a0\u00a0 <\/strong><strong>APROFITAR ELS SOL\u00c0RIUMS I DE LES TERRASSES DELS BARS: <\/strong>A Masella hi ha nombroses terrasses. Totes estan orientades cap al sud per gaudir al m\u00e0xim del sol, que durant la primavera i amb el canvi de l\u2019hora ja va for\u00e7a alt. Entre esquiada i esquiada gaudir d\u2019un bany de sol, en les nombroses cadires i gandules de l\u2019estaci\u00f3 mentre es pren un refrigeri s\u00f3n una opci\u00f3 excel\u00b7lent per gaudir de l\u2019aire lliure despr\u00e9s de l\u2019hivern, quan les hores des sol s\u00f3n m\u00e9s escasses.<\/p>\n<p><strong>5.\u00a0\u00a0\u00a0 <\/strong><strong>UN HIVERN METEOROL\u00d2GICAENT MOLT B\u00d2: <\/strong>En general en el clima de a Masella l\u2019\u00e8poca de m\u00e9s nevades \u00e9s la primavera. Aquesta temporada, en canvi, l\u2019\u00e8poca de m\u00e9s nevades ha sigut la tardor, amb un parell de llevantades molt fortes a finals de novembre, i en especial a l\u2019hivern. Durant els mesos de gener i febrer hem tingut molts episodis de nevades fortes que setmana si setmana tamb\u00e9 han cobert les pistes de Masella. Recordem que s\u00f3n les nevades hivernals les que acumulen gruixos importants, perqu\u00e8 la menor temperatura i la radiaci\u00f3 solar feble permeten que el mantell nivell augmenti de manera progressiva. A on tenim els gruixos m\u00e9s importants \u00e9s per sobre dels 2000 m.<\/p>\n<figure id=\"attachment_2333\" aria-describedby=\"caption-attachment-2333\" style=\"width: 1200px\" class=\"wp-caption aligncenter\"><a href=\"http:\/\/www.masella.com\/blog\/wp-content\/uploads\/2017\/04\/003FD.jpg\"><img loading=\"lazy\" decoding=\"async\" class=\"size-full wp-image-2333\" src=\"http:\/\/www.masella.com\/blog\/wp-content\/uploads\/2017\/04\/003FD.jpg\" alt=\"\" width=\"1200\" height=\"900\" srcset=\"https:\/\/www.masella.com\/blog\/wp-content\/uploads\/2017\/04\/003FD.jpg 1200w, https:\/\/www.masella.com\/blog\/wp-content\/uploads\/2017\/04\/003FD-300x225.jpg 300w, https:\/\/www.masella.com\/blog\/wp-content\/uploads\/2017\/04\/003FD-768x576.jpg 768w, https:\/\/www.masella.com\/blog\/wp-content\/uploads\/2017\/04\/003FD-1024x768.jpg 1024w\" sizes=\"(max-width: 1200px) 100vw, 1200px\" \/><\/a><figcaption id=\"caption-attachment-2333\" class=\"wp-caption-text\">OLYMPUS DIGITAL CAMERA<\/figcaption><\/figure>\n","protected":false},"excerpt":{"rendered":"<p>Masella es presenta amb molt bones condicions de cara aquesta Setmana Santa 2016-17. Us donem cinc raons per esquiar a<\/p>\n","protected":false},"author":4,"featured_media":2334,"comment_status":"closed","ping_status":"open","sticky":false,"template":"","format":"standard","meta":{"footnotes":""},"categories":[21,12,35],"tags":[],"yoast_head":"<!-- This site is optimized with the Yoast SEO plugin v21.5 - https:\/\/yoast.com\/wordpress\/plugins\/seo\/ -->\n<title>5 RAONS PER ESQUIAR A MASELLA DURANT LA SETMANA SANTA - El Blog oficial de Masella<\/title>\n<meta name=\"robots\" content=\"index, follow, max-snippet:-1, max-image-preview:large, max-video-preview:-1\" \/>\n<link rel=\"canonical\" href=\"https:\/\/www.masella.com\/blog\/ca\/5-raons-esquiar-masella-durant-setmana-santa\/\" \/>\n<meta property=\"og:locale\" content=\"ca_ES\" \/>\n<meta property=\"og:type\" content=\"article\" \/>\n<meta property=\"og:title\" content=\"5 RAONS PER ESQUIAR A MASELLA DURANT LA SETMANA SANTA - El Blog oficial de Masella\" \/>\n<meta property=\"og:description\" content=\"Masella es presenta amb molt bones condicions de cara aquesta Setmana Santa 2016-17. Us donem cinc raons per esquiar a\" \/>\n<meta property=\"og:url\" content=\"https:\/\/www.masella.com\/blog\/ca\/5-raons-esquiar-masella-durant-setmana-santa\/\" \/>\n<meta property=\"og:site_name\" content=\"El Blog oficial de Masella\" \/>\n<meta property=\"article:published_time\" content=\"2017-04-07T08:27:02+00:00\" \/>\n<meta property=\"article:modified_time\" content=\"2022-06-01T06:35:41+00:00\" \/>\n<meta property=\"og:image\" content=\"https:\/\/www.masella.com\/blog\/wp-content\/uploads\/2017\/04\/007FD.jpg\" \/>\n\t<meta property=\"og:image:width\" content=\"1200\" \/>\n\t<meta property=\"og:image:height\" content=\"900\" \/>\n\t<meta property=\"og:image:type\" content=\"image\/jpeg\" \/>\n<meta name=\"author\" content=\"masella\" \/>\n<meta name=\"twitter:card\" content=\"summary_large_image\" \/>\n<meta name=\"twitter:label1\" content=\"Escrit per\" \/>\n\t<meta name=\"twitter:data1\" content=\"masella\" \/>\n\t<meta name=\"twitter:label2\" content=\"Temps estimat de lectura\" \/>\n\t<meta name=\"twitter:data2\" content=\"3 minuts\" \/>\n<script type=\"application\/ld+json\" class=\"yoast-schema-graph\">{\"@context\":\"https:\/\/schema.org\",\"@graph\":[{\"@type\":\"Article\",\"@id\":\"https:\/\/www.masella.com\/blog\/ca\/5-raons-esquiar-masella-durant-setmana-santa\/#article\",\"isPartOf\":{\"@id\":\"https:\/\/www.masella.com\/blog\/ca\/5-raons-esquiar-masella-durant-setmana-santa\/\"},\"author\":{\"name\":\"masella\",\"@id\":\"https:\/\/www.masella.com\/blog\/ca\/#\/schema\/person\/e32b971f5be20790c591d85b8f1c706b\"},\"headline\":\"5 RAONS PER ESQUIAR A MASELLA DURANT LA SETMANA SANTA\",\"datePublished\":\"2017-04-07T08:27:02+00:00\",\"dateModified\":\"2022-06-01T06:35:41+00:00\",\"mainEntityOfPage\":{\"@id\":\"https:\/\/www.masella.com\/blog\/ca\/5-raons-esquiar-masella-durant-setmana-santa\/\"},\"wordCount\":527,\"publisher\":{\"@id\":\"https:\/\/www.masella.com\/blog\/ca\/#organization\"},\"articleSection\":[\"Actualitat\",\"M\u00e9teo\",\"Muntanya\"],\"inLanguage\":\"ca\"},{\"@type\":\"WebPage\",\"@id\":\"https:\/\/www.masella.com\/blog\/ca\/5-raons-esquiar-masella-durant-setmana-santa\/\",\"url\":\"https:\/\/www.masella.com\/blog\/ca\/5-raons-esquiar-masella-durant-setmana-santa\/\",\"name\":\"5 RAONS PER ESQUIAR A MASELLA DURANT LA SETMANA SANTA - El Blog oficial de Masella\",\"isPartOf\":{\"@id\":\"https:\/\/www.masella.com\/blog\/ca\/#website\"},\"datePublished\":\"2017-04-07T08:27:02+00:00\",\"dateModified\":\"2022-06-01T06:35:41+00:00\",\"breadcrumb\":{\"@id\":\"https:\/\/www.masella.com\/blog\/ca\/5-raons-esquiar-masella-durant-setmana-santa\/#breadcrumb\"},\"inLanguage\":\"ca\",\"potentialAction\":[{\"@type\":\"ReadAction\",\"target\":[\"https:\/\/www.masella.com\/blog\/ca\/5-raons-esquiar-masella-durant-setmana-santa\/\"]}]},{\"@type\":\"BreadcrumbList\",\"@id\":\"https:\/\/www.masella.com\/blog\/ca\/5-raons-esquiar-masella-durant-setmana-santa\/#breadcrumb\",\"itemListElement\":[{\"@type\":\"ListItem\",\"position\":1,\"name\":\"Portada\",\"item\":\"https:\/\/www.masella.com\/blog\/ca\/\"},{\"@type\":\"ListItem\",\"position\":2,\"name\":\"5 RAONS PER ESQUIAR A MASELLA DURANT LA SETMANA SANTA\"}]},{\"@type\":\"WebSite\",\"@id\":\"https:\/\/www.masella.com\/blog\/ca\/#website\",\"url\":\"https:\/\/www.masella.com\/blog\/ca\/\",\"name\":\"El Blog oficial de Masella\",\"description\":\"\",\"publisher\":{\"@id\":\"https:\/\/www.masella.com\/blog\/ca\/#organization\"},\"potentialAction\":[{\"@type\":\"SearchAction\",\"target\":{\"@type\":\"EntryPoint\",\"urlTemplate\":\"https:\/\/www.masella.com\/blog\/ca\/?s={search_term_string}\"},\"query-input\":\"required name=search_term_string\"}],\"inLanguage\":\"ca\"},{\"@type\":\"Organization\",\"@id\":\"https:\/\/www.masella.com\/blog\/ca\/#organization\",\"name\":\"El Blog oficial de Masella\",\"url\":\"https:\/\/www.masella.com\/blog\/ca\/\",\"logo\":{\"@type\":\"ImageObject\",\"inLanguage\":\"ca\",\"@id\":\"https:\/\/www.masella.com\/blog\/ca\/#\/schema\/logo\/image\/\",\"url\":\"https:\/\/www.masella.com\/blog\/wp-content\/uploads\/2022\/12\/cropped-logo-masella-cat.png\",\"contentUrl\":\"https:\/\/www.masella.com\/blog\/wp-content\/uploads\/2022\/12\/cropped-logo-masella-cat.png\",\"width\":150,\"height\":88,\"caption\":\"El Blog oficial de Masella\"},\"image\":{\"@id\":\"https:\/\/www.masella.com\/blog\/ca\/#\/schema\/logo\/image\/\"}},{\"@type\":\"Person\",\"@id\":\"https:\/\/www.masella.com\/blog\/ca\/#\/schema\/person\/e32b971f5be20790c591d85b8f1c706b\",\"name\":\"masella\",\"image\":{\"@type\":\"ImageObject\",\"inLanguage\":\"ca\",\"@id\":\"https:\/\/www.masella.com\/blog\/ca\/#\/schema\/person\/image\/\",\"url\":\"https:\/\/secure.gravatar.com\/avatar\/57590b1151eaa410a783e55768bbbba2?s=96&d=mm&r=g\",\"contentUrl\":\"https:\/\/secure.gravatar.com\/avatar\/57590b1151eaa410a783e55768bbbba2?s=96&d=mm&r=g\",\"caption\":\"masella\"},\"url\":\"https:\/\/www.masella.com\/blog\/ca\/author\/anna\/\"}]}<\/script>\n<!-- \/ Yoast SEO plugin. -->","yoast_head_json":{"title":"5 RAONS PER ESQUIAR A MASELLA DURANT LA SETMANA SANTA - El Blog oficial de Masella","robots":{"index":"index","follow":"follow","max-snippet":"max-snippet:-1","max-image-preview":"max-image-preview:large","max-video-preview":"max-video-preview:-1"},"canonical":"https:\/\/www.masella.com\/blog\/ca\/5-raons-esquiar-masella-durant-setmana-santa\/","og_locale":"ca_ES","og_type":"article","og_title":"5 RAONS PER ESQUIAR A MASELLA DURANT LA SETMANA SANTA - El Blog oficial de Masella","og_description":"Masella es presenta amb molt bones condicions de cara aquesta Setmana Santa 2016-17. Us donem cinc raons per esquiar a","og_url":"https:\/\/www.masella.com\/blog\/ca\/5-raons-esquiar-masella-durant-setmana-santa\/","og_site_name":"El Blog oficial de Masella","article_published_time":"2017-04-07T08:27:02+00:00","article_modified_time":"2022-06-01T06:35:41+00:00","og_image":[{"width":1200,"height":900,"url":"https:\/\/www.masella.com\/blog\/wp-content\/uploads\/2017\/04\/007FD.jpg","type":"image\/jpeg"}],"author":"masella","twitter_card":"summary_large_image","twitter_misc":{"Escrit per":"masella","Temps estimat de lectura":"3 minuts"},"schema":{"@context":"https:\/\/schema.org","@graph":[{"@type":"Article","@id":"https:\/\/www.masella.com\/blog\/ca\/5-raons-esquiar-masella-durant-setmana-santa\/#article","isPartOf":{"@id":"https:\/\/www.masella.com\/blog\/ca\/5-raons-esquiar-masella-durant-setmana-santa\/"},"author":{"name":"masella","@id":"https:\/\/www.masella.com\/blog\/ca\/#\/schema\/person\/e32b971f5be20790c591d85b8f1c706b"},"headline":"5 RAONS PER ESQUIAR A MASELLA DURANT LA SETMANA SANTA","datePublished":"2017-04-07T08:27:02+00:00","dateModified":"2022-06-01T06:35:41+00:00","mainEntityOfPage":{"@id":"https:\/\/www.masella.com\/blog\/ca\/5-raons-esquiar-masella-durant-setmana-santa\/"},"wordCount":527,"publisher":{"@id":"https:\/\/www.masella.com\/blog\/ca\/#organization"},"articleSection":["Actualitat","M\u00e9teo","Muntanya"],"inLanguage":"ca"},{"@type":"WebPage","@id":"https:\/\/www.masella.com\/blog\/ca\/5-raons-esquiar-masella-durant-setmana-santa\/","url":"https:\/\/www.masella.com\/blog\/ca\/5-raons-esquiar-masella-durant-setmana-santa\/","name":"5 RAONS PER ESQUIAR A MASELLA DURANT LA SETMANA SANTA - El Blog oficial de Masella","isPartOf":{"@id":"https:\/\/www.masella.com\/blog\/ca\/#website"},"datePublished":"2017-04-07T08:27:02+00:00","dateModified":"2022-06-01T06:35:41+00:00","breadcrumb":{"@id":"https:\/\/www.masella.com\/blog\/ca\/5-raons-esquiar-masella-durant-setmana-santa\/#breadcrumb"},"inLanguage":"ca","potentialAction":[{"@type":"ReadAction","target":["https:\/\/www.masella.com\/blog\/ca\/5-raons-esquiar-masella-durant-setmana-santa\/"]}]},{"@type":"BreadcrumbList","@id":"https:\/\/www.masella.com\/blog\/ca\/5-raons-esquiar-masella-durant-setmana-santa\/#breadcrumb","itemListElement":[{"@type":"ListItem","position":1,"name":"Portada","item":"https:\/\/www.masella.com\/blog\/ca\/"},{"@type":"ListItem","position":2,"name":"5 RAONS PER ESQUIAR A MASELLA DURANT LA SETMANA SANTA"}]},{"@type":"WebSite","@id":"https:\/\/www.masella.com\/blog\/ca\/#website","url":"https:\/\/www.masella.com\/blog\/ca\/","name":"El Blog oficial de Masella","description":"","publisher":{"@id":"https:\/\/www.masella.com\/blog\/ca\/#organization"},"potentialAction":[{"@type":"SearchAction","target":{"@type":"EntryPoint","urlTemplate":"https:\/\/www.masella.com\/blog\/ca\/?s={search_term_string}"},"query-input":"required name=search_term_string"}],"inLanguage":"ca"},{"@type":"Organization","@id":"https:\/\/www.masella.com\/blog\/ca\/#organization","name":"El Blog oficial de Masella","url":"https:\/\/www.masella.com\/blog\/ca\/","logo":{"@type":"ImageObject","inLanguage":"ca","@id":"https:\/\/www.masella.com\/blog\/ca\/#\/schema\/logo\/image\/","url":"https:\/\/www.masella.com\/blog\/wp-content\/uploads\/2022\/12\/cropped-logo-masella-cat.png","contentUrl":"https:\/\/www.masella.com\/blog\/wp-content\/uploads\/2022\/12\/cropped-logo-masella-cat.png","width":150,"height":88,"caption":"El Blog oficial de Masella"},"image":{"@id":"https:\/\/www.masella.com\/blog\/ca\/#\/schema\/logo\/image\/"}},{"@type":"Person","@id":"https:\/\/www.masella.com\/blog\/ca\/#\/schema\/person\/e32b971f5be20790c591d85b8f1c706b","name":"masella","image":{"@type":"ImageObject","inLanguage":"ca","@id":"https:\/\/www.masella.com\/blog\/ca\/#\/schema\/person\/image\/","url":"https:\/\/secure.gravatar.com\/avatar\/57590b1151eaa410a783e55768bbbba2?s=96&d=mm&r=g","contentUrl":"https:\/\/secure.gravatar.com\/avatar\/57590b1151eaa410a783e55768bbbba2?s=96&d=mm&r=g","caption":"masella"},"url":"https:\/\/www.masella.com\/blog\/ca\/author\/anna\/"}]}},"_links":{"self":[{"href":"https:\/\/www.masella.com\/blog\/ca\/wp-json\/wp\/v2\/posts\/2331"}],"collection":[{"href":"https:\/\/www.masella.com\/blog\/ca\/wp-json\/wp\/v2\/posts"}],"about":[{"href":"https:\/\/www.masella.com\/blog\/ca\/wp-json\/wp\/v2\/types\/post"}],"author":[{"embeddable":true,"href":"https:\/\/www.masella.com\/blog\/ca\/wp-json\/wp\/v2\/users\/4"}],"replies":[{"embeddable":true,"href":"https:\/\/www.masella.com\/blog\/ca\/wp-json\/wp\/v2\/comments?post=2331"}],"version-history":[{"count":2,"href":"https:\/\/www.masella.com\/blog\/ca\/wp-json\/wp\/v2\/posts\/2331\/revisions"}],"predecessor-version":[{"id":2336,"href":"https:\/\/www.masella.com\/blog\/ca\/wp-json\/wp\/v2\/posts\/2331\/revisions\/2336"}],"wp:featuredmedia":[{"embeddable":true,"href":"https:\/\/www.masella.com\/blog\/ca\/wp-json\/wp\/v2\/media\/2334"}],"wp:attachment":[{"href":"https:\/\/www.masella.com\/blog\/ca\/wp-json\/wp\/v2\/media?parent=2331"}],"wp:term":[{"taxonomy":"category","embeddable":true,"href":"https:\/\/www.masella.com\/blog\/ca\/wp-json\/wp\/v2\/categories?post=2331"},{"taxonomy":"post_tag","embeddable":true,"href":"https:\/\/www.masella.com\/blog\/ca\/wp-json\/wp\/v2\/tags?post=2331"}],"curies":[{"name":"wp","href":"https:\/\/api.w.org\/{rel}","templated":true}]}}