{"id":2691,"date":"2017-11-22T11:08:23","date_gmt":"2017-11-22T11:08:23","guid":{"rendered":"http:\/\/www.masella.com\/blog\/?p=2691"},"modified":"2022-06-01T06:35:08","modified_gmt":"2022-06-01T06:35:08","slug":"masella-celebra-50-anys","status":"publish","type":"post","link":"https:\/\/www.masella.com\/blog\/ca\/masella-celebra-50-anys\/","title":{"rendered":"MASELLA CELEBRA ELS 50 ANYS"},"content":{"rendered":"<p><a href=\"http:\/\/www.masella.com\/blog\/wp-content\/uploads\/2017\/11\/P2690579retallat.jpg\"><img loading=\"lazy\" decoding=\"async\" class=\"alignnone wp-image-2692\" src=\"http:\/\/www.masella.com\/blog\/wp-content\/uploads\/2017\/11\/P2690579retallat.jpg\" alt=\"\" width=\"224\" height=\"225\" srcset=\"https:\/\/www.masella.com\/blog\/wp-content\/uploads\/2017\/11\/P2690579retallat.jpg 1512w, https:\/\/www.masella.com\/blog\/wp-content\/uploads\/2017\/11\/P2690579retallat-150x150.jpg 150w, https:\/\/www.masella.com\/blog\/wp-content\/uploads\/2017\/11\/P2690579retallat-300x300.jpg 300w, https:\/\/www.masella.com\/blog\/wp-content\/uploads\/2017\/11\/P2690579retallat-768x768.jpg 768w, https:\/\/www.masella.com\/blog\/wp-content\/uploads\/2017\/11\/P2690579retallat-1024x1024.jpg 1024w\" sizes=\"(max-width: 224px) 100vw, 224px\" \/><\/a><\/p>\n<p>Aquesta temporada 2017-18, Masella celebra el seu 50\u00e8 aniversari. L\u2019objectiu de l\u2019estaci\u00f3, al llarg de la seva hist\u00f2ria, ha sigut doble. D\u2019una banda, que l\u2019esquiador s\u2019ho pass\u00e9s b\u00e9 i, de l\u2019altra, que l\u2019estaci\u00f3 gener\u00e9s riquesa i ocupaci\u00f3 a la Cerdanya. L\u2019actual posici\u00f3 l\u00edder de Masella entre les estacions d\u2019esqu\u00ed dels Pirineus i la seva import\u00e0ncia\u00a0 en el teixit socioecon\u00f2mic cerd\u00e0 demostren que l\u2019esfor\u00e7 i la tenacitat dels cofundadors de l\u2019estaci\u00f3 la temporada 1967-68 no va ser en va. Aquesta hist\u00f2ria d\u2019\u00e8xit col\u00b7lectiu s\u2019ha assolit amb la implicaci\u00f3 de tots els agents de la Cerdanya, amb l\u2019esfor\u00e7 de tot l\u2019equip hum\u00e0 de l\u2019estaci\u00f3, amb la inversi\u00f3 constant dels beneficis en millores per al domini esquiable i, finalment, amb apostes innovadores. I tot aix\u00f2 s\u2019ha aconseguit en un sector econ\u00f2mic, el del turisme de neu, for\u00e7a dif\u00edcil en el nostre pa\u00eds. No obstant aix\u00f2, l\u2019aposta permanent per una moderna xarxa de neu produ\u00efda que en garanteix la pres\u00e8ncia, l\u2019oferta de productes diferenciats com l\u2019esqu\u00ed nocturn i unes instal\u00b7lacions d\u2019\u00faltima generaci\u00f3 han fet que Masella sigui una estaci\u00f3 molt avan\u00e7ada. Ara, per celebrar-ho, volem que els esquiadors sigueu els protagonistes dels 50 anys de Masella.<\/p>\n<p>Xavier Nolla &#8211;\u00a0<strong>DIRECTOR<\/strong><\/p>\n<p>&nbsp;<\/p>\n","protected":false},"excerpt":{"rendered":"<p>Aquesta temporada 2017-18, Masella celebra el seu 50\u00e8 aniversari. L\u2019objectiu de l\u2019estaci\u00f3, al llarg de la seva hist\u00f2ria, ha sigut<\/p>\n","protected":false},"author":4,"featured_media":2693,"comment_status":"closed","ping_status":"open","sticky":false,"template":"","format":"standard","meta":{"footnotes":""},"categories":[13,35],"tags":[],"yoast_head":"<!-- This site is optimized with the Yoast SEO plugin v21.5 - https:\/\/yoast.com\/wordpress\/plugins\/seo\/ -->\n<title>MASELLA CELEBRA ELS 50 ANYS - El Blog oficial de Masella<\/title>\n<meta name=\"robots\" content=\"index, follow, max-snippet:-1, max-image-preview:large, max-video-preview:-1\" \/>\n<link rel=\"canonical\" href=\"https:\/\/www.masella.com\/blog\/ca\/masella-celebra-50-anys\/\" \/>\n<meta property=\"og:locale\" content=\"ca_ES\" \/>\n<meta property=\"og:type\" content=\"article\" \/>\n<meta property=\"og:title\" content=\"MASELLA CELEBRA ELS 50 ANYS - El Blog oficial de Masella\" \/>\n<meta property=\"og:description\" content=\"Aquesta temporada 2017-18, Masella celebra el seu 50\u00e8 aniversari. L\u2019objectiu de l\u2019estaci\u00f3, al llarg de la seva hist\u00f2ria, ha sigut\" \/>\n<meta property=\"og:url\" content=\"https:\/\/www.masella.com\/blog\/ca\/masella-celebra-50-anys\/\" \/>\n<meta property=\"og:site_name\" content=\"El Blog oficial de Masella\" \/>\n<meta property=\"article:published_time\" content=\"2017-11-22T11:08:23+00:00\" \/>\n<meta property=\"article:modified_time\" content=\"2022-06-01T06:35:08+00:00\" \/>\n<meta property=\"og:image\" content=\"https:\/\/www.masella.com\/blog\/wp-content\/uploads\/2017\/11\/Ts1.jpg\" \/>\n\t<meta property=\"og:image:width\" content=\"1200\" \/>\n\t<meta property=\"og:image:height\" content=\"800\" \/>\n\t<meta property=\"og:image:type\" content=\"image\/jpeg\" \/>\n<meta name=\"author\" content=\"masella\" \/>\n<meta name=\"twitter:card\" content=\"summary_large_image\" \/>\n<meta name=\"twitter:label1\" content=\"Escrit per\" \/>\n\t<meta name=\"twitter:data1\" content=\"masella\" \/>\n\t<meta name=\"twitter:label2\" content=\"Temps estimat de lectura\" \/>\n\t<meta name=\"twitter:data2\" content=\"1 minut\" \/>\n<script type=\"application\/ld+json\" class=\"yoast-schema-graph\">{\"@context\":\"https:\/\/schema.org\",\"@graph\":[{\"@type\":\"Article\",\"@id\":\"https:\/\/www.masella.com\/blog\/ca\/masella-celebra-50-anys\/#article\",\"isPartOf\":{\"@id\":\"https:\/\/www.masella.com\/blog\/ca\/masella-celebra-50-anys\/\"},\"author\":{\"name\":\"masella\",\"@id\":\"https:\/\/www.masella.com\/blog\/ca\/#\/schema\/person\/e32b971f5be20790c591d85b8f1c706b\"},\"headline\":\"MASELLA CELEBRA ELS 50 ANYS\",\"datePublished\":\"2017-11-22T11:08:23+00:00\",\"dateModified\":\"2022-06-01T06:35:08+00:00\",\"mainEntityOfPage\":{\"@id\":\"https:\/\/www.masella.com\/blog\/ca\/masella-celebra-50-anys\/\"},\"wordCount\":236,\"publisher\":{\"@id\":\"https:\/\/www.masella.com\/blog\/ca\/#organization\"},\"articleSection\":[\"Esdeveniments\",\"Muntanya\"],\"inLanguage\":\"ca\"},{\"@type\":\"WebPage\",\"@id\":\"https:\/\/www.masella.com\/blog\/ca\/masella-celebra-50-anys\/\",\"url\":\"https:\/\/www.masella.com\/blog\/ca\/masella-celebra-50-anys\/\",\"name\":\"MASELLA CELEBRA ELS 50 ANYS - El Blog oficial de Masella\",\"isPartOf\":{\"@id\":\"https:\/\/www.masella.com\/blog\/ca\/#website\"},\"datePublished\":\"2017-11-22T11:08:23+00:00\",\"dateModified\":\"2022-06-01T06:35:08+00:00\",\"breadcrumb\":{\"@id\":\"https:\/\/www.masella.com\/blog\/ca\/masella-celebra-50-anys\/#breadcrumb\"},\"inLanguage\":\"ca\",\"potentialAction\":[{\"@type\":\"ReadAction\",\"target\":[\"https:\/\/www.masella.com\/blog\/ca\/masella-celebra-50-anys\/\"]}]},{\"@type\":\"BreadcrumbList\",\"@id\":\"https:\/\/www.masella.com\/blog\/ca\/masella-celebra-50-anys\/#breadcrumb\",\"itemListElement\":[{\"@type\":\"ListItem\",\"position\":1,\"name\":\"Portada\",\"item\":\"https:\/\/www.masella.com\/blog\/ca\/\"},{\"@type\":\"ListItem\",\"position\":2,\"name\":\"MASELLA CELEBRA ELS 50 ANYS\"}]},{\"@type\":\"WebSite\",\"@id\":\"https:\/\/www.masella.com\/blog\/ca\/#website\",\"url\":\"https:\/\/www.masella.com\/blog\/ca\/\",\"name\":\"El Blog oficial de Masella\",\"description\":\"\",\"publisher\":{\"@id\":\"https:\/\/www.masella.com\/blog\/ca\/#organization\"},\"potentialAction\":[{\"@type\":\"SearchAction\",\"target\":{\"@type\":\"EntryPoint\",\"urlTemplate\":\"https:\/\/www.masella.com\/blog\/ca\/?s={search_term_string}\"},\"query-input\":\"required name=search_term_string\"}],\"inLanguage\":\"ca\"},{\"@type\":\"Organization\",\"@id\":\"https:\/\/www.masella.com\/blog\/ca\/#organization\",\"name\":\"El Blog oficial de Masella\",\"url\":\"https:\/\/www.masella.com\/blog\/ca\/\",\"logo\":{\"@type\":\"ImageObject\",\"inLanguage\":\"ca\",\"@id\":\"https:\/\/www.masella.com\/blog\/ca\/#\/schema\/logo\/image\/\",\"url\":\"https:\/\/www.masella.com\/blog\/wp-content\/uploads\/2022\/12\/cropped-logo-masella-cat.png\",\"contentUrl\":\"https:\/\/www.masella.com\/blog\/wp-content\/uploads\/2022\/12\/cropped-logo-masella-cat.png\",\"width\":150,\"height\":88,\"caption\":\"El Blog oficial de Masella\"},\"image\":{\"@id\":\"https:\/\/www.masella.com\/blog\/ca\/#\/schema\/logo\/image\/\"}},{\"@type\":\"Person\",\"@id\":\"https:\/\/www.masella.com\/blog\/ca\/#\/schema\/person\/e32b971f5be20790c591d85b8f1c706b\",\"name\":\"masella\",\"image\":{\"@type\":\"ImageObject\",\"inLanguage\":\"ca\",\"@id\":\"https:\/\/www.masella.com\/blog\/ca\/#\/schema\/person\/image\/\",\"url\":\"https:\/\/secure.gravatar.com\/avatar\/57590b1151eaa410a783e55768bbbba2?s=96&d=mm&r=g\",\"contentUrl\":\"https:\/\/secure.gravatar.com\/avatar\/57590b1151eaa410a783e55768bbbba2?s=96&d=mm&r=g\",\"caption\":\"masella\"},\"url\":\"https:\/\/www.masella.com\/blog\/ca\/author\/anna\/\"}]}<\/script>\n<!-- \/ Yoast SEO plugin. -->","yoast_head_json":{"title":"MASELLA CELEBRA ELS 50 ANYS - El Blog oficial de Masella","robots":{"index":"index","follow":"follow","max-snippet":"max-snippet:-1","max-image-preview":"max-image-preview:large","max-video-preview":"max-video-preview:-1"},"canonical":"https:\/\/www.masella.com\/blog\/ca\/masella-celebra-50-anys\/","og_locale":"ca_ES","og_type":"article","og_title":"MASELLA CELEBRA ELS 50 ANYS - El Blog oficial de Masella","og_description":"Aquesta temporada 2017-18, Masella celebra el seu 50\u00e8 aniversari. L\u2019objectiu de l\u2019estaci\u00f3, al llarg de la seva hist\u00f2ria, ha sigut","og_url":"https:\/\/www.masella.com\/blog\/ca\/masella-celebra-50-anys\/","og_site_name":"El Blog oficial de Masella","article_published_time":"2017-11-22T11:08:23+00:00","article_modified_time":"2022-06-01T06:35:08+00:00","og_image":[{"width":1200,"height":800,"url":"https:\/\/www.masella.com\/blog\/wp-content\/uploads\/2017\/11\/Ts1.jpg","type":"image\/jpeg"}],"author":"masella","twitter_card":"summary_large_image","twitter_misc":{"Escrit per":"masella","Temps estimat de lectura":"1 minut"},"schema":{"@context":"https:\/\/schema.org","@graph":[{"@type":"Article","@id":"https:\/\/www.masella.com\/blog\/ca\/masella-celebra-50-anys\/#article","isPartOf":{"@id":"https:\/\/www.masella.com\/blog\/ca\/masella-celebra-50-anys\/"},"author":{"name":"masella","@id":"https:\/\/www.masella.com\/blog\/ca\/#\/schema\/person\/e32b971f5be20790c591d85b8f1c706b"},"headline":"MASELLA CELEBRA ELS 50 ANYS","datePublished":"2017-11-22T11:08:23+00:00","dateModified":"2022-06-01T06:35:08+00:00","mainEntityOfPage":{"@id":"https:\/\/www.masella.com\/blog\/ca\/masella-celebra-50-anys\/"},"wordCount":236,"publisher":{"@id":"https:\/\/www.masella.com\/blog\/ca\/#organization"},"articleSection":["Esdeveniments","Muntanya"],"inLanguage":"ca"},{"@type":"WebPage","@id":"https:\/\/www.masella.com\/blog\/ca\/masella-celebra-50-anys\/","url":"https:\/\/www.masella.com\/blog\/ca\/masella-celebra-50-anys\/","name":"MASELLA CELEBRA ELS 50 ANYS - El Blog oficial de Masella","isPartOf":{"@id":"https:\/\/www.masella.com\/blog\/ca\/#website"},"datePublished":"2017-11-22T11:08:23+00:00","dateModified":"2022-06-01T06:35:08+00:00","breadcrumb":{"@id":"https:\/\/www.masella.com\/blog\/ca\/masella-celebra-50-anys\/#breadcrumb"},"inLanguage":"ca","potentialAction":[{"@type":"ReadAction","target":["https:\/\/www.masella.com\/blog\/ca\/masella-celebra-50-anys\/"]}]},{"@type":"BreadcrumbList","@id":"https:\/\/www.masella.com\/blog\/ca\/masella-celebra-50-anys\/#breadcrumb","itemListElement":[{"@type":"ListItem","position":1,"name":"Portada","item":"https:\/\/www.masella.com\/blog\/ca\/"},{"@type":"ListItem","position":2,"name":"MASELLA CELEBRA ELS 50 ANYS"}]},{"@type":"WebSite","@id":"https:\/\/www.masella.com\/blog\/ca\/#website","url":"https:\/\/www.masella.com\/blog\/ca\/","name":"El Blog oficial de Masella","description":"","publisher":{"@id":"https:\/\/www.masella.com\/blog\/ca\/#organization"},"potentialAction":[{"@type":"SearchAction","target":{"@type":"EntryPoint","urlTemplate":"https:\/\/www.masella.com\/blog\/ca\/?s={search_term_string}"},"query-input":"required name=search_term_string"}],"inLanguage":"ca"},{"@type":"Organization","@id":"https:\/\/www.masella.com\/blog\/ca\/#organization","name":"El Blog oficial de Masella","url":"https:\/\/www.masella.com\/blog\/ca\/","logo":{"@type":"ImageObject","inLanguage":"ca","@id":"https:\/\/www.masella.com\/blog\/ca\/#\/schema\/logo\/image\/","url":"https:\/\/www.masella.com\/blog\/wp-content\/uploads\/2022\/12\/cropped-logo-masella-cat.png","contentUrl":"https:\/\/www.masella.com\/blog\/wp-content\/uploads\/2022\/12\/cropped-logo-masella-cat.png","width":150,"height":88,"caption":"El Blog oficial de Masella"},"image":{"@id":"https:\/\/www.masella.com\/blog\/ca\/#\/schema\/logo\/image\/"}},{"@type":"Person","@id":"https:\/\/www.masella.com\/blog\/ca\/#\/schema\/person\/e32b971f5be20790c591d85b8f1c706b","name":"masella","image":{"@type":"ImageObject","inLanguage":"ca","@id":"https:\/\/www.masella.com\/blog\/ca\/#\/schema\/person\/image\/","url":"https:\/\/secure.gravatar.com\/avatar\/57590b1151eaa410a783e55768bbbba2?s=96&d=mm&r=g","contentUrl":"https:\/\/secure.gravatar.com\/avatar\/57590b1151eaa410a783e55768bbbba2?s=96&d=mm&r=g","caption":"masella"},"url":"https:\/\/www.masella.com\/blog\/ca\/author\/anna\/"}]}},"_links":{"self":[{"href":"https:\/\/www.masella.com\/blog\/ca\/wp-json\/wp\/v2\/posts\/2691"}],"collection":[{"href":"https:\/\/www.masella.com\/blog\/ca\/wp-json\/wp\/v2\/posts"}],"about":[{"href":"https:\/\/www.masella.com\/blog\/ca\/wp-json\/wp\/v2\/types\/post"}],"author":[{"embeddable":true,"href":"https:\/\/www.masella.com\/blog\/ca\/wp-json\/wp\/v2\/users\/4"}],"replies":[{"embeddable":true,"href":"https:\/\/www.masella.com\/blog\/ca\/wp-json\/wp\/v2\/comments?post=2691"}],"version-history":[{"count":1,"href":"https:\/\/www.masella.com\/blog\/ca\/wp-json\/wp\/v2\/posts\/2691\/revisions"}],"predecessor-version":[{"id":2694,"href":"https:\/\/www.masella.com\/blog\/ca\/wp-json\/wp\/v2\/posts\/2691\/revisions\/2694"}],"wp:featuredmedia":[{"embeddable":true,"href":"https:\/\/www.masella.com\/blog\/ca\/wp-json\/wp\/v2\/media\/2693"}],"wp:attachment":[{"href":"https:\/\/www.masella.com\/blog\/ca\/wp-json\/wp\/v2\/media?parent=2691"}],"wp:term":[{"taxonomy":"category","embeddable":true,"href":"https:\/\/www.masella.com\/blog\/ca\/wp-json\/wp\/v2\/categories?post=2691"},{"taxonomy":"post_tag","embeddable":true,"href":"https:\/\/www.masella.com\/blog\/ca\/wp-json\/wp\/v2\/tags?post=2691"}],"curies":[{"name":"wp","href":"https:\/\/api.w.org\/{rel}","templated":true}]}}