{"id":2777,"date":"2017-12-01T10:15:54","date_gmt":"2017-12-01T10:15:54","guid":{"rendered":"http:\/\/www.masella.com\/blog\/?p=2777"},"modified":"2022-06-01T06:34:52","modified_gmt":"2022-06-01T06:34:52","slug":"tosa-oberta","status":"publish","type":"post","link":"https:\/\/www.masella.com\/blog\/ca\/tosa-oberta\/","title":{"rendered":"TOSA OBERTA!"},"content":{"rendered":"<p>Avui ens hem llevat amb un paisatge blanc i t\u00edpicament hivernal. A m\u00e9s, el fred i la neu produ\u00efda durant els \u00faltims dies ens permet donar una de les not\u00edcies m\u00e9s esperades a Masella&#8230; <strong>OBRIM LA TOSA!!<\/strong><\/p>\n<p>Avui divendres, s&#8217;ha obert el <strong>teleesqu\u00ed La Tosa<\/strong> i de cara al cap de setmana preveiem obrir tant el <strong>teleesqu\u00ed Rasos com el telecadira Jumbo Tosa<\/strong>. Pel que fa a les pistes obertes d&#8217;aquest sector, trobareu <strong>La Tosa Vermella i Panor\u00e0mica Superior.<\/strong><\/p>\n<p>A m\u00e9s a m\u00e9s, a banda del sector La Tosa, <strong>avui hem obert ja el telecadira desembragable de sis places TGV<\/strong>, que d\u00f3na acc\u00e9s a un seguit de pistes blaves i vermelles ideals per als esquiadors de nivell intermig.<\/p>\n<p><a href=\"http:\/\/www.masella.com\/blog\/wp-content\/uploads\/2017\/12\/001.jpg\"><img loading=\"lazy\" decoding=\"async\" class=\"alignnone wp-image-2782 size-large\" src=\"http:\/\/www.masella.com\/blog\/wp-content\/uploads\/2017\/12\/001-1024x768.jpg\" alt=\"\" width=\"800\" height=\"600\" srcset=\"https:\/\/www.masella.com\/blog\/wp-content\/uploads\/2017\/12\/001-1024x768.jpg 1024w, https:\/\/www.masella.com\/blog\/wp-content\/uploads\/2017\/12\/001-300x225.jpg 300w, https:\/\/www.masella.com\/blog\/wp-content\/uploads\/2017\/12\/001-768x576.jpg 768w, https:\/\/www.masella.com\/blog\/wp-content\/uploads\/2017\/12\/001.jpg 1066w\" sizes=\"(max-width: 800px) 100vw, 800px\" \/><\/a><\/p>\n<p>Amb aquest increment de remuntadors oberts i quil\u00f2metres esquiables ens situem doncs en una situaci\u00f3 fant\u00e0stica de cara al pont de desembre. Els esquiadors trobaran a partir d&#8217;aquest cap de setmana a Masella 10 remuntadors oberts i un total de 25 quil\u00f2metres esquiables repartits en 18 pistes.<\/p>\n<p><strong><u>Obrirem el 100% del desnivell esquiable<\/u><\/strong>, aix\u00ed ja es podr\u00e0 esquiar des del cim de la Tosa-2535 m fins el Pla de Masella-1600 m, \u00a0realitzant el 100% del desnivell esquiable, que representa el desnivell m\u00e9s important del Pirineu de Girona.<\/p>\n<p>Concretant una mica m\u00e9s, la <strong><u>previsi\u00f3<\/u><\/strong> pel cap de setmana \u00e9s <strong><u>obrir amb:<\/u><\/strong><\/p>\n<ul>\n<li>Gruixos de neu: <strong><u>30 a 40 cm de neu pols<\/u><\/strong><\/li>\n<li>Pistes:<strong> <u>19 pistes<\/u> <\/strong>( A les pistes ja obertes hi afegirem l\u2019obertura de les seg\u00fcents <strong>vermelles: Davallada, Esquirols, Central, Tosa Vermella, Panor\u00e0mica Superior<\/strong><strong>. <\/strong>Les seg\u00fcents <strong>blaves: La Plana Superior i Masovera.<\/strong> I la seg\u00fcent <strong>verda: Telecorda del Pla de Masella.<\/strong><\/li>\n<li>Remuntadors:<strong> <u>10 oberts<\/u> <\/strong>(Cinta de Pastors, Cinta de Pastorets, Telecadira de Coma Oriola, Telecadira TGV, Telecadira Jumbo Tosa, Teleesqu\u00ed de Debutants de Coma Oriola, Teleesqu\u00ed de la Tosa, Teleesqu\u00ed de Rasos, Telecadira Masella Jet, Telecorda del Pla de Masella).<\/li>\n<li><strong>Acc\u00e9s a pistes: <u>Per Coma Oriola-1950 m i Pla de Masella-1600 m.<\/u><\/strong><\/li>\n<\/ul>\n<p>En el cas que dissabte 02\/12 les previsions de vent es confirmin es podria veure afectada alguna instal\u00b7laci\u00f3, sobretot en les cotes m\u00e9s altes de l&#8217;estaci\u00f3. Un cop passat l&#8217;episodi de tempestes de neu i vent previstes per aquest vespre de divendres i el mat\u00ed de dem\u00e0, dissabte, per a diumenge s&#8217;albira un dia estable, marcat pel sol i el vent en calma.<\/p>\n<p><iframe loading=\"lazy\" src=\"https:\/\/www.youtube.com\/embed\/z0qkOgdE8ag?rel=0\" width=\"560\" height=\"315\" frameborder=\"0\" allowfullscreen=\"allowfullscreen\"><\/iframe><\/p>\n<p>&nbsp;<\/p>\n","protected":false},"excerpt":{"rendered":"<p>Avui ens hem llevat amb un paisatge blanc i t\u00edpicament hivernal. A m\u00e9s, el fred i la neu produ\u00efda durant<\/p>\n","protected":false},"author":4,"featured_media":2781,"comment_status":"closed","ping_status":"open","sticky":false,"template":"","format":"standard","meta":{"footnotes":""},"categories":[21],"tags":[],"yoast_head":"<!-- This site is optimized with the Yoast SEO plugin v21.5 - https:\/\/yoast.com\/wordpress\/plugins\/seo\/ -->\n<title>TOSA OBERTA! - El Blog oficial de Masella<\/title>\n<meta name=\"robots\" content=\"index, follow, max-snippet:-1, max-image-preview:large, max-video-preview:-1\" \/>\n<link rel=\"canonical\" href=\"https:\/\/www.masella.com\/blog\/ca\/tosa-oberta\/\" \/>\n<meta property=\"og:locale\" content=\"ca_ES\" \/>\n<meta property=\"og:type\" content=\"article\" \/>\n<meta property=\"og:title\" content=\"TOSA OBERTA! - El Blog oficial de Masella\" \/>\n<meta property=\"og:description\" content=\"Avui ens hem llevat amb un paisatge blanc i t\u00edpicament hivernal. A m\u00e9s, el fred i la neu produ\u00efda durant\" \/>\n<meta property=\"og:url\" content=\"https:\/\/www.masella.com\/blog\/ca\/tosa-oberta\/\" \/>\n<meta property=\"og:site_name\" content=\"El Blog oficial de Masella\" \/>\n<meta property=\"article:published_time\" content=\"2017-12-01T10:15:54+00:00\" \/>\n<meta property=\"article:modified_time\" content=\"2022-06-01T06:34:52+00:00\" \/>\n<meta property=\"og:image\" content=\"https:\/\/www.masella.com\/blog\/wp-content\/uploads\/2017\/12\/0112_blog1.jpg\" \/>\n\t<meta property=\"og:image:width\" content=\"800\" \/>\n\t<meta property=\"og:image:height\" content=\"450\" \/>\n\t<meta property=\"og:image:type\" content=\"image\/jpeg\" \/>\n<meta name=\"author\" content=\"masella\" \/>\n<meta name=\"twitter:card\" content=\"summary_large_image\" \/>\n<meta name=\"twitter:label1\" content=\"Escrit per\" \/>\n\t<meta name=\"twitter:data1\" content=\"masella\" \/>\n\t<meta name=\"twitter:label2\" content=\"Temps estimat de lectura\" \/>\n\t<meta name=\"twitter:data2\" content=\"2 minuts\" \/>\n<script type=\"application\/ld+json\" class=\"yoast-schema-graph\">{\"@context\":\"https:\/\/schema.org\",\"@graph\":[{\"@type\":\"Article\",\"@id\":\"https:\/\/www.masella.com\/blog\/ca\/tosa-oberta\/#article\",\"isPartOf\":{\"@id\":\"https:\/\/www.masella.com\/blog\/ca\/tosa-oberta\/\"},\"author\":{\"name\":\"masella\",\"@id\":\"https:\/\/www.masella.com\/blog\/ca\/#\/schema\/person\/e32b971f5be20790c591d85b8f1c706b\"},\"headline\":\"TOSA OBERTA!\",\"datePublished\":\"2017-12-01T10:15:54+00:00\",\"dateModified\":\"2022-06-01T06:34:52+00:00\",\"mainEntityOfPage\":{\"@id\":\"https:\/\/www.masella.com\/blog\/ca\/tosa-oberta\/\"},\"wordCount\":403,\"publisher\":{\"@id\":\"https:\/\/www.masella.com\/blog\/ca\/#organization\"},\"articleSection\":[\"Actualitat\"],\"inLanguage\":\"ca\"},{\"@type\":\"WebPage\",\"@id\":\"https:\/\/www.masella.com\/blog\/ca\/tosa-oberta\/\",\"url\":\"https:\/\/www.masella.com\/blog\/ca\/tosa-oberta\/\",\"name\":\"TOSA OBERTA! - El Blog oficial de Masella\",\"isPartOf\":{\"@id\":\"https:\/\/www.masella.com\/blog\/ca\/#website\"},\"datePublished\":\"2017-12-01T10:15:54+00:00\",\"dateModified\":\"2022-06-01T06:34:52+00:00\",\"breadcrumb\":{\"@id\":\"https:\/\/www.masella.com\/blog\/ca\/tosa-oberta\/#breadcrumb\"},\"inLanguage\":\"ca\",\"potentialAction\":[{\"@type\":\"ReadAction\",\"target\":[\"https:\/\/www.masella.com\/blog\/ca\/tosa-oberta\/\"]}]},{\"@type\":\"BreadcrumbList\",\"@id\":\"https:\/\/www.masella.com\/blog\/ca\/tosa-oberta\/#breadcrumb\",\"itemListElement\":[{\"@type\":\"ListItem\",\"position\":1,\"name\":\"Portada\",\"item\":\"https:\/\/www.masella.com\/blog\/ca\/\"},{\"@type\":\"ListItem\",\"position\":2,\"name\":\"TOSA OBERTA!\"}]},{\"@type\":\"WebSite\",\"@id\":\"https:\/\/www.masella.com\/blog\/ca\/#website\",\"url\":\"https:\/\/www.masella.com\/blog\/ca\/\",\"name\":\"El Blog oficial de Masella\",\"description\":\"\",\"publisher\":{\"@id\":\"https:\/\/www.masella.com\/blog\/ca\/#organization\"},\"potentialAction\":[{\"@type\":\"SearchAction\",\"target\":{\"@type\":\"EntryPoint\",\"urlTemplate\":\"https:\/\/www.masella.com\/blog\/ca\/?s={search_term_string}\"},\"query-input\":\"required name=search_term_string\"}],\"inLanguage\":\"ca\"},{\"@type\":\"Organization\",\"@id\":\"https:\/\/www.masella.com\/blog\/ca\/#organization\",\"name\":\"El Blog oficial de Masella\",\"url\":\"https:\/\/www.masella.com\/blog\/ca\/\",\"logo\":{\"@type\":\"ImageObject\",\"inLanguage\":\"ca\",\"@id\":\"https:\/\/www.masella.com\/blog\/ca\/#\/schema\/logo\/image\/\",\"url\":\"https:\/\/www.masella.com\/blog\/wp-content\/uploads\/2022\/12\/cropped-logo-masella-cat.png\",\"contentUrl\":\"https:\/\/www.masella.com\/blog\/wp-content\/uploads\/2022\/12\/cropped-logo-masella-cat.png\",\"width\":150,\"height\":88,\"caption\":\"El Blog oficial de Masella\"},\"image\":{\"@id\":\"https:\/\/www.masella.com\/blog\/ca\/#\/schema\/logo\/image\/\"}},{\"@type\":\"Person\",\"@id\":\"https:\/\/www.masella.com\/blog\/ca\/#\/schema\/person\/e32b971f5be20790c591d85b8f1c706b\",\"name\":\"masella\",\"image\":{\"@type\":\"ImageObject\",\"inLanguage\":\"ca\",\"@id\":\"https:\/\/www.masella.com\/blog\/ca\/#\/schema\/person\/image\/\",\"url\":\"https:\/\/secure.gravatar.com\/avatar\/57590b1151eaa410a783e55768bbbba2?s=96&d=mm&r=g\",\"contentUrl\":\"https:\/\/secure.gravatar.com\/avatar\/57590b1151eaa410a783e55768bbbba2?s=96&d=mm&r=g\",\"caption\":\"masella\"},\"url\":\"https:\/\/www.masella.com\/blog\/ca\/author\/anna\/\"}]}<\/script>\n<!-- \/ Yoast SEO plugin. -->","yoast_head_json":{"title":"TOSA OBERTA! - El Blog oficial de Masella","robots":{"index":"index","follow":"follow","max-snippet":"max-snippet:-1","max-image-preview":"max-image-preview:large","max-video-preview":"max-video-preview:-1"},"canonical":"https:\/\/www.masella.com\/blog\/ca\/tosa-oberta\/","og_locale":"ca_ES","og_type":"article","og_title":"TOSA OBERTA! - El Blog oficial de Masella","og_description":"Avui ens hem llevat amb un paisatge blanc i t\u00edpicament hivernal. A m\u00e9s, el fred i la neu produ\u00efda durant","og_url":"https:\/\/www.masella.com\/blog\/ca\/tosa-oberta\/","og_site_name":"El Blog oficial de Masella","article_published_time":"2017-12-01T10:15:54+00:00","article_modified_time":"2022-06-01T06:34:52+00:00","og_image":[{"width":800,"height":450,"url":"https:\/\/www.masella.com\/blog\/wp-content\/uploads\/2017\/12\/0112_blog1.jpg","type":"image\/jpeg"}],"author":"masella","twitter_card":"summary_large_image","twitter_misc":{"Escrit per":"masella","Temps estimat de lectura":"2 minuts"},"schema":{"@context":"https:\/\/schema.org","@graph":[{"@type":"Article","@id":"https:\/\/www.masella.com\/blog\/ca\/tosa-oberta\/#article","isPartOf":{"@id":"https:\/\/www.masella.com\/blog\/ca\/tosa-oberta\/"},"author":{"name":"masella","@id":"https:\/\/www.masella.com\/blog\/ca\/#\/schema\/person\/e32b971f5be20790c591d85b8f1c706b"},"headline":"TOSA OBERTA!","datePublished":"2017-12-01T10:15:54+00:00","dateModified":"2022-06-01T06:34:52+00:00","mainEntityOfPage":{"@id":"https:\/\/www.masella.com\/blog\/ca\/tosa-oberta\/"},"wordCount":403,"publisher":{"@id":"https:\/\/www.masella.com\/blog\/ca\/#organization"},"articleSection":["Actualitat"],"inLanguage":"ca"},{"@type":"WebPage","@id":"https:\/\/www.masella.com\/blog\/ca\/tosa-oberta\/","url":"https:\/\/www.masella.com\/blog\/ca\/tosa-oberta\/","name":"TOSA OBERTA! - El Blog oficial de Masella","isPartOf":{"@id":"https:\/\/www.masella.com\/blog\/ca\/#website"},"datePublished":"2017-12-01T10:15:54+00:00","dateModified":"2022-06-01T06:34:52+00:00","breadcrumb":{"@id":"https:\/\/www.masella.com\/blog\/ca\/tosa-oberta\/#breadcrumb"},"inLanguage":"ca","potentialAction":[{"@type":"ReadAction","target":["https:\/\/www.masella.com\/blog\/ca\/tosa-oberta\/"]}]},{"@type":"BreadcrumbList","@id":"https:\/\/www.masella.com\/blog\/ca\/tosa-oberta\/#breadcrumb","itemListElement":[{"@type":"ListItem","position":1,"name":"Portada","item":"https:\/\/www.masella.com\/blog\/ca\/"},{"@type":"ListItem","position":2,"name":"TOSA OBERTA!"}]},{"@type":"WebSite","@id":"https:\/\/www.masella.com\/blog\/ca\/#website","url":"https:\/\/www.masella.com\/blog\/ca\/","name":"El Blog oficial de Masella","description":"","publisher":{"@id":"https:\/\/www.masella.com\/blog\/ca\/#organization"},"potentialAction":[{"@type":"SearchAction","target":{"@type":"EntryPoint","urlTemplate":"https:\/\/www.masella.com\/blog\/ca\/?s={search_term_string}"},"query-input":"required name=search_term_string"}],"inLanguage":"ca"},{"@type":"Organization","@id":"https:\/\/www.masella.com\/blog\/ca\/#organization","name":"El Blog oficial de Masella","url":"https:\/\/www.masella.com\/blog\/ca\/","logo":{"@type":"ImageObject","inLanguage":"ca","@id":"https:\/\/www.masella.com\/blog\/ca\/#\/schema\/logo\/image\/","url":"https:\/\/www.masella.com\/blog\/wp-content\/uploads\/2022\/12\/cropped-logo-masella-cat.png","contentUrl":"https:\/\/www.masella.com\/blog\/wp-content\/uploads\/2022\/12\/cropped-logo-masella-cat.png","width":150,"height":88,"caption":"El Blog oficial de Masella"},"image":{"@id":"https:\/\/www.masella.com\/blog\/ca\/#\/schema\/logo\/image\/"}},{"@type":"Person","@id":"https:\/\/www.masella.com\/blog\/ca\/#\/schema\/person\/e32b971f5be20790c591d85b8f1c706b","name":"masella","image":{"@type":"ImageObject","inLanguage":"ca","@id":"https:\/\/www.masella.com\/blog\/ca\/#\/schema\/person\/image\/","url":"https:\/\/secure.gravatar.com\/avatar\/57590b1151eaa410a783e55768bbbba2?s=96&d=mm&r=g","contentUrl":"https:\/\/secure.gravatar.com\/avatar\/57590b1151eaa410a783e55768bbbba2?s=96&d=mm&r=g","caption":"masella"},"url":"https:\/\/www.masella.com\/blog\/ca\/author\/anna\/"}]}},"_links":{"self":[{"href":"https:\/\/www.masella.com\/blog\/ca\/wp-json\/wp\/v2\/posts\/2777"}],"collection":[{"href":"https:\/\/www.masella.com\/blog\/ca\/wp-json\/wp\/v2\/posts"}],"about":[{"href":"https:\/\/www.masella.com\/blog\/ca\/wp-json\/wp\/v2\/types\/post"}],"author":[{"embeddable":true,"href":"https:\/\/www.masella.com\/blog\/ca\/wp-json\/wp\/v2\/users\/4"}],"replies":[{"embeddable":true,"href":"https:\/\/www.masella.com\/blog\/ca\/wp-json\/wp\/v2\/comments?post=2777"}],"version-history":[{"count":8,"href":"https:\/\/www.masella.com\/blog\/ca\/wp-json\/wp\/v2\/posts\/2777\/revisions"}],"predecessor-version":[{"id":2793,"href":"https:\/\/www.masella.com\/blog\/ca\/wp-json\/wp\/v2\/posts\/2777\/revisions\/2793"}],"wp:featuredmedia":[{"embeddable":true,"href":"https:\/\/www.masella.com\/blog\/ca\/wp-json\/wp\/v2\/media\/2781"}],"wp:attachment":[{"href":"https:\/\/www.masella.com\/blog\/ca\/wp-json\/wp\/v2\/media?parent=2777"}],"wp:term":[{"taxonomy":"category","embeddable":true,"href":"https:\/\/www.masella.com\/blog\/ca\/wp-json\/wp\/v2\/categories?post=2777"},{"taxonomy":"post_tag","embeddable":true,"href":"https:\/\/www.masella.com\/blog\/ca\/wp-json\/wp\/v2\/tags?post=2777"}],"curies":[{"name":"wp","href":"https:\/\/api.w.org\/{rel}","templated":true}]}}