{"id":2997,"date":"2018-01-02T09:30:20","date_gmt":"2018-01-02T09:30:20","guid":{"rendered":"http:\/\/www.masella.com\/blog\/?p=2997"},"modified":"2022-06-01T06:33:53","modified_gmt":"2022-06-01T06:33:53","slug":"2997","status":"publish","type":"post","link":"https:\/\/www.masella.com\/blog\/ca\/2997\/","title":{"rendered":"3\/1\/1968-3\/1\/2018: AVUI MASELLA FA 50 ANYS!"},"content":{"rendered":"<p>&nbsp;<\/p>\n<p>Tal dia com avui, fa 50 anys, es van obrir les portes de l&#8217;estaci\u00f3 d&#8217;esqu\u00ed de Masella, molt diferent de com la coneixem avui en dia. Fins llavors, les mines de mangan\u00e8s, a les vessants de La Tosa, i els camps de cultiu de patata, al Pla de Masella, eren la principal activitat a Masella, molt abans que ning\u00fa pens\u00e9s en teleesqu\u00eds, pistes o esquiadors. Molt abans que, a mitjan d\u00e8cada dels seixanta, <strong>l\u2019Ajuntament d\u2019Alp<\/strong> impuls\u00e9s la creaci\u00f3 d\u2019una nova estaci\u00f3 d\u2019esqu\u00ed a la Cerdanya. <strong>Salvador Pous, l\u2019alcalde del poble, i Enric Sirvent, tinent d\u2019alcalde<\/strong>, estaven conven\u00e7uts que <strong>les vessants orientades al nord i protegides pel bosc de la muntanya de La Tosa conservarien molt b\u00e9 la neu i serien un indret idoni per crear-hi noves pistes d\u2019esqu\u00ed<\/strong>. A m\u00e9s a m\u00e9s, la materialitzaci\u00f3 d\u2019una segona estaci\u00f3 d\u2019esqu\u00ed a la Baixa Cerdanya seria un impuls econ\u00f2mic i tur\u00edstic pel poble i la comarca, aix\u00ed que van apostar-hi fort.<\/p>\n<p><a href=\"http:\/\/www.masella.com\/blog\/wp-content\/uploads\/2018\/01\/blog4.jpg\"><img loading=\"lazy\" decoding=\"async\" class=\"alignnone size-full wp-image-3005\" src=\"http:\/\/www.masella.com\/blog\/wp-content\/uploads\/2018\/01\/blog4.jpg\" alt=\"\" width=\"800\" height=\"565\" srcset=\"https:\/\/www.masella.com\/blog\/wp-content\/uploads\/2018\/01\/blog4.jpg 800w, https:\/\/www.masella.com\/blog\/wp-content\/uploads\/2018\/01\/blog4-300x212.jpg 300w, https:\/\/www.masella.com\/blog\/wp-content\/uploads\/2018\/01\/blog4-768x542.jpg 768w\" sizes=\"(max-width: 800px) 100vw, 800px\" \/><\/a><\/p>\n<p><strong>El maig del 1966 es va constituir, doncs, l\u2019empresa promotora Teleesqu\u00eds de la Tossa d\u2019Alp, S. A.<\/strong>, per propiciar l\u2019aprofitament tur\u00edstic d\u2019aquesta zona. Per tirar endavant la iniciativa, van rec\u00f3rrer a la inversi\u00f3 d\u2019un grup d\u2019accionistes privats encap\u00e7alats per l\u2019empresari i arquitecte <strong>Josep Maria Bosch i Aymerich<\/strong>, que anys despr\u00e9s n\u2019acabaria sent el soci majoritari. Actualment propietat de la Fundaci\u00f3 Privada Bosch i Aymerich, Masella segueix sent una de les poques estacions d\u2019esqu\u00ed del Pirineu de gesti\u00f3 privada i econ\u00f2micament viable. L\u2019estaci\u00f3, fidel als seus or\u00edgens, <strong>segueix tenint avui dia com a objectiu principal el desenvolupament econ\u00f2mic i tur\u00edstic de la comarca de la Cerdanya,<\/strong> per la qual cosa tots els beneficis que s\u2019aconsegueixen es reinverteixen en noves infraestructures per al domini esquiable.<\/p>\n<p><strong>La tardor del 1967 es van instal\u00b7lar al Pla de Masella els dos primers remuntadors<\/strong>, un teleesqu\u00ed de debutants i un telecadira bipla\u00e7a que s\u2019enfilava fins a La Pleta. <strong>Els ginys es van posar en marxa el dia 3 de gener del 1968.<\/strong> L\u2019estaci\u00f3 de Masella ja era una realitat.<\/p>\n<p><a href=\"http:\/\/www.masella.com\/blog\/wp-content\/uploads\/2018\/01\/blog5.jpg\"><img loading=\"lazy\" decoding=\"async\" class=\"alignnone size-full wp-image-3006\" src=\"http:\/\/www.masella.com\/blog\/wp-content\/uploads\/2018\/01\/blog5.jpg\" alt=\"\" width=\"800\" height=\"560\" srcset=\"https:\/\/www.masella.com\/blog\/wp-content\/uploads\/2018\/01\/blog5.jpg 800w, https:\/\/www.masella.com\/blog\/wp-content\/uploads\/2018\/01\/blog5-300x210.jpg 300w, https:\/\/www.masella.com\/blog\/wp-content\/uploads\/2018\/01\/blog5-768x538.jpg 768w, https:\/\/www.masella.com\/blog\/wp-content\/uploads\/2018\/01\/blog5-130x90.jpg 130w\" sizes=\"(max-width: 800px) 100vw, 800px\" \/><\/a><\/p>\n<p><strong>El 1969 es va inaugurar un tercer remuntador, un altre teleesqu\u00ed, a la zona de La Pleta, per\u00f2 va ser dos anys despr\u00e9s, el 1971, que Masella va fer un salt qualitatiu en assolir el seu desnivell m\u00e0xim de 935 m, vigent encara avui.<\/strong> El telecadira de Cap del Bosc i el teleesqu\u00ed de La Tosa transportaven els esquiadors fins als 2.535 m del cim de La Tosa, des d\u2019on podien baixar esquiant fins al Pla de Masella, a 1.600 m. Aquell mateix any es va adquirir tamb\u00e9 la primera m\u00e0quina trepitjaneu, una SV Ratrac 71.<\/p>\n<p><a href=\"http:\/\/www.masella.com\/blog\/wp-content\/uploads\/2018\/01\/blog3.jpg\"><img loading=\"lazy\" decoding=\"async\" class=\"alignnone size-full wp-image-3004\" src=\"http:\/\/www.masella.com\/blog\/wp-content\/uploads\/2018\/01\/blog3.jpg\" alt=\"\" width=\"800\" height=\"545\" srcset=\"https:\/\/www.masella.com\/blog\/wp-content\/uploads\/2018\/01\/blog3.jpg 800w, https:\/\/www.masella.com\/blog\/wp-content\/uploads\/2018\/01\/blog3-300x204.jpg 300w, https:\/\/www.masella.com\/blog\/wp-content\/uploads\/2018\/01\/blog3-768x523.jpg 768w, https:\/\/www.masella.com\/blog\/wp-content\/uploads\/2018\/01\/blog3-130x90.jpg 130w\" sizes=\"(max-width: 800px) 100vw, 800px\" \/><\/a><\/p>\n<p>El 1972, l\u2019estaci\u00f3 es va ampliar cap al sector de Coma Oriola amb la construcci\u00f3 del telecadira bipla\u00e7a hom\u00f2nim. Amb aquesta ampliaci\u00f3 cap a Coma Oriola i la Tosa, als termes municipals de Das i Ur\u00fas, la societat va passar a anomenar-se Teleesqu\u00eds de la Tossa de Alp, Das i Ur\u00fas, S.A. (TTADUSA), ra\u00f3 social que ha perdurat fins a l\u2019actualitat. L\u2019hivern del 72, Masella va acollir tamb\u00e9 els Campionats d\u2019Espanya Absoluts d\u2019Esqu\u00ed Alp\u00ed, en qu\u00e8 Francisco Fern\u00e1ndez Ochoa, flamant campi\u00f3 ol\u00edmpic, va aconseguir la vict\u00f2ria tant en esl\u00e0lom con en esl\u00e0lom gegant.<\/p>\n<p>A banda dels remuntadors, ja des dels primers anys Masella volia oferir una experi\u00e8ncia tur\u00edstica completa, i <strong>per aix\u00f2 es van construir grans infraestructures hoteleres. L\u2019Alp Hotel Masella, inaugurat l\u2019any 1977 i encara en funcionament, i els primers apartaments<\/strong> van permetre als esquiadors allotjar-se a peu de pista. Tamb\u00e9 tenien la possibilitat d\u2019aprendre a esquiar amb els monitors de l\u2019escola, que en aquell moment depenien de la \u201cEscuela Espa\u00f1ola de Esqu\u00ed\u201d.<\/p>\n<p><a href=\"http:\/\/www.masella.com\/blog\/wp-content\/uploads\/2018\/01\/blog1.jpg\"><img loading=\"lazy\" decoding=\"async\" class=\"alignnone size-full wp-image-3002\" src=\"http:\/\/www.masella.com\/blog\/wp-content\/uploads\/2018\/01\/blog1.jpg\" alt=\"\" width=\"800\" height=\"800\" srcset=\"https:\/\/www.masella.com\/blog\/wp-content\/uploads\/2018\/01\/blog1.jpg 800w, https:\/\/www.masella.com\/blog\/wp-content\/uploads\/2018\/01\/blog1-150x150.jpg 150w, https:\/\/www.masella.com\/blog\/wp-content\/uploads\/2018\/01\/blog1-300x300.jpg 300w, https:\/\/www.masella.com\/blog\/wp-content\/uploads\/2018\/01\/blog1-768x768.jpg 768w\" sizes=\"(max-width: 800px) 100vw, 800px\" \/><\/a><\/p>\n<p>Durant la <strong>d\u00e8cada dels 70 i dels 80, es van incorporar cont\u00ednuament nous teleesqu\u00eds i telecadires, cosa que va situar Masella entre les estacions d\u2019esqu\u00ed capdavanteres al Pirineu Catal\u00e0.<\/strong><\/p>\n<p><a href=\"http:\/\/www.masella.com\/blog\/wp-content\/uploads\/2018\/01\/blog2.jpg\"><img loading=\"lazy\" decoding=\"async\" class=\"alignnone size-full wp-image-3003\" src=\"http:\/\/www.masella.com\/blog\/wp-content\/uploads\/2018\/01\/blog2.jpg\" alt=\"\" width=\"800\" height=\"539\" srcset=\"https:\/\/www.masella.com\/blog\/wp-content\/uploads\/2018\/01\/blog2.jpg 800w, https:\/\/www.masella.com\/blog\/wp-content\/uploads\/2018\/01\/blog2-300x202.jpg 300w, https:\/\/www.masella.com\/blog\/wp-content\/uploads\/2018\/01\/blog2-768x517.jpg 768w\" sizes=\"(max-width: 800px) 100vw, 800px\" \/><\/a><\/p>\n<p><strong>L\u2019any 1994 es van instal\u00b7lar a l\u2019estaci\u00f3 els primers canons de neu produ\u00efda.<\/strong> Des d\u2019aleshores en\u00e7\u00e0, cada temporada s\u2019ha invertit en la millora de la xarxa de neu, que cada vegada t\u00e9 m\u00e9s capacitat de fabricar neu amb un consum d\u2019energia menor.<\/p>\n<p><strong>La inauguraci\u00f3 el 1995 del primer remuntador desembragable, el telecadira de quatre places Masella Jet<\/strong>, va marcar un abans i un despr\u00e9s. A partir d\u2019aquesta data, una s\u00e8rie de remuntadors nous van anar substituint els antics telecadires bipla\u00e7a i teleesqu\u00eds fins a crear la moderna xarxa de remuntadors de la qual presumeix actualment Masella. El 1997 es va substituir el telecadira de pin\u00e7a fixa bipla\u00e7a Coma Oriola per un telecadira de pin\u00e7a fixa amb cinta d\u2019embarcament i de 4 places. El 1998 es va construir el desembragable de 6 places Jumbo Tosa; el 2004, el telecadira de 6 places TGV i, el 2009, el de 6 places de La Pia Express, que va suposar l\u2019obertura d\u2019un nou sector esquiable amb l\u2019ampliaci\u00f3 de Masella cap a l\u2019est.<\/p>\n<p>A part del creixement f\u00edsic del domini, Masella tamb\u00e9 ha destacat en l\u2019\u00faltima d\u00e8cada per l\u2019ampliaci\u00f3 d\u2019hores d\u2019esqu\u00ed. <strong>El desembre de l\u2019any 2013 es va inaugurar l\u2019Esqu\u00ed Nocturn<\/strong>, una innovadora aposta de l\u2019estaci\u00f3 per oferir noves experi\u00e8ncies als esquiadors, que a partir d\u2019aquesta data han pogut lliscar per les pistes il\u00b7luminades els vespres dels dijous, divendres i dissabtes. Amb 10 quil\u00f2metres i 13 pistes il\u00b7luminades, Masella ofereix el domini nocturn m\u00e9s ampli del sud d\u2019Europa, cosa que li ha valgut el denominatiu de \u201cla capital de l\u2019Esqu\u00ed Nocturn dels Pirineus\u201d<\/p>\n<p>Pel que fa al clima, des de la seva inauguraci\u00f3 l\u2019any 1968 s\u2019han anat intercalant a Masella hiverns m\u00e9s freds i de nevades abundants amb d\u2019altres m\u00e9s secs i c\u00e0lids. El fet que un 80% de les pistes transcorrin pel mig del bosc i que la majoria d\u2019elles estiguin orientades al nord fa que la neu es conservi millor que en altres llocs m\u00e9s exposats radiacions als rajos solars. Amb aix\u00f2 i amb les millores constants que s\u2019han fet en neu produ\u00efda s\u2019ha aconseguit que la neu sempre estigui garantida a l\u2019estaci\u00f3 de la Cerdanya. L<strong>\u2019any 2014, amb la instal\u00b7laci\u00f3 de canons a la pista Coms de Das i al sector m\u00e9s oriental de La Pia, es va completar la innivaci\u00f3 del 100 % dels sectors<\/strong><\/p>\n<p>Gr\u00e0cies a tot aix\u00f2, Masella ofereix des de fa anys la temporada m\u00e9s llarga dels Pirineus i acostuma a ser la primera a obrir la temporada i la darrera a tancar-la. <strong>El r\u00e8cord es va batre la temporada 2008- 2009, en qu\u00e8 l\u2019estaci\u00f3 va romandre oberta m\u00e9s de sis mesos, des del 8 de novembre fins al 10 de maig.<\/strong><\/p>\n","protected":false},"excerpt":{"rendered":"<p>&nbsp; Tal dia com avui, fa 50 anys, es van obrir les portes de l&#8217;estaci\u00f3 d&#8217;esqu\u00ed de Masella, molt diferent<\/p>\n","protected":false},"author":4,"featured_media":3001,"comment_status":"closed","ping_status":"open","sticky":false,"template":"","format":"standard","meta":{"footnotes":""},"categories":[21,13,35,14],"tags":[],"yoast_head":"<!-- This site is optimized with the Yoast SEO plugin v21.5 - https:\/\/yoast.com\/wordpress\/plugins\/seo\/ -->\n<title>3\/1\/1968-3\/1\/2018: AVUI MASELLA FA 50 ANYS! - El Blog oficial de Masella<\/title>\n<meta name=\"robots\" content=\"index, follow, max-snippet:-1, max-image-preview:large, max-video-preview:-1\" \/>\n<link rel=\"canonical\" href=\"https:\/\/www.masella.com\/blog\/ca\/2997\/\" \/>\n<meta property=\"og:locale\" content=\"ca_ES\" \/>\n<meta property=\"og:type\" content=\"article\" \/>\n<meta property=\"og:title\" content=\"3\/1\/1968-3\/1\/2018: AVUI MASELLA FA 50 ANYS! - El Blog oficial de Masella\" \/>\n<meta property=\"og:description\" content=\"&nbsp; Tal dia com avui, fa 50 anys, es van obrir les portes de l&#8217;estaci\u00f3 d&#8217;esqu\u00ed de Masella, molt diferent\" \/>\n<meta property=\"og:url\" content=\"https:\/\/www.masella.com\/blog\/ca\/2997\/\" \/>\n<meta property=\"og:site_name\" content=\"El Blog oficial de Masella\" \/>\n<meta property=\"article:published_time\" content=\"2018-01-02T09:30:20+00:00\" \/>\n<meta property=\"article:modified_time\" content=\"2022-06-01T06:33:53+00:00\" \/>\n<meta property=\"og:image\" content=\"https:\/\/www.masella.com\/blog\/wp-content\/uploads\/2018\/01\/proves50anys_blog.jpg\" \/>\n\t<meta property=\"og:image:width\" content=\"800\" \/>\n\t<meta property=\"og:image:height\" content=\"450\" \/>\n\t<meta property=\"og:image:type\" content=\"image\/jpeg\" \/>\n<meta name=\"author\" content=\"masella\" \/>\n<meta name=\"twitter:card\" content=\"summary_large_image\" \/>\n<meta name=\"twitter:label1\" content=\"Escrit per\" \/>\n\t<meta name=\"twitter:data1\" content=\"masella\" \/>\n\t<meta name=\"twitter:label2\" content=\"Temps estimat de lectura\" \/>\n\t<meta name=\"twitter:data2\" content=\"6 minuts\" \/>\n<script type=\"application\/ld+json\" class=\"yoast-schema-graph\">{\"@context\":\"https:\/\/schema.org\",\"@graph\":[{\"@type\":\"Article\",\"@id\":\"https:\/\/www.masella.com\/blog\/ca\/2997\/#article\",\"isPartOf\":{\"@id\":\"https:\/\/www.masella.com\/blog\/ca\/2997\/\"},\"author\":{\"name\":\"masella\",\"@id\":\"https:\/\/www.masella.com\/blog\/ca\/#\/schema\/person\/e32b971f5be20790c591d85b8f1c706b\"},\"headline\":\"3\/1\/1968-3\/1\/2018: AVUI MASELLA FA 50 ANYS!\",\"datePublished\":\"2018-01-02T09:30:20+00:00\",\"dateModified\":\"2022-06-01T06:33:53+00:00\",\"mainEntityOfPage\":{\"@id\":\"https:\/\/www.masella.com\/blog\/ca\/2997\/\"},\"wordCount\":1167,\"publisher\":{\"@id\":\"https:\/\/www.masella.com\/blog\/ca\/#organization\"},\"articleSection\":[\"Actualitat\",\"Esdeveniments\",\"Muntanya\",\"Serveis\"],\"inLanguage\":\"ca\"},{\"@type\":\"WebPage\",\"@id\":\"https:\/\/www.masella.com\/blog\/ca\/2997\/\",\"url\":\"https:\/\/www.masella.com\/blog\/ca\/2997\/\",\"name\":\"3\/1\/1968-3\/1\/2018: AVUI MASELLA FA 50 ANYS! - El Blog oficial de Masella\",\"isPartOf\":{\"@id\":\"https:\/\/www.masella.com\/blog\/ca\/#website\"},\"datePublished\":\"2018-01-02T09:30:20+00:00\",\"dateModified\":\"2022-06-01T06:33:53+00:00\",\"breadcrumb\":{\"@id\":\"https:\/\/www.masella.com\/blog\/ca\/2997\/#breadcrumb\"},\"inLanguage\":\"ca\",\"potentialAction\":[{\"@type\":\"ReadAction\",\"target\":[\"https:\/\/www.masella.com\/blog\/ca\/2997\/\"]}]},{\"@type\":\"BreadcrumbList\",\"@id\":\"https:\/\/www.masella.com\/blog\/ca\/2997\/#breadcrumb\",\"itemListElement\":[{\"@type\":\"ListItem\",\"position\":1,\"name\":\"Portada\",\"item\":\"https:\/\/www.masella.com\/blog\/ca\/\"},{\"@type\":\"ListItem\",\"position\":2,\"name\":\"3\/1\/1968-3\/1\/2018: AVUI MASELLA FA 50 ANYS!\"}]},{\"@type\":\"WebSite\",\"@id\":\"https:\/\/www.masella.com\/blog\/ca\/#website\",\"url\":\"https:\/\/www.masella.com\/blog\/ca\/\",\"name\":\"El Blog oficial de Masella\",\"description\":\"\",\"publisher\":{\"@id\":\"https:\/\/www.masella.com\/blog\/ca\/#organization\"},\"potentialAction\":[{\"@type\":\"SearchAction\",\"target\":{\"@type\":\"EntryPoint\",\"urlTemplate\":\"https:\/\/www.masella.com\/blog\/ca\/?s={search_term_string}\"},\"query-input\":\"required name=search_term_string\"}],\"inLanguage\":\"ca\"},{\"@type\":\"Organization\",\"@id\":\"https:\/\/www.masella.com\/blog\/ca\/#organization\",\"name\":\"El Blog oficial de Masella\",\"url\":\"https:\/\/www.masella.com\/blog\/ca\/\",\"logo\":{\"@type\":\"ImageObject\",\"inLanguage\":\"ca\",\"@id\":\"https:\/\/www.masella.com\/blog\/ca\/#\/schema\/logo\/image\/\",\"url\":\"https:\/\/www.masella.com\/blog\/wp-content\/uploads\/2022\/12\/cropped-logo-masella-cat.png\",\"contentUrl\":\"https:\/\/www.masella.com\/blog\/wp-content\/uploads\/2022\/12\/cropped-logo-masella-cat.png\",\"width\":150,\"height\":88,\"caption\":\"El Blog oficial de Masella\"},\"image\":{\"@id\":\"https:\/\/www.masella.com\/blog\/ca\/#\/schema\/logo\/image\/\"}},{\"@type\":\"Person\",\"@id\":\"https:\/\/www.masella.com\/blog\/ca\/#\/schema\/person\/e32b971f5be20790c591d85b8f1c706b\",\"name\":\"masella\",\"image\":{\"@type\":\"ImageObject\",\"inLanguage\":\"ca\",\"@id\":\"https:\/\/www.masella.com\/blog\/ca\/#\/schema\/person\/image\/\",\"url\":\"https:\/\/secure.gravatar.com\/avatar\/57590b1151eaa410a783e55768bbbba2?s=96&d=mm&r=g\",\"contentUrl\":\"https:\/\/secure.gravatar.com\/avatar\/57590b1151eaa410a783e55768bbbba2?s=96&d=mm&r=g\",\"caption\":\"masella\"},\"url\":\"https:\/\/www.masella.com\/blog\/ca\/author\/anna\/\"}]}<\/script>\n<!-- \/ Yoast SEO plugin. -->","yoast_head_json":{"title":"3\/1\/1968-3\/1\/2018: AVUI MASELLA FA 50 ANYS! - El Blog oficial de Masella","robots":{"index":"index","follow":"follow","max-snippet":"max-snippet:-1","max-image-preview":"max-image-preview:large","max-video-preview":"max-video-preview:-1"},"canonical":"https:\/\/www.masella.com\/blog\/ca\/2997\/","og_locale":"ca_ES","og_type":"article","og_title":"3\/1\/1968-3\/1\/2018: AVUI MASELLA FA 50 ANYS! - El Blog oficial de Masella","og_description":"&nbsp; Tal dia com avui, fa 50 anys, es van obrir les portes de l&#8217;estaci\u00f3 d&#8217;esqu\u00ed de Masella, molt diferent","og_url":"https:\/\/www.masella.com\/blog\/ca\/2997\/","og_site_name":"El Blog oficial de Masella","article_published_time":"2018-01-02T09:30:20+00:00","article_modified_time":"2022-06-01T06:33:53+00:00","og_image":[{"width":800,"height":450,"url":"https:\/\/www.masella.com\/blog\/wp-content\/uploads\/2018\/01\/proves50anys_blog.jpg","type":"image\/jpeg"}],"author":"masella","twitter_card":"summary_large_image","twitter_misc":{"Escrit per":"masella","Temps estimat de lectura":"6 minuts"},"schema":{"@context":"https:\/\/schema.org","@graph":[{"@type":"Article","@id":"https:\/\/www.masella.com\/blog\/ca\/2997\/#article","isPartOf":{"@id":"https:\/\/www.masella.com\/blog\/ca\/2997\/"},"author":{"name":"masella","@id":"https:\/\/www.masella.com\/blog\/ca\/#\/schema\/person\/e32b971f5be20790c591d85b8f1c706b"},"headline":"3\/1\/1968-3\/1\/2018: AVUI MASELLA FA 50 ANYS!","datePublished":"2018-01-02T09:30:20+00:00","dateModified":"2022-06-01T06:33:53+00:00","mainEntityOfPage":{"@id":"https:\/\/www.masella.com\/blog\/ca\/2997\/"},"wordCount":1167,"publisher":{"@id":"https:\/\/www.masella.com\/blog\/ca\/#organization"},"articleSection":["Actualitat","Esdeveniments","Muntanya","Serveis"],"inLanguage":"ca"},{"@type":"WebPage","@id":"https:\/\/www.masella.com\/blog\/ca\/2997\/","url":"https:\/\/www.masella.com\/blog\/ca\/2997\/","name":"3\/1\/1968-3\/1\/2018: AVUI MASELLA FA 50 ANYS! - El Blog oficial de Masella","isPartOf":{"@id":"https:\/\/www.masella.com\/blog\/ca\/#website"},"datePublished":"2018-01-02T09:30:20+00:00","dateModified":"2022-06-01T06:33:53+00:00","breadcrumb":{"@id":"https:\/\/www.masella.com\/blog\/ca\/2997\/#breadcrumb"},"inLanguage":"ca","potentialAction":[{"@type":"ReadAction","target":["https:\/\/www.masella.com\/blog\/ca\/2997\/"]}]},{"@type":"BreadcrumbList","@id":"https:\/\/www.masella.com\/blog\/ca\/2997\/#breadcrumb","itemListElement":[{"@type":"ListItem","position":1,"name":"Portada","item":"https:\/\/www.masella.com\/blog\/ca\/"},{"@type":"ListItem","position":2,"name":"3\/1\/1968-3\/1\/2018: AVUI MASELLA FA 50 ANYS!"}]},{"@type":"WebSite","@id":"https:\/\/www.masella.com\/blog\/ca\/#website","url":"https:\/\/www.masella.com\/blog\/ca\/","name":"El Blog oficial de Masella","description":"","publisher":{"@id":"https:\/\/www.masella.com\/blog\/ca\/#organization"},"potentialAction":[{"@type":"SearchAction","target":{"@type":"EntryPoint","urlTemplate":"https:\/\/www.masella.com\/blog\/ca\/?s={search_term_string}"},"query-input":"required name=search_term_string"}],"inLanguage":"ca"},{"@type":"Organization","@id":"https:\/\/www.masella.com\/blog\/ca\/#organization","name":"El Blog oficial de Masella","url":"https:\/\/www.masella.com\/blog\/ca\/","logo":{"@type":"ImageObject","inLanguage":"ca","@id":"https:\/\/www.masella.com\/blog\/ca\/#\/schema\/logo\/image\/","url":"https:\/\/www.masella.com\/blog\/wp-content\/uploads\/2022\/12\/cropped-logo-masella-cat.png","contentUrl":"https:\/\/www.masella.com\/blog\/wp-content\/uploads\/2022\/12\/cropped-logo-masella-cat.png","width":150,"height":88,"caption":"El Blog oficial de Masella"},"image":{"@id":"https:\/\/www.masella.com\/blog\/ca\/#\/schema\/logo\/image\/"}},{"@type":"Person","@id":"https:\/\/www.masella.com\/blog\/ca\/#\/schema\/person\/e32b971f5be20790c591d85b8f1c706b","name":"masella","image":{"@type":"ImageObject","inLanguage":"ca","@id":"https:\/\/www.masella.com\/blog\/ca\/#\/schema\/person\/image\/","url":"https:\/\/secure.gravatar.com\/avatar\/57590b1151eaa410a783e55768bbbba2?s=96&d=mm&r=g","contentUrl":"https:\/\/secure.gravatar.com\/avatar\/57590b1151eaa410a783e55768bbbba2?s=96&d=mm&r=g","caption":"masella"},"url":"https:\/\/www.masella.com\/blog\/ca\/author\/anna\/"}]}},"_links":{"self":[{"href":"https:\/\/www.masella.com\/blog\/ca\/wp-json\/wp\/v2\/posts\/2997"}],"collection":[{"href":"https:\/\/www.masella.com\/blog\/ca\/wp-json\/wp\/v2\/posts"}],"about":[{"href":"https:\/\/www.masella.com\/blog\/ca\/wp-json\/wp\/v2\/types\/post"}],"author":[{"embeddable":true,"href":"https:\/\/www.masella.com\/blog\/ca\/wp-json\/wp\/v2\/users\/4"}],"replies":[{"embeddable":true,"href":"https:\/\/www.masella.com\/blog\/ca\/wp-json\/wp\/v2\/comments?post=2997"}],"version-history":[{"count":4,"href":"https:\/\/www.masella.com\/blog\/ca\/wp-json\/wp\/v2\/posts\/2997\/revisions"}],"predecessor-version":[{"id":3007,"href":"https:\/\/www.masella.com\/blog\/ca\/wp-json\/wp\/v2\/posts\/2997\/revisions\/3007"}],"wp:featuredmedia":[{"embeddable":true,"href":"https:\/\/www.masella.com\/blog\/ca\/wp-json\/wp\/v2\/media\/3001"}],"wp:attachment":[{"href":"https:\/\/www.masella.com\/blog\/ca\/wp-json\/wp\/v2\/media?parent=2997"}],"wp:term":[{"taxonomy":"category","embeddable":true,"href":"https:\/\/www.masella.com\/blog\/ca\/wp-json\/wp\/v2\/categories?post=2997"},{"taxonomy":"post_tag","embeddable":true,"href":"https:\/\/www.masella.com\/blog\/ca\/wp-json\/wp\/v2\/tags?post=2997"}],"curies":[{"name":"wp","href":"https:\/\/api.w.org\/{rel}","templated":true}]}}