{"id":3049,"date":"2018-01-14T16:16:43","date_gmt":"2018-01-14T16:16:43","guid":{"rendered":"http:\/\/www.masella.com\/blog\/?p=3049"},"modified":"2022-06-01T06:33:35","modified_gmt":"2022-06-01T06:33:35","slug":"resultats-xiii-gp-cerdanya","status":"publish","type":"post","link":"https:\/\/www.masella.com\/blog\/ca\/resultats-xiii-gp-cerdanya\/","title":{"rendered":"RESULTATS XIII GP CERDANYA"},"content":{"rendered":"<p>\u00c8xit del ja cl\u00e0ssic GP Cerdanya, competici\u00f3 d&#8217;esqu\u00ed alp\u00ed en categoria U14 que enguany arribava a la tretzena edici\u00f3. Aquesta prova, puntuable per la RFEDI en la categoria U-14 i organitzada pel Club d&#8217;Esqu\u00ed Ll\u00edvia, s&#8217;ha celebrat al llarg de dues jornades. Dissabte els joves esquiadors van competir en la modalitat d&#8217;esl\u00e0lom i diumenge, en gegant. Els joves esquiadors, vinguts d&#8217;arreu de l&#8217;Estat, han gaudit d&#8217;un cap de setmana hivernal amb neu pols recent caiguda i, tot i la dificultat que aix\u00f2 representa a l&#8217;hora de fer un tra\u00e7at d&#8217;esqu\u00ed alp\u00ed, la prova s&#8217;ha desenvolupat amb total normalitat a la pista Davallada, estadi homologat per la FIS que arrenca a la zona de La Pleta i amb l&#8217;arc d&#8217;arribada a la pista dels Enamorats.<\/p>\n<p><a href=\"http:\/\/www.masella.com\/blog\/wp-content\/uploads\/2018\/01\/bloggpcerdanya2.jpg\"><img loading=\"lazy\" decoding=\"async\" class=\"alignnone size-full wp-image-3055\" src=\"http:\/\/www.masella.com\/blog\/wp-content\/uploads\/2018\/01\/bloggpcerdanya2.jpg\" alt=\"\" width=\"800\" height=\"600\" srcset=\"https:\/\/www.masella.com\/blog\/wp-content\/uploads\/2018\/01\/bloggpcerdanya2.jpg 800w, https:\/\/www.masella.com\/blog\/wp-content\/uploads\/2018\/01\/bloggpcerdanya2-300x225.jpg 300w, https:\/\/www.masella.com\/blog\/wp-content\/uploads\/2018\/01\/bloggpcerdanya2-768x576.jpg 768w\" sizes=\"(max-width: 800px) 100vw, 800px\" \/><\/a><\/p>\n<p>&nbsp;<\/p>\n<p><strong>CLASSIFICACIONS\u00a0DEL XIII GP CERDANYA<\/strong><\/p>\n<p><a href=\"http:\/\/www.masella.com\/blog\/wp-content\/uploads\/2018\/01\/classificacio-final-punts-sl-homes.pdf\">Classificaci\u00f3 Esl\u00e0lom Homes<\/a><\/p>\n<p><a href=\"http:\/\/www.masella.com\/blog\/wp-content\/uploads\/2018\/01\/slhomes.jpg\"><img loading=\"lazy\" decoding=\"async\" class=\"alignnone wp-image-3058 size-large\" src=\"http:\/\/www.masella.com\/blog\/wp-content\/uploads\/2018\/01\/slhomes-768x1024.jpg\" alt=\"\" width=\"768\" height=\"1024\" srcset=\"https:\/\/www.masella.com\/blog\/wp-content\/uploads\/2018\/01\/slhomes-768x1024.jpg 768w, https:\/\/www.masella.com\/blog\/wp-content\/uploads\/2018\/01\/slhomes-225x300.jpg 225w, https:\/\/www.masella.com\/blog\/wp-content\/uploads\/2018\/01\/slhomes.jpg 900w\" sizes=\"(max-width: 768px) 100vw, 768px\" \/><\/a><\/p>\n<p>&nbsp;<\/p>\n<p><a href=\"http:\/\/www.masella.com\/blog\/wp-content\/uploads\/2018\/01\/classificacio-final-punts-sl-dones.pdf\">Classificaci\u00f3 Esl\u00e0lom Dones<\/a><\/p>\n<p><a href=\"http:\/\/www.masella.com\/blog\/wp-content\/uploads\/2018\/01\/sl_noies.jpg\"><img loading=\"lazy\" decoding=\"async\" class=\"alignnone wp-image-3060 size-large\" src=\"http:\/\/www.masella.com\/blog\/wp-content\/uploads\/2018\/01\/sl_noies-768x1024.jpg\" alt=\"\" width=\"768\" height=\"1024\" srcset=\"https:\/\/www.masella.com\/blog\/wp-content\/uploads\/2018\/01\/sl_noies-768x1024.jpg 768w, https:\/\/www.masella.com\/blog\/wp-content\/uploads\/2018\/01\/sl_noies-225x300.jpg 225w, https:\/\/www.masella.com\/blog\/wp-content\/uploads\/2018\/01\/sl_noies.jpg 800w\" sizes=\"(max-width: 768px) 100vw, 768px\" \/><\/a><\/p>\n<p>&nbsp;<\/p>\n<p><a href=\"http:\/\/www.masella.com\/blog\/wp-content\/uploads\/2018\/01\/FINAL-NOIS-GS.pdf\">Classificaci\u00f3 Gegant Homes<\/a><\/p>\n<p><a href=\"http:\/\/www.masella.com\/blog\/wp-content\/uploads\/2018\/01\/gshomes.jpg\"><img loading=\"lazy\" decoding=\"async\" class=\"alignnone wp-image-3057 size-large\" src=\"http:\/\/www.masella.com\/blog\/wp-content\/uploads\/2018\/01\/gshomes-768x1024.jpg\" alt=\"\" width=\"768\" height=\"1024\" srcset=\"https:\/\/www.masella.com\/blog\/wp-content\/uploads\/2018\/01\/gshomes-768x1024.jpg 768w, https:\/\/www.masella.com\/blog\/wp-content\/uploads\/2018\/01\/gshomes-225x300.jpg 225w, https:\/\/www.masella.com\/blog\/wp-content\/uploads\/2018\/01\/gshomes.jpg 800w\" sizes=\"(max-width: 768px) 100vw, 768px\" \/><\/a><\/p>\n<p>&nbsp;<\/p>\n<p><a href=\"http:\/\/www.masella.com\/blog\/wp-content\/uploads\/2018\/01\/FINAL-NOIES-GS.pdf\">Classificaci\u00f3 Gegant Dones<\/a><\/p>\n<p><a href=\"http:\/\/www.masella.com\/blog\/wp-content\/uploads\/2018\/01\/gsnoies.jpg\"><img loading=\"lazy\" decoding=\"async\" class=\"alignnone wp-image-3059 size-large\" src=\"http:\/\/www.masella.com\/blog\/wp-content\/uploads\/2018\/01\/gsnoies-768x1024.jpg\" alt=\"\" width=\"768\" height=\"1024\" srcset=\"https:\/\/www.masella.com\/blog\/wp-content\/uploads\/2018\/01\/gsnoies-768x1024.jpg 768w, https:\/\/www.masella.com\/blog\/wp-content\/uploads\/2018\/01\/gsnoies-225x300.jpg 225w, https:\/\/www.masella.com\/blog\/wp-content\/uploads\/2018\/01\/gsnoies.jpg 900w\" sizes=\"(max-width: 768px) 100vw, 768px\" \/><\/a><\/p>\n<p>&nbsp;<\/p>\n","protected":false},"excerpt":{"rendered":"<p>\u00c8xit del ja cl\u00e0ssic GP Cerdanya, competici\u00f3 d&#8217;esqu\u00ed alp\u00ed en categoria U14 que enguany arribava a la tretzena edici\u00f3. Aquesta<\/p>\n","protected":false},"author":4,"featured_media":3056,"comment_status":"closed","ping_status":"open","sticky":false,"template":"","format":"standard","meta":{"footnotes":""},"categories":[21,50,30],"tags":[],"yoast_head":"<!-- This site is optimized with the Yoast SEO plugin v21.5 - https:\/\/yoast.com\/wordpress\/plugins\/seo\/ -->\n<title>RESULTATS XIII GP CERDANYA - El Blog oficial de Masella<\/title>\n<meta name=\"robots\" content=\"index, follow, max-snippet:-1, max-image-preview:large, max-video-preview:-1\" \/>\n<link rel=\"canonical\" href=\"https:\/\/www.masella.com\/blog\/ca\/resultats-xiii-gp-cerdanya\/\" \/>\n<meta property=\"og:locale\" content=\"ca_ES\" \/>\n<meta property=\"og:type\" content=\"article\" \/>\n<meta property=\"og:title\" content=\"RESULTATS XIII GP CERDANYA - El Blog oficial de Masella\" \/>\n<meta property=\"og:description\" content=\"\u00c8xit del ja cl\u00e0ssic GP Cerdanya, competici\u00f3 d&#8217;esqu\u00ed alp\u00ed en categoria U14 que enguany arribava a la tretzena edici\u00f3. Aquesta\" \/>\n<meta property=\"og:url\" content=\"https:\/\/www.masella.com\/blog\/ca\/resultats-xiii-gp-cerdanya\/\" \/>\n<meta property=\"og:site_name\" content=\"El Blog oficial de Masella\" \/>\n<meta property=\"article:published_time\" content=\"2018-01-14T16:16:43+00:00\" \/>\n<meta property=\"article:modified_time\" content=\"2022-06-01T06:33:35+00:00\" \/>\n<meta property=\"og:image\" content=\"https:\/\/www.masella.com\/blog\/wp-content\/uploads\/2018\/01\/bloggocerdanya1.jpg\" \/>\n\t<meta property=\"og:image:width\" content=\"800\" \/>\n\t<meta property=\"og:image:height\" content=\"450\" \/>\n\t<meta property=\"og:image:type\" content=\"image\/jpeg\" \/>\n<meta name=\"author\" content=\"masella\" \/>\n<meta name=\"twitter:card\" content=\"summary_large_image\" \/>\n<meta name=\"twitter:label1\" content=\"Escrit per\" \/>\n\t<meta name=\"twitter:data1\" content=\"masella\" \/>\n\t<meta name=\"twitter:label2\" content=\"Temps estimat de lectura\" \/>\n\t<meta name=\"twitter:data2\" content=\"1 minut\" \/>\n<script type=\"application\/ld+json\" class=\"yoast-schema-graph\">{\"@context\":\"https:\/\/schema.org\",\"@graph\":[{\"@type\":\"Article\",\"@id\":\"https:\/\/www.masella.com\/blog\/ca\/resultats-xiii-gp-cerdanya\/#article\",\"isPartOf\":{\"@id\":\"https:\/\/www.masella.com\/blog\/ca\/resultats-xiii-gp-cerdanya\/\"},\"author\":{\"name\":\"masella\",\"@id\":\"https:\/\/www.masella.com\/blog\/ca\/#\/schema\/person\/e32b971f5be20790c591d85b8f1c706b\"},\"headline\":\"RESULTATS XIII GP CERDANYA\",\"datePublished\":\"2018-01-14T16:16:43+00:00\",\"dateModified\":\"2022-06-01T06:33:35+00:00\",\"mainEntityOfPage\":{\"@id\":\"https:\/\/www.masella.com\/blog\/ca\/resultats-xiii-gp-cerdanya\/\"},\"wordCount\":168,\"publisher\":{\"@id\":\"https:\/\/www.masella.com\/blog\/ca\/#organization\"},\"articleSection\":[\"Actualitat\",\"Competici\u00f3\",\"Curses\"],\"inLanguage\":\"ca\"},{\"@type\":\"WebPage\",\"@id\":\"https:\/\/www.masella.com\/blog\/ca\/resultats-xiii-gp-cerdanya\/\",\"url\":\"https:\/\/www.masella.com\/blog\/ca\/resultats-xiii-gp-cerdanya\/\",\"name\":\"RESULTATS XIII GP CERDANYA - El Blog oficial de Masella\",\"isPartOf\":{\"@id\":\"https:\/\/www.masella.com\/blog\/ca\/#website\"},\"datePublished\":\"2018-01-14T16:16:43+00:00\",\"dateModified\":\"2022-06-01T06:33:35+00:00\",\"breadcrumb\":{\"@id\":\"https:\/\/www.masella.com\/blog\/ca\/resultats-xiii-gp-cerdanya\/#breadcrumb\"},\"inLanguage\":\"ca\",\"potentialAction\":[{\"@type\":\"ReadAction\",\"target\":[\"https:\/\/www.masella.com\/blog\/ca\/resultats-xiii-gp-cerdanya\/\"]}]},{\"@type\":\"BreadcrumbList\",\"@id\":\"https:\/\/www.masella.com\/blog\/ca\/resultats-xiii-gp-cerdanya\/#breadcrumb\",\"itemListElement\":[{\"@type\":\"ListItem\",\"position\":1,\"name\":\"Portada\",\"item\":\"https:\/\/www.masella.com\/blog\/ca\/\"},{\"@type\":\"ListItem\",\"position\":2,\"name\":\"RESULTATS XIII GP CERDANYA\"}]},{\"@type\":\"WebSite\",\"@id\":\"https:\/\/www.masella.com\/blog\/ca\/#website\",\"url\":\"https:\/\/www.masella.com\/blog\/ca\/\",\"name\":\"El Blog oficial de Masella\",\"description\":\"\",\"publisher\":{\"@id\":\"https:\/\/www.masella.com\/blog\/ca\/#organization\"},\"potentialAction\":[{\"@type\":\"SearchAction\",\"target\":{\"@type\":\"EntryPoint\",\"urlTemplate\":\"https:\/\/www.masella.com\/blog\/ca\/?s={search_term_string}\"},\"query-input\":\"required name=search_term_string\"}],\"inLanguage\":\"ca\"},{\"@type\":\"Organization\",\"@id\":\"https:\/\/www.masella.com\/blog\/ca\/#organization\",\"name\":\"El Blog oficial de Masella\",\"url\":\"https:\/\/www.masella.com\/blog\/ca\/\",\"logo\":{\"@type\":\"ImageObject\",\"inLanguage\":\"ca\",\"@id\":\"https:\/\/www.masella.com\/blog\/ca\/#\/schema\/logo\/image\/\",\"url\":\"https:\/\/www.masella.com\/blog\/wp-content\/uploads\/2022\/12\/cropped-logo-masella-cat.png\",\"contentUrl\":\"https:\/\/www.masella.com\/blog\/wp-content\/uploads\/2022\/12\/cropped-logo-masella-cat.png\",\"width\":150,\"height\":88,\"caption\":\"El Blog oficial de Masella\"},\"image\":{\"@id\":\"https:\/\/www.masella.com\/blog\/ca\/#\/schema\/logo\/image\/\"}},{\"@type\":\"Person\",\"@id\":\"https:\/\/www.masella.com\/blog\/ca\/#\/schema\/person\/e32b971f5be20790c591d85b8f1c706b\",\"name\":\"masella\",\"image\":{\"@type\":\"ImageObject\",\"inLanguage\":\"ca\",\"@id\":\"https:\/\/www.masella.com\/blog\/ca\/#\/schema\/person\/image\/\",\"url\":\"https:\/\/secure.gravatar.com\/avatar\/57590b1151eaa410a783e55768bbbba2?s=96&d=mm&r=g\",\"contentUrl\":\"https:\/\/secure.gravatar.com\/avatar\/57590b1151eaa410a783e55768bbbba2?s=96&d=mm&r=g\",\"caption\":\"masella\"},\"url\":\"https:\/\/www.masella.com\/blog\/ca\/author\/anna\/\"}]}<\/script>\n<!-- \/ Yoast SEO plugin. -->","yoast_head_json":{"title":"RESULTATS XIII GP CERDANYA - El Blog oficial de Masella","robots":{"index":"index","follow":"follow","max-snippet":"max-snippet:-1","max-image-preview":"max-image-preview:large","max-video-preview":"max-video-preview:-1"},"canonical":"https:\/\/www.masella.com\/blog\/ca\/resultats-xiii-gp-cerdanya\/","og_locale":"ca_ES","og_type":"article","og_title":"RESULTATS XIII GP CERDANYA - El Blog oficial de Masella","og_description":"\u00c8xit del ja cl\u00e0ssic GP Cerdanya, competici\u00f3 d&#8217;esqu\u00ed alp\u00ed en categoria U14 que enguany arribava a la tretzena edici\u00f3. Aquesta","og_url":"https:\/\/www.masella.com\/blog\/ca\/resultats-xiii-gp-cerdanya\/","og_site_name":"El Blog oficial de Masella","article_published_time":"2018-01-14T16:16:43+00:00","article_modified_time":"2022-06-01T06:33:35+00:00","og_image":[{"width":800,"height":450,"url":"https:\/\/www.masella.com\/blog\/wp-content\/uploads\/2018\/01\/bloggocerdanya1.jpg","type":"image\/jpeg"}],"author":"masella","twitter_card":"summary_large_image","twitter_misc":{"Escrit per":"masella","Temps estimat de lectura":"1 minut"},"schema":{"@context":"https:\/\/schema.org","@graph":[{"@type":"Article","@id":"https:\/\/www.masella.com\/blog\/ca\/resultats-xiii-gp-cerdanya\/#article","isPartOf":{"@id":"https:\/\/www.masella.com\/blog\/ca\/resultats-xiii-gp-cerdanya\/"},"author":{"name":"masella","@id":"https:\/\/www.masella.com\/blog\/ca\/#\/schema\/person\/e32b971f5be20790c591d85b8f1c706b"},"headline":"RESULTATS XIII GP CERDANYA","datePublished":"2018-01-14T16:16:43+00:00","dateModified":"2022-06-01T06:33:35+00:00","mainEntityOfPage":{"@id":"https:\/\/www.masella.com\/blog\/ca\/resultats-xiii-gp-cerdanya\/"},"wordCount":168,"publisher":{"@id":"https:\/\/www.masella.com\/blog\/ca\/#organization"},"articleSection":["Actualitat","Competici\u00f3","Curses"],"inLanguage":"ca"},{"@type":"WebPage","@id":"https:\/\/www.masella.com\/blog\/ca\/resultats-xiii-gp-cerdanya\/","url":"https:\/\/www.masella.com\/blog\/ca\/resultats-xiii-gp-cerdanya\/","name":"RESULTATS XIII GP CERDANYA - El Blog oficial de Masella","isPartOf":{"@id":"https:\/\/www.masella.com\/blog\/ca\/#website"},"datePublished":"2018-01-14T16:16:43+00:00","dateModified":"2022-06-01T06:33:35+00:00","breadcrumb":{"@id":"https:\/\/www.masella.com\/blog\/ca\/resultats-xiii-gp-cerdanya\/#breadcrumb"},"inLanguage":"ca","potentialAction":[{"@type":"ReadAction","target":["https:\/\/www.masella.com\/blog\/ca\/resultats-xiii-gp-cerdanya\/"]}]},{"@type":"BreadcrumbList","@id":"https:\/\/www.masella.com\/blog\/ca\/resultats-xiii-gp-cerdanya\/#breadcrumb","itemListElement":[{"@type":"ListItem","position":1,"name":"Portada","item":"https:\/\/www.masella.com\/blog\/ca\/"},{"@type":"ListItem","position":2,"name":"RESULTATS XIII GP CERDANYA"}]},{"@type":"WebSite","@id":"https:\/\/www.masella.com\/blog\/ca\/#website","url":"https:\/\/www.masella.com\/blog\/ca\/","name":"El Blog oficial de Masella","description":"","publisher":{"@id":"https:\/\/www.masella.com\/blog\/ca\/#organization"},"potentialAction":[{"@type":"SearchAction","target":{"@type":"EntryPoint","urlTemplate":"https:\/\/www.masella.com\/blog\/ca\/?s={search_term_string}"},"query-input":"required name=search_term_string"}],"inLanguage":"ca"},{"@type":"Organization","@id":"https:\/\/www.masella.com\/blog\/ca\/#organization","name":"El Blog oficial de Masella","url":"https:\/\/www.masella.com\/blog\/ca\/","logo":{"@type":"ImageObject","inLanguage":"ca","@id":"https:\/\/www.masella.com\/blog\/ca\/#\/schema\/logo\/image\/","url":"https:\/\/www.masella.com\/blog\/wp-content\/uploads\/2022\/12\/cropped-logo-masella-cat.png","contentUrl":"https:\/\/www.masella.com\/blog\/wp-content\/uploads\/2022\/12\/cropped-logo-masella-cat.png","width":150,"height":88,"caption":"El Blog oficial de Masella"},"image":{"@id":"https:\/\/www.masella.com\/blog\/ca\/#\/schema\/logo\/image\/"}},{"@type":"Person","@id":"https:\/\/www.masella.com\/blog\/ca\/#\/schema\/person\/e32b971f5be20790c591d85b8f1c706b","name":"masella","image":{"@type":"ImageObject","inLanguage":"ca","@id":"https:\/\/www.masella.com\/blog\/ca\/#\/schema\/person\/image\/","url":"https:\/\/secure.gravatar.com\/avatar\/57590b1151eaa410a783e55768bbbba2?s=96&d=mm&r=g","contentUrl":"https:\/\/secure.gravatar.com\/avatar\/57590b1151eaa410a783e55768bbbba2?s=96&d=mm&r=g","caption":"masella"},"url":"https:\/\/www.masella.com\/blog\/ca\/author\/anna\/"}]}},"_links":{"self":[{"href":"https:\/\/www.masella.com\/blog\/ca\/wp-json\/wp\/v2\/posts\/3049"}],"collection":[{"href":"https:\/\/www.masella.com\/blog\/ca\/wp-json\/wp\/v2\/posts"}],"about":[{"href":"https:\/\/www.masella.com\/blog\/ca\/wp-json\/wp\/v2\/types\/post"}],"author":[{"embeddable":true,"href":"https:\/\/www.masella.com\/blog\/ca\/wp-json\/wp\/v2\/users\/4"}],"replies":[{"embeddable":true,"href":"https:\/\/www.masella.com\/blog\/ca\/wp-json\/wp\/v2\/comments?post=3049"}],"version-history":[{"count":3,"href":"https:\/\/www.masella.com\/blog\/ca\/wp-json\/wp\/v2\/posts\/3049\/revisions"}],"predecessor-version":[{"id":3065,"href":"https:\/\/www.masella.com\/blog\/ca\/wp-json\/wp\/v2\/posts\/3049\/revisions\/3065"}],"wp:featuredmedia":[{"embeddable":true,"href":"https:\/\/www.masella.com\/blog\/ca\/wp-json\/wp\/v2\/media\/3056"}],"wp:attachment":[{"href":"https:\/\/www.masella.com\/blog\/ca\/wp-json\/wp\/v2\/media?parent=3049"}],"wp:term":[{"taxonomy":"category","embeddable":true,"href":"https:\/\/www.masella.com\/blog\/ca\/wp-json\/wp\/v2\/categories?post=3049"},{"taxonomy":"post_tag","embeddable":true,"href":"https:\/\/www.masella.com\/blog\/ca\/wp-json\/wp\/v2\/tags?post=3049"}],"curies":[{"name":"wp","href":"https:\/\/api.w.org\/{rel}","templated":true}]}}