{"id":3158,"date":"2018-02-08T14:01:33","date_gmt":"2018-02-08T14:01:33","guid":{"rendered":"http:\/\/www.masella.com\/blog\/?p=3158"},"modified":"2022-06-01T06:33:33","modified_gmt":"2022-06-01T06:33:33","slug":"nevada-historica-100-domini-obert-neu-pols","status":"publish","type":"post","link":"https:\/\/www.masella.com\/blog\/ca\/nevada-historica-100-domini-obert-neu-pols\/","title":{"rendered":"NEVADA HIST\u00d2RICA &#8211; 100% DOMINI OBERT I NEU POLS"},"content":{"rendered":"<p>Despr\u00e9s de la gran nevada que va caure a inicis de setmana, <strong>amb m\u00e9s d&#8217;un metre de neu acumulat durant l&#8217;episodi<\/strong>, han vingut dies de sol i molt de fred, ideals per a gaudir de Masella! La nevada ens garanteix l&#8217;obertura del 100% de l&#8217;estaci\u00f3 i unes condicions immillorables.<\/p>\n<p><a href=\"http:\/\/www.masella.com\/blog\/wp-content\/uploads\/2018\/02\/blogtotobert_3.jpg\"><img loading=\"lazy\" decoding=\"async\" class=\"alignnone size-full wp-image-3163\" src=\"http:\/\/www.masella.com\/blog\/wp-content\/uploads\/2018\/02\/blogtotobert_3.jpg\" alt=\"\" width=\"800\" height=\"600\" srcset=\"https:\/\/www.masella.com\/blog\/wp-content\/uploads\/2018\/02\/blogtotobert_3.jpg 800w, https:\/\/www.masella.com\/blog\/wp-content\/uploads\/2018\/02\/blogtotobert_3-300x225.jpg 300w, https:\/\/www.masella.com\/blog\/wp-content\/uploads\/2018\/02\/blogtotobert_3-768x576.jpg 768w\" sizes=\"(max-width: 800px) 100vw, 800px\" \/><\/a><\/p>\n<p>Ara mateix s&#8217;acumulen a Masella <strong>gruixos que van dels 150 als 245 cm de neu pols<\/strong>, <strong>tots els sectors de l&#8217;estaci\u00f3 s\u00f3n oberts<\/strong> i podreu esquiar pel 100% del domini si ens visiteu properament. La nevada ha estat hist\u00f2rica, el gruix acumulat en poques hores ha estat molt destacat, el risc d&#8217;allaus \u00e9s m\u00e0xim fora de les zones assegurades per l&#8217;estaci\u00f3. Demanem als esquiadors m\u00e0xima prud\u00e8ncia i recordem que l&#8217;esqu\u00ed fora pista dins el nostre domini no \u00e9s perm\u00e8s.<\/p>\n<p>&nbsp;<\/p>\n<p>Per a una informaci\u00f3 m\u00e9s complerta, podeu consultar en aquest enlla\u00e7 el <a href=\"http:\/\/www.icgc.cat\/Ciutada\/Explora-Catalunya\/Allaus\/Butlleti-de-Perill-d-Allaus-BPA\"><strong>butllet\u00ed de perill d&#8217;allaus<\/strong><\/a><strong> de l&#8217;Institut Cartogr\u00e0fic i Geol\u00f2gic de Catalunya<\/strong>.<\/p>\n<p><a href=\"http:\/\/www.masella.com\/blog\/wp-content\/uploads\/2018\/02\/blogtotobert2.jpg\"><img loading=\"lazy\" decoding=\"async\" class=\"alignnone size-full wp-image-3164\" src=\"http:\/\/www.masella.com\/blog\/wp-content\/uploads\/2018\/02\/blogtotobert2.jpg\" alt=\"\" width=\"800\" height=\"600\" srcset=\"https:\/\/www.masella.com\/blog\/wp-content\/uploads\/2018\/02\/blogtotobert2.jpg 800w, https:\/\/www.masella.com\/blog\/wp-content\/uploads\/2018\/02\/blogtotobert2-300x225.jpg 300w, https:\/\/www.masella.com\/blog\/wp-content\/uploads\/2018\/02\/blogtotobert2-768x576.jpg 768w\" sizes=\"(max-width: 800px) 100vw, 800px\" \/><\/a><\/p>\n<p>Els que ens visiteu aquesta setmana trobareu tot el domini obert amb pistes per a tots els gustos i nivells. <strong>Us recordem que ja est\u00e0 a la venda el forfet de 3 mesos de temporada, que per 290 euros us permetr\u00e0 gaudir de tota aquesta neu que ens garanteix una llarga temporada d&#8217;esqu\u00ed i snowboard<\/strong>. Podeu adquirir-lo a la nostra <a href=\"http:\/\/www.masella.com\/ca\/abonaments\/temporada\"><strong>botiga<\/strong> online<\/a> o a les <strong>Oficines d&#8217;Atenci\u00f3 a l&#8217;Esquiador.<\/strong><\/p>\n<p><a href=\"http:\/\/www.masella.com\/blog\/wp-content\/uploads\/2018\/02\/blogtotobert_1.jpg\"><img loading=\"lazy\" decoding=\"async\" class=\"alignnone size-full wp-image-3165\" src=\"http:\/\/www.masella.com\/blog\/wp-content\/uploads\/2018\/02\/blogtotobert_1.jpg\" alt=\"\" width=\"800\" height=\"600\" srcset=\"https:\/\/www.masella.com\/blog\/wp-content\/uploads\/2018\/02\/blogtotobert_1.jpg 800w, https:\/\/www.masella.com\/blog\/wp-content\/uploads\/2018\/02\/blogtotobert_1-300x225.jpg 300w, https:\/\/www.masella.com\/blog\/wp-content\/uploads\/2018\/02\/blogtotobert_1-768x576.jpg 768w\" sizes=\"(max-width: 800px) 100vw, 800px\" \/><\/a><\/p>\n","protected":false},"excerpt":{"rendered":"<p>Despr\u00e9s de la gran nevada que va caure a inicis de setmana, amb m\u00e9s d&#8217;un metre de neu acumulat durant<\/p>\n","protected":false},"author":4,"featured_media":3162,"comment_status":"closed","ping_status":"open","sticky":false,"template":"","format":"standard","meta":{"footnotes":""},"categories":[21,12,35,18],"tags":[],"yoast_head":"<!-- This site is optimized with the Yoast SEO plugin v21.5 - https:\/\/yoast.com\/wordpress\/plugins\/seo\/ -->\n<title>NEVADA HIST\u00d2RICA - 100% DOMINI OBERT I NEU POLS - El Blog oficial de Masella<\/title>\n<meta name=\"robots\" content=\"index, follow, max-snippet:-1, max-image-preview:large, max-video-preview:-1\" \/>\n<link rel=\"canonical\" href=\"https:\/\/www.masella.com\/blog\/ca\/nevada-historica-100-domini-obert-neu-pols\/\" \/>\n<meta property=\"og:locale\" content=\"ca_ES\" \/>\n<meta property=\"og:type\" content=\"article\" \/>\n<meta property=\"og:title\" content=\"NEVADA HIST\u00d2RICA - 100% DOMINI OBERT I NEU POLS - El Blog oficial de Masella\" \/>\n<meta property=\"og:description\" content=\"Despr\u00e9s de la gran nevada que va caure a inicis de setmana, amb m\u00e9s d&#8217;un metre de neu acumulat durant\" \/>\n<meta property=\"og:url\" content=\"https:\/\/www.masella.com\/blog\/ca\/nevada-historica-100-domini-obert-neu-pols\/\" \/>\n<meta property=\"og:site_name\" content=\"El Blog oficial de Masella\" \/>\n<meta property=\"article:published_time\" content=\"2018-02-08T14:01:33+00:00\" \/>\n<meta property=\"article:modified_time\" content=\"2022-06-01T06:33:33+00:00\" \/>\n<meta property=\"og:image\" content=\"https:\/\/www.masella.com\/blog\/wp-content\/uploads\/2018\/02\/blogtotobert_destacada.jpg\" \/>\n\t<meta property=\"og:image:width\" content=\"800\" \/>\n\t<meta property=\"og:image:height\" content=\"450\" \/>\n\t<meta property=\"og:image:type\" content=\"image\/jpeg\" \/>\n<meta name=\"author\" content=\"masella\" \/>\n<meta name=\"twitter:card\" content=\"summary_large_image\" \/>\n<meta name=\"twitter:label1\" content=\"Escrit per\" \/>\n\t<meta name=\"twitter:data1\" content=\"masella\" \/>\n\t<meta name=\"twitter:label2\" content=\"Temps estimat de lectura\" \/>\n\t<meta name=\"twitter:data2\" content=\"1 minut\" \/>\n<script type=\"application\/ld+json\" class=\"yoast-schema-graph\">{\"@context\":\"https:\/\/schema.org\",\"@graph\":[{\"@type\":\"Article\",\"@id\":\"https:\/\/www.masella.com\/blog\/ca\/nevada-historica-100-domini-obert-neu-pols\/#article\",\"isPartOf\":{\"@id\":\"https:\/\/www.masella.com\/blog\/ca\/nevada-historica-100-domini-obert-neu-pols\/\"},\"author\":{\"name\":\"masella\",\"@id\":\"https:\/\/www.masella.com\/blog\/ca\/#\/schema\/person\/e32b971f5be20790c591d85b8f1c706b\"},\"headline\":\"NEVADA HIST\u00d2RICA &#8211; 100% DOMINI OBERT I NEU POLS\",\"datePublished\":\"2018-02-08T14:01:33+00:00\",\"dateModified\":\"2022-06-01T06:33:33+00:00\",\"mainEntityOfPage\":{\"@id\":\"https:\/\/www.masella.com\/blog\/ca\/nevada-historica-100-domini-obert-neu-pols\/\"},\"wordCount\":249,\"publisher\":{\"@id\":\"https:\/\/www.masella.com\/blog\/ca\/#organization\"},\"articleSection\":[\"Actualitat\",\"M\u00e9teo\",\"Muntanya\",\"Ofertes\"],\"inLanguage\":\"ca\"},{\"@type\":\"WebPage\",\"@id\":\"https:\/\/www.masella.com\/blog\/ca\/nevada-historica-100-domini-obert-neu-pols\/\",\"url\":\"https:\/\/www.masella.com\/blog\/ca\/nevada-historica-100-domini-obert-neu-pols\/\",\"name\":\"NEVADA HIST\u00d2RICA - 100% DOMINI OBERT I NEU POLS - El Blog oficial de Masella\",\"isPartOf\":{\"@id\":\"https:\/\/www.masella.com\/blog\/ca\/#website\"},\"datePublished\":\"2018-02-08T14:01:33+00:00\",\"dateModified\":\"2022-06-01T06:33:33+00:00\",\"breadcrumb\":{\"@id\":\"https:\/\/www.masella.com\/blog\/ca\/nevada-historica-100-domini-obert-neu-pols\/#breadcrumb\"},\"inLanguage\":\"ca\",\"potentialAction\":[{\"@type\":\"ReadAction\",\"target\":[\"https:\/\/www.masella.com\/blog\/ca\/nevada-historica-100-domini-obert-neu-pols\/\"]}]},{\"@type\":\"BreadcrumbList\",\"@id\":\"https:\/\/www.masella.com\/blog\/ca\/nevada-historica-100-domini-obert-neu-pols\/#breadcrumb\",\"itemListElement\":[{\"@type\":\"ListItem\",\"position\":1,\"name\":\"Portada\",\"item\":\"https:\/\/www.masella.com\/blog\/ca\/\"},{\"@type\":\"ListItem\",\"position\":2,\"name\":\"NEVADA HIST\u00d2RICA &#8211; 100% DOMINI OBERT I NEU POLS\"}]},{\"@type\":\"WebSite\",\"@id\":\"https:\/\/www.masella.com\/blog\/ca\/#website\",\"url\":\"https:\/\/www.masella.com\/blog\/ca\/\",\"name\":\"El Blog oficial de Masella\",\"description\":\"\",\"publisher\":{\"@id\":\"https:\/\/www.masella.com\/blog\/ca\/#organization\"},\"potentialAction\":[{\"@type\":\"SearchAction\",\"target\":{\"@type\":\"EntryPoint\",\"urlTemplate\":\"https:\/\/www.masella.com\/blog\/ca\/?s={search_term_string}\"},\"query-input\":\"required name=search_term_string\"}],\"inLanguage\":\"ca\"},{\"@type\":\"Organization\",\"@id\":\"https:\/\/www.masella.com\/blog\/ca\/#organization\",\"name\":\"El Blog oficial de Masella\",\"url\":\"https:\/\/www.masella.com\/blog\/ca\/\",\"logo\":{\"@type\":\"ImageObject\",\"inLanguage\":\"ca\",\"@id\":\"https:\/\/www.masella.com\/blog\/ca\/#\/schema\/logo\/image\/\",\"url\":\"https:\/\/www.masella.com\/blog\/wp-content\/uploads\/2022\/12\/cropped-logo-masella-cat.png\",\"contentUrl\":\"https:\/\/www.masella.com\/blog\/wp-content\/uploads\/2022\/12\/cropped-logo-masella-cat.png\",\"width\":150,\"height\":88,\"caption\":\"El Blog oficial de Masella\"},\"image\":{\"@id\":\"https:\/\/www.masella.com\/blog\/ca\/#\/schema\/logo\/image\/\"}},{\"@type\":\"Person\",\"@id\":\"https:\/\/www.masella.com\/blog\/ca\/#\/schema\/person\/e32b971f5be20790c591d85b8f1c706b\",\"name\":\"masella\",\"image\":{\"@type\":\"ImageObject\",\"inLanguage\":\"ca\",\"@id\":\"https:\/\/www.masella.com\/blog\/ca\/#\/schema\/person\/image\/\",\"url\":\"https:\/\/secure.gravatar.com\/avatar\/57590b1151eaa410a783e55768bbbba2?s=96&d=mm&r=g\",\"contentUrl\":\"https:\/\/secure.gravatar.com\/avatar\/57590b1151eaa410a783e55768bbbba2?s=96&d=mm&r=g\",\"caption\":\"masella\"},\"url\":\"https:\/\/www.masella.com\/blog\/ca\/author\/anna\/\"}]}<\/script>\n<!-- \/ Yoast SEO plugin. -->","yoast_head_json":{"title":"NEVADA HIST\u00d2RICA - 100% DOMINI OBERT I NEU POLS - El Blog oficial de Masella","robots":{"index":"index","follow":"follow","max-snippet":"max-snippet:-1","max-image-preview":"max-image-preview:large","max-video-preview":"max-video-preview:-1"},"canonical":"https:\/\/www.masella.com\/blog\/ca\/nevada-historica-100-domini-obert-neu-pols\/","og_locale":"ca_ES","og_type":"article","og_title":"NEVADA HIST\u00d2RICA - 100% DOMINI OBERT I NEU POLS - El Blog oficial de Masella","og_description":"Despr\u00e9s de la gran nevada que va caure a inicis de setmana, amb m\u00e9s d&#8217;un metre de neu acumulat durant","og_url":"https:\/\/www.masella.com\/blog\/ca\/nevada-historica-100-domini-obert-neu-pols\/","og_site_name":"El Blog oficial de Masella","article_published_time":"2018-02-08T14:01:33+00:00","article_modified_time":"2022-06-01T06:33:33+00:00","og_image":[{"width":800,"height":450,"url":"https:\/\/www.masella.com\/blog\/wp-content\/uploads\/2018\/02\/blogtotobert_destacada.jpg","type":"image\/jpeg"}],"author":"masella","twitter_card":"summary_large_image","twitter_misc":{"Escrit per":"masella","Temps estimat de lectura":"1 minut"},"schema":{"@context":"https:\/\/schema.org","@graph":[{"@type":"Article","@id":"https:\/\/www.masella.com\/blog\/ca\/nevada-historica-100-domini-obert-neu-pols\/#article","isPartOf":{"@id":"https:\/\/www.masella.com\/blog\/ca\/nevada-historica-100-domini-obert-neu-pols\/"},"author":{"name":"masella","@id":"https:\/\/www.masella.com\/blog\/ca\/#\/schema\/person\/e32b971f5be20790c591d85b8f1c706b"},"headline":"NEVADA HIST\u00d2RICA &#8211; 100% DOMINI OBERT I NEU POLS","datePublished":"2018-02-08T14:01:33+00:00","dateModified":"2022-06-01T06:33:33+00:00","mainEntityOfPage":{"@id":"https:\/\/www.masella.com\/blog\/ca\/nevada-historica-100-domini-obert-neu-pols\/"},"wordCount":249,"publisher":{"@id":"https:\/\/www.masella.com\/blog\/ca\/#organization"},"articleSection":["Actualitat","M\u00e9teo","Muntanya","Ofertes"],"inLanguage":"ca"},{"@type":"WebPage","@id":"https:\/\/www.masella.com\/blog\/ca\/nevada-historica-100-domini-obert-neu-pols\/","url":"https:\/\/www.masella.com\/blog\/ca\/nevada-historica-100-domini-obert-neu-pols\/","name":"NEVADA HIST\u00d2RICA - 100% DOMINI OBERT I NEU POLS - El Blog oficial de Masella","isPartOf":{"@id":"https:\/\/www.masella.com\/blog\/ca\/#website"},"datePublished":"2018-02-08T14:01:33+00:00","dateModified":"2022-06-01T06:33:33+00:00","breadcrumb":{"@id":"https:\/\/www.masella.com\/blog\/ca\/nevada-historica-100-domini-obert-neu-pols\/#breadcrumb"},"inLanguage":"ca","potentialAction":[{"@type":"ReadAction","target":["https:\/\/www.masella.com\/blog\/ca\/nevada-historica-100-domini-obert-neu-pols\/"]}]},{"@type":"BreadcrumbList","@id":"https:\/\/www.masella.com\/blog\/ca\/nevada-historica-100-domini-obert-neu-pols\/#breadcrumb","itemListElement":[{"@type":"ListItem","position":1,"name":"Portada","item":"https:\/\/www.masella.com\/blog\/ca\/"},{"@type":"ListItem","position":2,"name":"NEVADA HIST\u00d2RICA &#8211; 100% DOMINI OBERT I NEU POLS"}]},{"@type":"WebSite","@id":"https:\/\/www.masella.com\/blog\/ca\/#website","url":"https:\/\/www.masella.com\/blog\/ca\/","name":"El Blog oficial de Masella","description":"","publisher":{"@id":"https:\/\/www.masella.com\/blog\/ca\/#organization"},"potentialAction":[{"@type":"SearchAction","target":{"@type":"EntryPoint","urlTemplate":"https:\/\/www.masella.com\/blog\/ca\/?s={search_term_string}"},"query-input":"required name=search_term_string"}],"inLanguage":"ca"},{"@type":"Organization","@id":"https:\/\/www.masella.com\/blog\/ca\/#organization","name":"El Blog oficial de Masella","url":"https:\/\/www.masella.com\/blog\/ca\/","logo":{"@type":"ImageObject","inLanguage":"ca","@id":"https:\/\/www.masella.com\/blog\/ca\/#\/schema\/logo\/image\/","url":"https:\/\/www.masella.com\/blog\/wp-content\/uploads\/2022\/12\/cropped-logo-masella-cat.png","contentUrl":"https:\/\/www.masella.com\/blog\/wp-content\/uploads\/2022\/12\/cropped-logo-masella-cat.png","width":150,"height":88,"caption":"El Blog oficial de Masella"},"image":{"@id":"https:\/\/www.masella.com\/blog\/ca\/#\/schema\/logo\/image\/"}},{"@type":"Person","@id":"https:\/\/www.masella.com\/blog\/ca\/#\/schema\/person\/e32b971f5be20790c591d85b8f1c706b","name":"masella","image":{"@type":"ImageObject","inLanguage":"ca","@id":"https:\/\/www.masella.com\/blog\/ca\/#\/schema\/person\/image\/","url":"https:\/\/secure.gravatar.com\/avatar\/57590b1151eaa410a783e55768bbbba2?s=96&d=mm&r=g","contentUrl":"https:\/\/secure.gravatar.com\/avatar\/57590b1151eaa410a783e55768bbbba2?s=96&d=mm&r=g","caption":"masella"},"url":"https:\/\/www.masella.com\/blog\/ca\/author\/anna\/"}]}},"_links":{"self":[{"href":"https:\/\/www.masella.com\/blog\/ca\/wp-json\/wp\/v2\/posts\/3158"}],"collection":[{"href":"https:\/\/www.masella.com\/blog\/ca\/wp-json\/wp\/v2\/posts"}],"about":[{"href":"https:\/\/www.masella.com\/blog\/ca\/wp-json\/wp\/v2\/types\/post"}],"author":[{"embeddable":true,"href":"https:\/\/www.masella.com\/blog\/ca\/wp-json\/wp\/v2\/users\/4"}],"replies":[{"embeddable":true,"href":"https:\/\/www.masella.com\/blog\/ca\/wp-json\/wp\/v2\/comments?post=3158"}],"version-history":[{"count":4,"href":"https:\/\/www.masella.com\/blog\/ca\/wp-json\/wp\/v2\/posts\/3158\/revisions"}],"predecessor-version":[{"id":3166,"href":"https:\/\/www.masella.com\/blog\/ca\/wp-json\/wp\/v2\/posts\/3158\/revisions\/3166"}],"wp:featuredmedia":[{"embeddable":true,"href":"https:\/\/www.masella.com\/blog\/ca\/wp-json\/wp\/v2\/media\/3162"}],"wp:attachment":[{"href":"https:\/\/www.masella.com\/blog\/ca\/wp-json\/wp\/v2\/media?parent=3158"}],"wp:term":[{"taxonomy":"category","embeddable":true,"href":"https:\/\/www.masella.com\/blog\/ca\/wp-json\/wp\/v2\/categories?post=3158"},{"taxonomy":"post_tag","embeddable":true,"href":"https:\/\/www.masella.com\/blog\/ca\/wp-json\/wp\/v2\/tags?post=3158"}],"curies":[{"name":"wp","href":"https:\/\/api.w.org\/{rel}","templated":true}]}}