{"id":3371,"date":"2018-05-04T08:53:34","date_gmt":"2018-05-04T08:53:34","guid":{"rendered":"http:\/\/www.masella.com\/blog\/?p=3371"},"modified":"2022-06-01T06:32:50","modified_gmt":"2022-06-01T06:32:50","slug":"balanc-duna-temporada-excepcional","status":"publish","type":"post","link":"https:\/\/www.masella.com\/blog\/ca\/balanc-duna-temporada-excepcional\/","title":{"rendered":"BALAN\u00c7 D&#8217;UNA TEMPORADA EXCEPCIONAL"},"content":{"rendered":"<p>Aquest dimarts, <strong><u>dia 1 de maig, Masella ha tancat la temporada 2017-18 d\u2019esqu\u00ed als Pirineus<\/u><\/strong>. I \u00e9s que l\u2019estaci\u00f3 de la Cerdanya ha sigut la darrera en tancar les seves instal\u00b7lacions de tota la serralada pirinenca.<\/p>\n<p><strong><u>La temporada 2017-18<\/u><\/strong>, en qu\u00e8 l\u2019estaci\u00f3 ha celebrat els seus 50 anys, <strong><u>ha sigut excepcionalment bona<\/u><\/strong>. Les nevades abundants i, sobretot, una aflu\u00e8ncia d\u2019esquiadors r\u00e8cord ens permet qualificar la <strong><u>temporada d\u2019hist\u00f2rica<\/u><\/strong>. La neu abundant i la moderna xarxa de neu produ\u00efda, una temporada m\u00e9s, ens ha perm\u00e8s oferir <strong><u>la temporada d\u2019esqu\u00ed m\u00e9s llarga dels Pirineus.<\/u><\/strong><\/p>\n<p><strong>UNA TEMPORADA MARCADA PER NEVADES MOLT ABUNDANTS<\/strong><\/p>\n<p><strong><u>La temporada va comen\u00e7ar molt aviat,<\/u><\/strong> el 10 de novembre, <strong><u>gr\u00e0cies als freds primerencs<\/u><\/strong> de la tardor. Aquestes baixes temperatures van permetre treure el m\u00e0xim rendiment de la moderna xarxa de neu optimitzant al m\u00e0xim les primeres finestres de fred per innivar les pistes. Amb el canvi de l\u2019any la in\u00e8rcia de la sequera de precipitacions dels darrers mesos es va acabar. De fet, <strong><u>el gener i especialment el febrer, el mar\u00e7 i l\u2019abril han sigut mesos de nevades abundants a tot el Pirineu.<\/u><\/strong> En el cas de <strong><u>Masella les nevades de l\u2019hivern han estat per sobre de la mitjana clim\u00e0tica<\/u><\/strong>. I, en particular, <strong><u>hi hagut molts episodis de neu molt destacats<\/u><\/strong>:<\/p>\n<p><strong><u>5 de febrer: &gt; 1 m en 24 h<\/u><\/strong> al Pla de Masella-1600 m (excepcional per la intensitat)<\/p>\n<p><strong><u>11 d\u2019abril: &gt;1 m<\/u><\/strong><u> <strong>en 72 h<\/strong><\/u> a la Tosa-2535 m<\/p>\n<p><strong><u>Els gruixos importants acumulats durant tota la temporada ens han perm\u00e8s arribar a 1 de maig amb bones condicions<\/u><\/strong>. De fet, a les cotes altes encara hi ha congestes amb m\u00e9s de 2 metres de gruix, que s\u00f3n una bona reserva d\u2019aigua per l\u2019estiu. I, a m\u00e9s, s\u2019ha arribat fins a final de temporada poden salvar els 935 m de desnivell poden esquiar fins a la base de l\u2019estaci\u00f3, a la cota 1600 m.<\/p>\n<p><a href=\"http:\/\/www.masella.com\/blog\/wp-content\/uploads\/2018\/02\/blogtotobert_1.jpg\"><img loading=\"lazy\" decoding=\"async\" class=\"alignnone size-full wp-image-3165\" src=\"http:\/\/www.masella.com\/blog\/wp-content\/uploads\/2018\/02\/blogtotobert_1.jpg\" alt=\"\" width=\"800\" height=\"600\" srcset=\"https:\/\/www.masella.com\/blog\/wp-content\/uploads\/2018\/02\/blogtotobert_1.jpg 800w, https:\/\/www.masella.com\/blog\/wp-content\/uploads\/2018\/02\/blogtotobert_1-300x225.jpg 300w, https:\/\/www.masella.com\/blog\/wp-content\/uploads\/2018\/02\/blogtotobert_1-768x576.jpg 768w\" sizes=\"(max-width: 800px) 100vw, 800px\" \/><\/a><\/p>\n<p><strong>AFLU\u00c8NCIA D\u2019ESQUIADORS HIST\u00d2RICA<\/strong><\/p>\n<p><strong><u>M\u00e9s de 500.000 esquiadors<\/u><\/strong> han gaudit de la temporada a Masella. \u00c9s la<strong> <u>xifra d\u2019aflu\u00e8ncia m\u00e9s important dels 50 anys de l\u2019estaci\u00f3. <\/u><\/strong>Aquesta xifra inclou els <strong><u>28.000 esquiadors que han gaudit de l\u2019Esqu\u00ed Nocturn<\/u><\/strong>, una oferta ara ja m\u00e9s que consolidada i en la que s\u2019ha pogut esquiar tots els dijous, dissabtes i alguns festius des de desembre fins el mar\u00e7.<\/p>\n<p>Aquest resultat excel\u00b7lent representa <strong><u>un increment del 18% en relaci\u00f3 a la temporada 2016-17<\/u><\/strong>, que ja va ser molt bona. I <strong><u>un increment del 46% en relaci\u00f3 a la temporada 2015-16<\/u><\/strong> en qu\u00e8 la neu natural no va ser tan generosa. La 2a temporada, dels 50 anys de Masella, amb m\u00e9s aflu\u00e8ncia va ser la 2008-09, amb 437.000 esquiadors.<\/p>\n<p><strong><u>La gran aflu\u00e8ncia d\u2019enguany \u00e9s fruit de les constants inversions per oferir la millor experi\u00e8ncia d\u2019esqu\u00ed<\/u><\/strong>: amb millores a les instal\u00b7lacions per garantir la neu, amb una moderna xarxa de remuntadors, amb un esfor\u00e7 notable per oferir els millors serveis a peu de pista i amb una oferta de productes comercials ben diversificats per adaptar-se al m\u00e0xim nombre de col\u00b7lectius. I, indubtablement, <strong><u>la gran aflu\u00e8ncia de la temporada tamb\u00e9 es beneficiaria de la neu abundant al llarg de tota la temporada<\/u><\/strong>. Des de Masella som molt conscients de l\u2019efecte crida que tenen els hiverns marcats pel fred i la neu abundant que es tradueixen sempre amb molts esquiadors a pistes.<\/p>\n<p><strong>LA TEMPORADA D\u2019ESQU\u00cd M\u00c9S LLARGA<\/strong><\/p>\n<p>El dia d\u2019<strong><u>inici de la temporada va ser el 10 de novembre de 2017<\/u><\/strong>, d\u2019aquesta manera Masella va ser la primera estaci\u00f3 en obrir de tota la Pen\u00ednsula Ib\u00e8rica i els Pirineus. La data de tancament ha sigut el dimarts, dia<strong> <u>1 de maig de 2018,<\/u><\/strong> d\u2019aquesta manera Masella ha sigut la darrera estaci\u00f3 en tancar de tots els Pirineus. <strong><u>La temporada ha tingut un total de 173 dies d\u2019esqu\u00ed ininterromputs<\/u><\/strong>, amb una llargada notable nom\u00e9s superada per la temporada 2008-09 amb 184 dies d\u2019esqu\u00ed.<\/p>\n<p><strong>ESDEVENIMENT DIFERENCIAL<\/strong><\/p>\n<p>Aquest any hem celebrat m\u00faltiples curses i esdeveniments, tal i com venim oferint les darreres temporades. <strong><u>El dia 3 de febrer vam fer un esdeveniment molt diferenciat amb la celebraci\u00f3 dels 50 anys de Masella.<\/u> <\/strong>Una <strong><u>baixada de torxes multitudin\u00e0ria amb 3000 participants<\/u><\/strong>, <strong><u>m\u00fasica en directe<\/u><\/strong> i un <strong><u>espectacular castell de focs artificials<\/u><\/strong> van posar la nota diferencial d\u2019una temporada hist\u00f2rica.<\/p>\n<p><a href=\"http:\/\/www.masella.com\/blog\/wp-content\/uploads\/2018\/02\/2018_02_03Focs3.jpg\"><img loading=\"lazy\" decoding=\"async\" class=\"alignnone size-full wp-image-3148\" src=\"http:\/\/www.masella.com\/blog\/wp-content\/uploads\/2018\/02\/2018_02_03Focs3.jpg\" alt=\"\" width=\"800\" height=\"600\" srcset=\"https:\/\/www.masella.com\/blog\/wp-content\/uploads\/2018\/02\/2018_02_03Focs3.jpg 800w, https:\/\/www.masella.com\/blog\/wp-content\/uploads\/2018\/02\/2018_02_03Focs3-300x225.jpg 300w, https:\/\/www.masella.com\/blog\/wp-content\/uploads\/2018\/02\/2018_02_03Focs3-768x576.jpg 768w\" sizes=\"(max-width: 800px) 100vw, 800px\" \/><\/a><\/p>\n<p><strong>LA TEMPORADA EN XIFRES<\/strong><\/p>\n<p>N\u00famero d\u2019esquiadors:<strong> <u>+500.000<\/u> <\/strong>(representa un increment del 18% en relaci\u00f3 a la temporada 2016-17). Inclou els <strong><u>28.000 esquiadors que han practicat l\u2019Esqu\u00ed Nocturn<\/u><\/strong>.<\/p>\n<p><strong>Data d\u2019obertura: <u>10 de novembre de 2017<\/u><\/strong><\/p>\n<p><strong>Data de tancament: <u>1 de maig de 2018<\/u><\/strong><\/p>\n<p><strong>N\u00famero de dies d\u2019esqu\u00ed: <u>173, \u00e9s a dir gaireb\u00e9 6 mesos.<\/u><\/strong><\/p>\n<p><strong>N\u00famero de nits d\u2019Esqu\u00ed Nocturn: <u>26<\/u><\/strong><\/p>\n","protected":false},"excerpt":{"rendered":"<p>Aquest dimarts, dia 1 de maig, Masella ha tancat la temporada 2017-18 d\u2019esqu\u00ed als Pirineus. I \u00e9s que l\u2019estaci\u00f3 de<\/p>\n","protected":false},"author":4,"featured_media":3372,"comment_status":"closed","ping_status":"open","sticky":false,"template":"","format":"standard","meta":{"footnotes":""},"categories":[21,35],"tags":[],"yoast_head":"<!-- This site is optimized with the Yoast SEO plugin v21.5 - https:\/\/yoast.com\/wordpress\/plugins\/seo\/ -->\n<title>BALAN\u00c7 D&#039;UNA TEMPORADA EXCEPCIONAL - El Blog oficial de Masella<\/title>\n<meta name=\"robots\" content=\"index, follow, max-snippet:-1, max-image-preview:large, max-video-preview:-1\" \/>\n<link rel=\"canonical\" href=\"https:\/\/www.masella.com\/blog\/ca\/balanc-duna-temporada-excepcional\/\" \/>\n<meta property=\"og:locale\" content=\"ca_ES\" \/>\n<meta property=\"og:type\" content=\"article\" \/>\n<meta property=\"og:title\" content=\"BALAN\u00c7 D&#039;UNA TEMPORADA EXCEPCIONAL - El Blog oficial de Masella\" \/>\n<meta property=\"og:description\" content=\"Aquest dimarts, dia 1 de maig, Masella ha tancat la temporada 2017-18 d\u2019esqu\u00ed als Pirineus. I \u00e9s que l\u2019estaci\u00f3 de\" \/>\n<meta property=\"og:url\" content=\"https:\/\/www.masella.com\/blog\/ca\/balanc-duna-temporada-excepcional\/\" \/>\n<meta property=\"og:site_name\" content=\"El Blog oficial de Masella\" \/>\n<meta property=\"article:published_time\" content=\"2018-05-04T08:53:34+00:00\" \/>\n<meta property=\"article:modified_time\" content=\"2022-06-01T06:32:50+00:00\" \/>\n<meta property=\"og:image\" content=\"https:\/\/www.masella.com\/blog\/wp-content\/uploads\/2018\/05\/P3050649.jpg\" \/>\n\t<meta property=\"og:image:width\" content=\"1200\" \/>\n\t<meta property=\"og:image:height\" content=\"900\" \/>\n\t<meta property=\"og:image:type\" content=\"image\/jpeg\" \/>\n<meta name=\"author\" content=\"masella\" \/>\n<meta name=\"twitter:card\" content=\"summary_large_image\" \/>\n<meta name=\"twitter:label1\" content=\"Escrit per\" \/>\n\t<meta name=\"twitter:data1\" content=\"masella\" \/>\n\t<meta name=\"twitter:label2\" content=\"Temps estimat de lectura\" \/>\n\t<meta name=\"twitter:data2\" content=\"4 minuts\" \/>\n<script type=\"application\/ld+json\" class=\"yoast-schema-graph\">{\"@context\":\"https:\/\/schema.org\",\"@graph\":[{\"@type\":\"Article\",\"@id\":\"https:\/\/www.masella.com\/blog\/ca\/balanc-duna-temporada-excepcional\/#article\",\"isPartOf\":{\"@id\":\"https:\/\/www.masella.com\/blog\/ca\/balanc-duna-temporada-excepcional\/\"},\"author\":{\"name\":\"masella\",\"@id\":\"https:\/\/www.masella.com\/blog\/ca\/#\/schema\/person\/e32b971f5be20790c591d85b8f1c706b\"},\"headline\":\"BALAN\u00c7 D&#8217;UNA TEMPORADA EXCEPCIONAL\",\"datePublished\":\"2018-05-04T08:53:34+00:00\",\"dateModified\":\"2022-06-01T06:32:50+00:00\",\"mainEntityOfPage\":{\"@id\":\"https:\/\/www.masella.com\/blog\/ca\/balanc-duna-temporada-excepcional\/\"},\"wordCount\":803,\"publisher\":{\"@id\":\"https:\/\/www.masella.com\/blog\/ca\/#organization\"},\"articleSection\":[\"Actualitat\",\"Muntanya\"],\"inLanguage\":\"ca\"},{\"@type\":\"WebPage\",\"@id\":\"https:\/\/www.masella.com\/blog\/ca\/balanc-duna-temporada-excepcional\/\",\"url\":\"https:\/\/www.masella.com\/blog\/ca\/balanc-duna-temporada-excepcional\/\",\"name\":\"BALAN\u00c7 D'UNA TEMPORADA EXCEPCIONAL - El Blog oficial de Masella\",\"isPartOf\":{\"@id\":\"https:\/\/www.masella.com\/blog\/ca\/#website\"},\"datePublished\":\"2018-05-04T08:53:34+00:00\",\"dateModified\":\"2022-06-01T06:32:50+00:00\",\"breadcrumb\":{\"@id\":\"https:\/\/www.masella.com\/blog\/ca\/balanc-duna-temporada-excepcional\/#breadcrumb\"},\"inLanguage\":\"ca\",\"potentialAction\":[{\"@type\":\"ReadAction\",\"target\":[\"https:\/\/www.masella.com\/blog\/ca\/balanc-duna-temporada-excepcional\/\"]}]},{\"@type\":\"BreadcrumbList\",\"@id\":\"https:\/\/www.masella.com\/blog\/ca\/balanc-duna-temporada-excepcional\/#breadcrumb\",\"itemListElement\":[{\"@type\":\"ListItem\",\"position\":1,\"name\":\"Portada\",\"item\":\"https:\/\/www.masella.com\/blog\/ca\/\"},{\"@type\":\"ListItem\",\"position\":2,\"name\":\"BALAN\u00c7 D&#8217;UNA TEMPORADA EXCEPCIONAL\"}]},{\"@type\":\"WebSite\",\"@id\":\"https:\/\/www.masella.com\/blog\/ca\/#website\",\"url\":\"https:\/\/www.masella.com\/blog\/ca\/\",\"name\":\"El Blog oficial de Masella\",\"description\":\"\",\"publisher\":{\"@id\":\"https:\/\/www.masella.com\/blog\/ca\/#organization\"},\"potentialAction\":[{\"@type\":\"SearchAction\",\"target\":{\"@type\":\"EntryPoint\",\"urlTemplate\":\"https:\/\/www.masella.com\/blog\/ca\/?s={search_term_string}\"},\"query-input\":\"required name=search_term_string\"}],\"inLanguage\":\"ca\"},{\"@type\":\"Organization\",\"@id\":\"https:\/\/www.masella.com\/blog\/ca\/#organization\",\"name\":\"El Blog oficial de Masella\",\"url\":\"https:\/\/www.masella.com\/blog\/ca\/\",\"logo\":{\"@type\":\"ImageObject\",\"inLanguage\":\"ca\",\"@id\":\"https:\/\/www.masella.com\/blog\/ca\/#\/schema\/logo\/image\/\",\"url\":\"https:\/\/www.masella.com\/blog\/wp-content\/uploads\/2022\/12\/cropped-logo-masella-cat.png\",\"contentUrl\":\"https:\/\/www.masella.com\/blog\/wp-content\/uploads\/2022\/12\/cropped-logo-masella-cat.png\",\"width\":150,\"height\":88,\"caption\":\"El Blog oficial de Masella\"},\"image\":{\"@id\":\"https:\/\/www.masella.com\/blog\/ca\/#\/schema\/logo\/image\/\"}},{\"@type\":\"Person\",\"@id\":\"https:\/\/www.masella.com\/blog\/ca\/#\/schema\/person\/e32b971f5be20790c591d85b8f1c706b\",\"name\":\"masella\",\"image\":{\"@type\":\"ImageObject\",\"inLanguage\":\"ca\",\"@id\":\"https:\/\/www.masella.com\/blog\/ca\/#\/schema\/person\/image\/\",\"url\":\"https:\/\/secure.gravatar.com\/avatar\/57590b1151eaa410a783e55768bbbba2?s=96&d=mm&r=g\",\"contentUrl\":\"https:\/\/secure.gravatar.com\/avatar\/57590b1151eaa410a783e55768bbbba2?s=96&d=mm&r=g\",\"caption\":\"masella\"},\"url\":\"https:\/\/www.masella.com\/blog\/ca\/author\/anna\/\"}]}<\/script>\n<!-- \/ Yoast SEO plugin. -->","yoast_head_json":{"title":"BALAN\u00c7 D'UNA TEMPORADA EXCEPCIONAL - El Blog oficial de Masella","robots":{"index":"index","follow":"follow","max-snippet":"max-snippet:-1","max-image-preview":"max-image-preview:large","max-video-preview":"max-video-preview:-1"},"canonical":"https:\/\/www.masella.com\/blog\/ca\/balanc-duna-temporada-excepcional\/","og_locale":"ca_ES","og_type":"article","og_title":"BALAN\u00c7 D'UNA TEMPORADA EXCEPCIONAL - El Blog oficial de Masella","og_description":"Aquest dimarts, dia 1 de maig, Masella ha tancat la temporada 2017-18 d\u2019esqu\u00ed als Pirineus. I \u00e9s que l\u2019estaci\u00f3 de","og_url":"https:\/\/www.masella.com\/blog\/ca\/balanc-duna-temporada-excepcional\/","og_site_name":"El Blog oficial de Masella","article_published_time":"2018-05-04T08:53:34+00:00","article_modified_time":"2022-06-01T06:32:50+00:00","og_image":[{"width":1200,"height":900,"url":"https:\/\/www.masella.com\/blog\/wp-content\/uploads\/2018\/05\/P3050649.jpg","type":"image\/jpeg"}],"author":"masella","twitter_card":"summary_large_image","twitter_misc":{"Escrit per":"masella","Temps estimat de lectura":"4 minuts"},"schema":{"@context":"https:\/\/schema.org","@graph":[{"@type":"Article","@id":"https:\/\/www.masella.com\/blog\/ca\/balanc-duna-temporada-excepcional\/#article","isPartOf":{"@id":"https:\/\/www.masella.com\/blog\/ca\/balanc-duna-temporada-excepcional\/"},"author":{"name":"masella","@id":"https:\/\/www.masella.com\/blog\/ca\/#\/schema\/person\/e32b971f5be20790c591d85b8f1c706b"},"headline":"BALAN\u00c7 D&#8217;UNA TEMPORADA EXCEPCIONAL","datePublished":"2018-05-04T08:53:34+00:00","dateModified":"2022-06-01T06:32:50+00:00","mainEntityOfPage":{"@id":"https:\/\/www.masella.com\/blog\/ca\/balanc-duna-temporada-excepcional\/"},"wordCount":803,"publisher":{"@id":"https:\/\/www.masella.com\/blog\/ca\/#organization"},"articleSection":["Actualitat","Muntanya"],"inLanguage":"ca"},{"@type":"WebPage","@id":"https:\/\/www.masella.com\/blog\/ca\/balanc-duna-temporada-excepcional\/","url":"https:\/\/www.masella.com\/blog\/ca\/balanc-duna-temporada-excepcional\/","name":"BALAN\u00c7 D'UNA TEMPORADA EXCEPCIONAL - El Blog oficial de Masella","isPartOf":{"@id":"https:\/\/www.masella.com\/blog\/ca\/#website"},"datePublished":"2018-05-04T08:53:34+00:00","dateModified":"2022-06-01T06:32:50+00:00","breadcrumb":{"@id":"https:\/\/www.masella.com\/blog\/ca\/balanc-duna-temporada-excepcional\/#breadcrumb"},"inLanguage":"ca","potentialAction":[{"@type":"ReadAction","target":["https:\/\/www.masella.com\/blog\/ca\/balanc-duna-temporada-excepcional\/"]}]},{"@type":"BreadcrumbList","@id":"https:\/\/www.masella.com\/blog\/ca\/balanc-duna-temporada-excepcional\/#breadcrumb","itemListElement":[{"@type":"ListItem","position":1,"name":"Portada","item":"https:\/\/www.masella.com\/blog\/ca\/"},{"@type":"ListItem","position":2,"name":"BALAN\u00c7 D&#8217;UNA TEMPORADA EXCEPCIONAL"}]},{"@type":"WebSite","@id":"https:\/\/www.masella.com\/blog\/ca\/#website","url":"https:\/\/www.masella.com\/blog\/ca\/","name":"El Blog oficial de Masella","description":"","publisher":{"@id":"https:\/\/www.masella.com\/blog\/ca\/#organization"},"potentialAction":[{"@type":"SearchAction","target":{"@type":"EntryPoint","urlTemplate":"https:\/\/www.masella.com\/blog\/ca\/?s={search_term_string}"},"query-input":"required name=search_term_string"}],"inLanguage":"ca"},{"@type":"Organization","@id":"https:\/\/www.masella.com\/blog\/ca\/#organization","name":"El Blog oficial de Masella","url":"https:\/\/www.masella.com\/blog\/ca\/","logo":{"@type":"ImageObject","inLanguage":"ca","@id":"https:\/\/www.masella.com\/blog\/ca\/#\/schema\/logo\/image\/","url":"https:\/\/www.masella.com\/blog\/wp-content\/uploads\/2022\/12\/cropped-logo-masella-cat.png","contentUrl":"https:\/\/www.masella.com\/blog\/wp-content\/uploads\/2022\/12\/cropped-logo-masella-cat.png","width":150,"height":88,"caption":"El Blog oficial de Masella"},"image":{"@id":"https:\/\/www.masella.com\/blog\/ca\/#\/schema\/logo\/image\/"}},{"@type":"Person","@id":"https:\/\/www.masella.com\/blog\/ca\/#\/schema\/person\/e32b971f5be20790c591d85b8f1c706b","name":"masella","image":{"@type":"ImageObject","inLanguage":"ca","@id":"https:\/\/www.masella.com\/blog\/ca\/#\/schema\/person\/image\/","url":"https:\/\/secure.gravatar.com\/avatar\/57590b1151eaa410a783e55768bbbba2?s=96&d=mm&r=g","contentUrl":"https:\/\/secure.gravatar.com\/avatar\/57590b1151eaa410a783e55768bbbba2?s=96&d=mm&r=g","caption":"masella"},"url":"https:\/\/www.masella.com\/blog\/ca\/author\/anna\/"}]}},"_links":{"self":[{"href":"https:\/\/www.masella.com\/blog\/ca\/wp-json\/wp\/v2\/posts\/3371"}],"collection":[{"href":"https:\/\/www.masella.com\/blog\/ca\/wp-json\/wp\/v2\/posts"}],"about":[{"href":"https:\/\/www.masella.com\/blog\/ca\/wp-json\/wp\/v2\/types\/post"}],"author":[{"embeddable":true,"href":"https:\/\/www.masella.com\/blog\/ca\/wp-json\/wp\/v2\/users\/4"}],"replies":[{"embeddable":true,"href":"https:\/\/www.masella.com\/blog\/ca\/wp-json\/wp\/v2\/comments?post=3371"}],"version-history":[{"count":3,"href":"https:\/\/www.masella.com\/blog\/ca\/wp-json\/wp\/v2\/posts\/3371\/revisions"}],"predecessor-version":[{"id":3375,"href":"https:\/\/www.masella.com\/blog\/ca\/wp-json\/wp\/v2\/posts\/3371\/revisions\/3375"}],"wp:featuredmedia":[{"embeddable":true,"href":"https:\/\/www.masella.com\/blog\/ca\/wp-json\/wp\/v2\/media\/3372"}],"wp:attachment":[{"href":"https:\/\/www.masella.com\/blog\/ca\/wp-json\/wp\/v2\/media?parent=3371"}],"wp:term":[{"taxonomy":"category","embeddable":true,"href":"https:\/\/www.masella.com\/blog\/ca\/wp-json\/wp\/v2\/categories?post=3371"},{"taxonomy":"post_tag","embeddable":true,"href":"https:\/\/www.masella.com\/blog\/ca\/wp-json\/wp\/v2\/tags?post=3371"}],"curies":[{"name":"wp","href":"https:\/\/api.w.org\/{rel}","templated":true}]}}