{"id":3617,"date":"2018-12-05T13:56:07","date_gmt":"2018-12-05T13:56:07","guid":{"rendered":"https:\/\/www.masella.com\/blog\/?p=3617"},"modified":"2022-06-01T06:32:34","modified_gmt":"2022-06-01T06:32:34","slug":"previsio-pel-pont-de-la-purissima","status":"publish","type":"post","link":"https:\/\/www.masella.com\/blog\/ca\/previsio-pel-pont-de-la-purissima\/","title":{"rendered":"PREVISI\u00d3 PEL PONT DE LA PUR\u00cdSSIMA DE 2018"},"content":{"rendered":"<p>De cara el Pont de la Pur\u00edssima, de 4 jornades d\u2019esqu\u00ed, a Masella es preveu un temps excel\u00b7lent amb sol i temperatures suaus durant el dia. I tenim previst obrir amb:<\/p>\n<ul>\n<li>Remuntadors oberts: 6 (telecadira Jumbo Tosa, telecadira de Coma Oriola, telecadira Masella Jet, teleesqu\u00ed de Debutants de Coma Oriola, teleesqu\u00ed de la Tosa i teleesqu\u00ed Rasos).<\/li>\n<li>Sectors, pistes i km oberts: Dues Estacions, Coma Pregona, La Tosa, Isards, Cap del Bosc, Bosc d\u2019Alp i Coma Oriola, amb 30 pistes que sumen 34 km.<\/li>\n<li>Desnivell oberts: Des de la Tosa al Tsd. Jumbo Tosa Inferior (635 m) i de la Tosa a Coma Oriola (585 m)<\/li>\n<li>Acc\u00e9s a pistes: Per Coma Oriola-1950 m i Pla de Masella-1600 m, amb el Tsd. Masella Jet obert de transport o tamb\u00e9 hi ha la opci\u00f3 de fer la \u00faltima baixada per Enamorats i Aparador, els \u00faltims 200 metres amb neu molt escassa, cal ser prudent.<\/li>\n<li>Bus retorn: A partir de les 13,00h hi haur\u00e0 un bus habilitat per transportar esquiadors de Coma Oriola al Pla de Masella.<\/li>\n<\/ul>\n<p><strong>PROMO ESPECIAL 10 FORFETS DE LLIURE ELECCI\u00d3:<\/strong><\/p>\n<p>A m\u00e9s, aquest Pont oferim una promoci\u00f3 amb un pack de forfets de lliure elecci\u00f3, que s\u00f3n transferibles, a un preu incre\u00efble. Amb aquesta promoci\u00f3 t&#8217;estalvies\u00a0 90 \u20ac.<\/p>\n<p><strong>10&#215;1 adult: 350 euros<\/strong><\/p>\n<p><strong>10&#215;1 infant: 260 euros<\/strong><\/p>\n<p><strong>DATA PREVISTA D\u2019OBERTURA DE L&#8217;ESQU\u00cd NOCTURN:<\/strong><\/p>\n<p>Per aquest desembre, si les condicions de la neu ho permeten, tenim previst obrir l&#8217;Esqu\u00ed Nocturn de cara el dissabte, dia 15 de desembre de 2018.<\/p>\n","protected":false},"excerpt":{"rendered":"<p>De cara el Pont de la Pur\u00edssima, de 4 jornades d\u2019esqu\u00ed, a Masella es preveu un temps excel\u00b7lent amb sol<\/p>\n","protected":false},"author":4,"featured_media":3618,"comment_status":"closed","ping_status":"open","sticky":false,"template":"","format":"standard","meta":{"footnotes":""},"categories":[21,12,35,24,18],"tags":[],"yoast_head":"<!-- This site is optimized with the Yoast SEO plugin v21.5 - https:\/\/yoast.com\/wordpress\/plugins\/seo\/ -->\n<title>PREVISI\u00d3 PEL PONT DE LA PUR\u00cdSSIMA DE 2018 - El Blog oficial de Masella<\/title>\n<meta name=\"robots\" content=\"index, follow, max-snippet:-1, max-image-preview:large, max-video-preview:-1\" \/>\n<link rel=\"canonical\" href=\"https:\/\/www.masella.com\/blog\/ca\/previsio-pel-pont-de-la-purissima\/\" \/>\n<meta property=\"og:locale\" content=\"ca_ES\" \/>\n<meta property=\"og:type\" content=\"article\" \/>\n<meta property=\"og:title\" content=\"PREVISI\u00d3 PEL PONT DE LA PUR\u00cdSSIMA DE 2018 - El Blog oficial de Masella\" \/>\n<meta property=\"og:description\" content=\"De cara el Pont de la Pur\u00edssima, de 4 jornades d\u2019esqu\u00ed, a Masella es preveu un temps excel\u00b7lent amb sol\" \/>\n<meta property=\"og:url\" content=\"https:\/\/www.masella.com\/blog\/ca\/previsio-pel-pont-de-la-purissima\/\" \/>\n<meta property=\"og:site_name\" content=\"El Blog oficial de Masella\" \/>\n<meta property=\"article:published_time\" content=\"2018-12-05T13:56:07+00:00\" \/>\n<meta property=\"article:modified_time\" content=\"2022-06-01T06:32:34+00:00\" \/>\n<meta property=\"og:image\" content=\"https:\/\/www.masella.com\/blog\/wp-content\/uploads\/2018\/12\/DSC03579.jpg\" \/>\n\t<meta property=\"og:image:width\" content=\"628\" \/>\n\t<meta property=\"og:image:height\" content=\"349\" \/>\n\t<meta property=\"og:image:type\" content=\"image\/jpeg\" \/>\n<meta name=\"author\" content=\"masella\" \/>\n<meta name=\"twitter:card\" content=\"summary_large_image\" \/>\n<meta name=\"twitter:label1\" content=\"Escrit per\" \/>\n\t<meta name=\"twitter:data1\" content=\"masella\" \/>\n\t<meta name=\"twitter:label2\" content=\"Temps estimat de lectura\" \/>\n\t<meta name=\"twitter:data2\" content=\"1 minut\" \/>\n<script type=\"application\/ld+json\" class=\"yoast-schema-graph\">{\"@context\":\"https:\/\/schema.org\",\"@graph\":[{\"@type\":\"Article\",\"@id\":\"https:\/\/www.masella.com\/blog\/ca\/previsio-pel-pont-de-la-purissima\/#article\",\"isPartOf\":{\"@id\":\"https:\/\/www.masella.com\/blog\/ca\/previsio-pel-pont-de-la-purissima\/\"},\"author\":{\"name\":\"masella\",\"@id\":\"https:\/\/www.masella.com\/blog\/ca\/#\/schema\/person\/e32b971f5be20790c591d85b8f1c706b\"},\"headline\":\"PREVISI\u00d3 PEL PONT DE LA PUR\u00cdSSIMA DE 2018\",\"datePublished\":\"2018-12-05T13:56:07+00:00\",\"dateModified\":\"2022-06-01T06:32:34+00:00\",\"mainEntityOfPage\":{\"@id\":\"https:\/\/www.masella.com\/blog\/ca\/previsio-pel-pont-de-la-purissima\/\"},\"wordCount\":255,\"publisher\":{\"@id\":\"https:\/\/www.masella.com\/blog\/ca\/#organization\"},\"articleSection\":[\"Actualitat\",\"M\u00e9teo\",\"Muntanya\",\"Nocturn\",\"Ofertes\"],\"inLanguage\":\"ca\"},{\"@type\":\"WebPage\",\"@id\":\"https:\/\/www.masella.com\/blog\/ca\/previsio-pel-pont-de-la-purissima\/\",\"url\":\"https:\/\/www.masella.com\/blog\/ca\/previsio-pel-pont-de-la-purissima\/\",\"name\":\"PREVISI\u00d3 PEL PONT DE LA PUR\u00cdSSIMA DE 2018 - El Blog oficial de Masella\",\"isPartOf\":{\"@id\":\"https:\/\/www.masella.com\/blog\/ca\/#website\"},\"datePublished\":\"2018-12-05T13:56:07+00:00\",\"dateModified\":\"2022-06-01T06:32:34+00:00\",\"breadcrumb\":{\"@id\":\"https:\/\/www.masella.com\/blog\/ca\/previsio-pel-pont-de-la-purissima\/#breadcrumb\"},\"inLanguage\":\"ca\",\"potentialAction\":[{\"@type\":\"ReadAction\",\"target\":[\"https:\/\/www.masella.com\/blog\/ca\/previsio-pel-pont-de-la-purissima\/\"]}]},{\"@type\":\"BreadcrumbList\",\"@id\":\"https:\/\/www.masella.com\/blog\/ca\/previsio-pel-pont-de-la-purissima\/#breadcrumb\",\"itemListElement\":[{\"@type\":\"ListItem\",\"position\":1,\"name\":\"Portada\",\"item\":\"https:\/\/www.masella.com\/blog\/ca\/\"},{\"@type\":\"ListItem\",\"position\":2,\"name\":\"PREVISI\u00d3 PEL PONT DE LA PUR\u00cdSSIMA DE 2018\"}]},{\"@type\":\"WebSite\",\"@id\":\"https:\/\/www.masella.com\/blog\/ca\/#website\",\"url\":\"https:\/\/www.masella.com\/blog\/ca\/\",\"name\":\"El Blog oficial de Masella\",\"description\":\"\",\"publisher\":{\"@id\":\"https:\/\/www.masella.com\/blog\/ca\/#organization\"},\"potentialAction\":[{\"@type\":\"SearchAction\",\"target\":{\"@type\":\"EntryPoint\",\"urlTemplate\":\"https:\/\/www.masella.com\/blog\/ca\/?s={search_term_string}\"},\"query-input\":\"required name=search_term_string\"}],\"inLanguage\":\"ca\"},{\"@type\":\"Organization\",\"@id\":\"https:\/\/www.masella.com\/blog\/ca\/#organization\",\"name\":\"El Blog oficial de Masella\",\"url\":\"https:\/\/www.masella.com\/blog\/ca\/\",\"logo\":{\"@type\":\"ImageObject\",\"inLanguage\":\"ca\",\"@id\":\"https:\/\/www.masella.com\/blog\/ca\/#\/schema\/logo\/image\/\",\"url\":\"https:\/\/www.masella.com\/blog\/wp-content\/uploads\/2022\/12\/cropped-logo-masella-cat.png\",\"contentUrl\":\"https:\/\/www.masella.com\/blog\/wp-content\/uploads\/2022\/12\/cropped-logo-masella-cat.png\",\"width\":150,\"height\":88,\"caption\":\"El Blog oficial de Masella\"},\"image\":{\"@id\":\"https:\/\/www.masella.com\/blog\/ca\/#\/schema\/logo\/image\/\"}},{\"@type\":\"Person\",\"@id\":\"https:\/\/www.masella.com\/blog\/ca\/#\/schema\/person\/e32b971f5be20790c591d85b8f1c706b\",\"name\":\"masella\",\"image\":{\"@type\":\"ImageObject\",\"inLanguage\":\"ca\",\"@id\":\"https:\/\/www.masella.com\/blog\/ca\/#\/schema\/person\/image\/\",\"url\":\"https:\/\/secure.gravatar.com\/avatar\/57590b1151eaa410a783e55768bbbba2?s=96&d=mm&r=g\",\"contentUrl\":\"https:\/\/secure.gravatar.com\/avatar\/57590b1151eaa410a783e55768bbbba2?s=96&d=mm&r=g\",\"caption\":\"masella\"},\"url\":\"https:\/\/www.masella.com\/blog\/ca\/author\/anna\/\"}]}<\/script>\n<!-- \/ Yoast SEO plugin. -->","yoast_head_json":{"title":"PREVISI\u00d3 PEL PONT DE LA PUR\u00cdSSIMA DE 2018 - El Blog oficial de Masella","robots":{"index":"index","follow":"follow","max-snippet":"max-snippet:-1","max-image-preview":"max-image-preview:large","max-video-preview":"max-video-preview:-1"},"canonical":"https:\/\/www.masella.com\/blog\/ca\/previsio-pel-pont-de-la-purissima\/","og_locale":"ca_ES","og_type":"article","og_title":"PREVISI\u00d3 PEL PONT DE LA PUR\u00cdSSIMA DE 2018 - El Blog oficial de Masella","og_description":"De cara el Pont de la Pur\u00edssima, de 4 jornades d\u2019esqu\u00ed, a Masella es preveu un temps excel\u00b7lent amb sol","og_url":"https:\/\/www.masella.com\/blog\/ca\/previsio-pel-pont-de-la-purissima\/","og_site_name":"El Blog oficial de Masella","article_published_time":"2018-12-05T13:56:07+00:00","article_modified_time":"2022-06-01T06:32:34+00:00","og_image":[{"width":628,"height":349,"url":"https:\/\/www.masella.com\/blog\/wp-content\/uploads\/2018\/12\/DSC03579.jpg","type":"image\/jpeg"}],"author":"masella","twitter_card":"summary_large_image","twitter_misc":{"Escrit per":"masella","Temps estimat de lectura":"1 minut"},"schema":{"@context":"https:\/\/schema.org","@graph":[{"@type":"Article","@id":"https:\/\/www.masella.com\/blog\/ca\/previsio-pel-pont-de-la-purissima\/#article","isPartOf":{"@id":"https:\/\/www.masella.com\/blog\/ca\/previsio-pel-pont-de-la-purissima\/"},"author":{"name":"masella","@id":"https:\/\/www.masella.com\/blog\/ca\/#\/schema\/person\/e32b971f5be20790c591d85b8f1c706b"},"headline":"PREVISI\u00d3 PEL PONT DE LA PUR\u00cdSSIMA DE 2018","datePublished":"2018-12-05T13:56:07+00:00","dateModified":"2022-06-01T06:32:34+00:00","mainEntityOfPage":{"@id":"https:\/\/www.masella.com\/blog\/ca\/previsio-pel-pont-de-la-purissima\/"},"wordCount":255,"publisher":{"@id":"https:\/\/www.masella.com\/blog\/ca\/#organization"},"articleSection":["Actualitat","M\u00e9teo","Muntanya","Nocturn","Ofertes"],"inLanguage":"ca"},{"@type":"WebPage","@id":"https:\/\/www.masella.com\/blog\/ca\/previsio-pel-pont-de-la-purissima\/","url":"https:\/\/www.masella.com\/blog\/ca\/previsio-pel-pont-de-la-purissima\/","name":"PREVISI\u00d3 PEL PONT DE LA PUR\u00cdSSIMA DE 2018 - El Blog oficial de Masella","isPartOf":{"@id":"https:\/\/www.masella.com\/blog\/ca\/#website"},"datePublished":"2018-12-05T13:56:07+00:00","dateModified":"2022-06-01T06:32:34+00:00","breadcrumb":{"@id":"https:\/\/www.masella.com\/blog\/ca\/previsio-pel-pont-de-la-purissima\/#breadcrumb"},"inLanguage":"ca","potentialAction":[{"@type":"ReadAction","target":["https:\/\/www.masella.com\/blog\/ca\/previsio-pel-pont-de-la-purissima\/"]}]},{"@type":"BreadcrumbList","@id":"https:\/\/www.masella.com\/blog\/ca\/previsio-pel-pont-de-la-purissima\/#breadcrumb","itemListElement":[{"@type":"ListItem","position":1,"name":"Portada","item":"https:\/\/www.masella.com\/blog\/ca\/"},{"@type":"ListItem","position":2,"name":"PREVISI\u00d3 PEL PONT DE LA PUR\u00cdSSIMA DE 2018"}]},{"@type":"WebSite","@id":"https:\/\/www.masella.com\/blog\/ca\/#website","url":"https:\/\/www.masella.com\/blog\/ca\/","name":"El Blog oficial de Masella","description":"","publisher":{"@id":"https:\/\/www.masella.com\/blog\/ca\/#organization"},"potentialAction":[{"@type":"SearchAction","target":{"@type":"EntryPoint","urlTemplate":"https:\/\/www.masella.com\/blog\/ca\/?s={search_term_string}"},"query-input":"required name=search_term_string"}],"inLanguage":"ca"},{"@type":"Organization","@id":"https:\/\/www.masella.com\/blog\/ca\/#organization","name":"El Blog oficial de Masella","url":"https:\/\/www.masella.com\/blog\/ca\/","logo":{"@type":"ImageObject","inLanguage":"ca","@id":"https:\/\/www.masella.com\/blog\/ca\/#\/schema\/logo\/image\/","url":"https:\/\/www.masella.com\/blog\/wp-content\/uploads\/2022\/12\/cropped-logo-masella-cat.png","contentUrl":"https:\/\/www.masella.com\/blog\/wp-content\/uploads\/2022\/12\/cropped-logo-masella-cat.png","width":150,"height":88,"caption":"El Blog oficial de Masella"},"image":{"@id":"https:\/\/www.masella.com\/blog\/ca\/#\/schema\/logo\/image\/"}},{"@type":"Person","@id":"https:\/\/www.masella.com\/blog\/ca\/#\/schema\/person\/e32b971f5be20790c591d85b8f1c706b","name":"masella","image":{"@type":"ImageObject","inLanguage":"ca","@id":"https:\/\/www.masella.com\/blog\/ca\/#\/schema\/person\/image\/","url":"https:\/\/secure.gravatar.com\/avatar\/57590b1151eaa410a783e55768bbbba2?s=96&d=mm&r=g","contentUrl":"https:\/\/secure.gravatar.com\/avatar\/57590b1151eaa410a783e55768bbbba2?s=96&d=mm&r=g","caption":"masella"},"url":"https:\/\/www.masella.com\/blog\/ca\/author\/anna\/"}]}},"_links":{"self":[{"href":"https:\/\/www.masella.com\/blog\/ca\/wp-json\/wp\/v2\/posts\/3617"}],"collection":[{"href":"https:\/\/www.masella.com\/blog\/ca\/wp-json\/wp\/v2\/posts"}],"about":[{"href":"https:\/\/www.masella.com\/blog\/ca\/wp-json\/wp\/v2\/types\/post"}],"author":[{"embeddable":true,"href":"https:\/\/www.masella.com\/blog\/ca\/wp-json\/wp\/v2\/users\/4"}],"replies":[{"embeddable":true,"href":"https:\/\/www.masella.com\/blog\/ca\/wp-json\/wp\/v2\/comments?post=3617"}],"version-history":[{"count":7,"href":"https:\/\/www.masella.com\/blog\/ca\/wp-json\/wp\/v2\/posts\/3617\/revisions"}],"predecessor-version":[{"id":3628,"href":"https:\/\/www.masella.com\/blog\/ca\/wp-json\/wp\/v2\/posts\/3617\/revisions\/3628"}],"wp:featuredmedia":[{"embeddable":true,"href":"https:\/\/www.masella.com\/blog\/ca\/wp-json\/wp\/v2\/media\/3618"}],"wp:attachment":[{"href":"https:\/\/www.masella.com\/blog\/ca\/wp-json\/wp\/v2\/media?parent=3617"}],"wp:term":[{"taxonomy":"category","embeddable":true,"href":"https:\/\/www.masella.com\/blog\/ca\/wp-json\/wp\/v2\/categories?post=3617"},{"taxonomy":"post_tag","embeddable":true,"href":"https:\/\/www.masella.com\/blog\/ca\/wp-json\/wp\/v2\/tags?post=3617"}],"curies":[{"name":"wp","href":"https:\/\/api.w.org\/{rel}","templated":true}]}}