{"id":3632,"date":"2018-12-09T15:48:27","date_gmt":"2018-12-09T15:48:27","guid":{"rendered":"https:\/\/www.masella.com\/blog\/?p=3632"},"modified":"2022-06-01T06:32:34","modified_gmt":"2022-06-01T06:32:34","slug":"jordi-ventura-de-la-botiga-pertot-masella-ens-explica-la-seva-vinculacio-amb-lestacio","status":"publish","type":"post","link":"https:\/\/www.masella.com\/blog\/ca\/jordi-ventura-de-la-botiga-pertot-masella-ens-explica-la-seva-vinculacio-amb-lestacio\/","title":{"rendered":"ENTREVISTA JORDI VENTURA, BOTIGA XTOT MASELLA"},"content":{"rendered":"<p><strong>Segur que alguna vegada haureu entrat a la seva botiga i ell mateix \u00e9s qui us ha estat atenent. O potser l&#8217;haureu vist per pistes provant uns esqu\u00eds o algun altre material. L&#8217;entrevista es va realitzar el 30 de novembre a l&#8217;altell de l&#8217;SkiBar de Masella. \u00bfI perqu\u00e8 en aquest bar? Llegiu l&#8217;entrevista i entendreu el perqu\u00e8&#8230;.<\/strong><\/p>\n<p><a href=\"https:\/\/www.masella.com\/blog\/wp-content\/uploads\/2018\/12\/jordi-ventura-imatge-blog.jpg\"><img loading=\"lazy\" decoding=\"async\" class=\"size-full wp-image-3695 aligncenter\" src=\"https:\/\/www.masella.com\/blog\/wp-content\/uploads\/2018\/12\/jordi-ventura-imatge-blog.jpg\" alt=\"\" width=\"1200\" height=\"900\" srcset=\"https:\/\/www.masella.com\/blog\/wp-content\/uploads\/2018\/12\/jordi-ventura-imatge-blog.jpg 1200w, https:\/\/www.masella.com\/blog\/wp-content\/uploads\/2018\/12\/jordi-ventura-imatge-blog-300x225.jpg 300w, https:\/\/www.masella.com\/blog\/wp-content\/uploads\/2018\/12\/jordi-ventura-imatge-blog-768x576.jpg 768w, https:\/\/www.masella.com\/blog\/wp-content\/uploads\/2018\/12\/jordi-ventura-imatge-blog-1024x768.jpg 1024w\" sizes=\"(max-width: 1200px) 100vw, 1200px\" \/><\/a><\/p>\n<ul>\n<li><strong>Jordi, explica&#8217;ns com i quan va ser el teu primer contacte amb Masella?<\/strong><br \/>\nVaig comen\u00e7ar a esquiar amb 11 o 12 anys amb el Club Esqu\u00ed Granollers. Recordo que puj\u00e0vem a esquiar amb autocar amb els meus amics a La Molina fins que anys despr\u00e9s tamb\u00e9 s&#8217;organitzava un bus per venir a Masella. Quan vaig fer els 18 anys i vaig treure&#8217;m el carnet de conduir i cotxe el primer que vaig fer va ser venir a esquiar a Masella.<\/li>\n<\/ul>\n<p>&nbsp;<\/p>\n<ul>\n<li><strong>I a esquiar amb el Club de Granollers va ser cosa dels teus pares? Ja eren esquiadors?<\/strong><br \/>\nNo, els meus pares no han esquiat mai ni v\u00e9nen del m\u00f3n de la neu. De fet va ser per un tema d&#8217;amistat, perqu\u00e8 els meus millors amics esquiaven amb el club cada dissabte i jo tamb\u00e9 m&#8217;hi vaig voler apuntar.<\/li>\n<\/ul>\n<p>&nbsp;<\/p>\n<ul>\n<li><strong>I amb 18 anys ja vas decidir pel teu compte venir a Masella&#8230;<\/strong><br \/>\nS\u00ed, correcte, un cop era jo qui decidia ja vaig tenir clar de venir a Masella, perqu\u00e8 m&#8217;agradava molt el seu entorn i perqu\u00e8 a mi i els meus amics ens agradava molt venir aqu\u00ed<\/li>\n<\/ul>\n<p>&nbsp;<\/p>\n<ul>\n<li><strong>Actualment a Masella hi tens un negoci propi, la botiga Pertot\u00a0Masella. Com va anar que passessis de ser client de l&#8217;estaci\u00f3 a ser un emprenedor amb negoci al peu de pistes?<\/strong><br \/>\nB\u00e9, \u00e9s una hist\u00f2ria una mica llarga. Quan vaig acabar els estudis i carrera d&#8217;enginyeria industrial, a Barcelona, em vaig quedar un parell d&#8217;anys a treballar per all\u00e0. En un moment donat vaig tenir la necessitat de tornar a connectar-me amb la neu i l&#8217;esqu\u00ed. Aleshores vaig decidir venir a fer tota una temporada a Masella esquiant en dies laborables i a la vegada treballant a l&#8217;SkiBar de cambrer els caps de setmana per assegurar-me uns ingressos.<br \/>\nA la temporada seg\u00fcent em van agafar per treballar a la botiga-lloguer d&#8217;aqu\u00ed al costat. En aquesta mateixa botiga van obrir una altra botiga, l&#8217;Ski&amp;Snow, en la qual em van posar a mi d&#8217;encarregat des del primer dia. Dos anys m\u00e9s tard vam arribar a un tracte i al final em vaig quedar definitivament la botiga, amb el meu amic Joan Esquirol com a soci, i canviant-li el nom. A dia d&#8217;avui \u00e9s el Pertot\u00a0Masella. Actualment tamb\u00e9 tenim una botiga a Puigcerd\u00e0 i un taller de manteniment i reparaci\u00f3 for\u00e7a m\u00e9s gran, amb maquin\u00e0ria darrera generaci\u00f3, situat al pol\u00edgon industrial Sant Marc.<\/li>\n<\/ul>\n<p>&nbsp;<\/p>\n<ul>\n<li><strong>Qui s\u00f3n els teus clients habituals de la botiga?<\/strong><br \/>\nIntentem oferir producte i servei per a tota mena de p\u00fablic. Tenim molt producte especialitzat en l&#8217;\u00e0mbit de competici\u00f3 i clubs que entrenen a Masella. Aix\u00f2 fa que molts dels membres d&#8217;aquests clubs o clients habituals de Masella siguin tamb\u00e9 clients del\u00a0Pertot\u00a0Masella. Per\u00f2 tamb\u00e9 tenim molt de client ocasional, que potser s&#8217;ha deixat els guants, les ulleres, el casc\u2026 o que necessita llogar material per esquiar.<\/li>\n<\/ul>\n<p style=\"text-align: center;\"><a href=\"https:\/\/www.masella.com\/blog\/wp-content\/uploads\/2018\/12\/IMG_3009.jpg\"><img loading=\"lazy\" decoding=\"async\" class=\"alignnone wp-image-3633 size-large\" src=\"https:\/\/www.masella.com\/blog\/wp-content\/uploads\/2018\/12\/IMG_3009-1024x768.jpg\" alt=\"\" width=\"800\" height=\"600\" srcset=\"https:\/\/www.masella.com\/blog\/wp-content\/uploads\/2018\/12\/IMG_3009-1024x768.jpg 1024w, https:\/\/www.masella.com\/blog\/wp-content\/uploads\/2018\/12\/IMG_3009-300x225.jpg 300w, https:\/\/www.masella.com\/blog\/wp-content\/uploads\/2018\/12\/IMG_3009-768x576.jpg 768w, https:\/\/www.masella.com\/blog\/wp-content\/uploads\/2018\/12\/IMG_3009.jpg 1200w\" sizes=\"(max-width: 800px) 100vw, 800px\" \/><\/a><\/p>\n<p style=\"text-align: center;\">&#8221; Va caure una nevada de 50 cm que va impedir esquiar a la part alta per\u00f2 recordo baixar per tots els racons possibles entre boscos.<\/p>\n<p style=\"text-align: center;\">Vam quedar exhausts, no vam ni dinar. Encara en guardo les fotos.&#8221;.<\/p>\n<p>&nbsp;<\/p>\n<ul>\n<li><strong>Hi ha algun producte exclusiu al Xtot Masella quant a marques o serveis?<\/strong><br \/>\nLa botiga est\u00e0 segmentada en tres \u00e0mbits o especialitats. La botiga de material, el lloguer de material i el taller de reparaci\u00f3.<br \/>\nPel que fa a botiga tenim marques com Rossignol, Dynastar, Fischer, Vist, Lange, Leki&#8230;\u00a0Material de competici\u00f3 i material\u00a0d&#8217;alta gamma i \u00a0mitjana, en el conjunt de totes les marques totes. I de lloguer tenim material de totes les edats i gammes i sempre material d&#8217;esqu\u00ed-test, per tal que el client pugui provar el material abans de comprar-lo.<\/li>\n<\/ul>\n<p>&nbsp;<\/p>\n<ul>\n<li><strong>Qui seria la teva compet\u00e8ncia?<\/strong><br \/>\nA escala de competici\u00f3 penso que b\u00e0sicament som dues botigues a la Cerdanya que donem aquest servei i producte.<br \/>\nQuant a material dur, botes i esqu\u00eds, penso que la gran compet\u00e8ncia \u00e9s la botiga online que pots trobar a internet. Amb aquests no hi podem competir per preu, per\u00f2 s\u00ed en servei. Per aix\u00f2 oferim assessorament t\u00e8cnic i professional, aix\u00ed com serveis tipus bootfiting, plantilles a mida,&#8230;<\/li>\n<\/ul>\n<p>&nbsp;<\/p>\n<ul>\n<li><strong>I quan trobes temps per anar a esquiar?<\/strong><br \/>\nM&#8217;hi escapo entre setmana perqu\u00e8 els dies festius o caps de setmana \u00e9s impossible, \u00e9s quan tenim el gran volum de feina i vendes, aix\u00ed que aprofito entre setmana, entre tres i quatre dies per escapar-me un parell d&#8217;hores, a vegades per lleure, a vegades per feina, ja sigui per acompanyar un client, per testejar algun producte o per altres motius.<\/li>\n<\/ul>\n<p>&nbsp;<\/p>\n<ul>\n<li><strong>Qu\u00e8 t\u00e9 Masella que la fa \u00fanica?<\/strong><br \/>\nJo crec que el seu entorn, i quan parlo d&#8217;entorn em refereixo al seu bosc, perqu\u00e8 no hi ha gaires estacions que tinguin tanta pista entre boscos al Pirineu. A m\u00e9s t\u00e9 una neu que s&#8217;hi conserva molt b\u00e9 a la part baixa. A part, les pistes altes tenen magn\u00edfiques panor\u00e0miques i caldria afegir-hi que la neu es treballa molt b\u00e9 per part dels seus maquinistes.<\/li>\n<\/ul>\n<p>&nbsp;<\/p>\n<ul>\n<li><strong>Quina terrassa ens recomanes de Masella per aturar-nos-hi a prendre alguna cosa?<\/strong><br \/>\nPer a mi Cap de Bosc, ja que \u00e9s una terrassa molt solejada amb forma de mirador cap a sud, cap a les pistes de la Tosa. Ideal per descansar, per\u00f2 tamb\u00e9 m&#8217;agrada molt la de Coma Oriola.<\/li>\n<\/ul>\n<p>&nbsp;<\/p>\n<ul>\n<li><strong>Quin lloc ens recomanes per fer-nos una bona selfie, ara que s&#8217;han posat tan de moda?<\/strong><br \/>\nPenso que en primer lloc he de senyalar cap a dalt de tot a la Tosa. I recomanaria caminar una miqueta i escapar-se un moment fins a dalt de tot, a les antenes, ja que les panor\u00e0miques s\u00f3n \u00faniques i \u00e9s un lloc molt emblem\u00e0tic de la muntanya. Per\u00f2 tamb\u00e9 destacaria les canals de coma pregona, desferracavalls i les de Mitja lluna i l&#8217;Embut. Fer-se una foto all\u00e0 quan est\u00e0 tot ben nevat penso que \u00e9s molt recomanable per a una selfie.<\/li>\n<\/ul>\n<p>&nbsp;<\/p>\n<ul>\n<li><strong>Un record molt especial que tinguis d&#8217;alguna esquiada per Masella?<\/strong><br \/>\nEn tinc molts, per\u00f2 si nom\u00e9s n&#8217;he d&#8217;esmentar un&#8230; el primer dia que vaig pujar a esquiar amb els meus amics una setmana despr\u00e9s de treure&#8217;m el carnet de conduir. Va caure una nevada de 50 cm que va impedir esquiar a la part alta per\u00f2 recordo baixar per tots els racons possibles entre boscos. Vam quedar exhausts, no vam ni dinar. Encara en guardo les fotos.<\/li>\n<\/ul>\n<p>&nbsp;<\/p>\n<ul>\n<li><strong>Per alg\u00fa que no hagi esquiat mai a Masella, qu\u00e8 els diries perqu\u00e8 s&#8217;animin a visitar l&#8217;estaci\u00f3?<\/strong>Hi trobaran una estaci\u00f3 familiar en ambient i molt variada quant a pistes, apta per a esquiadors exigents i debutants o de nivell mitj\u00e0 a l&#8217;hora, i amb una de les millors neus del Pirineu gr\u00e0cies a la seva orientaci\u00f3. Masella \u00e9s una estaci\u00f3 que per als qui no la coneixen necessitaran dies per acabar-se-la!<\/li>\n<\/ul>\n","protected":false},"excerpt":{"rendered":"<p>Segur que alguna vegada haureu entrat a la seva botiga i ell mateix \u00e9s qui us ha estat atenent. O<\/p>\n","protected":false},"author":4,"featured_media":3698,"comment_status":"closed","ping_status":"open","sticky":false,"template":"","format":"standard","meta":{"footnotes":""},"categories":[60],"tags":[],"yoast_head":"<!-- This site is optimized with the Yoast SEO plugin v21.5 - https:\/\/yoast.com\/wordpress\/plugins\/seo\/ -->\n<title>ENTREVISTA JORDI VENTURA, BOTIGA XTOT MASELLA - El Blog oficial de Masella<\/title>\n<meta name=\"robots\" content=\"index, follow, max-snippet:-1, max-image-preview:large, max-video-preview:-1\" \/>\n<link rel=\"canonical\" href=\"https:\/\/www.masella.com\/blog\/ca\/jordi-ventura-de-la-botiga-pertot-masella-ens-explica-la-seva-vinculacio-amb-lestacio\/\" \/>\n<meta property=\"og:locale\" content=\"ca_ES\" \/>\n<meta property=\"og:type\" content=\"article\" \/>\n<meta property=\"og:title\" content=\"ENTREVISTA JORDI VENTURA, BOTIGA XTOT MASELLA - El Blog oficial de Masella\" \/>\n<meta property=\"og:description\" content=\"Segur que alguna vegada haureu entrat a la seva botiga i ell mateix \u00e9s qui us ha estat atenent. O\" \/>\n<meta property=\"og:url\" content=\"https:\/\/www.masella.com\/blog\/ca\/jordi-ventura-de-la-botiga-pertot-masella-ens-explica-la-seva-vinculacio-amb-lestacio\/\" \/>\n<meta property=\"og:site_name\" content=\"El Blog oficial de Masella\" \/>\n<meta property=\"article:published_time\" content=\"2018-12-09T15:48:27+00:00\" \/>\n<meta property=\"article:modified_time\" content=\"2022-06-01T06:32:34+00:00\" \/>\n<meta property=\"og:image\" content=\"https:\/\/www.masella.com\/blog\/wp-content\/uploads\/2018\/12\/jordi-ventura-imatge-destacada-blog.jpg\" \/>\n\t<meta property=\"og:image:width\" content=\"628\" \/>\n\t<meta property=\"og:image:height\" content=\"349\" \/>\n\t<meta property=\"og:image:type\" content=\"image\/jpeg\" \/>\n<meta name=\"author\" content=\"masella\" \/>\n<meta name=\"twitter:card\" content=\"summary_large_image\" \/>\n<meta name=\"twitter:label1\" content=\"Escrit per\" \/>\n\t<meta name=\"twitter:data1\" content=\"masella\" \/>\n\t<meta name=\"twitter:label2\" content=\"Temps estimat de lectura\" \/>\n\t<meta name=\"twitter:data2\" content=\"6 minuts\" \/>\n<script type=\"application\/ld+json\" class=\"yoast-schema-graph\">{\"@context\":\"https:\/\/schema.org\",\"@graph\":[{\"@type\":\"Article\",\"@id\":\"https:\/\/www.masella.com\/blog\/ca\/jordi-ventura-de-la-botiga-pertot-masella-ens-explica-la-seva-vinculacio-amb-lestacio\/#article\",\"isPartOf\":{\"@id\":\"https:\/\/www.masella.com\/blog\/ca\/jordi-ventura-de-la-botiga-pertot-masella-ens-explica-la-seva-vinculacio-amb-lestacio\/\"},\"author\":{\"name\":\"masella\",\"@id\":\"https:\/\/www.masella.com\/blog\/ca\/#\/schema\/person\/e32b971f5be20790c591d85b8f1c706b\"},\"headline\":\"ENTREVISTA JORDI VENTURA, BOTIGA XTOT MASELLA\",\"datePublished\":\"2018-12-09T15:48:27+00:00\",\"dateModified\":\"2022-06-01T06:32:34+00:00\",\"mainEntityOfPage\":{\"@id\":\"https:\/\/www.masella.com\/blog\/ca\/jordi-ventura-de-la-botiga-pertot-masella-ens-explica-la-seva-vinculacio-amb-lestacio\/\"},\"wordCount\":1255,\"publisher\":{\"@id\":\"https:\/\/www.masella.com\/blog\/ca\/#organization\"},\"articleSection\":[\"Gent de Masella\"],\"inLanguage\":\"ca\"},{\"@type\":\"WebPage\",\"@id\":\"https:\/\/www.masella.com\/blog\/ca\/jordi-ventura-de-la-botiga-pertot-masella-ens-explica-la-seva-vinculacio-amb-lestacio\/\",\"url\":\"https:\/\/www.masella.com\/blog\/ca\/jordi-ventura-de-la-botiga-pertot-masella-ens-explica-la-seva-vinculacio-amb-lestacio\/\",\"name\":\"ENTREVISTA JORDI VENTURA, BOTIGA XTOT MASELLA - El Blog oficial de Masella\",\"isPartOf\":{\"@id\":\"https:\/\/www.masella.com\/blog\/ca\/#website\"},\"datePublished\":\"2018-12-09T15:48:27+00:00\",\"dateModified\":\"2022-06-01T06:32:34+00:00\",\"breadcrumb\":{\"@id\":\"https:\/\/www.masella.com\/blog\/ca\/jordi-ventura-de-la-botiga-pertot-masella-ens-explica-la-seva-vinculacio-amb-lestacio\/#breadcrumb\"},\"inLanguage\":\"ca\",\"potentialAction\":[{\"@type\":\"ReadAction\",\"target\":[\"https:\/\/www.masella.com\/blog\/ca\/jordi-ventura-de-la-botiga-pertot-masella-ens-explica-la-seva-vinculacio-amb-lestacio\/\"]}]},{\"@type\":\"BreadcrumbList\",\"@id\":\"https:\/\/www.masella.com\/blog\/ca\/jordi-ventura-de-la-botiga-pertot-masella-ens-explica-la-seva-vinculacio-amb-lestacio\/#breadcrumb\",\"itemListElement\":[{\"@type\":\"ListItem\",\"position\":1,\"name\":\"Portada\",\"item\":\"https:\/\/www.masella.com\/blog\/ca\/\"},{\"@type\":\"ListItem\",\"position\":2,\"name\":\"ENTREVISTA JORDI VENTURA, BOTIGA XTOT MASELLA\"}]},{\"@type\":\"WebSite\",\"@id\":\"https:\/\/www.masella.com\/blog\/ca\/#website\",\"url\":\"https:\/\/www.masella.com\/blog\/ca\/\",\"name\":\"El Blog oficial de Masella\",\"description\":\"\",\"publisher\":{\"@id\":\"https:\/\/www.masella.com\/blog\/ca\/#organization\"},\"potentialAction\":[{\"@type\":\"SearchAction\",\"target\":{\"@type\":\"EntryPoint\",\"urlTemplate\":\"https:\/\/www.masella.com\/blog\/ca\/?s={search_term_string}\"},\"query-input\":\"required name=search_term_string\"}],\"inLanguage\":\"ca\"},{\"@type\":\"Organization\",\"@id\":\"https:\/\/www.masella.com\/blog\/ca\/#organization\",\"name\":\"El Blog oficial de Masella\",\"url\":\"https:\/\/www.masella.com\/blog\/ca\/\",\"logo\":{\"@type\":\"ImageObject\",\"inLanguage\":\"ca\",\"@id\":\"https:\/\/www.masella.com\/blog\/ca\/#\/schema\/logo\/image\/\",\"url\":\"https:\/\/www.masella.com\/blog\/wp-content\/uploads\/2022\/12\/cropped-logo-masella-cat.png\",\"contentUrl\":\"https:\/\/www.masella.com\/blog\/wp-content\/uploads\/2022\/12\/cropped-logo-masella-cat.png\",\"width\":150,\"height\":88,\"caption\":\"El Blog oficial de Masella\"},\"image\":{\"@id\":\"https:\/\/www.masella.com\/blog\/ca\/#\/schema\/logo\/image\/\"}},{\"@type\":\"Person\",\"@id\":\"https:\/\/www.masella.com\/blog\/ca\/#\/schema\/person\/e32b971f5be20790c591d85b8f1c706b\",\"name\":\"masella\",\"image\":{\"@type\":\"ImageObject\",\"inLanguage\":\"ca\",\"@id\":\"https:\/\/www.masella.com\/blog\/ca\/#\/schema\/person\/image\/\",\"url\":\"https:\/\/secure.gravatar.com\/avatar\/57590b1151eaa410a783e55768bbbba2?s=96&d=mm&r=g\",\"contentUrl\":\"https:\/\/secure.gravatar.com\/avatar\/57590b1151eaa410a783e55768bbbba2?s=96&d=mm&r=g\",\"caption\":\"masella\"},\"url\":\"https:\/\/www.masella.com\/blog\/ca\/author\/anna\/\"}]}<\/script>\n<!-- \/ Yoast SEO plugin. -->","yoast_head_json":{"title":"ENTREVISTA JORDI VENTURA, BOTIGA XTOT MASELLA - El Blog oficial de Masella","robots":{"index":"index","follow":"follow","max-snippet":"max-snippet:-1","max-image-preview":"max-image-preview:large","max-video-preview":"max-video-preview:-1"},"canonical":"https:\/\/www.masella.com\/blog\/ca\/jordi-ventura-de-la-botiga-pertot-masella-ens-explica-la-seva-vinculacio-amb-lestacio\/","og_locale":"ca_ES","og_type":"article","og_title":"ENTREVISTA JORDI VENTURA, BOTIGA XTOT MASELLA - El Blog oficial de Masella","og_description":"Segur que alguna vegada haureu entrat a la seva botiga i ell mateix \u00e9s qui us ha estat atenent. O","og_url":"https:\/\/www.masella.com\/blog\/ca\/jordi-ventura-de-la-botiga-pertot-masella-ens-explica-la-seva-vinculacio-amb-lestacio\/","og_site_name":"El Blog oficial de Masella","article_published_time":"2018-12-09T15:48:27+00:00","article_modified_time":"2022-06-01T06:32:34+00:00","og_image":[{"width":628,"height":349,"url":"https:\/\/www.masella.com\/blog\/wp-content\/uploads\/2018\/12\/jordi-ventura-imatge-destacada-blog.jpg","type":"image\/jpeg"}],"author":"masella","twitter_card":"summary_large_image","twitter_misc":{"Escrit per":"masella","Temps estimat de lectura":"6 minuts"},"schema":{"@context":"https:\/\/schema.org","@graph":[{"@type":"Article","@id":"https:\/\/www.masella.com\/blog\/ca\/jordi-ventura-de-la-botiga-pertot-masella-ens-explica-la-seva-vinculacio-amb-lestacio\/#article","isPartOf":{"@id":"https:\/\/www.masella.com\/blog\/ca\/jordi-ventura-de-la-botiga-pertot-masella-ens-explica-la-seva-vinculacio-amb-lestacio\/"},"author":{"name":"masella","@id":"https:\/\/www.masella.com\/blog\/ca\/#\/schema\/person\/e32b971f5be20790c591d85b8f1c706b"},"headline":"ENTREVISTA JORDI VENTURA, BOTIGA XTOT MASELLA","datePublished":"2018-12-09T15:48:27+00:00","dateModified":"2022-06-01T06:32:34+00:00","mainEntityOfPage":{"@id":"https:\/\/www.masella.com\/blog\/ca\/jordi-ventura-de-la-botiga-pertot-masella-ens-explica-la-seva-vinculacio-amb-lestacio\/"},"wordCount":1255,"publisher":{"@id":"https:\/\/www.masella.com\/blog\/ca\/#organization"},"articleSection":["Gent de Masella"],"inLanguage":"ca"},{"@type":"WebPage","@id":"https:\/\/www.masella.com\/blog\/ca\/jordi-ventura-de-la-botiga-pertot-masella-ens-explica-la-seva-vinculacio-amb-lestacio\/","url":"https:\/\/www.masella.com\/blog\/ca\/jordi-ventura-de-la-botiga-pertot-masella-ens-explica-la-seva-vinculacio-amb-lestacio\/","name":"ENTREVISTA JORDI VENTURA, BOTIGA XTOT MASELLA - El Blog oficial de Masella","isPartOf":{"@id":"https:\/\/www.masella.com\/blog\/ca\/#website"},"datePublished":"2018-12-09T15:48:27+00:00","dateModified":"2022-06-01T06:32:34+00:00","breadcrumb":{"@id":"https:\/\/www.masella.com\/blog\/ca\/jordi-ventura-de-la-botiga-pertot-masella-ens-explica-la-seva-vinculacio-amb-lestacio\/#breadcrumb"},"inLanguage":"ca","potentialAction":[{"@type":"ReadAction","target":["https:\/\/www.masella.com\/blog\/ca\/jordi-ventura-de-la-botiga-pertot-masella-ens-explica-la-seva-vinculacio-amb-lestacio\/"]}]},{"@type":"BreadcrumbList","@id":"https:\/\/www.masella.com\/blog\/ca\/jordi-ventura-de-la-botiga-pertot-masella-ens-explica-la-seva-vinculacio-amb-lestacio\/#breadcrumb","itemListElement":[{"@type":"ListItem","position":1,"name":"Portada","item":"https:\/\/www.masella.com\/blog\/ca\/"},{"@type":"ListItem","position":2,"name":"ENTREVISTA JORDI VENTURA, BOTIGA XTOT MASELLA"}]},{"@type":"WebSite","@id":"https:\/\/www.masella.com\/blog\/ca\/#website","url":"https:\/\/www.masella.com\/blog\/ca\/","name":"El Blog oficial de Masella","description":"","publisher":{"@id":"https:\/\/www.masella.com\/blog\/ca\/#organization"},"potentialAction":[{"@type":"SearchAction","target":{"@type":"EntryPoint","urlTemplate":"https:\/\/www.masella.com\/blog\/ca\/?s={search_term_string}"},"query-input":"required name=search_term_string"}],"inLanguage":"ca"},{"@type":"Organization","@id":"https:\/\/www.masella.com\/blog\/ca\/#organization","name":"El Blog oficial de Masella","url":"https:\/\/www.masella.com\/blog\/ca\/","logo":{"@type":"ImageObject","inLanguage":"ca","@id":"https:\/\/www.masella.com\/blog\/ca\/#\/schema\/logo\/image\/","url":"https:\/\/www.masella.com\/blog\/wp-content\/uploads\/2022\/12\/cropped-logo-masella-cat.png","contentUrl":"https:\/\/www.masella.com\/blog\/wp-content\/uploads\/2022\/12\/cropped-logo-masella-cat.png","width":150,"height":88,"caption":"El Blog oficial de Masella"},"image":{"@id":"https:\/\/www.masella.com\/blog\/ca\/#\/schema\/logo\/image\/"}},{"@type":"Person","@id":"https:\/\/www.masella.com\/blog\/ca\/#\/schema\/person\/e32b971f5be20790c591d85b8f1c706b","name":"masella","image":{"@type":"ImageObject","inLanguage":"ca","@id":"https:\/\/www.masella.com\/blog\/ca\/#\/schema\/person\/image\/","url":"https:\/\/secure.gravatar.com\/avatar\/57590b1151eaa410a783e55768bbbba2?s=96&d=mm&r=g","contentUrl":"https:\/\/secure.gravatar.com\/avatar\/57590b1151eaa410a783e55768bbbba2?s=96&d=mm&r=g","caption":"masella"},"url":"https:\/\/www.masella.com\/blog\/ca\/author\/anna\/"}]}},"_links":{"self":[{"href":"https:\/\/www.masella.com\/blog\/ca\/wp-json\/wp\/v2\/posts\/3632"}],"collection":[{"href":"https:\/\/www.masella.com\/blog\/ca\/wp-json\/wp\/v2\/posts"}],"about":[{"href":"https:\/\/www.masella.com\/blog\/ca\/wp-json\/wp\/v2\/types\/post"}],"author":[{"embeddable":true,"href":"https:\/\/www.masella.com\/blog\/ca\/wp-json\/wp\/v2\/users\/4"}],"replies":[{"embeddable":true,"href":"https:\/\/www.masella.com\/blog\/ca\/wp-json\/wp\/v2\/comments?post=3632"}],"version-history":[{"count":5,"href":"https:\/\/www.masella.com\/blog\/ca\/wp-json\/wp\/v2\/posts\/3632\/revisions"}],"predecessor-version":[{"id":3697,"href":"https:\/\/www.masella.com\/blog\/ca\/wp-json\/wp\/v2\/posts\/3632\/revisions\/3697"}],"wp:featuredmedia":[{"embeddable":true,"href":"https:\/\/www.masella.com\/blog\/ca\/wp-json\/wp\/v2\/media\/3698"}],"wp:attachment":[{"href":"https:\/\/www.masella.com\/blog\/ca\/wp-json\/wp\/v2\/media?parent=3632"}],"wp:term":[{"taxonomy":"category","embeddable":true,"href":"https:\/\/www.masella.com\/blog\/ca\/wp-json\/wp\/v2\/categories?post=3632"},{"taxonomy":"post_tag","embeddable":true,"href":"https:\/\/www.masella.com\/blog\/ca\/wp-json\/wp\/v2\/tags?post=3632"}],"curies":[{"name":"wp","href":"https:\/\/api.w.org\/{rel}","templated":true}]}}