{"id":3639,"date":"2018-12-13T15:11:50","date_gmt":"2018-12-13T15:11:50","guid":{"rendered":"https:\/\/www.masella.com\/blog\/?p=3639"},"modified":"2022-06-01T06:32:34","modified_gmt":"2022-06-01T06:32:34","slug":"des-de-masella-col%c2%b7labora-amb-la-marato-de-tv3","status":"publish","type":"post","link":"https:\/\/www.masella.com\/blog\/ca\/des-de-masella-col%c2%b7labora-amb-la-marato-de-tv3\/","title":{"rendered":"DES DE MASELLA COL\u00b7LABORA AMB LA MARAT\u00d3 DE TV3"},"content":{"rendered":"<p>El diumenge 16 de desembre, la 27a edici\u00f3 de La Marat\u00f3 de TV3 i Catalunya R\u00e0dio destinar\u00e0 el seu esfor\u00e7 divulgatiu i impulsor de la recerca biom\u00e8dica al c\u00e0ncer, la primera causa de mort entre els homes i la segona entre les dones.<\/p>\n<p style=\"text-align: center;\"><a href=\"https:\/\/www.masella.com\/blog\/wp-content\/uploads\/2017\/12\/marato3.jpg\"><img loading=\"lazy\" decoding=\"async\" class=\"alignnone size-full wp-image-2915\" src=\"https:\/\/www.masella.com\/blog\/wp-content\/uploads\/2017\/12\/marato3.jpg\" alt=\"\" width=\"800\" height=\"450\" srcset=\"https:\/\/www.masella.com\/blog\/wp-content\/uploads\/2017\/12\/marato3.jpg 800w, https:\/\/www.masella.com\/blog\/wp-content\/uploads\/2017\/12\/marato3-300x169.jpg 300w, https:\/\/www.masella.com\/blog\/wp-content\/uploads\/2017\/12\/marato3-768x432.jpg 768w\" sizes=\"(max-width: 800px) 100vw, 800px\" \/><\/a><\/p>\n<p>Des de Masella podr\u00e0s col\u00b7laborar-hi amb l\u2019esl\u00e0lom paral\u00b7lel que s\u2019organitzar\u00e0 el diumenge a la pista Esl\u00e0lom la Pleta. Per participar-hi nom\u00e9s caldr\u00e0 fer un donatiu m\u00ednim de 2 \u20ac\/baixada i ser solidari amb aquesta acci\u00f3 que \u00e9s molt important per contribuir a la lluita contra el c\u00e0ncer a trav\u00e9s de La Marat\u00f3 de TV3. Aquesta acci\u00f3 s\u2019organitza gr\u00e0cies a la col\u00b7laboraci\u00f3 dels clubs i les escoles que habitualment esquien a l\u2019estaci\u00f3.<a href=\"https:\/\/www.masella.com\/blog\/wp-content\/uploads\/2018\/12\/ReclamLaMarato.jpg\"><img loading=\"lazy\" decoding=\"async\" class=\"size-full wp-image-3647 aligncenter\" src=\"https:\/\/www.masella.com\/blog\/wp-content\/uploads\/2018\/12\/ReclamLaMarato.jpg\" alt=\"\" width=\"1112\" height=\"192\" srcset=\"https:\/\/www.masella.com\/blog\/wp-content\/uploads\/2018\/12\/ReclamLaMarato.jpg 1112w, https:\/\/www.masella.com\/blog\/wp-content\/uploads\/2018\/12\/ReclamLaMarato-300x52.jpg 300w, https:\/\/www.masella.com\/blog\/wp-content\/uploads\/2018\/12\/ReclamLaMarato-768x133.jpg 768w, https:\/\/www.masella.com\/blog\/wp-content\/uploads\/2018\/12\/ReclamLaMarato-1024x177.jpg 1024w\" sizes=\"(max-width: 1112px) 100vw, 1112px\" \/><\/a><\/p>\n","protected":false},"excerpt":{"rendered":"<p>El diumenge 16 de desembre, la 27a edici\u00f3 de La Marat\u00f3 de TV3 i Catalunya R\u00e0dio destinar\u00e0 el seu esfor\u00e7<\/p>\n","protected":false},"author":4,"featured_media":3650,"comment_status":"closed","ping_status":"open","sticky":false,"template":"","format":"standard","meta":{"footnotes":""},"categories":[21,30,63,4],"tags":[],"yoast_head":"<!-- This site is optimized with the Yoast SEO plugin v21.5 - https:\/\/yoast.com\/wordpress\/plugins\/seo\/ -->\n<title>DES DE MASELLA COL\u00b7LABORA AMB LA MARAT\u00d3 DE TV3 - El Blog oficial de Masella<\/title>\n<meta name=\"robots\" content=\"index, follow, max-snippet:-1, max-image-preview:large, max-video-preview:-1\" \/>\n<link rel=\"canonical\" href=\"https:\/\/www.masella.com\/blog\/ca\/des-de-masella-col\u00b7labora-amb-la-marato-de-tv3\/\" \/>\n<meta property=\"og:locale\" content=\"ca_ES\" \/>\n<meta property=\"og:type\" content=\"article\" \/>\n<meta property=\"og:title\" content=\"DES DE MASELLA COL\u00b7LABORA AMB LA MARAT\u00d3 DE TV3 - El Blog oficial de Masella\" \/>\n<meta property=\"og:description\" content=\"El diumenge 16 de desembre, la 27a edici\u00f3 de La Marat\u00f3 de TV3 i Catalunya R\u00e0dio destinar\u00e0 el seu esfor\u00e7\" \/>\n<meta property=\"og:url\" content=\"https:\/\/www.masella.com\/blog\/ca\/des-de-masella-col\u00b7labora-amb-la-marato-de-tv3\/\" \/>\n<meta property=\"og:site_name\" content=\"El Blog oficial de Masella\" \/>\n<meta property=\"article:published_time\" content=\"2018-12-13T15:11:50+00:00\" \/>\n<meta property=\"article:modified_time\" content=\"2022-06-01T06:32:34+00:00\" \/>\n<meta property=\"og:image\" content=\"https:\/\/www.masella.com\/blog\/wp-content\/uploads\/2018\/12\/logomarato-3.jpg\" \/>\n\t<meta property=\"og:image:width\" content=\"628\" \/>\n\t<meta property=\"og:image:height\" content=\"349\" \/>\n\t<meta property=\"og:image:type\" content=\"image\/jpeg\" \/>\n<meta name=\"author\" content=\"masella\" \/>\n<meta name=\"twitter:card\" content=\"summary_large_image\" \/>\n<meta name=\"twitter:label1\" content=\"Escrit per\" \/>\n\t<meta name=\"twitter:data1\" content=\"masella\" \/>\n\t<meta name=\"twitter:label2\" content=\"Temps estimat de lectura\" \/>\n\t<meta name=\"twitter:data2\" content=\"1 minut\" \/>\n<script type=\"application\/ld+json\" class=\"yoast-schema-graph\">{\"@context\":\"https:\/\/schema.org\",\"@graph\":[{\"@type\":\"Article\",\"@id\":\"https:\/\/www.masella.com\/blog\/ca\/des-de-masella-col%c2%b7labora-amb-la-marato-de-tv3\/#article\",\"isPartOf\":{\"@id\":\"https:\/\/www.masella.com\/blog\/ca\/des-de-masella-col%c2%b7labora-amb-la-marato-de-tv3\/\"},\"author\":{\"name\":\"masella\",\"@id\":\"https:\/\/www.masella.com\/blog\/ca\/#\/schema\/person\/e32b971f5be20790c591d85b8f1c706b\"},\"headline\":\"DES DE MASELLA COL\u00b7LABORA AMB LA MARAT\u00d3 DE TV3\",\"datePublished\":\"2018-12-13T15:11:50+00:00\",\"dateModified\":\"2022-06-01T06:32:34+00:00\",\"mainEntityOfPage\":{\"@id\":\"https:\/\/www.masella.com\/blog\/ca\/des-de-masella-col%c2%b7labora-amb-la-marato-de-tv3\/\"},\"wordCount\":140,\"publisher\":{\"@id\":\"https:\/\/www.masella.com\/blog\/ca\/#organization\"},\"articleSection\":[\"Actualitat\",\"Curses\",\"Destacat\",\"sense categoria\"],\"inLanguage\":\"ca\"},{\"@type\":\"WebPage\",\"@id\":\"https:\/\/www.masella.com\/blog\/ca\/des-de-masella-col%c2%b7labora-amb-la-marato-de-tv3\/\",\"url\":\"https:\/\/www.masella.com\/blog\/ca\/des-de-masella-col%c2%b7labora-amb-la-marato-de-tv3\/\",\"name\":\"DES DE MASELLA COL\u00b7LABORA AMB LA MARAT\u00d3 DE TV3 - El Blog oficial de Masella\",\"isPartOf\":{\"@id\":\"https:\/\/www.masella.com\/blog\/ca\/#website\"},\"datePublished\":\"2018-12-13T15:11:50+00:00\",\"dateModified\":\"2022-06-01T06:32:34+00:00\",\"breadcrumb\":{\"@id\":\"https:\/\/www.masella.com\/blog\/ca\/des-de-masella-col%c2%b7labora-amb-la-marato-de-tv3\/#breadcrumb\"},\"inLanguage\":\"ca\",\"potentialAction\":[{\"@type\":\"ReadAction\",\"target\":[\"https:\/\/www.masella.com\/blog\/ca\/des-de-masella-col%c2%b7labora-amb-la-marato-de-tv3\/\"]}]},{\"@type\":\"BreadcrumbList\",\"@id\":\"https:\/\/www.masella.com\/blog\/ca\/des-de-masella-col%c2%b7labora-amb-la-marato-de-tv3\/#breadcrumb\",\"itemListElement\":[{\"@type\":\"ListItem\",\"position\":1,\"name\":\"Portada\",\"item\":\"https:\/\/www.masella.com\/blog\/ca\/\"},{\"@type\":\"ListItem\",\"position\":2,\"name\":\"DES DE MASELLA COL\u00b7LABORA AMB LA MARAT\u00d3 DE TV3\"}]},{\"@type\":\"WebSite\",\"@id\":\"https:\/\/www.masella.com\/blog\/ca\/#website\",\"url\":\"https:\/\/www.masella.com\/blog\/ca\/\",\"name\":\"El Blog oficial de Masella\",\"description\":\"\",\"publisher\":{\"@id\":\"https:\/\/www.masella.com\/blog\/ca\/#organization\"},\"potentialAction\":[{\"@type\":\"SearchAction\",\"target\":{\"@type\":\"EntryPoint\",\"urlTemplate\":\"https:\/\/www.masella.com\/blog\/ca\/?s={search_term_string}\"},\"query-input\":\"required name=search_term_string\"}],\"inLanguage\":\"ca\"},{\"@type\":\"Organization\",\"@id\":\"https:\/\/www.masella.com\/blog\/ca\/#organization\",\"name\":\"El Blog oficial de Masella\",\"url\":\"https:\/\/www.masella.com\/blog\/ca\/\",\"logo\":{\"@type\":\"ImageObject\",\"inLanguage\":\"ca\",\"@id\":\"https:\/\/www.masella.com\/blog\/ca\/#\/schema\/logo\/image\/\",\"url\":\"https:\/\/www.masella.com\/blog\/wp-content\/uploads\/2022\/12\/cropped-logo-masella-cat.png\",\"contentUrl\":\"https:\/\/www.masella.com\/blog\/wp-content\/uploads\/2022\/12\/cropped-logo-masella-cat.png\",\"width\":150,\"height\":88,\"caption\":\"El Blog oficial de Masella\"},\"image\":{\"@id\":\"https:\/\/www.masella.com\/blog\/ca\/#\/schema\/logo\/image\/\"}},{\"@type\":\"Person\",\"@id\":\"https:\/\/www.masella.com\/blog\/ca\/#\/schema\/person\/e32b971f5be20790c591d85b8f1c706b\",\"name\":\"masella\",\"image\":{\"@type\":\"ImageObject\",\"inLanguage\":\"ca\",\"@id\":\"https:\/\/www.masella.com\/blog\/ca\/#\/schema\/person\/image\/\",\"url\":\"https:\/\/secure.gravatar.com\/avatar\/57590b1151eaa410a783e55768bbbba2?s=96&d=mm&r=g\",\"contentUrl\":\"https:\/\/secure.gravatar.com\/avatar\/57590b1151eaa410a783e55768bbbba2?s=96&d=mm&r=g\",\"caption\":\"masella\"},\"url\":\"https:\/\/www.masella.com\/blog\/ca\/author\/anna\/\"}]}<\/script>\n<!-- \/ Yoast SEO plugin. -->","yoast_head_json":{"title":"DES DE MASELLA COL\u00b7LABORA AMB LA MARAT\u00d3 DE TV3 - El Blog oficial de Masella","robots":{"index":"index","follow":"follow","max-snippet":"max-snippet:-1","max-image-preview":"max-image-preview:large","max-video-preview":"max-video-preview:-1"},"canonical":"https:\/\/www.masella.com\/blog\/ca\/des-de-masella-col\u00b7labora-amb-la-marato-de-tv3\/","og_locale":"ca_ES","og_type":"article","og_title":"DES DE MASELLA COL\u00b7LABORA AMB LA MARAT\u00d3 DE TV3 - El Blog oficial de Masella","og_description":"El diumenge 16 de desembre, la 27a edici\u00f3 de La Marat\u00f3 de TV3 i Catalunya R\u00e0dio destinar\u00e0 el seu esfor\u00e7","og_url":"https:\/\/www.masella.com\/blog\/ca\/des-de-masella-col\u00b7labora-amb-la-marato-de-tv3\/","og_site_name":"El Blog oficial de Masella","article_published_time":"2018-12-13T15:11:50+00:00","article_modified_time":"2022-06-01T06:32:34+00:00","og_image":[{"width":628,"height":349,"url":"https:\/\/www.masella.com\/blog\/wp-content\/uploads\/2018\/12\/logomarato-3.jpg","type":"image\/jpeg"}],"author":"masella","twitter_card":"summary_large_image","twitter_misc":{"Escrit per":"masella","Temps estimat de lectura":"1 minut"},"schema":{"@context":"https:\/\/schema.org","@graph":[{"@type":"Article","@id":"https:\/\/www.masella.com\/blog\/ca\/des-de-masella-col%c2%b7labora-amb-la-marato-de-tv3\/#article","isPartOf":{"@id":"https:\/\/www.masella.com\/blog\/ca\/des-de-masella-col%c2%b7labora-amb-la-marato-de-tv3\/"},"author":{"name":"masella","@id":"https:\/\/www.masella.com\/blog\/ca\/#\/schema\/person\/e32b971f5be20790c591d85b8f1c706b"},"headline":"DES DE MASELLA COL\u00b7LABORA AMB LA MARAT\u00d3 DE TV3","datePublished":"2018-12-13T15:11:50+00:00","dateModified":"2022-06-01T06:32:34+00:00","mainEntityOfPage":{"@id":"https:\/\/www.masella.com\/blog\/ca\/des-de-masella-col%c2%b7labora-amb-la-marato-de-tv3\/"},"wordCount":140,"publisher":{"@id":"https:\/\/www.masella.com\/blog\/ca\/#organization"},"articleSection":["Actualitat","Curses","Destacat","sense categoria"],"inLanguage":"ca"},{"@type":"WebPage","@id":"https:\/\/www.masella.com\/blog\/ca\/des-de-masella-col%c2%b7labora-amb-la-marato-de-tv3\/","url":"https:\/\/www.masella.com\/blog\/ca\/des-de-masella-col%c2%b7labora-amb-la-marato-de-tv3\/","name":"DES DE MASELLA COL\u00b7LABORA AMB LA MARAT\u00d3 DE TV3 - El Blog oficial de Masella","isPartOf":{"@id":"https:\/\/www.masella.com\/blog\/ca\/#website"},"datePublished":"2018-12-13T15:11:50+00:00","dateModified":"2022-06-01T06:32:34+00:00","breadcrumb":{"@id":"https:\/\/www.masella.com\/blog\/ca\/des-de-masella-col%c2%b7labora-amb-la-marato-de-tv3\/#breadcrumb"},"inLanguage":"ca","potentialAction":[{"@type":"ReadAction","target":["https:\/\/www.masella.com\/blog\/ca\/des-de-masella-col%c2%b7labora-amb-la-marato-de-tv3\/"]}]},{"@type":"BreadcrumbList","@id":"https:\/\/www.masella.com\/blog\/ca\/des-de-masella-col%c2%b7labora-amb-la-marato-de-tv3\/#breadcrumb","itemListElement":[{"@type":"ListItem","position":1,"name":"Portada","item":"https:\/\/www.masella.com\/blog\/ca\/"},{"@type":"ListItem","position":2,"name":"DES DE MASELLA COL\u00b7LABORA AMB LA MARAT\u00d3 DE TV3"}]},{"@type":"WebSite","@id":"https:\/\/www.masella.com\/blog\/ca\/#website","url":"https:\/\/www.masella.com\/blog\/ca\/","name":"El Blog oficial de Masella","description":"","publisher":{"@id":"https:\/\/www.masella.com\/blog\/ca\/#organization"},"potentialAction":[{"@type":"SearchAction","target":{"@type":"EntryPoint","urlTemplate":"https:\/\/www.masella.com\/blog\/ca\/?s={search_term_string}"},"query-input":"required name=search_term_string"}],"inLanguage":"ca"},{"@type":"Organization","@id":"https:\/\/www.masella.com\/blog\/ca\/#organization","name":"El Blog oficial de Masella","url":"https:\/\/www.masella.com\/blog\/ca\/","logo":{"@type":"ImageObject","inLanguage":"ca","@id":"https:\/\/www.masella.com\/blog\/ca\/#\/schema\/logo\/image\/","url":"https:\/\/www.masella.com\/blog\/wp-content\/uploads\/2022\/12\/cropped-logo-masella-cat.png","contentUrl":"https:\/\/www.masella.com\/blog\/wp-content\/uploads\/2022\/12\/cropped-logo-masella-cat.png","width":150,"height":88,"caption":"El Blog oficial de Masella"},"image":{"@id":"https:\/\/www.masella.com\/blog\/ca\/#\/schema\/logo\/image\/"}},{"@type":"Person","@id":"https:\/\/www.masella.com\/blog\/ca\/#\/schema\/person\/e32b971f5be20790c591d85b8f1c706b","name":"masella","image":{"@type":"ImageObject","inLanguage":"ca","@id":"https:\/\/www.masella.com\/blog\/ca\/#\/schema\/person\/image\/","url":"https:\/\/secure.gravatar.com\/avatar\/57590b1151eaa410a783e55768bbbba2?s=96&d=mm&r=g","contentUrl":"https:\/\/secure.gravatar.com\/avatar\/57590b1151eaa410a783e55768bbbba2?s=96&d=mm&r=g","caption":"masella"},"url":"https:\/\/www.masella.com\/blog\/ca\/author\/anna\/"}]}},"_links":{"self":[{"href":"https:\/\/www.masella.com\/blog\/ca\/wp-json\/wp\/v2\/posts\/3639"}],"collection":[{"href":"https:\/\/www.masella.com\/blog\/ca\/wp-json\/wp\/v2\/posts"}],"about":[{"href":"https:\/\/www.masella.com\/blog\/ca\/wp-json\/wp\/v2\/types\/post"}],"author":[{"embeddable":true,"href":"https:\/\/www.masella.com\/blog\/ca\/wp-json\/wp\/v2\/users\/4"}],"replies":[{"embeddable":true,"href":"https:\/\/www.masella.com\/blog\/ca\/wp-json\/wp\/v2\/comments?post=3639"}],"version-history":[{"count":3,"href":"https:\/\/www.masella.com\/blog\/ca\/wp-json\/wp\/v2\/posts\/3639\/revisions"}],"predecessor-version":[{"id":3658,"href":"https:\/\/www.masella.com\/blog\/ca\/wp-json\/wp\/v2\/posts\/3639\/revisions\/3658"}],"wp:featuredmedia":[{"embeddable":true,"href":"https:\/\/www.masella.com\/blog\/ca\/wp-json\/wp\/v2\/media\/3650"}],"wp:attachment":[{"href":"https:\/\/www.masella.com\/blog\/ca\/wp-json\/wp\/v2\/media?parent=3639"}],"wp:term":[{"taxonomy":"category","embeddable":true,"href":"https:\/\/www.masella.com\/blog\/ca\/wp-json\/wp\/v2\/categories?post=3639"},{"taxonomy":"post_tag","embeddable":true,"href":"https:\/\/www.masella.com\/blog\/ca\/wp-json\/wp\/v2\/tags?post=3639"}],"curies":[{"name":"wp","href":"https:\/\/api.w.org\/{rel}","templated":true}]}}