{"id":3780,"date":"2019-01-08T11:50:24","date_gmt":"2019-01-08T11:50:24","guid":{"rendered":"https:\/\/www.masella.com\/blog\/?p=3780"},"modified":"2022-06-01T06:32:18","modified_gmt":"2022-06-01T06:32:18","slug":"convocatoria-beques-fundacioi","status":"publish","type":"post","link":"https:\/\/www.masella.com\/blog\/ca\/convocatoria-beques-fundacioi\/","title":{"rendered":"CONVOCAT\u00d2RIA BEQUES FUNDACI\u00d3 PRIVADA BOSCH AYMERICH"},"content":{"rendered":"<p>La Fundaci\u00f3 Privada Bosch Aymerich, propiet\u00e0ria de l&#8217;Estaci\u00f3 d&#8217;Esqu\u00ed de Masella,\u00a0convoca 20 beques, pels estudiants d&#8217;Alp, Das, Ur\u00fas i Bag\u00e0, per a cursar estudis de cicles de grau mitj\u00e0 o superior i estudis universitaris de grau. En concret es convoquen:<\/p>\n<p><strong>\u2022 20 beques per a cursar cicles de grau mig, superior, graus universitaris, amb una assignaci\u00f3 de 2.000 \u20ac\/beca.<\/strong><\/p>\n<p>Aquesta convocat\u00f2ria contempla totes les \u00e0rees de coneixement i est\u00e0 dirigida a totes aquelles persones que en el curs 2018-19 vulguin cursar algun dels estudis esmentats anteriorment i que compleixin amb els requisits establerts m\u00e9s endavant. Les beques van destinades a despeses relacionades amb els estudis en concepte de matr\u00edcules, manutenci\u00f3, despla\u00e7aments, material docent, llibres, etc.<\/p>\n<p><strong>DESCARREGA&#8217;T LES BASES DE LA CONVOCAT\u00d2RIA<\/strong> <a href=\"https:\/\/www.masella.com\/uploads\/tinymce\/20181214%20Bases%20Tercera%20Edici%C3%B3%20Beques%20Fundaci%C3%B3%20Privada%20Bosch%20Aymerich_.pdf\" target=\"_blank\" rel=\"noopener\">AQU\u00cd<\/a><\/p>\n<p><strong>DESCARREGA&#8217;T EL FORMULARI<\/strong>\u00a0<a href=\"https:\/\/www.masella.com\/uploads\/tinymce\/20181205%20Formulari%20solicitud%20beques%20-%20Tercera%20edici%C3%B3.pdf\" target=\"_blank\" rel=\"noopener\">AQU\u00cd<\/a><\/p>\n<p><a href=\"https:\/\/www.masella.com\/blog\/wp-content\/uploads\/2019\/01\/ActeFPBYAl.jpg\"><img loading=\"lazy\" decoding=\"async\" class=\"wp-image-3787 size-large aligncenter\" src=\"https:\/\/www.masella.com\/blog\/wp-content\/uploads\/2019\/01\/ActeFPBYAl-1024x768.jpg\" alt=\"\" width=\"800\" height=\"600\" srcset=\"https:\/\/www.masella.com\/blog\/wp-content\/uploads\/2019\/01\/ActeFPBYAl-1024x768.jpg 1024w, https:\/\/www.masella.com\/blog\/wp-content\/uploads\/2019\/01\/ActeFPBYAl-300x225.jpg 300w, https:\/\/www.masella.com\/blog\/wp-content\/uploads\/2019\/01\/ActeFPBYAl-768x576.jpg 768w, https:\/\/www.masella.com\/blog\/wp-content\/uploads\/2019\/01\/ActeFPBYAl.jpg 1200w\" sizes=\"(max-width: 800px) 100vw, 800px\" \/><\/a><\/p>\n<p>La convocat\u00f2ria s\u2019obre el dia de la seva publicaci\u00f3 al taulell d\u2019anuncis dels Ajuntaments d\u2019Alp, Das, Ur\u00fas i Bag\u00e0 i el lliurament de la documentaci\u00f3 en els respectius Ajuntaments finalitza el dia 25 de Gener del 2019, a les 14:00 h.<\/p>\n<p><a href=\"https:\/\/www.masella.com\/blog\/wp-content\/uploads\/2019\/01\/FPBYAFLKXA.jpg\"><img loading=\"lazy\" decoding=\"async\" class=\"size-full wp-image-3812 aligncenter\" src=\"https:\/\/www.masella.com\/blog\/wp-content\/uploads\/2019\/01\/FPBYAFLKXA.jpg\" alt=\"\" width=\"706\" height=\"84\" srcset=\"https:\/\/www.masella.com\/blog\/wp-content\/uploads\/2019\/01\/FPBYAFLKXA.jpg 706w, https:\/\/www.masella.com\/blog\/wp-content\/uploads\/2019\/01\/FPBYAFLKXA-300x36.jpg 300w\" sizes=\"(max-width: 706px) 100vw, 706px\" \/><\/a><\/p>\n","protected":false},"excerpt":{"rendered":"<p>La Fundaci\u00f3 Privada Bosch Aymerich, propiet\u00e0ria de l&#8217;Estaci\u00f3 d&#8217;Esqu\u00ed de Masella,\u00a0convoca 20 beques, pels estudiants d&#8217;Alp, Das, Ur\u00fas i Bag\u00e0,<\/p>\n","protected":false},"author":4,"featured_media":3781,"comment_status":"closed","ping_status":"open","sticky":false,"template":"","format":"standard","meta":{"footnotes":""},"categories":[29,21,49],"tags":[],"yoast_head":"<!-- This site is optimized with the Yoast SEO plugin v21.5 - https:\/\/yoast.com\/wordpress\/plugins\/seo\/ -->\n<title>CONVOCAT\u00d2RIA BEQUES FUNDACI\u00d3 PRIVADA BOSCH AYMERICH - El Blog oficial de Masella<\/title>\n<meta name=\"robots\" content=\"index, follow, max-snippet:-1, max-image-preview:large, max-video-preview:-1\" \/>\n<link rel=\"canonical\" href=\"https:\/\/www.masella.com\/blog\/ca\/convocatoria-beques-fundacioi\/\" \/>\n<meta property=\"og:locale\" content=\"ca_ES\" \/>\n<meta property=\"og:type\" content=\"article\" \/>\n<meta property=\"og:title\" content=\"CONVOCAT\u00d2RIA BEQUES FUNDACI\u00d3 PRIVADA BOSCH AYMERICH - El Blog oficial de Masella\" \/>\n<meta property=\"og:description\" content=\"La Fundaci\u00f3 Privada Bosch Aymerich, propiet\u00e0ria de l&#8217;Estaci\u00f3 d&#8217;Esqu\u00ed de Masella,\u00a0convoca 20 beques, pels estudiants d&#8217;Alp, Das, Ur\u00fas i Bag\u00e0,\" \/>\n<meta property=\"og:url\" content=\"https:\/\/www.masella.com\/blog\/ca\/convocatoria-beques-fundacioi\/\" \/>\n<meta property=\"og:site_name\" content=\"El Blog oficial de Masella\" \/>\n<meta property=\"article:published_time\" content=\"2019-01-08T11:50:24+00:00\" \/>\n<meta property=\"article:modified_time\" content=\"2022-06-01T06:32:18+00:00\" \/>\n<meta property=\"og:image\" content=\"https:\/\/www.masella.com\/blog\/wp-content\/uploads\/2019\/01\/ID_FPBYA.jpg\" \/>\n\t<meta property=\"og:image:width\" content=\"628\" \/>\n\t<meta property=\"og:image:height\" content=\"349\" \/>\n\t<meta property=\"og:image:type\" content=\"image\/jpeg\" \/>\n<meta name=\"author\" content=\"masella\" \/>\n<meta name=\"twitter:card\" content=\"summary_large_image\" \/>\n<meta name=\"twitter:label1\" content=\"Escrit per\" \/>\n\t<meta name=\"twitter:data1\" content=\"masella\" \/>\n\t<meta name=\"twitter:label2\" content=\"Temps estimat de lectura\" \/>\n\t<meta name=\"twitter:data2\" content=\"1 minut\" \/>\n<script type=\"application\/ld+json\" class=\"yoast-schema-graph\">{\"@context\":\"https:\/\/schema.org\",\"@graph\":[{\"@type\":\"Article\",\"@id\":\"https:\/\/www.masella.com\/blog\/ca\/convocatoria-beques-fundacioi\/#article\",\"isPartOf\":{\"@id\":\"https:\/\/www.masella.com\/blog\/ca\/convocatoria-beques-fundacioi\/\"},\"author\":{\"name\":\"masella\",\"@id\":\"https:\/\/www.masella.com\/blog\/ca\/#\/schema\/person\/e32b971f5be20790c591d85b8f1c706b\"},\"headline\":\"CONVOCAT\u00d2RIA BEQUES FUNDACI\u00d3 PRIVADA BOSCH AYMERICH\",\"datePublished\":\"2019-01-08T11:50:24+00:00\",\"dateModified\":\"2022-06-01T06:32:18+00:00\",\"mainEntityOfPage\":{\"@id\":\"https:\/\/www.masella.com\/blog\/ca\/convocatoria-beques-fundacioi\/\"},\"wordCount\":185,\"publisher\":{\"@id\":\"https:\/\/www.masella.com\/blog\/ca\/#organization\"},\"articleSection\":[\"Actualidad\",\"Actualitat\",\"Formaci\u00f3\"],\"inLanguage\":\"ca\"},{\"@type\":\"WebPage\",\"@id\":\"https:\/\/www.masella.com\/blog\/ca\/convocatoria-beques-fundacioi\/\",\"url\":\"https:\/\/www.masella.com\/blog\/ca\/convocatoria-beques-fundacioi\/\",\"name\":\"CONVOCAT\u00d2RIA BEQUES FUNDACI\u00d3 PRIVADA BOSCH AYMERICH - El Blog oficial de Masella\",\"isPartOf\":{\"@id\":\"https:\/\/www.masella.com\/blog\/ca\/#website\"},\"datePublished\":\"2019-01-08T11:50:24+00:00\",\"dateModified\":\"2022-06-01T06:32:18+00:00\",\"breadcrumb\":{\"@id\":\"https:\/\/www.masella.com\/blog\/ca\/convocatoria-beques-fundacioi\/#breadcrumb\"},\"inLanguage\":\"ca\",\"potentialAction\":[{\"@type\":\"ReadAction\",\"target\":[\"https:\/\/www.masella.com\/blog\/ca\/convocatoria-beques-fundacioi\/\"]}]},{\"@type\":\"BreadcrumbList\",\"@id\":\"https:\/\/www.masella.com\/blog\/ca\/convocatoria-beques-fundacioi\/#breadcrumb\",\"itemListElement\":[{\"@type\":\"ListItem\",\"position\":1,\"name\":\"Portada\",\"item\":\"https:\/\/www.masella.com\/blog\/ca\/\"},{\"@type\":\"ListItem\",\"position\":2,\"name\":\"CONVOCAT\u00d2RIA BEQUES FUNDACI\u00d3 PRIVADA BOSCH AYMERICH\"}]},{\"@type\":\"WebSite\",\"@id\":\"https:\/\/www.masella.com\/blog\/ca\/#website\",\"url\":\"https:\/\/www.masella.com\/blog\/ca\/\",\"name\":\"El Blog oficial de Masella\",\"description\":\"\",\"publisher\":{\"@id\":\"https:\/\/www.masella.com\/blog\/ca\/#organization\"},\"potentialAction\":[{\"@type\":\"SearchAction\",\"target\":{\"@type\":\"EntryPoint\",\"urlTemplate\":\"https:\/\/www.masella.com\/blog\/ca\/?s={search_term_string}\"},\"query-input\":\"required name=search_term_string\"}],\"inLanguage\":\"ca\"},{\"@type\":\"Organization\",\"@id\":\"https:\/\/www.masella.com\/blog\/ca\/#organization\",\"name\":\"El Blog oficial de Masella\",\"url\":\"https:\/\/www.masella.com\/blog\/ca\/\",\"logo\":{\"@type\":\"ImageObject\",\"inLanguage\":\"ca\",\"@id\":\"https:\/\/www.masella.com\/blog\/ca\/#\/schema\/logo\/image\/\",\"url\":\"https:\/\/www.masella.com\/blog\/wp-content\/uploads\/2022\/12\/cropped-logo-masella-cat.png\",\"contentUrl\":\"https:\/\/www.masella.com\/blog\/wp-content\/uploads\/2022\/12\/cropped-logo-masella-cat.png\",\"width\":150,\"height\":88,\"caption\":\"El Blog oficial de Masella\"},\"image\":{\"@id\":\"https:\/\/www.masella.com\/blog\/ca\/#\/schema\/logo\/image\/\"}},{\"@type\":\"Person\",\"@id\":\"https:\/\/www.masella.com\/blog\/ca\/#\/schema\/person\/e32b971f5be20790c591d85b8f1c706b\",\"name\":\"masella\",\"image\":{\"@type\":\"ImageObject\",\"inLanguage\":\"ca\",\"@id\":\"https:\/\/www.masella.com\/blog\/ca\/#\/schema\/person\/image\/\",\"url\":\"https:\/\/secure.gravatar.com\/avatar\/57590b1151eaa410a783e55768bbbba2?s=96&d=mm&r=g\",\"contentUrl\":\"https:\/\/secure.gravatar.com\/avatar\/57590b1151eaa410a783e55768bbbba2?s=96&d=mm&r=g\",\"caption\":\"masella\"},\"url\":\"https:\/\/www.masella.com\/blog\/ca\/author\/anna\/\"}]}<\/script>\n<!-- \/ Yoast SEO plugin. -->","yoast_head_json":{"title":"CONVOCAT\u00d2RIA BEQUES FUNDACI\u00d3 PRIVADA BOSCH AYMERICH - El Blog oficial de Masella","robots":{"index":"index","follow":"follow","max-snippet":"max-snippet:-1","max-image-preview":"max-image-preview:large","max-video-preview":"max-video-preview:-1"},"canonical":"https:\/\/www.masella.com\/blog\/ca\/convocatoria-beques-fundacioi\/","og_locale":"ca_ES","og_type":"article","og_title":"CONVOCAT\u00d2RIA BEQUES FUNDACI\u00d3 PRIVADA BOSCH AYMERICH - El Blog oficial de Masella","og_description":"La Fundaci\u00f3 Privada Bosch Aymerich, propiet\u00e0ria de l&#8217;Estaci\u00f3 d&#8217;Esqu\u00ed de Masella,\u00a0convoca 20 beques, pels estudiants d&#8217;Alp, Das, Ur\u00fas i Bag\u00e0,","og_url":"https:\/\/www.masella.com\/blog\/ca\/convocatoria-beques-fundacioi\/","og_site_name":"El Blog oficial de Masella","article_published_time":"2019-01-08T11:50:24+00:00","article_modified_time":"2022-06-01T06:32:18+00:00","og_image":[{"width":628,"height":349,"url":"https:\/\/www.masella.com\/blog\/wp-content\/uploads\/2019\/01\/ID_FPBYA.jpg","type":"image\/jpeg"}],"author":"masella","twitter_card":"summary_large_image","twitter_misc":{"Escrit per":"masella","Temps estimat de lectura":"1 minut"},"schema":{"@context":"https:\/\/schema.org","@graph":[{"@type":"Article","@id":"https:\/\/www.masella.com\/blog\/ca\/convocatoria-beques-fundacioi\/#article","isPartOf":{"@id":"https:\/\/www.masella.com\/blog\/ca\/convocatoria-beques-fundacioi\/"},"author":{"name":"masella","@id":"https:\/\/www.masella.com\/blog\/ca\/#\/schema\/person\/e32b971f5be20790c591d85b8f1c706b"},"headline":"CONVOCAT\u00d2RIA BEQUES FUNDACI\u00d3 PRIVADA BOSCH AYMERICH","datePublished":"2019-01-08T11:50:24+00:00","dateModified":"2022-06-01T06:32:18+00:00","mainEntityOfPage":{"@id":"https:\/\/www.masella.com\/blog\/ca\/convocatoria-beques-fundacioi\/"},"wordCount":185,"publisher":{"@id":"https:\/\/www.masella.com\/blog\/ca\/#organization"},"articleSection":["Actualidad","Actualitat","Formaci\u00f3"],"inLanguage":"ca"},{"@type":"WebPage","@id":"https:\/\/www.masella.com\/blog\/ca\/convocatoria-beques-fundacioi\/","url":"https:\/\/www.masella.com\/blog\/ca\/convocatoria-beques-fundacioi\/","name":"CONVOCAT\u00d2RIA BEQUES FUNDACI\u00d3 PRIVADA BOSCH AYMERICH - El Blog oficial de Masella","isPartOf":{"@id":"https:\/\/www.masella.com\/blog\/ca\/#website"},"datePublished":"2019-01-08T11:50:24+00:00","dateModified":"2022-06-01T06:32:18+00:00","breadcrumb":{"@id":"https:\/\/www.masella.com\/blog\/ca\/convocatoria-beques-fundacioi\/#breadcrumb"},"inLanguage":"ca","potentialAction":[{"@type":"ReadAction","target":["https:\/\/www.masella.com\/blog\/ca\/convocatoria-beques-fundacioi\/"]}]},{"@type":"BreadcrumbList","@id":"https:\/\/www.masella.com\/blog\/ca\/convocatoria-beques-fundacioi\/#breadcrumb","itemListElement":[{"@type":"ListItem","position":1,"name":"Portada","item":"https:\/\/www.masella.com\/blog\/ca\/"},{"@type":"ListItem","position":2,"name":"CONVOCAT\u00d2RIA BEQUES FUNDACI\u00d3 PRIVADA BOSCH AYMERICH"}]},{"@type":"WebSite","@id":"https:\/\/www.masella.com\/blog\/ca\/#website","url":"https:\/\/www.masella.com\/blog\/ca\/","name":"El Blog oficial de Masella","description":"","publisher":{"@id":"https:\/\/www.masella.com\/blog\/ca\/#organization"},"potentialAction":[{"@type":"SearchAction","target":{"@type":"EntryPoint","urlTemplate":"https:\/\/www.masella.com\/blog\/ca\/?s={search_term_string}"},"query-input":"required name=search_term_string"}],"inLanguage":"ca"},{"@type":"Organization","@id":"https:\/\/www.masella.com\/blog\/ca\/#organization","name":"El Blog oficial de Masella","url":"https:\/\/www.masella.com\/blog\/ca\/","logo":{"@type":"ImageObject","inLanguage":"ca","@id":"https:\/\/www.masella.com\/blog\/ca\/#\/schema\/logo\/image\/","url":"https:\/\/www.masella.com\/blog\/wp-content\/uploads\/2022\/12\/cropped-logo-masella-cat.png","contentUrl":"https:\/\/www.masella.com\/blog\/wp-content\/uploads\/2022\/12\/cropped-logo-masella-cat.png","width":150,"height":88,"caption":"El Blog oficial de Masella"},"image":{"@id":"https:\/\/www.masella.com\/blog\/ca\/#\/schema\/logo\/image\/"}},{"@type":"Person","@id":"https:\/\/www.masella.com\/blog\/ca\/#\/schema\/person\/e32b971f5be20790c591d85b8f1c706b","name":"masella","image":{"@type":"ImageObject","inLanguage":"ca","@id":"https:\/\/www.masella.com\/blog\/ca\/#\/schema\/person\/image\/","url":"https:\/\/secure.gravatar.com\/avatar\/57590b1151eaa410a783e55768bbbba2?s=96&d=mm&r=g","contentUrl":"https:\/\/secure.gravatar.com\/avatar\/57590b1151eaa410a783e55768bbbba2?s=96&d=mm&r=g","caption":"masella"},"url":"https:\/\/www.masella.com\/blog\/ca\/author\/anna\/"}]}},"_links":{"self":[{"href":"https:\/\/www.masella.com\/blog\/ca\/wp-json\/wp\/v2\/posts\/3780"}],"collection":[{"href":"https:\/\/www.masella.com\/blog\/ca\/wp-json\/wp\/v2\/posts"}],"about":[{"href":"https:\/\/www.masella.com\/blog\/ca\/wp-json\/wp\/v2\/types\/post"}],"author":[{"embeddable":true,"href":"https:\/\/www.masella.com\/blog\/ca\/wp-json\/wp\/v2\/users\/4"}],"replies":[{"embeddable":true,"href":"https:\/\/www.masella.com\/blog\/ca\/wp-json\/wp\/v2\/comments?post=3780"}],"version-history":[{"count":7,"href":"https:\/\/www.masella.com\/blog\/ca\/wp-json\/wp\/v2\/posts\/3780\/revisions"}],"predecessor-version":[{"id":3814,"href":"https:\/\/www.masella.com\/blog\/ca\/wp-json\/wp\/v2\/posts\/3780\/revisions\/3814"}],"wp:featuredmedia":[{"embeddable":true,"href":"https:\/\/www.masella.com\/blog\/ca\/wp-json\/wp\/v2\/media\/3781"}],"wp:attachment":[{"href":"https:\/\/www.masella.com\/blog\/ca\/wp-json\/wp\/v2\/media?parent=3780"}],"wp:term":[{"taxonomy":"category","embeddable":true,"href":"https:\/\/www.masella.com\/blog\/ca\/wp-json\/wp\/v2\/categories?post=3780"},{"taxonomy":"post_tag","embeddable":true,"href":"https:\/\/www.masella.com\/blog\/ca\/wp-json\/wp\/v2\/tags?post=3780"}],"curies":[{"name":"wp","href":"https:\/\/api.w.org\/{rel}","templated":true}]}}