{"id":4305,"date":"2020-03-09T13:38:39","date_gmt":"2020-03-09T13:38:39","guid":{"rendered":"https:\/\/www.masella.com\/blog\/?p=4305"},"modified":"2022-06-01T06:31:31","modified_gmt":"2022-06-01T06:31:31","slug":"assumpte-masella-celebra-els-120-dies-desqui-des-de-la-seva-obertura","status":"publish","type":"post","link":"https:\/\/www.masella.com\/blog\/ca\/assumpte-masella-celebra-els-120-dies-desqui-des-de-la-seva-obertura\/","title":{"rendered":"120 DIES D\u2019ESQU\u00cd DES DE L&#8217;OBERTURA\u00a0"},"content":{"rendered":"<p><strong><u>Masella, aquest dimecres dia 11 de mar\u00e7, celebra els seus 120 dies d\u2019obertura del domini esquiable des del passat 13 de novembre de 2019<\/u><\/strong>.\u00a0 Per celebrar-ho, <strong><u>des del dia 11 fins el 15 de mar\u00e7, l\u2019estaci\u00f3 posa a la venda un forfet que implica un fort estalvi<\/u><\/strong>.<\/p>\n<p><a href=\"https:\/\/www.masella.com\/blog\/wp-content\/uploads\/2020\/03\/009.jpg\"><img loading=\"lazy\" decoding=\"async\" class=\"size-full wp-image-4308\" src=\"https:\/\/www.masella.com\/blog\/wp-content\/uploads\/2020\/03\/009.jpg\" alt=\"\" width=\"2000\" height=\"1500\" srcset=\"https:\/\/www.masella.com\/blog\/wp-content\/uploads\/2020\/03\/009.jpg 2000w, https:\/\/www.masella.com\/blog\/wp-content\/uploads\/2020\/03\/009-300x225.jpg 300w, https:\/\/www.masella.com\/blog\/wp-content\/uploads\/2020\/03\/009-768x576.jpg 768w, https:\/\/www.masella.com\/blog\/wp-content\/uploads\/2020\/03\/009-1024x768.jpg 1024w\" sizes=\"(max-width: 2000px) 100vw, 2000px\" \/><\/a><\/p>\n<p><strong style=\"font-size: 16px;\">FORFET A 120 \u20ac<\/strong>-Els dies 11, 12, 13, 14 i 15 de mar\u00e7 es posa a la venda un <strong><u>forfet que permetr\u00e0 esquiar 4 dies de lliure elecci\u00f3 per 120 \u20ac i, per tant, surt a 30 \u20ac\/dia<\/u><\/strong>. Aquesta oferta representa un estalvi de 60 \u20ac. Es tramita a Oficines d\u2019Atenci\u00f3 a l\u2019Esquiador del Pla de Masella.<\/p>\n","protected":false},"excerpt":{"rendered":"<p>Masella, aquest dimecres dia 11 de mar\u00e7, celebra els seus 120 dies d\u2019obertura del domini esquiable des del passat 13<\/p>\n","protected":false},"author":4,"featured_media":4306,"comment_status":"closed","ping_status":"open","sticky":false,"template":"","format":"standard","meta":{"footnotes":""},"categories":[21,18],"tags":[],"yoast_head":"<!-- This site is optimized with the Yoast SEO plugin v21.5 - https:\/\/yoast.com\/wordpress\/plugins\/seo\/ -->\n<title>120 DIES D\u2019ESQU\u00cd DES DE L&#039;OBERTURA\u00a0 - El Blog oficial de Masella<\/title>\n<meta name=\"robots\" content=\"index, follow, max-snippet:-1, max-image-preview:large, max-video-preview:-1\" \/>\n<link rel=\"canonical\" href=\"https:\/\/www.masella.com\/blog\/ca\/assumpte-masella-celebra-els-120-dies-desqui-des-de-la-seva-obertura\/\" \/>\n<meta property=\"og:locale\" content=\"ca_ES\" \/>\n<meta property=\"og:type\" content=\"article\" \/>\n<meta property=\"og:title\" content=\"120 DIES D\u2019ESQU\u00cd DES DE L&#039;OBERTURA\u00a0 - El Blog oficial de Masella\" \/>\n<meta property=\"og:description\" content=\"Masella, aquest dimecres dia 11 de mar\u00e7, celebra els seus 120 dies d\u2019obertura del domini esquiable des del passat 13\" \/>\n<meta property=\"og:url\" content=\"https:\/\/www.masella.com\/blog\/ca\/assumpte-masella-celebra-els-120-dies-desqui-des-de-la-seva-obertura\/\" \/>\n<meta property=\"og:site_name\" content=\"El Blog oficial de Masella\" \/>\n<meta property=\"article:published_time\" content=\"2020-03-09T13:38:39+00:00\" \/>\n<meta property=\"article:modified_time\" content=\"2022-06-01T06:31:31+00:00\" \/>\n<meta property=\"og:image\" content=\"https:\/\/www.masella.com\/blog\/wp-content\/uploads\/2020\/03\/120-d-ID.jpg\" \/>\n\t<meta property=\"og:image:width\" content=\"1200\" \/>\n\t<meta property=\"og:image:height\" content=\"675\" \/>\n\t<meta property=\"og:image:type\" content=\"image\/jpeg\" \/>\n<meta name=\"author\" content=\"masella\" \/>\n<meta name=\"twitter:card\" content=\"summary_large_image\" \/>\n<meta name=\"twitter:label1\" content=\"Escrit per\" \/>\n\t<meta name=\"twitter:data1\" content=\"masella\" \/>\n<script type=\"application\/ld+json\" class=\"yoast-schema-graph\">{\"@context\":\"https:\/\/schema.org\",\"@graph\":[{\"@type\":\"Article\",\"@id\":\"https:\/\/www.masella.com\/blog\/ca\/assumpte-masella-celebra-els-120-dies-desqui-des-de-la-seva-obertura\/#article\",\"isPartOf\":{\"@id\":\"https:\/\/www.masella.com\/blog\/ca\/assumpte-masella-celebra-els-120-dies-desqui-des-de-la-seva-obertura\/\"},\"author\":{\"name\":\"masella\",\"@id\":\"https:\/\/www.masella.com\/blog\/ca\/#\/schema\/person\/e32b971f5be20790c591d85b8f1c706b\"},\"headline\":\"120 DIES D\u2019ESQU\u00cd DES DE L&#8217;OBERTURA\u00a0\",\"datePublished\":\"2020-03-09T13:38:39+00:00\",\"dateModified\":\"2022-06-01T06:31:31+00:00\",\"mainEntityOfPage\":{\"@id\":\"https:\/\/www.masella.com\/blog\/ca\/assumpte-masella-celebra-els-120-dies-desqui-des-de-la-seva-obertura\/\"},\"wordCount\":97,\"publisher\":{\"@id\":\"https:\/\/www.masella.com\/blog\/ca\/#organization\"},\"articleSection\":[\"Actualitat\",\"Ofertes\"],\"inLanguage\":\"ca\"},{\"@type\":\"WebPage\",\"@id\":\"https:\/\/www.masella.com\/blog\/ca\/assumpte-masella-celebra-els-120-dies-desqui-des-de-la-seva-obertura\/\",\"url\":\"https:\/\/www.masella.com\/blog\/ca\/assumpte-masella-celebra-els-120-dies-desqui-des-de-la-seva-obertura\/\",\"name\":\"120 DIES D\u2019ESQU\u00cd DES DE L'OBERTURA\u00a0 - El Blog oficial de Masella\",\"isPartOf\":{\"@id\":\"https:\/\/www.masella.com\/blog\/ca\/#website\"},\"datePublished\":\"2020-03-09T13:38:39+00:00\",\"dateModified\":\"2022-06-01T06:31:31+00:00\",\"breadcrumb\":{\"@id\":\"https:\/\/www.masella.com\/blog\/ca\/assumpte-masella-celebra-els-120-dies-desqui-des-de-la-seva-obertura\/#breadcrumb\"},\"inLanguage\":\"ca\",\"potentialAction\":[{\"@type\":\"ReadAction\",\"target\":[\"https:\/\/www.masella.com\/blog\/ca\/assumpte-masella-celebra-els-120-dies-desqui-des-de-la-seva-obertura\/\"]}]},{\"@type\":\"BreadcrumbList\",\"@id\":\"https:\/\/www.masella.com\/blog\/ca\/assumpte-masella-celebra-els-120-dies-desqui-des-de-la-seva-obertura\/#breadcrumb\",\"itemListElement\":[{\"@type\":\"ListItem\",\"position\":1,\"name\":\"Portada\",\"item\":\"https:\/\/www.masella.com\/blog\/ca\/\"},{\"@type\":\"ListItem\",\"position\":2,\"name\":\"120 DIES D\u2019ESQU\u00cd DES DE L&#8217;OBERTURA\u00a0\"}]},{\"@type\":\"WebSite\",\"@id\":\"https:\/\/www.masella.com\/blog\/ca\/#website\",\"url\":\"https:\/\/www.masella.com\/blog\/ca\/\",\"name\":\"El Blog oficial de Masella\",\"description\":\"\",\"publisher\":{\"@id\":\"https:\/\/www.masella.com\/blog\/ca\/#organization\"},\"potentialAction\":[{\"@type\":\"SearchAction\",\"target\":{\"@type\":\"EntryPoint\",\"urlTemplate\":\"https:\/\/www.masella.com\/blog\/ca\/?s={search_term_string}\"},\"query-input\":\"required name=search_term_string\"}],\"inLanguage\":\"ca\"},{\"@type\":\"Organization\",\"@id\":\"https:\/\/www.masella.com\/blog\/ca\/#organization\",\"name\":\"El Blog oficial de Masella\",\"url\":\"https:\/\/www.masella.com\/blog\/ca\/\",\"logo\":{\"@type\":\"ImageObject\",\"inLanguage\":\"ca\",\"@id\":\"https:\/\/www.masella.com\/blog\/ca\/#\/schema\/logo\/image\/\",\"url\":\"https:\/\/www.masella.com\/blog\/wp-content\/uploads\/2022\/12\/cropped-logo-masella-cat.png\",\"contentUrl\":\"https:\/\/www.masella.com\/blog\/wp-content\/uploads\/2022\/12\/cropped-logo-masella-cat.png\",\"width\":150,\"height\":88,\"caption\":\"El Blog oficial de Masella\"},\"image\":{\"@id\":\"https:\/\/www.masella.com\/blog\/ca\/#\/schema\/logo\/image\/\"}},{\"@type\":\"Person\",\"@id\":\"https:\/\/www.masella.com\/blog\/ca\/#\/schema\/person\/e32b971f5be20790c591d85b8f1c706b\",\"name\":\"masella\",\"image\":{\"@type\":\"ImageObject\",\"inLanguage\":\"ca\",\"@id\":\"https:\/\/www.masella.com\/blog\/ca\/#\/schema\/person\/image\/\",\"url\":\"https:\/\/secure.gravatar.com\/avatar\/57590b1151eaa410a783e55768bbbba2?s=96&d=mm&r=g\",\"contentUrl\":\"https:\/\/secure.gravatar.com\/avatar\/57590b1151eaa410a783e55768bbbba2?s=96&d=mm&r=g\",\"caption\":\"masella\"},\"url\":\"https:\/\/www.masella.com\/blog\/ca\/author\/anna\/\"}]}<\/script>\n<!-- \/ Yoast SEO plugin. -->","yoast_head_json":{"title":"120 DIES D\u2019ESQU\u00cd DES DE L'OBERTURA\u00a0 - El Blog oficial de Masella","robots":{"index":"index","follow":"follow","max-snippet":"max-snippet:-1","max-image-preview":"max-image-preview:large","max-video-preview":"max-video-preview:-1"},"canonical":"https:\/\/www.masella.com\/blog\/ca\/assumpte-masella-celebra-els-120-dies-desqui-des-de-la-seva-obertura\/","og_locale":"ca_ES","og_type":"article","og_title":"120 DIES D\u2019ESQU\u00cd DES DE L'OBERTURA\u00a0 - El Blog oficial de Masella","og_description":"Masella, aquest dimecres dia 11 de mar\u00e7, celebra els seus 120 dies d\u2019obertura del domini esquiable des del passat 13","og_url":"https:\/\/www.masella.com\/blog\/ca\/assumpte-masella-celebra-els-120-dies-desqui-des-de-la-seva-obertura\/","og_site_name":"El Blog oficial de Masella","article_published_time":"2020-03-09T13:38:39+00:00","article_modified_time":"2022-06-01T06:31:31+00:00","og_image":[{"width":1200,"height":675,"url":"https:\/\/www.masella.com\/blog\/wp-content\/uploads\/2020\/03\/120-d-ID.jpg","type":"image\/jpeg"}],"author":"masella","twitter_card":"summary_large_image","twitter_misc":{"Escrit per":"masella"},"schema":{"@context":"https:\/\/schema.org","@graph":[{"@type":"Article","@id":"https:\/\/www.masella.com\/blog\/ca\/assumpte-masella-celebra-els-120-dies-desqui-des-de-la-seva-obertura\/#article","isPartOf":{"@id":"https:\/\/www.masella.com\/blog\/ca\/assumpte-masella-celebra-els-120-dies-desqui-des-de-la-seva-obertura\/"},"author":{"name":"masella","@id":"https:\/\/www.masella.com\/blog\/ca\/#\/schema\/person\/e32b971f5be20790c591d85b8f1c706b"},"headline":"120 DIES D\u2019ESQU\u00cd DES DE L&#8217;OBERTURA\u00a0","datePublished":"2020-03-09T13:38:39+00:00","dateModified":"2022-06-01T06:31:31+00:00","mainEntityOfPage":{"@id":"https:\/\/www.masella.com\/blog\/ca\/assumpte-masella-celebra-els-120-dies-desqui-des-de-la-seva-obertura\/"},"wordCount":97,"publisher":{"@id":"https:\/\/www.masella.com\/blog\/ca\/#organization"},"articleSection":["Actualitat","Ofertes"],"inLanguage":"ca"},{"@type":"WebPage","@id":"https:\/\/www.masella.com\/blog\/ca\/assumpte-masella-celebra-els-120-dies-desqui-des-de-la-seva-obertura\/","url":"https:\/\/www.masella.com\/blog\/ca\/assumpte-masella-celebra-els-120-dies-desqui-des-de-la-seva-obertura\/","name":"120 DIES D\u2019ESQU\u00cd DES DE L'OBERTURA\u00a0 - El Blog oficial de Masella","isPartOf":{"@id":"https:\/\/www.masella.com\/blog\/ca\/#website"},"datePublished":"2020-03-09T13:38:39+00:00","dateModified":"2022-06-01T06:31:31+00:00","breadcrumb":{"@id":"https:\/\/www.masella.com\/blog\/ca\/assumpte-masella-celebra-els-120-dies-desqui-des-de-la-seva-obertura\/#breadcrumb"},"inLanguage":"ca","potentialAction":[{"@type":"ReadAction","target":["https:\/\/www.masella.com\/blog\/ca\/assumpte-masella-celebra-els-120-dies-desqui-des-de-la-seva-obertura\/"]}]},{"@type":"BreadcrumbList","@id":"https:\/\/www.masella.com\/blog\/ca\/assumpte-masella-celebra-els-120-dies-desqui-des-de-la-seva-obertura\/#breadcrumb","itemListElement":[{"@type":"ListItem","position":1,"name":"Portada","item":"https:\/\/www.masella.com\/blog\/ca\/"},{"@type":"ListItem","position":2,"name":"120 DIES D\u2019ESQU\u00cd DES DE L&#8217;OBERTURA\u00a0"}]},{"@type":"WebSite","@id":"https:\/\/www.masella.com\/blog\/ca\/#website","url":"https:\/\/www.masella.com\/blog\/ca\/","name":"El Blog oficial de Masella","description":"","publisher":{"@id":"https:\/\/www.masella.com\/blog\/ca\/#organization"},"potentialAction":[{"@type":"SearchAction","target":{"@type":"EntryPoint","urlTemplate":"https:\/\/www.masella.com\/blog\/ca\/?s={search_term_string}"},"query-input":"required name=search_term_string"}],"inLanguage":"ca"},{"@type":"Organization","@id":"https:\/\/www.masella.com\/blog\/ca\/#organization","name":"El Blog oficial de Masella","url":"https:\/\/www.masella.com\/blog\/ca\/","logo":{"@type":"ImageObject","inLanguage":"ca","@id":"https:\/\/www.masella.com\/blog\/ca\/#\/schema\/logo\/image\/","url":"https:\/\/www.masella.com\/blog\/wp-content\/uploads\/2022\/12\/cropped-logo-masella-cat.png","contentUrl":"https:\/\/www.masella.com\/blog\/wp-content\/uploads\/2022\/12\/cropped-logo-masella-cat.png","width":150,"height":88,"caption":"El Blog oficial de Masella"},"image":{"@id":"https:\/\/www.masella.com\/blog\/ca\/#\/schema\/logo\/image\/"}},{"@type":"Person","@id":"https:\/\/www.masella.com\/blog\/ca\/#\/schema\/person\/e32b971f5be20790c591d85b8f1c706b","name":"masella","image":{"@type":"ImageObject","inLanguage":"ca","@id":"https:\/\/www.masella.com\/blog\/ca\/#\/schema\/person\/image\/","url":"https:\/\/secure.gravatar.com\/avatar\/57590b1151eaa410a783e55768bbbba2?s=96&d=mm&r=g","contentUrl":"https:\/\/secure.gravatar.com\/avatar\/57590b1151eaa410a783e55768bbbba2?s=96&d=mm&r=g","caption":"masella"},"url":"https:\/\/www.masella.com\/blog\/ca\/author\/anna\/"}]}},"_links":{"self":[{"href":"https:\/\/www.masella.com\/blog\/ca\/wp-json\/wp\/v2\/posts\/4305"}],"collection":[{"href":"https:\/\/www.masella.com\/blog\/ca\/wp-json\/wp\/v2\/posts"}],"about":[{"href":"https:\/\/www.masella.com\/blog\/ca\/wp-json\/wp\/v2\/types\/post"}],"author":[{"embeddable":true,"href":"https:\/\/www.masella.com\/blog\/ca\/wp-json\/wp\/v2\/users\/4"}],"replies":[{"embeddable":true,"href":"https:\/\/www.masella.com\/blog\/ca\/wp-json\/wp\/v2\/comments?post=4305"}],"version-history":[{"count":4,"href":"https:\/\/www.masella.com\/blog\/ca\/wp-json\/wp\/v2\/posts\/4305\/revisions"}],"predecessor-version":[{"id":4313,"href":"https:\/\/www.masella.com\/blog\/ca\/wp-json\/wp\/v2\/posts\/4305\/revisions\/4313"}],"wp:featuredmedia":[{"embeddable":true,"href":"https:\/\/www.masella.com\/blog\/ca\/wp-json\/wp\/v2\/media\/4306"}],"wp:attachment":[{"href":"https:\/\/www.masella.com\/blog\/ca\/wp-json\/wp\/v2\/media?parent=4305"}],"wp:term":[{"taxonomy":"category","embeddable":true,"href":"https:\/\/www.masella.com\/blog\/ca\/wp-json\/wp\/v2\/categories?post=4305"},{"taxonomy":"post_tag","embeddable":true,"href":"https:\/\/www.masella.com\/blog\/ca\/wp-json\/wp\/v2\/tags?post=4305"}],"curies":[{"name":"wp","href":"https:\/\/api.w.org\/{rel}","templated":true}]}}