{"id":4318,"date":"2020-03-13T14:18:14","date_gmt":"2020-03-13T14:18:14","guid":{"rendered":"https:\/\/www.masella.com\/blog\/?p=4318"},"modified":"2022-06-01T06:31:31","modified_gmt":"2022-06-01T06:31:31","slug":"donem-per-finalitzada-la-temporada-pel-coronavirus","status":"publish","type":"post","link":"https:\/\/www.masella.com\/blog\/ca\/donem-per-finalitzada-la-temporada-pel-coronavirus\/","title":{"rendered":"DONEM PER FINALITZADA LA TEMPORADA PEL COVID-19"},"content":{"rendered":"<p><strong><u>L\u2019estaci\u00f3 d\u2019esqu\u00ed de Masella dona per finalitzada la temporada 2019-20<\/u><\/strong> <strong><u>dem\u00e0 dissabte dia 14 de mar\u00e7<\/u><\/strong>, com a mesura preventiva, <strong><u>en motiu del coronavirus<\/u><\/strong> SARS-CoV-2.<\/p>\n<p><strong><u>Aquesta decisi\u00f3 s\u2019ha pres seguint les mesures de suspensi\u00f3 adoptades pel departament de Salut de la \u00a0Generalitat de Catalunya, en l\u2019\u00e0mbit de les estacions d\u2019esqu\u00ed, en la seva resoluci\u00f3 720\/2020, de 13 de mar\u00e7<\/u><\/strong>. I que <strong><u>es fonamenta amb el sentit com\u00fa en base al que diuen als experts<\/u><\/strong>.<\/p>\n<p>Des de Masella <strong><u>agra\u00efm la comprensi\u00f3 dels esquiadors i de tots els agents econ\u00f2mics i del territori implicats en el turisme de neu<\/u><\/strong>. Darrera aquesta dif\u00edcil decisi\u00f3 <strong><u>s\u2019ha prioritzat la salut dels esquiadors, dels treballadors i dels ve\u00efns de la comarca de la Cerdanya<\/u><\/strong>.<\/p>\n<p><strong><u>M\u00e9s endavant farem un comunicat de balan\u00e7 de la present temporada 2019-2020<\/u><\/strong>. Masella ha obert durant un total de 122 dies d\u2019esqu\u00ed, \u00e9s a dir 4 mesos ininterromputs, des de l\u2019obertura el passat dia 13 de novembre de 2019 fins avui, dia 13 de mar\u00e7, darrera jornada d\u2019esqu\u00ed de la temporada.<\/p>\n","protected":false},"excerpt":{"rendered":"<p>L\u2019estaci\u00f3 d\u2019esqu\u00ed de Masella dona per finalitzada la temporada 2019-20 dem\u00e0 dissabte dia 14 de mar\u00e7, com a mesura preventiva,<\/p>\n","protected":false},"author":4,"featured_media":4319,"comment_status":"closed","ping_status":"open","sticky":false,"template":"","format":"standard","meta":{"footnotes":""},"categories":[21],"tags":[],"yoast_head":"<!-- This site is optimized with the Yoast SEO plugin v21.5 - https:\/\/yoast.com\/wordpress\/plugins\/seo\/ -->\n<title>DONEM PER FINALITZADA LA TEMPORADA PEL COVID-19 - El Blog oficial de Masella<\/title>\n<meta name=\"robots\" content=\"index, follow, max-snippet:-1, max-image-preview:large, max-video-preview:-1\" \/>\n<link rel=\"canonical\" href=\"https:\/\/www.masella.com\/blog\/ca\/donem-per-finalitzada-la-temporada-pel-coronavirus\/\" \/>\n<meta property=\"og:locale\" content=\"ca_ES\" \/>\n<meta property=\"og:type\" content=\"article\" \/>\n<meta property=\"og:title\" content=\"DONEM PER FINALITZADA LA TEMPORADA PEL COVID-19 - El Blog oficial de Masella\" \/>\n<meta property=\"og:description\" content=\"L\u2019estaci\u00f3 d\u2019esqu\u00ed de Masella dona per finalitzada la temporada 2019-20 dem\u00e0 dissabte dia 14 de mar\u00e7, com a mesura preventiva,\" \/>\n<meta property=\"og:url\" content=\"https:\/\/www.masella.com\/blog\/ca\/donem-per-finalitzada-la-temporada-pel-coronavirus\/\" \/>\n<meta property=\"og:site_name\" content=\"El Blog oficial de Masella\" \/>\n<meta property=\"article:published_time\" content=\"2020-03-13T14:18:14+00:00\" \/>\n<meta property=\"article:modified_time\" content=\"2022-06-01T06:31:31+00:00\" \/>\n<meta property=\"og:image\" content=\"https:\/\/www.masella.com\/blog\/wp-content\/uploads\/2020\/03\/Corona.jpg\" \/>\n\t<meta property=\"og:image:width\" content=\"1200\" \/>\n\t<meta property=\"og:image:height\" content=\"675\" \/>\n\t<meta property=\"og:image:type\" content=\"image\/jpeg\" \/>\n<meta name=\"author\" content=\"masella\" \/>\n<meta name=\"twitter:card\" content=\"summary_large_image\" \/>\n<meta name=\"twitter:label1\" content=\"Escrit per\" \/>\n\t<meta name=\"twitter:data1\" content=\"masella\" \/>\n\t<meta name=\"twitter:label2\" content=\"Temps estimat de lectura\" \/>\n\t<meta name=\"twitter:data2\" content=\"1 minut\" \/>\n<script type=\"application\/ld+json\" class=\"yoast-schema-graph\">{\"@context\":\"https:\/\/schema.org\",\"@graph\":[{\"@type\":\"Article\",\"@id\":\"https:\/\/www.masella.com\/blog\/ca\/donem-per-finalitzada-la-temporada-pel-coronavirus\/#article\",\"isPartOf\":{\"@id\":\"https:\/\/www.masella.com\/blog\/ca\/donem-per-finalitzada-la-temporada-pel-coronavirus\/\"},\"author\":{\"name\":\"masella\",\"@id\":\"https:\/\/www.masella.com\/blog\/ca\/#\/schema\/person\/e32b971f5be20790c591d85b8f1c706b\"},\"headline\":\"DONEM PER FINALITZADA LA TEMPORADA PEL COVID-19\",\"datePublished\":\"2020-03-13T14:18:14+00:00\",\"dateModified\":\"2022-06-01T06:31:31+00:00\",\"mainEntityOfPage\":{\"@id\":\"https:\/\/www.masella.com\/blog\/ca\/donem-per-finalitzada-la-temporada-pel-coronavirus\/\"},\"wordCount\":182,\"publisher\":{\"@id\":\"https:\/\/www.masella.com\/blog\/ca\/#organization\"},\"articleSection\":[\"Actualitat\"],\"inLanguage\":\"ca\"},{\"@type\":\"WebPage\",\"@id\":\"https:\/\/www.masella.com\/blog\/ca\/donem-per-finalitzada-la-temporada-pel-coronavirus\/\",\"url\":\"https:\/\/www.masella.com\/blog\/ca\/donem-per-finalitzada-la-temporada-pel-coronavirus\/\",\"name\":\"DONEM PER FINALITZADA LA TEMPORADA PEL COVID-19 - El Blog oficial de Masella\",\"isPartOf\":{\"@id\":\"https:\/\/www.masella.com\/blog\/ca\/#website\"},\"datePublished\":\"2020-03-13T14:18:14+00:00\",\"dateModified\":\"2022-06-01T06:31:31+00:00\",\"breadcrumb\":{\"@id\":\"https:\/\/www.masella.com\/blog\/ca\/donem-per-finalitzada-la-temporada-pel-coronavirus\/#breadcrumb\"},\"inLanguage\":\"ca\",\"potentialAction\":[{\"@type\":\"ReadAction\",\"target\":[\"https:\/\/www.masella.com\/blog\/ca\/donem-per-finalitzada-la-temporada-pel-coronavirus\/\"]}]},{\"@type\":\"BreadcrumbList\",\"@id\":\"https:\/\/www.masella.com\/blog\/ca\/donem-per-finalitzada-la-temporada-pel-coronavirus\/#breadcrumb\",\"itemListElement\":[{\"@type\":\"ListItem\",\"position\":1,\"name\":\"Portada\",\"item\":\"https:\/\/www.masella.com\/blog\/ca\/\"},{\"@type\":\"ListItem\",\"position\":2,\"name\":\"DONEM PER FINALITZADA LA TEMPORADA PEL COVID-19\"}]},{\"@type\":\"WebSite\",\"@id\":\"https:\/\/www.masella.com\/blog\/ca\/#website\",\"url\":\"https:\/\/www.masella.com\/blog\/ca\/\",\"name\":\"El Blog oficial de Masella\",\"description\":\"\",\"publisher\":{\"@id\":\"https:\/\/www.masella.com\/blog\/ca\/#organization\"},\"potentialAction\":[{\"@type\":\"SearchAction\",\"target\":{\"@type\":\"EntryPoint\",\"urlTemplate\":\"https:\/\/www.masella.com\/blog\/ca\/?s={search_term_string}\"},\"query-input\":\"required name=search_term_string\"}],\"inLanguage\":\"ca\"},{\"@type\":\"Organization\",\"@id\":\"https:\/\/www.masella.com\/blog\/ca\/#organization\",\"name\":\"El Blog oficial de Masella\",\"url\":\"https:\/\/www.masella.com\/blog\/ca\/\",\"logo\":{\"@type\":\"ImageObject\",\"inLanguage\":\"ca\",\"@id\":\"https:\/\/www.masella.com\/blog\/ca\/#\/schema\/logo\/image\/\",\"url\":\"https:\/\/www.masella.com\/blog\/wp-content\/uploads\/2022\/12\/cropped-logo-masella-cat.png\",\"contentUrl\":\"https:\/\/www.masella.com\/blog\/wp-content\/uploads\/2022\/12\/cropped-logo-masella-cat.png\",\"width\":150,\"height\":88,\"caption\":\"El Blog oficial de Masella\"},\"image\":{\"@id\":\"https:\/\/www.masella.com\/blog\/ca\/#\/schema\/logo\/image\/\"}},{\"@type\":\"Person\",\"@id\":\"https:\/\/www.masella.com\/blog\/ca\/#\/schema\/person\/e32b971f5be20790c591d85b8f1c706b\",\"name\":\"masella\",\"image\":{\"@type\":\"ImageObject\",\"inLanguage\":\"ca\",\"@id\":\"https:\/\/www.masella.com\/blog\/ca\/#\/schema\/person\/image\/\",\"url\":\"https:\/\/secure.gravatar.com\/avatar\/57590b1151eaa410a783e55768bbbba2?s=96&d=mm&r=g\",\"contentUrl\":\"https:\/\/secure.gravatar.com\/avatar\/57590b1151eaa410a783e55768bbbba2?s=96&d=mm&r=g\",\"caption\":\"masella\"},\"url\":\"https:\/\/www.masella.com\/blog\/ca\/author\/anna\/\"}]}<\/script>\n<!-- \/ Yoast SEO plugin. -->","yoast_head_json":{"title":"DONEM PER FINALITZADA LA TEMPORADA PEL COVID-19 - El Blog oficial de Masella","robots":{"index":"index","follow":"follow","max-snippet":"max-snippet:-1","max-image-preview":"max-image-preview:large","max-video-preview":"max-video-preview:-1"},"canonical":"https:\/\/www.masella.com\/blog\/ca\/donem-per-finalitzada-la-temporada-pel-coronavirus\/","og_locale":"ca_ES","og_type":"article","og_title":"DONEM PER FINALITZADA LA TEMPORADA PEL COVID-19 - El Blog oficial de Masella","og_description":"L\u2019estaci\u00f3 d\u2019esqu\u00ed de Masella dona per finalitzada la temporada 2019-20 dem\u00e0 dissabte dia 14 de mar\u00e7, com a mesura preventiva,","og_url":"https:\/\/www.masella.com\/blog\/ca\/donem-per-finalitzada-la-temporada-pel-coronavirus\/","og_site_name":"El Blog oficial de Masella","article_published_time":"2020-03-13T14:18:14+00:00","article_modified_time":"2022-06-01T06:31:31+00:00","og_image":[{"width":1200,"height":675,"url":"https:\/\/www.masella.com\/blog\/wp-content\/uploads\/2020\/03\/Corona.jpg","type":"image\/jpeg"}],"author":"masella","twitter_card":"summary_large_image","twitter_misc":{"Escrit per":"masella","Temps estimat de lectura":"1 minut"},"schema":{"@context":"https:\/\/schema.org","@graph":[{"@type":"Article","@id":"https:\/\/www.masella.com\/blog\/ca\/donem-per-finalitzada-la-temporada-pel-coronavirus\/#article","isPartOf":{"@id":"https:\/\/www.masella.com\/blog\/ca\/donem-per-finalitzada-la-temporada-pel-coronavirus\/"},"author":{"name":"masella","@id":"https:\/\/www.masella.com\/blog\/ca\/#\/schema\/person\/e32b971f5be20790c591d85b8f1c706b"},"headline":"DONEM PER FINALITZADA LA TEMPORADA PEL COVID-19","datePublished":"2020-03-13T14:18:14+00:00","dateModified":"2022-06-01T06:31:31+00:00","mainEntityOfPage":{"@id":"https:\/\/www.masella.com\/blog\/ca\/donem-per-finalitzada-la-temporada-pel-coronavirus\/"},"wordCount":182,"publisher":{"@id":"https:\/\/www.masella.com\/blog\/ca\/#organization"},"articleSection":["Actualitat"],"inLanguage":"ca"},{"@type":"WebPage","@id":"https:\/\/www.masella.com\/blog\/ca\/donem-per-finalitzada-la-temporada-pel-coronavirus\/","url":"https:\/\/www.masella.com\/blog\/ca\/donem-per-finalitzada-la-temporada-pel-coronavirus\/","name":"DONEM PER FINALITZADA LA TEMPORADA PEL COVID-19 - El Blog oficial de Masella","isPartOf":{"@id":"https:\/\/www.masella.com\/blog\/ca\/#website"},"datePublished":"2020-03-13T14:18:14+00:00","dateModified":"2022-06-01T06:31:31+00:00","breadcrumb":{"@id":"https:\/\/www.masella.com\/blog\/ca\/donem-per-finalitzada-la-temporada-pel-coronavirus\/#breadcrumb"},"inLanguage":"ca","potentialAction":[{"@type":"ReadAction","target":["https:\/\/www.masella.com\/blog\/ca\/donem-per-finalitzada-la-temporada-pel-coronavirus\/"]}]},{"@type":"BreadcrumbList","@id":"https:\/\/www.masella.com\/blog\/ca\/donem-per-finalitzada-la-temporada-pel-coronavirus\/#breadcrumb","itemListElement":[{"@type":"ListItem","position":1,"name":"Portada","item":"https:\/\/www.masella.com\/blog\/ca\/"},{"@type":"ListItem","position":2,"name":"DONEM PER FINALITZADA LA TEMPORADA PEL COVID-19"}]},{"@type":"WebSite","@id":"https:\/\/www.masella.com\/blog\/ca\/#website","url":"https:\/\/www.masella.com\/blog\/ca\/","name":"El Blog oficial de Masella","description":"","publisher":{"@id":"https:\/\/www.masella.com\/blog\/ca\/#organization"},"potentialAction":[{"@type":"SearchAction","target":{"@type":"EntryPoint","urlTemplate":"https:\/\/www.masella.com\/blog\/ca\/?s={search_term_string}"},"query-input":"required name=search_term_string"}],"inLanguage":"ca"},{"@type":"Organization","@id":"https:\/\/www.masella.com\/blog\/ca\/#organization","name":"El Blog oficial de Masella","url":"https:\/\/www.masella.com\/blog\/ca\/","logo":{"@type":"ImageObject","inLanguage":"ca","@id":"https:\/\/www.masella.com\/blog\/ca\/#\/schema\/logo\/image\/","url":"https:\/\/www.masella.com\/blog\/wp-content\/uploads\/2022\/12\/cropped-logo-masella-cat.png","contentUrl":"https:\/\/www.masella.com\/blog\/wp-content\/uploads\/2022\/12\/cropped-logo-masella-cat.png","width":150,"height":88,"caption":"El Blog oficial de Masella"},"image":{"@id":"https:\/\/www.masella.com\/blog\/ca\/#\/schema\/logo\/image\/"}},{"@type":"Person","@id":"https:\/\/www.masella.com\/blog\/ca\/#\/schema\/person\/e32b971f5be20790c591d85b8f1c706b","name":"masella","image":{"@type":"ImageObject","inLanguage":"ca","@id":"https:\/\/www.masella.com\/blog\/ca\/#\/schema\/person\/image\/","url":"https:\/\/secure.gravatar.com\/avatar\/57590b1151eaa410a783e55768bbbba2?s=96&d=mm&r=g","contentUrl":"https:\/\/secure.gravatar.com\/avatar\/57590b1151eaa410a783e55768bbbba2?s=96&d=mm&r=g","caption":"masella"},"url":"https:\/\/www.masella.com\/blog\/ca\/author\/anna\/"}]}},"_links":{"self":[{"href":"https:\/\/www.masella.com\/blog\/ca\/wp-json\/wp\/v2\/posts\/4318"}],"collection":[{"href":"https:\/\/www.masella.com\/blog\/ca\/wp-json\/wp\/v2\/posts"}],"about":[{"href":"https:\/\/www.masella.com\/blog\/ca\/wp-json\/wp\/v2\/types\/post"}],"author":[{"embeddable":true,"href":"https:\/\/www.masella.com\/blog\/ca\/wp-json\/wp\/v2\/users\/4"}],"replies":[{"embeddable":true,"href":"https:\/\/www.masella.com\/blog\/ca\/wp-json\/wp\/v2\/comments?post=4318"}],"version-history":[{"count":3,"href":"https:\/\/www.masella.com\/blog\/ca\/wp-json\/wp\/v2\/posts\/4318\/revisions"}],"predecessor-version":[{"id":4323,"href":"https:\/\/www.masella.com\/blog\/ca\/wp-json\/wp\/v2\/posts\/4318\/revisions\/4323"}],"wp:featuredmedia":[{"embeddable":true,"href":"https:\/\/www.masella.com\/blog\/ca\/wp-json\/wp\/v2\/media\/4319"}],"wp:attachment":[{"href":"https:\/\/www.masella.com\/blog\/ca\/wp-json\/wp\/v2\/media?parent=4318"}],"wp:term":[{"taxonomy":"category","embeddable":true,"href":"https:\/\/www.masella.com\/blog\/ca\/wp-json\/wp\/v2\/categories?post=4318"},{"taxonomy":"post_tag","embeddable":true,"href":"https:\/\/www.masella.com\/blog\/ca\/wp-json\/wp\/v2\/tags?post=4318"}],"curies":[{"name":"wp","href":"https:\/\/api.w.org\/{rel}","templated":true}]}}