{"id":4597,"date":"2021-03-08T08:11:36","date_gmt":"2021-03-08T08:11:36","guid":{"rendered":"https:\/\/www.masella.com\/blog\/?p=4597"},"modified":"2022-06-01T06:30:54","modified_gmt":"2022-06-01T06:30:54","slug":"lelit-femenina-dels-esports-dhivern-i-masella","status":"publish","type":"post","link":"https:\/\/www.masella.com\/blog\/ca\/lelit-femenina-dels-esports-dhivern-i-masella\/","title":{"rendered":"L\u2019ELIT FEMENINA DELS ESPORTS D\u2019HIVERN I MASELLA"},"content":{"rendered":"<p>Al llarg dels 53 anys d\u2019hist\u00f2ria de l\u2019estaci\u00f3 han sigut molts els esportistes d\u2019elit que han visitat o s\u2019han forjat a Masella. Avui, dia 8 de mar\u00e7, Dia Internacional de la Dona, farem un rep\u00e0s de les esportistes que han destacat i destaquen en esqu\u00ed alp\u00ed i surf de neu.<\/p>\n<p><strong>LA QUERALT CASTELLET, SURFISTA FORJADA A MASELLA <\/strong><\/p>\n<p>Des dels inicis al Club Esportiu Masella Team i de surfejar pel nostre domini esquiable, a la vict\u00f2ria als X-Games 2020 i el bronze de la Copa del M\u00f3n 2020, han passat dues d\u00e8cades marcats per la perseveran\u00e7a i la passi\u00f3 de la Queralt que l\u2019han portat a l\u2019elit mundial del \u201chalfpipe\u201d. La sabadellenca, forjada com a surfista a Masella, des de ben petita, continua al capdavant del surf de neu femen\u00ed a nivell internacional. \u00c9s la surfista de neu estatal amb m\u00e9s t\u00edtols de la hist\u00f2ria. Amb quatre participacions als Jocs Ol\u00edmpics ara ja s\u2019est\u00e0 entrenant per estar al capdamunt del podi pels propers JJOO d\u2019Hivern 2022, que es celebraran a Pequ\u00edn.<\/p>\n<p><a href=\"https:\/\/www.masella.com\/blog\/wp-content\/uploads\/2021\/03\/QC.jpg\"><img loading=\"lazy\" decoding=\"async\" class=\"size-full wp-image-4600 aligncenter\" src=\"https:\/\/www.masella.com\/blog\/wp-content\/uploads\/2021\/03\/QC.jpg\" alt=\"\" width=\"600\" height=\"450\" srcset=\"https:\/\/www.masella.com\/blog\/wp-content\/uploads\/2021\/03\/QC.jpg 600w, https:\/\/www.masella.com\/blog\/wp-content\/uploads\/2021\/03\/QC-300x225.jpg 300w\" sizes=\"(max-width: 600px) 100vw, 600px\" \/><\/a><\/p>\n<p><strong>LA N\u00daRIA PAU, L\u2019ESQUIADORA DE LA VALL DE RIBES <\/strong><\/p>\n<p>La N\u00faria Pau, que en diverses ocasions ha esquiat per les pistes de Masella, enguany lluita per estar entre les millors de la Copa d\u2019Europa. L\u2019objectiu de la present temporada era estar als Campionats Mundials d\u2019Esqu\u00ed Alp\u00ed, celebrats a Cortina d\u2019Ampezzo i ho va aconseguir. Entre els seus objectius esportiu \u00e9s estar entre les TOP 30 del M\u00f3n i el seu proper repte s\u00f3n els propers JJOO d\u2019Hivern, l\u2019any vinent.<\/p>\n<p><a href=\"https:\/\/www.masella.com\/blog\/wp-content\/uploads\/2021\/03\/NP.jpg\"><img loading=\"lazy\" decoding=\"async\" class=\"size-full wp-image-4602 aligncenter\" src=\"https:\/\/www.masella.com\/blog\/wp-content\/uploads\/2021\/03\/NP.jpg\" alt=\"\" width=\"600\" height=\"450\" srcset=\"https:\/\/www.masella.com\/blog\/wp-content\/uploads\/2021\/03\/NP.jpg 600w, https:\/\/www.masella.com\/blog\/wp-content\/uploads\/2021\/03\/NP-300x225.jpg 300w\" sizes=\"(max-width: 600px) 100vw, 600px\" \/><\/a><\/p>\n<p><strong>LA CAROLINA RUIZ, L\u2019ESQUIADORA M\u00c9S R\u00c0PIDA DE L\u2019ESQU\u00cd NACIONAL <\/strong><\/p>\n<p>L\u2019esquiadora Carolina Ruiz, especialista en les modalitats de Descens i Esl\u00e0lom Gegant, va visitar Masella el passat mes de febrer. T\u00e9 a destacar del seu palmar\u00e8s esportiu 1 vict\u00f2ria a la Copa del M\u00f3n en la disciplina de Descens, a l\u2019 any 2013 a Meribel, a m\u00e9s de 4 participacions en Jocs Ol\u00edmpics, en 9 Mundials i en 17 Copes del M\u00f3n. Actualment retirada de l\u2019esqu\u00ed de competici\u00f3 la Carolina continua vinculada als esports d\u2019hivern a trav\u00e9s de la Ruiz Ski Academy.<\/p>\n<p><a href=\"https:\/\/www.masella.com\/blog\/wp-content\/uploads\/2021\/03\/CR.jpg\"><img loading=\"lazy\" decoding=\"async\" class=\"size-full wp-image-4604 aligncenter\" src=\"https:\/\/www.masella.com\/blog\/wp-content\/uploads\/2021\/03\/CR.jpg\" alt=\"\" width=\"600\" height=\"450\" srcset=\"https:\/\/www.masella.com\/blog\/wp-content\/uploads\/2021\/03\/CR.jpg 600w, https:\/\/www.masella.com\/blog\/wp-content\/uploads\/2021\/03\/CR-300x225.jpg 300w\" sizes=\"(max-width: 600px) 100vw, 600px\" \/><\/a><\/p>\n<p><strong>LES GERMANES PUIG I BARATA, DEL CANM-C A LES COMPETICIONS INTERNACIONALS <\/strong><\/p>\n<p>La Conxita, la Montserrat i la N\u00faria Puig i Barata s\u00f3n tres germanes amb moltes hores d\u2019entrenament a Masella que a la d\u00e8cada dels setanta van destacar en l\u2019esqu\u00ed alp\u00ed nacional i internacional. Les germanes, que entrenaven amb el CANM-Cerdanya (Club Alp\u00ed N\u00faria Masella-Cerdanya), van formar part de la selecci\u00f3 nacional d\u2019esqu\u00ed. De les tres la Conxita va ser la que m\u00e9s va destacar esportivament amb una participaci\u00f3 als Jocs Ol\u00edmpics de Sapporo, l\u2019any 1972, i el seu millor resultat esportiu va ser el bronze en l&#8217;Esl\u00e0lom de Schruns, l\u2019any 1973,aix\u00ed va ser la primera esquiadora espanyola de la hist\u00f2ria a aconseguir un podi en la Copa del M\u00f3n.<\/p>\n<p><a href=\"https:\/\/www.masella.com\/blog\/wp-content\/uploads\/2021\/03\/Conxita-Puig.jpg\"><img loading=\"lazy\" decoding=\"async\" class=\"size-full wp-image-4606 aligncenter\" src=\"https:\/\/www.masella.com\/blog\/wp-content\/uploads\/2021\/03\/Conxita-Puig.jpg\" alt=\"\" width=\"426\" height=\"572\" srcset=\"https:\/\/www.masella.com\/blog\/wp-content\/uploads\/2021\/03\/Conxita-Puig.jpg 426w, https:\/\/www.masella.com\/blog\/wp-content\/uploads\/2021\/03\/Conxita-Puig-223x300.jpg 223w\" sizes=\"(max-width: 426px) 100vw, 426px\" \/><\/a><\/p>\n<p>Aquestes esquiadores i surfistes han de ser un referent per les joves esportistes que, cap de setmana rere cap de setmana, entrenen i competeixen amb els clubs de Masella per estar als esglaons m\u00e9s alts del podi.<\/p>\n","protected":false},"excerpt":{"rendered":"<p>Al llarg dels 53 anys d\u2019hist\u00f2ria de l\u2019estaci\u00f3 han sigut molts els esportistes d\u2019elit que han visitat o s\u2019han forjat<\/p>\n","protected":false},"author":4,"featured_media":4598,"comment_status":"closed","ping_status":"open","sticky":false,"template":"","format":"standard","meta":{"footnotes":""},"categories":[21,50],"tags":[],"yoast_head":"<!-- This site is optimized with the Yoast SEO plugin v21.5 - https:\/\/yoast.com\/wordpress\/plugins\/seo\/ -->\n<title>L\u2019ELIT FEMENINA DELS ESPORTS D\u2019HIVERN I MASELLA - El Blog oficial de Masella<\/title>\n<meta name=\"robots\" content=\"index, follow, max-snippet:-1, max-image-preview:large, max-video-preview:-1\" \/>\n<link rel=\"canonical\" href=\"https:\/\/www.masella.com\/blog\/ca\/lelit-femenina-dels-esports-dhivern-i-masella\/\" \/>\n<meta property=\"og:locale\" content=\"ca_ES\" \/>\n<meta property=\"og:type\" content=\"article\" \/>\n<meta property=\"og:title\" content=\"L\u2019ELIT FEMENINA DELS ESPORTS D\u2019HIVERN I MASELLA - El Blog oficial de Masella\" \/>\n<meta property=\"og:description\" content=\"Al llarg dels 53 anys d\u2019hist\u00f2ria de l\u2019estaci\u00f3 han sigut molts els esportistes d\u2019elit que han visitat o s\u2019han forjat\" \/>\n<meta property=\"og:url\" content=\"https:\/\/www.masella.com\/blog\/ca\/lelit-femenina-dels-esports-dhivern-i-masella\/\" \/>\n<meta property=\"og:site_name\" content=\"El Blog oficial de Masella\" \/>\n<meta property=\"article:published_time\" content=\"2021-03-08T08:11:36+00:00\" \/>\n<meta property=\"article:modified_time\" content=\"2022-06-01T06:30:54+00:00\" \/>\n<meta property=\"og:image\" content=\"https:\/\/www.masella.com\/blog\/wp-content\/uploads\/2021\/03\/QC-Portada.jpg\" \/>\n\t<meta property=\"og:image:width\" content=\"800\" \/>\n\t<meta property=\"og:image:height\" content=\"445\" \/>\n\t<meta property=\"og:image:type\" content=\"image\/jpeg\" \/>\n<meta name=\"author\" content=\"masella\" \/>\n<meta name=\"twitter:card\" content=\"summary_large_image\" \/>\n<meta name=\"twitter:label1\" content=\"Escrit per\" \/>\n\t<meta name=\"twitter:data1\" content=\"masella\" \/>\n\t<meta name=\"twitter:label2\" content=\"Temps estimat de lectura\" \/>\n\t<meta name=\"twitter:data2\" content=\"3 minuts\" \/>\n<script type=\"application\/ld+json\" class=\"yoast-schema-graph\">{\"@context\":\"https:\/\/schema.org\",\"@graph\":[{\"@type\":\"Article\",\"@id\":\"https:\/\/www.masella.com\/blog\/ca\/lelit-femenina-dels-esports-dhivern-i-masella\/#article\",\"isPartOf\":{\"@id\":\"https:\/\/www.masella.com\/blog\/ca\/lelit-femenina-dels-esports-dhivern-i-masella\/\"},\"author\":{\"name\":\"masella\",\"@id\":\"https:\/\/www.masella.com\/blog\/ca\/#\/schema\/person\/e32b971f5be20790c591d85b8f1c706b\"},\"headline\":\"L\u2019ELIT FEMENINA DELS ESPORTS D\u2019HIVERN I MASELLA\",\"datePublished\":\"2021-03-08T08:11:36+00:00\",\"dateModified\":\"2022-06-01T06:30:54+00:00\",\"mainEntityOfPage\":{\"@id\":\"https:\/\/www.masella.com\/blog\/ca\/lelit-femenina-dels-esports-dhivern-i-masella\/\"},\"wordCount\":555,\"publisher\":{\"@id\":\"https:\/\/www.masella.com\/blog\/ca\/#organization\"},\"articleSection\":[\"Actualitat\",\"Competici\u00f3\"],\"inLanguage\":\"ca\"},{\"@type\":\"WebPage\",\"@id\":\"https:\/\/www.masella.com\/blog\/ca\/lelit-femenina-dels-esports-dhivern-i-masella\/\",\"url\":\"https:\/\/www.masella.com\/blog\/ca\/lelit-femenina-dels-esports-dhivern-i-masella\/\",\"name\":\"L\u2019ELIT FEMENINA DELS ESPORTS D\u2019HIVERN I MASELLA - El Blog oficial de Masella\",\"isPartOf\":{\"@id\":\"https:\/\/www.masella.com\/blog\/ca\/#website\"},\"datePublished\":\"2021-03-08T08:11:36+00:00\",\"dateModified\":\"2022-06-01T06:30:54+00:00\",\"breadcrumb\":{\"@id\":\"https:\/\/www.masella.com\/blog\/ca\/lelit-femenina-dels-esports-dhivern-i-masella\/#breadcrumb\"},\"inLanguage\":\"ca\",\"potentialAction\":[{\"@type\":\"ReadAction\",\"target\":[\"https:\/\/www.masella.com\/blog\/ca\/lelit-femenina-dels-esports-dhivern-i-masella\/\"]}]},{\"@type\":\"BreadcrumbList\",\"@id\":\"https:\/\/www.masella.com\/blog\/ca\/lelit-femenina-dels-esports-dhivern-i-masella\/#breadcrumb\",\"itemListElement\":[{\"@type\":\"ListItem\",\"position\":1,\"name\":\"Portada\",\"item\":\"https:\/\/www.masella.com\/blog\/ca\/\"},{\"@type\":\"ListItem\",\"position\":2,\"name\":\"L\u2019ELIT FEMENINA DELS ESPORTS D\u2019HIVERN I MASELLA\"}]},{\"@type\":\"WebSite\",\"@id\":\"https:\/\/www.masella.com\/blog\/ca\/#website\",\"url\":\"https:\/\/www.masella.com\/blog\/ca\/\",\"name\":\"El Blog oficial de Masella\",\"description\":\"\",\"publisher\":{\"@id\":\"https:\/\/www.masella.com\/blog\/ca\/#organization\"},\"potentialAction\":[{\"@type\":\"SearchAction\",\"target\":{\"@type\":\"EntryPoint\",\"urlTemplate\":\"https:\/\/www.masella.com\/blog\/ca\/?s={search_term_string}\"},\"query-input\":\"required name=search_term_string\"}],\"inLanguage\":\"ca\"},{\"@type\":\"Organization\",\"@id\":\"https:\/\/www.masella.com\/blog\/ca\/#organization\",\"name\":\"El Blog oficial de Masella\",\"url\":\"https:\/\/www.masella.com\/blog\/ca\/\",\"logo\":{\"@type\":\"ImageObject\",\"inLanguage\":\"ca\",\"@id\":\"https:\/\/www.masella.com\/blog\/ca\/#\/schema\/logo\/image\/\",\"url\":\"https:\/\/www.masella.com\/blog\/wp-content\/uploads\/2022\/12\/cropped-logo-masella-cat.png\",\"contentUrl\":\"https:\/\/www.masella.com\/blog\/wp-content\/uploads\/2022\/12\/cropped-logo-masella-cat.png\",\"width\":150,\"height\":88,\"caption\":\"El Blog oficial de Masella\"},\"image\":{\"@id\":\"https:\/\/www.masella.com\/blog\/ca\/#\/schema\/logo\/image\/\"}},{\"@type\":\"Person\",\"@id\":\"https:\/\/www.masella.com\/blog\/ca\/#\/schema\/person\/e32b971f5be20790c591d85b8f1c706b\",\"name\":\"masella\",\"image\":{\"@type\":\"ImageObject\",\"inLanguage\":\"ca\",\"@id\":\"https:\/\/www.masella.com\/blog\/ca\/#\/schema\/person\/image\/\",\"url\":\"https:\/\/secure.gravatar.com\/avatar\/57590b1151eaa410a783e55768bbbba2?s=96&d=mm&r=g\",\"contentUrl\":\"https:\/\/secure.gravatar.com\/avatar\/57590b1151eaa410a783e55768bbbba2?s=96&d=mm&r=g\",\"caption\":\"masella\"},\"url\":\"https:\/\/www.masella.com\/blog\/ca\/author\/anna\/\"}]}<\/script>\n<!-- \/ Yoast SEO plugin. -->","yoast_head_json":{"title":"L\u2019ELIT FEMENINA DELS ESPORTS D\u2019HIVERN I MASELLA - El Blog oficial de Masella","robots":{"index":"index","follow":"follow","max-snippet":"max-snippet:-1","max-image-preview":"max-image-preview:large","max-video-preview":"max-video-preview:-1"},"canonical":"https:\/\/www.masella.com\/blog\/ca\/lelit-femenina-dels-esports-dhivern-i-masella\/","og_locale":"ca_ES","og_type":"article","og_title":"L\u2019ELIT FEMENINA DELS ESPORTS D\u2019HIVERN I MASELLA - El Blog oficial de Masella","og_description":"Al llarg dels 53 anys d\u2019hist\u00f2ria de l\u2019estaci\u00f3 han sigut molts els esportistes d\u2019elit que han visitat o s\u2019han forjat","og_url":"https:\/\/www.masella.com\/blog\/ca\/lelit-femenina-dels-esports-dhivern-i-masella\/","og_site_name":"El Blog oficial de Masella","article_published_time":"2021-03-08T08:11:36+00:00","article_modified_time":"2022-06-01T06:30:54+00:00","og_image":[{"width":800,"height":445,"url":"https:\/\/www.masella.com\/blog\/wp-content\/uploads\/2021\/03\/QC-Portada.jpg","type":"image\/jpeg"}],"author":"masella","twitter_card":"summary_large_image","twitter_misc":{"Escrit per":"masella","Temps estimat de lectura":"3 minuts"},"schema":{"@context":"https:\/\/schema.org","@graph":[{"@type":"Article","@id":"https:\/\/www.masella.com\/blog\/ca\/lelit-femenina-dels-esports-dhivern-i-masella\/#article","isPartOf":{"@id":"https:\/\/www.masella.com\/blog\/ca\/lelit-femenina-dels-esports-dhivern-i-masella\/"},"author":{"name":"masella","@id":"https:\/\/www.masella.com\/blog\/ca\/#\/schema\/person\/e32b971f5be20790c591d85b8f1c706b"},"headline":"L\u2019ELIT FEMENINA DELS ESPORTS D\u2019HIVERN I MASELLA","datePublished":"2021-03-08T08:11:36+00:00","dateModified":"2022-06-01T06:30:54+00:00","mainEntityOfPage":{"@id":"https:\/\/www.masella.com\/blog\/ca\/lelit-femenina-dels-esports-dhivern-i-masella\/"},"wordCount":555,"publisher":{"@id":"https:\/\/www.masella.com\/blog\/ca\/#organization"},"articleSection":["Actualitat","Competici\u00f3"],"inLanguage":"ca"},{"@type":"WebPage","@id":"https:\/\/www.masella.com\/blog\/ca\/lelit-femenina-dels-esports-dhivern-i-masella\/","url":"https:\/\/www.masella.com\/blog\/ca\/lelit-femenina-dels-esports-dhivern-i-masella\/","name":"L\u2019ELIT FEMENINA DELS ESPORTS D\u2019HIVERN I MASELLA - El Blog oficial de Masella","isPartOf":{"@id":"https:\/\/www.masella.com\/blog\/ca\/#website"},"datePublished":"2021-03-08T08:11:36+00:00","dateModified":"2022-06-01T06:30:54+00:00","breadcrumb":{"@id":"https:\/\/www.masella.com\/blog\/ca\/lelit-femenina-dels-esports-dhivern-i-masella\/#breadcrumb"},"inLanguage":"ca","potentialAction":[{"@type":"ReadAction","target":["https:\/\/www.masella.com\/blog\/ca\/lelit-femenina-dels-esports-dhivern-i-masella\/"]}]},{"@type":"BreadcrumbList","@id":"https:\/\/www.masella.com\/blog\/ca\/lelit-femenina-dels-esports-dhivern-i-masella\/#breadcrumb","itemListElement":[{"@type":"ListItem","position":1,"name":"Portada","item":"https:\/\/www.masella.com\/blog\/ca\/"},{"@type":"ListItem","position":2,"name":"L\u2019ELIT FEMENINA DELS ESPORTS D\u2019HIVERN I MASELLA"}]},{"@type":"WebSite","@id":"https:\/\/www.masella.com\/blog\/ca\/#website","url":"https:\/\/www.masella.com\/blog\/ca\/","name":"El Blog oficial de Masella","description":"","publisher":{"@id":"https:\/\/www.masella.com\/blog\/ca\/#organization"},"potentialAction":[{"@type":"SearchAction","target":{"@type":"EntryPoint","urlTemplate":"https:\/\/www.masella.com\/blog\/ca\/?s={search_term_string}"},"query-input":"required name=search_term_string"}],"inLanguage":"ca"},{"@type":"Organization","@id":"https:\/\/www.masella.com\/blog\/ca\/#organization","name":"El Blog oficial de Masella","url":"https:\/\/www.masella.com\/blog\/ca\/","logo":{"@type":"ImageObject","inLanguage":"ca","@id":"https:\/\/www.masella.com\/blog\/ca\/#\/schema\/logo\/image\/","url":"https:\/\/www.masella.com\/blog\/wp-content\/uploads\/2022\/12\/cropped-logo-masella-cat.png","contentUrl":"https:\/\/www.masella.com\/blog\/wp-content\/uploads\/2022\/12\/cropped-logo-masella-cat.png","width":150,"height":88,"caption":"El Blog oficial de Masella"},"image":{"@id":"https:\/\/www.masella.com\/blog\/ca\/#\/schema\/logo\/image\/"}},{"@type":"Person","@id":"https:\/\/www.masella.com\/blog\/ca\/#\/schema\/person\/e32b971f5be20790c591d85b8f1c706b","name":"masella","image":{"@type":"ImageObject","inLanguage":"ca","@id":"https:\/\/www.masella.com\/blog\/ca\/#\/schema\/person\/image\/","url":"https:\/\/secure.gravatar.com\/avatar\/57590b1151eaa410a783e55768bbbba2?s=96&d=mm&r=g","contentUrl":"https:\/\/secure.gravatar.com\/avatar\/57590b1151eaa410a783e55768bbbba2?s=96&d=mm&r=g","caption":"masella"},"url":"https:\/\/www.masella.com\/blog\/ca\/author\/anna\/"}]}},"_links":{"self":[{"href":"https:\/\/www.masella.com\/blog\/ca\/wp-json\/wp\/v2\/posts\/4597"}],"collection":[{"href":"https:\/\/www.masella.com\/blog\/ca\/wp-json\/wp\/v2\/posts"}],"about":[{"href":"https:\/\/www.masella.com\/blog\/ca\/wp-json\/wp\/v2\/types\/post"}],"author":[{"embeddable":true,"href":"https:\/\/www.masella.com\/blog\/ca\/wp-json\/wp\/v2\/users\/4"}],"replies":[{"embeddable":true,"href":"https:\/\/www.masella.com\/blog\/ca\/wp-json\/wp\/v2\/comments?post=4597"}],"version-history":[{"count":3,"href":"https:\/\/www.masella.com\/blog\/ca\/wp-json\/wp\/v2\/posts\/4597\/revisions"}],"predecessor-version":[{"id":4610,"href":"https:\/\/www.masella.com\/blog\/ca\/wp-json\/wp\/v2\/posts\/4597\/revisions\/4610"}],"wp:featuredmedia":[{"embeddable":true,"href":"https:\/\/www.masella.com\/blog\/ca\/wp-json\/wp\/v2\/media\/4598"}],"wp:attachment":[{"href":"https:\/\/www.masella.com\/blog\/ca\/wp-json\/wp\/v2\/media?parent=4597"}],"wp:term":[{"taxonomy":"category","embeddable":true,"href":"https:\/\/www.masella.com\/blog\/ca\/wp-json\/wp\/v2\/categories?post=4597"},{"taxonomy":"post_tag","embeddable":true,"href":"https:\/\/www.masella.com\/blog\/ca\/wp-json\/wp\/v2\/tags?post=4597"}],"curies":[{"name":"wp","href":"https:\/\/api.w.org\/{rel}","templated":true}]}}