{"id":4633,"date":"2021-03-26T10:29:50","date_gmt":"2021-03-26T10:29:50","guid":{"rendered":"https:\/\/www.masella.com\/blog\/?p=4633"},"modified":"2022-06-01T06:30:54","modified_gmt":"2022-06-01T06:30:54","slug":"reserva-ara-la-teva-esquiada-de-setmana-santa","status":"publish","type":"post","link":"https:\/\/www.masella.com\/blog\/ca\/reserva-ara-la-teva-esquiada-de-setmana-santa\/","title":{"rendered":"RESERVA ARA LA TEVA ESQUIADA DE SETMANA SANTA"},"content":{"rendered":"<p>Ara \u00e9s el moment de reservar la teva esquiada de Setmana Santa amb temps i aprofitar les bones condicions de la neu d\u2019aquesta primavera, en qu\u00e8 a Masella es pot gaudir de:<\/p>\n<p>-100% del desnivell esquiable obert, des de la Tosa-2535 m fins el Pla de Masella-1600 m<\/p>\n<p>-Connexi\u00f3 oberta per accedir al domini esquiable d\u2019Alp 2500, integrat per La Molina + Masella<\/p>\n<p>-Sectors oberts: Dues Estacions, la Tosa, Isards, Coma Pregona, Cap del Bosc, Coma Oriola, La Pleta, Bosc d\u2019Alp i Pla de Masella, enlla\u00e7ats per tota la xarxa principal de remuntadors<\/p>\n<p><a href=\"https:\/\/www.masella.com\/blog\/wp-content\/uploads\/2021\/03\/INA.jpg\"><img loading=\"lazy\" decoding=\"async\" class=\"size-full wp-image-4634 aligncenter\" src=\"https:\/\/www.masella.com\/blog\/wp-content\/uploads\/2021\/03\/INA.jpg\" alt=\"\" width=\"600\" height=\"450\" srcset=\"https:\/\/www.masella.com\/blog\/wp-content\/uploads\/2021\/03\/INA.jpg 600w, https:\/\/www.masella.com\/blog\/wp-content\/uploads\/2021\/03\/INA-300x225.jpg 300w\" sizes=\"(max-width: 600px) 100vw, 600px\" \/><\/a><\/p>\n<p>Aquesta segona quinzena de mar\u00e7 hem produ\u00eft molta neu aprofitant les baixes temperatures, amb la xarxa moderna de producci\u00f3 de neu que t\u00e9 instal\u00b7lada l\u2019estaci\u00f3. I a pocs dies vista la previsi\u00f3 del temps es bona, en conjunt, per les dates de Setmana Santa. Consulta la previsi\u00f3 del temps de la Gemma Puig a Masella TV clicant <a href=\"https:\/\/www.youtube.com\/watch?v=uVjDaCftOrQ&amp;list=TLGGwXGSol_5xDUyNjAzMjAyMQ&amp;t=1s\" target=\"_blank\" rel=\"noopener noreferrer\">AQU\u00cd<\/a><\/p>\n<p><strong>RESERVA EL TEU FORFET<\/strong><\/p>\n<p>Ja pots reservar el teu forfet online per aquestes dates. At\u00e8s que es controla l\u2019aforament de l\u2019estaci\u00f3 \u00e9s imprescindible reservar-lo clicant: <a href=\"https:\/\/masella.axess.shop\/ca\/Home\" target=\"_blank\" rel=\"noopener noreferrer\">www.masella.com <\/a>\u00c9s senzill per\u00f2 si tens algun dubte consulta \u201cCom comprar el forfet?\u201d clicant <a href=\"https:\/\/www.masella.com\/uploads\/tinymce\/CONDICIONS%20FORFETS%20ONLINE.pdf\" target=\"_blank\" rel=\"noopener noreferrer\">AQU\u00cd<\/a><\/p>\n<p><strong>RESERVA LA TEVA ESTADA <\/strong><\/p>\n<p>L\u2019oferta d\u2019allotjaments a peu de pista \u00e9s variada i pots triar entre l\u2019Alp Hotel*** o els Apartaments Masella 1600 m, tots dos amb l\u2019avantatge que per anar a pistes no cal agafar el vehicle. Reserva tant l\u2019hotel com els apartaments a <a href=\"mailto:reservas@alphotelmasella.com\" target=\"_blank\" rel=\"noopener noreferrer\">reservas@alphotelmasella.com<\/a> i al (+34) 972 144 201<\/p>\n<p>Per a m\u00e9s informaci\u00f3 de l\u2019hotel: <a href=\"http:\/\/www.alphotelmasella.com\" target=\"_blank\" rel=\"noopener noreferrer\">www.alphotelmasella.com<\/a><\/p>\n<p>Per a m\u00e9s informaci\u00f3 dels apartaments: <a href=\"http:\/\/www.apartamentsmasella.com\" target=\"_blank\" rel=\"noopener noreferrer\">www.apartamentsmasella.com<\/a><\/p>\n<p><a href=\"https:\/\/www.masella.com\/blog\/wp-content\/uploads\/2021\/03\/Collada.jpg\"><img loading=\"lazy\" decoding=\"async\" class=\"size-full wp-image-4636 aligncenter\" src=\"https:\/\/www.masella.com\/blog\/wp-content\/uploads\/2021\/03\/Collada.jpg\" alt=\"\" width=\"600\" height=\"450\" srcset=\"https:\/\/www.masella.com\/blog\/wp-content\/uploads\/2021\/03\/Collada.jpg 600w, https:\/\/www.masella.com\/blog\/wp-content\/uploads\/2021\/03\/Collada-300x225.jpg 300w\" sizes=\"(max-width: 600px) 100vw, 600px\" \/><\/a><\/p>\n<p>I si prefereixes un establiment m\u00e9s selecte, per\u00f2 amb ofertes molt ajustades, tens a la teva disposici\u00f3 La Collada Hotel &amp; Spa ****, a nom\u00e9s 8 minuts en vehicle de Masella.\u00a0Ja pots fer la teva reserva a <a href=\"mailto:hello@lacolladahotel.com\" target=\"_blank\" rel=\"noopener noreferrer\">hello@lacolladahotel.com<\/a> o al tel\u00e8fon (+34) 972 89 21 00. Per a m\u00e9s informaci\u00f3: <a href=\"https:\/\/lacolladahotel.com\/\" target=\"_blank\" rel=\"noopener noreferrer\">www.lacolladahotel.com\u00a0<\/a><\/p>\n<p>I a la vall de la Cerdanya tamb\u00e9 hi ha un ampli ventall d\u2019allotjaments que pots consultar i reservar directament clicant AQU\u00cd<\/p>\n<p><strong>RESERVA LES TEVES CLASSES<\/strong><\/p>\n<p>Tant si tens un nivell de debutant, mig o expert els\/les professors\/es de l\u2019Escola d\u2019Esqu\u00ed de Masella t\u2019ensenyaran a millorar el teu nivell d\u2019esqu\u00ed o de surf de neu. Reserva les classes ara a trav\u00e9s de l\u2019e.mail: <a href=\"mailto:escola@masella.com\" target=\"_blank\" rel=\"noopener noreferrer\">escola@masella.com<\/a> o el tel\u00e8fon (+34) 972 890 145.<\/p>\n<p><a href=\"https:\/\/www.masella.com\/blog\/wp-content\/uploads\/2021\/03\/Classe.jpg\"><img loading=\"lazy\" decoding=\"async\" class=\"size-full wp-image-4638 aligncenter\" src=\"https:\/\/www.masella.com\/blog\/wp-content\/uploads\/2021\/03\/Classe.jpg\" alt=\"\" width=\"600\" height=\"450\" srcset=\"https:\/\/www.masella.com\/blog\/wp-content\/uploads\/2021\/03\/Classe.jpg 600w, https:\/\/www.masella.com\/blog\/wp-content\/uploads\/2021\/03\/Classe-300x225.jpg 300w\" sizes=\"(max-width: 600px) 100vw, 600px\" \/><\/a><\/p>\n<p><strong>SERVEI DE LLOGUER<\/strong><\/p>\n<p>I amb tot aix\u00f2 no oblidis que hi ha el Lloguer de Masella, el servei oficial de l\u2019estaci\u00f3, amb un ampli ventall d\u2019esqu\u00eds i taules de surf de neu perqu\u00e8 no hagis de portar el teu material de casa. El servei de Lloguer no cal reservar-lo i est\u00e0 ubicat a la planta baixa de l\u2019Alberg Abrigall, al costat de les Oficines de l\u2019estaci\u00f3. A m\u00e9s a m\u00e9s el servei disposa de Taller per tenir tot el material a punt per aquesta Setmana Santa. Per a m\u00e9s informaci\u00f3: <a href=\"https:\/\/www.masella.com\/ca\/paginas\/preus_lloguer\" target=\"_blank\" rel=\"noopener noreferrer\">www.masella.com<\/a><\/p>\n<p><strong>OFICINES D\u2019ATENCI\u00d3 A L\u2019ESQUIADOR<\/strong><\/p>\n<p>Si tens dubtes, comentaris o vols con\u00e8ixer l\u2019estat de pistes dia a dia consulta <a href=\"http:\/\/www.masella.com\" target=\"_blank\" rel=\"noopener noreferrer\">www.masella.com<\/a> o descarrega\u2019t l\u2019app de Masella clicant <a href=\"https:\/\/www.masella.com\/ca\/paginas\/app\" target=\"_blank\" rel=\"noopener noreferrer\">AQU\u00cd.<\/a> Per a informaci\u00f3 complement\u00e0ria: <a href=\"mailto:masella@masella.com\" target=\"_blank\" rel=\"noopener noreferrer\">masella@masella.com<\/a> o al tel\u00e8fon de les Oficines d\u2019Atenci\u00f3 a l\u2019Esquiador (+34) 972 144 000<\/p>\n","protected":false},"excerpt":{"rendered":"<p>Ara \u00e9s el moment de reservar la teva esquiada de Setmana Santa amb temps i aprofitar les bones condicions de<\/p>\n","protected":false},"author":4,"featured_media":4640,"comment_status":"closed","ping_status":"open","sticky":false,"template":"","format":"standard","meta":{"footnotes":""},"categories":[21,63],"tags":[],"yoast_head":"<!-- This site is optimized with the Yoast SEO plugin v21.5 - https:\/\/yoast.com\/wordpress\/plugins\/seo\/ -->\n<title>RESERVA ARA LA TEVA ESQUIADA DE SETMANA SANTA - El Blog oficial de Masella<\/title>\n<meta name=\"robots\" content=\"index, follow, max-snippet:-1, max-image-preview:large, max-video-preview:-1\" \/>\n<link rel=\"canonical\" href=\"https:\/\/www.masella.com\/blog\/ca\/reserva-ara-la-teva-esquiada-de-setmana-santa\/\" \/>\n<meta property=\"og:locale\" content=\"ca_ES\" \/>\n<meta property=\"og:type\" content=\"article\" \/>\n<meta property=\"og:title\" content=\"RESERVA ARA LA TEVA ESQUIADA DE SETMANA SANTA - El Blog oficial de Masella\" \/>\n<meta property=\"og:description\" content=\"Ara \u00e9s el moment de reservar la teva esquiada de Setmana Santa amb temps i aprofitar les bones condicions de\" \/>\n<meta property=\"og:url\" content=\"https:\/\/www.masella.com\/blog\/ca\/reserva-ara-la-teva-esquiada-de-setmana-santa\/\" \/>\n<meta property=\"og:site_name\" content=\"El Blog oficial de Masella\" \/>\n<meta property=\"article:published_time\" content=\"2021-03-26T10:29:50+00:00\" \/>\n<meta property=\"article:modified_time\" content=\"2022-06-01T06:30:54+00:00\" \/>\n<meta property=\"og:image\" content=\"https:\/\/www.masella.com\/blog\/wp-content\/uploads\/2021\/03\/Cap\u00e7alera.jpg\" \/>\n\t<meta property=\"og:image:width\" content=\"800\" \/>\n\t<meta property=\"og:image:height\" content=\"445\" \/>\n\t<meta property=\"og:image:type\" content=\"image\/jpeg\" \/>\n<meta name=\"author\" content=\"masella\" \/>\n<meta name=\"twitter:card\" content=\"summary_large_image\" \/>\n<meta name=\"twitter:label1\" content=\"Escrit per\" \/>\n\t<meta name=\"twitter:data1\" content=\"masella\" \/>\n\t<meta name=\"twitter:label2\" content=\"Temps estimat de lectura\" \/>\n\t<meta name=\"twitter:data2\" content=\"3 minuts\" \/>\n<script type=\"application\/ld+json\" class=\"yoast-schema-graph\">{\"@context\":\"https:\/\/schema.org\",\"@graph\":[{\"@type\":\"Article\",\"@id\":\"https:\/\/www.masella.com\/blog\/ca\/reserva-ara-la-teva-esquiada-de-setmana-santa\/#article\",\"isPartOf\":{\"@id\":\"https:\/\/www.masella.com\/blog\/ca\/reserva-ara-la-teva-esquiada-de-setmana-santa\/\"},\"author\":{\"name\":\"masella\",\"@id\":\"https:\/\/www.masella.com\/blog\/ca\/#\/schema\/person\/e32b971f5be20790c591d85b8f1c706b\"},\"headline\":\"RESERVA ARA LA TEVA ESQUIADA DE SETMANA SANTA\",\"datePublished\":\"2021-03-26T10:29:50+00:00\",\"dateModified\":\"2022-06-01T06:30:54+00:00\",\"mainEntityOfPage\":{\"@id\":\"https:\/\/www.masella.com\/blog\/ca\/reserva-ara-la-teva-esquiada-de-setmana-santa\/\"},\"wordCount\":572,\"publisher\":{\"@id\":\"https:\/\/www.masella.com\/blog\/ca\/#organization\"},\"articleSection\":[\"Actualitat\",\"Destacat\"],\"inLanguage\":\"ca\"},{\"@type\":\"WebPage\",\"@id\":\"https:\/\/www.masella.com\/blog\/ca\/reserva-ara-la-teva-esquiada-de-setmana-santa\/\",\"url\":\"https:\/\/www.masella.com\/blog\/ca\/reserva-ara-la-teva-esquiada-de-setmana-santa\/\",\"name\":\"RESERVA ARA LA TEVA ESQUIADA DE SETMANA SANTA - El Blog oficial de Masella\",\"isPartOf\":{\"@id\":\"https:\/\/www.masella.com\/blog\/ca\/#website\"},\"datePublished\":\"2021-03-26T10:29:50+00:00\",\"dateModified\":\"2022-06-01T06:30:54+00:00\",\"breadcrumb\":{\"@id\":\"https:\/\/www.masella.com\/blog\/ca\/reserva-ara-la-teva-esquiada-de-setmana-santa\/#breadcrumb\"},\"inLanguage\":\"ca\",\"potentialAction\":[{\"@type\":\"ReadAction\",\"target\":[\"https:\/\/www.masella.com\/blog\/ca\/reserva-ara-la-teva-esquiada-de-setmana-santa\/\"]}]},{\"@type\":\"BreadcrumbList\",\"@id\":\"https:\/\/www.masella.com\/blog\/ca\/reserva-ara-la-teva-esquiada-de-setmana-santa\/#breadcrumb\",\"itemListElement\":[{\"@type\":\"ListItem\",\"position\":1,\"name\":\"Portada\",\"item\":\"https:\/\/www.masella.com\/blog\/ca\/\"},{\"@type\":\"ListItem\",\"position\":2,\"name\":\"RESERVA ARA LA TEVA ESQUIADA DE SETMANA SANTA\"}]},{\"@type\":\"WebSite\",\"@id\":\"https:\/\/www.masella.com\/blog\/ca\/#website\",\"url\":\"https:\/\/www.masella.com\/blog\/ca\/\",\"name\":\"El Blog oficial de Masella\",\"description\":\"\",\"publisher\":{\"@id\":\"https:\/\/www.masella.com\/blog\/ca\/#organization\"},\"potentialAction\":[{\"@type\":\"SearchAction\",\"target\":{\"@type\":\"EntryPoint\",\"urlTemplate\":\"https:\/\/www.masella.com\/blog\/ca\/?s={search_term_string}\"},\"query-input\":\"required name=search_term_string\"}],\"inLanguage\":\"ca\"},{\"@type\":\"Organization\",\"@id\":\"https:\/\/www.masella.com\/blog\/ca\/#organization\",\"name\":\"El Blog oficial de Masella\",\"url\":\"https:\/\/www.masella.com\/blog\/ca\/\",\"logo\":{\"@type\":\"ImageObject\",\"inLanguage\":\"ca\",\"@id\":\"https:\/\/www.masella.com\/blog\/ca\/#\/schema\/logo\/image\/\",\"url\":\"https:\/\/www.masella.com\/blog\/wp-content\/uploads\/2022\/12\/cropped-logo-masella-cat.png\",\"contentUrl\":\"https:\/\/www.masella.com\/blog\/wp-content\/uploads\/2022\/12\/cropped-logo-masella-cat.png\",\"width\":150,\"height\":88,\"caption\":\"El Blog oficial de Masella\"},\"image\":{\"@id\":\"https:\/\/www.masella.com\/blog\/ca\/#\/schema\/logo\/image\/\"}},{\"@type\":\"Person\",\"@id\":\"https:\/\/www.masella.com\/blog\/ca\/#\/schema\/person\/e32b971f5be20790c591d85b8f1c706b\",\"name\":\"masella\",\"image\":{\"@type\":\"ImageObject\",\"inLanguage\":\"ca\",\"@id\":\"https:\/\/www.masella.com\/blog\/ca\/#\/schema\/person\/image\/\",\"url\":\"https:\/\/secure.gravatar.com\/avatar\/57590b1151eaa410a783e55768bbbba2?s=96&d=mm&r=g\",\"contentUrl\":\"https:\/\/secure.gravatar.com\/avatar\/57590b1151eaa410a783e55768bbbba2?s=96&d=mm&r=g\",\"caption\":\"masella\"},\"url\":\"https:\/\/www.masella.com\/blog\/ca\/author\/anna\/\"}]}<\/script>\n<!-- \/ Yoast SEO plugin. -->","yoast_head_json":{"title":"RESERVA ARA LA TEVA ESQUIADA DE SETMANA SANTA - El Blog oficial de Masella","robots":{"index":"index","follow":"follow","max-snippet":"max-snippet:-1","max-image-preview":"max-image-preview:large","max-video-preview":"max-video-preview:-1"},"canonical":"https:\/\/www.masella.com\/blog\/ca\/reserva-ara-la-teva-esquiada-de-setmana-santa\/","og_locale":"ca_ES","og_type":"article","og_title":"RESERVA ARA LA TEVA ESQUIADA DE SETMANA SANTA - El Blog oficial de Masella","og_description":"Ara \u00e9s el moment de reservar la teva esquiada de Setmana Santa amb temps i aprofitar les bones condicions de","og_url":"https:\/\/www.masella.com\/blog\/ca\/reserva-ara-la-teva-esquiada-de-setmana-santa\/","og_site_name":"El Blog oficial de Masella","article_published_time":"2021-03-26T10:29:50+00:00","article_modified_time":"2022-06-01T06:30:54+00:00","og_image":[{"width":800,"height":445,"url":"https:\/\/www.masella.com\/blog\/wp-content\/uploads\/2021\/03\/Cap\u00e7alera.jpg","type":"image\/jpeg"}],"author":"masella","twitter_card":"summary_large_image","twitter_misc":{"Escrit per":"masella","Temps estimat de lectura":"3 minuts"},"schema":{"@context":"https:\/\/schema.org","@graph":[{"@type":"Article","@id":"https:\/\/www.masella.com\/blog\/ca\/reserva-ara-la-teva-esquiada-de-setmana-santa\/#article","isPartOf":{"@id":"https:\/\/www.masella.com\/blog\/ca\/reserva-ara-la-teva-esquiada-de-setmana-santa\/"},"author":{"name":"masella","@id":"https:\/\/www.masella.com\/blog\/ca\/#\/schema\/person\/e32b971f5be20790c591d85b8f1c706b"},"headline":"RESERVA ARA LA TEVA ESQUIADA DE SETMANA SANTA","datePublished":"2021-03-26T10:29:50+00:00","dateModified":"2022-06-01T06:30:54+00:00","mainEntityOfPage":{"@id":"https:\/\/www.masella.com\/blog\/ca\/reserva-ara-la-teva-esquiada-de-setmana-santa\/"},"wordCount":572,"publisher":{"@id":"https:\/\/www.masella.com\/blog\/ca\/#organization"},"articleSection":["Actualitat","Destacat"],"inLanguage":"ca"},{"@type":"WebPage","@id":"https:\/\/www.masella.com\/blog\/ca\/reserva-ara-la-teva-esquiada-de-setmana-santa\/","url":"https:\/\/www.masella.com\/blog\/ca\/reserva-ara-la-teva-esquiada-de-setmana-santa\/","name":"RESERVA ARA LA TEVA ESQUIADA DE SETMANA SANTA - El Blog oficial de Masella","isPartOf":{"@id":"https:\/\/www.masella.com\/blog\/ca\/#website"},"datePublished":"2021-03-26T10:29:50+00:00","dateModified":"2022-06-01T06:30:54+00:00","breadcrumb":{"@id":"https:\/\/www.masella.com\/blog\/ca\/reserva-ara-la-teva-esquiada-de-setmana-santa\/#breadcrumb"},"inLanguage":"ca","potentialAction":[{"@type":"ReadAction","target":["https:\/\/www.masella.com\/blog\/ca\/reserva-ara-la-teva-esquiada-de-setmana-santa\/"]}]},{"@type":"BreadcrumbList","@id":"https:\/\/www.masella.com\/blog\/ca\/reserva-ara-la-teva-esquiada-de-setmana-santa\/#breadcrumb","itemListElement":[{"@type":"ListItem","position":1,"name":"Portada","item":"https:\/\/www.masella.com\/blog\/ca\/"},{"@type":"ListItem","position":2,"name":"RESERVA ARA LA TEVA ESQUIADA DE SETMANA SANTA"}]},{"@type":"WebSite","@id":"https:\/\/www.masella.com\/blog\/ca\/#website","url":"https:\/\/www.masella.com\/blog\/ca\/","name":"El Blog oficial de Masella","description":"","publisher":{"@id":"https:\/\/www.masella.com\/blog\/ca\/#organization"},"potentialAction":[{"@type":"SearchAction","target":{"@type":"EntryPoint","urlTemplate":"https:\/\/www.masella.com\/blog\/ca\/?s={search_term_string}"},"query-input":"required name=search_term_string"}],"inLanguage":"ca"},{"@type":"Organization","@id":"https:\/\/www.masella.com\/blog\/ca\/#organization","name":"El Blog oficial de Masella","url":"https:\/\/www.masella.com\/blog\/ca\/","logo":{"@type":"ImageObject","inLanguage":"ca","@id":"https:\/\/www.masella.com\/blog\/ca\/#\/schema\/logo\/image\/","url":"https:\/\/www.masella.com\/blog\/wp-content\/uploads\/2022\/12\/cropped-logo-masella-cat.png","contentUrl":"https:\/\/www.masella.com\/blog\/wp-content\/uploads\/2022\/12\/cropped-logo-masella-cat.png","width":150,"height":88,"caption":"El Blog oficial de Masella"},"image":{"@id":"https:\/\/www.masella.com\/blog\/ca\/#\/schema\/logo\/image\/"}},{"@type":"Person","@id":"https:\/\/www.masella.com\/blog\/ca\/#\/schema\/person\/e32b971f5be20790c591d85b8f1c706b","name":"masella","image":{"@type":"ImageObject","inLanguage":"ca","@id":"https:\/\/www.masella.com\/blog\/ca\/#\/schema\/person\/image\/","url":"https:\/\/secure.gravatar.com\/avatar\/57590b1151eaa410a783e55768bbbba2?s=96&d=mm&r=g","contentUrl":"https:\/\/secure.gravatar.com\/avatar\/57590b1151eaa410a783e55768bbbba2?s=96&d=mm&r=g","caption":"masella"},"url":"https:\/\/www.masella.com\/blog\/ca\/author\/anna\/"}]}},"_links":{"self":[{"href":"https:\/\/www.masella.com\/blog\/ca\/wp-json\/wp\/v2\/posts\/4633"}],"collection":[{"href":"https:\/\/www.masella.com\/blog\/ca\/wp-json\/wp\/v2\/posts"}],"about":[{"href":"https:\/\/www.masella.com\/blog\/ca\/wp-json\/wp\/v2\/types\/post"}],"author":[{"embeddable":true,"href":"https:\/\/www.masella.com\/blog\/ca\/wp-json\/wp\/v2\/users\/4"}],"replies":[{"embeddable":true,"href":"https:\/\/www.masella.com\/blog\/ca\/wp-json\/wp\/v2\/comments?post=4633"}],"version-history":[{"count":5,"href":"https:\/\/www.masella.com\/blog\/ca\/wp-json\/wp\/v2\/posts\/4633\/revisions"}],"predecessor-version":[{"id":4654,"href":"https:\/\/www.masella.com\/blog\/ca\/wp-json\/wp\/v2\/posts\/4633\/revisions\/4654"}],"wp:featuredmedia":[{"embeddable":true,"href":"https:\/\/www.masella.com\/blog\/ca\/wp-json\/wp\/v2\/media\/4640"}],"wp:attachment":[{"href":"https:\/\/www.masella.com\/blog\/ca\/wp-json\/wp\/v2\/media?parent=4633"}],"wp:term":[{"taxonomy":"category","embeddable":true,"href":"https:\/\/www.masella.com\/blog\/ca\/wp-json\/wp\/v2\/categories?post=4633"},{"taxonomy":"post_tag","embeddable":true,"href":"https:\/\/www.masella.com\/blog\/ca\/wp-json\/wp\/v2\/tags?post=4633"}],"curies":[{"name":"wp","href":"https:\/\/api.w.org\/{rel}","templated":true}]}}