{"id":4655,"date":"2021-04-02T10:13:23","date_gmt":"2021-04-02T10:13:23","guid":{"rendered":"https:\/\/www.masella.com\/blog\/?p=4655"},"modified":"2022-06-01T06:30:54","modified_gmt":"2022-06-01T06:30:54","slug":"la-generalitat-de-catalunya-subvenciona-la-xarxa-de-la-neu-i-el-forfet-digitalio-dels-forfets","status":"publish","type":"post","link":"https:\/\/www.masella.com\/blog\/ca\/la-generalitat-de-catalunya-subvenciona-la-xarxa-de-la-neu-i-el-forfet-digitalio-dels-forfets\/","title":{"rendered":"LA GENERALITAT DE CATALUNYA SUBVENCIONA LA XARXA DE LA NEU I EL FORFET DIGITAL"},"content":{"rendered":"<p>Aquesta temporada 2020-2021 la Generalitat de Catalunya, a trav\u00e9s del Departament de Territori i Sostenibilitat, ha subvencionat les millores a la xarxa de la neu de l\u2019estaci\u00f3, aix\u00ed com tamb\u00e9 la digitalitzaci\u00f3 del forfet, amb el nou sistema d\u2019acc\u00e9s als remuntadors. L\u2019administraci\u00f3 ens ha atorgat aquesta subvenci\u00f3 (Resoluci\u00f3 TES\/2767\/2020, de 30 d&#8217;octubre) en tant que les estacions d\u2019esqu\u00ed alp\u00ed i de muntanya som motor econ\u00f2mic de les comarques de muntanya, generant riquesa i llocs de treball en el territori.<\/p>\n<p><a href=\"https:\/\/www.masella.com\/blog\/wp-content\/uploads\/2021\/04\/INA2.jpg\"><img loading=\"lazy\" decoding=\"async\" class=\"size-full wp-image-4658 aligncenter\" src=\"https:\/\/www.masella.com\/blog\/wp-content\/uploads\/2021\/04\/INA2.jpg\" alt=\"\" width=\"600\" height=\"450\" srcset=\"https:\/\/www.masella.com\/blog\/wp-content\/uploads\/2021\/04\/INA2.jpg 600w, https:\/\/www.masella.com\/blog\/wp-content\/uploads\/2021\/04\/INA2-300x225.jpg 300w\" sizes=\"(max-width: 600px) 100vw, 600px\" \/><\/a><\/p>\n<p><strong>\u00a0<\/strong><\/p>\n<p><strong>LES MILLORES DE LA XARXA DE LA NEU<\/strong><\/p>\n<p>Part de la subvenci\u00f3 s\u2019ha destinat a millorar la xarxa de la neu produ\u00efda. En concret, les inversions realitzades ens permeten optimitzar les finestres de fred per produir m\u00e9s neu en menys temps i aix\u00ed estalviar energia. A la vegada que s\u00f3n millores que permeten ser m\u00e9s eficients energ\u00e8ticament amb el sistema de producci\u00f3 de neu, que \u00e9s clau en l\u2019adaptaci\u00f3 al canvi clim\u00e0tic. Les accions han passat per substituir canons de neu antics i refor\u00e7ar els existents, en els eixos b\u00e0sics de l\u2019estaci\u00f3 (Sectors de Pla de Masella, Bosc d\u2019Alp i Coma Oriola), amb canons d\u2019\u00faltima generaci\u00f3. I, tamb\u00e9, s\u2019han realitzat millores generals a tot el sistema de la xarxa de neu per tal de garantir-la en qualitat i quantitat durant tota la temporada.<\/p>\n<p><a href=\"https:\/\/www.masella.com\/blog\/wp-content\/uploads\/2021\/04\/TA1.jpg\"><img loading=\"lazy\" decoding=\"async\" class=\"size-full wp-image-4660 aligncenter\" src=\"https:\/\/www.masella.com\/blog\/wp-content\/uploads\/2021\/04\/TA1.jpg\" alt=\"\" width=\"600\" height=\"450\" srcset=\"https:\/\/www.masella.com\/blog\/wp-content\/uploads\/2021\/04\/TA1.jpg 600w, https:\/\/www.masella.com\/blog\/wp-content\/uploads\/2021\/04\/TA1-300x225.jpg 300w\" sizes=\"(max-width: 600px) 100vw, 600px\" \/><\/a><\/p>\n<p><strong>NOU SISTEMA D\u2019ACC\u00c9S ALS REMUNTADORS AMB FORFETS DIGITALS<\/strong><\/p>\n<p>L\u2019altra part de la subvenci\u00f3 ha servit per implementar el nou sistema d\u2019acc\u00e9s als remuntadors, amb forfets mans lliure. El sistema permet accedir a la xarxa de remuntadors de Masella amb els nous forfets digitals, que porten incorporat un xip amb tecnologia RFID, que amb la funci\u00f3 sense contacte obren els torns d\u2019acc\u00e9s a cada remuntador. D\u2019aquesta manera desapareixen els antics forfets d\u2019adhesiu i es substitueixen pels nous forfets (forfets i abonaments en qualsevol modalitat) que ofereix molts avantatges i prestacions. Els avantatges d\u2019aquest sistema es que permet la venda dels forfets online, a trav\u00e9s de la botiga virtual del web <a href=\"http:\/\/www.masella.com\">www.masella.com<\/a>, permet una promoci\u00f3 i comercialitzaci\u00f3 conjunta amb les estacions de Ferrocarrils de la Generalitat de Catalunya\u00a0 i permet millorar l\u2019experi\u00e8ncia a l\u2019esquiador.<\/p>\n<p><a href=\"https:\/\/www.masella.com\/blog\/wp-content\/uploads\/2021\/04\/TA2.jpg\"><img loading=\"lazy\" decoding=\"async\" class=\"size-full wp-image-4662 aligncenter\" src=\"https:\/\/www.masella.com\/blog\/wp-content\/uploads\/2021\/04\/TA2.jpg\" alt=\"\" width=\"600\" height=\"450\" srcset=\"https:\/\/www.masella.com\/blog\/wp-content\/uploads\/2021\/04\/TA2.jpg 600w, https:\/\/www.masella.com\/blog\/wp-content\/uploads\/2021\/04\/TA2-300x225.jpg 300w\" sizes=\"(max-width: 600px) 100vw, 600px\" \/><\/a><\/p>\n","protected":false},"excerpt":{"rendered":"<p>Aquesta temporada 2020-2021 la Generalitat de Catalunya, a trav\u00e9s del Departament de Territori i Sostenibilitat, ha subvencionat les millores a<\/p>\n","protected":false},"author":4,"featured_media":4656,"comment_status":"closed","ping_status":"open","sticky":false,"template":"","format":"standard","meta":{"footnotes":""},"categories":[21,63],"tags":[],"yoast_head":"<!-- This site is optimized with the Yoast SEO plugin v21.5 - https:\/\/yoast.com\/wordpress\/plugins\/seo\/ -->\n<title>LA GENERALITAT DE CATALUNYA SUBVENCIONA LA XARXA DE LA NEU I EL FORFET DIGITAL - El Blog oficial de Masella<\/title>\n<meta name=\"robots\" content=\"index, follow, max-snippet:-1, max-image-preview:large, max-video-preview:-1\" \/>\n<link rel=\"canonical\" href=\"https:\/\/www.masella.com\/blog\/ca\/la-generalitat-de-catalunya-subvenciona-la-xarxa-de-la-neu-i-el-forfet-digitalio-dels-forfets\/\" \/>\n<meta property=\"og:locale\" content=\"ca_ES\" \/>\n<meta property=\"og:type\" content=\"article\" \/>\n<meta property=\"og:title\" content=\"LA GENERALITAT DE CATALUNYA SUBVENCIONA LA XARXA DE LA NEU I EL FORFET DIGITAL - El Blog oficial de Masella\" \/>\n<meta property=\"og:description\" content=\"Aquesta temporada 2020-2021 la Generalitat de Catalunya, a trav\u00e9s del Departament de Territori i Sostenibilitat, ha subvencionat les millores a\" \/>\n<meta property=\"og:url\" content=\"https:\/\/www.masella.com\/blog\/ca\/la-generalitat-de-catalunya-subvenciona-la-xarxa-de-la-neu-i-el-forfet-digitalio-dels-forfets\/\" \/>\n<meta property=\"og:site_name\" content=\"El Blog oficial de Masella\" \/>\n<meta property=\"article:published_time\" content=\"2021-04-02T10:13:23+00:00\" \/>\n<meta property=\"article:modified_time\" content=\"2022-06-01T06:30:54+00:00\" \/>\n<meta property=\"og:image\" content=\"https:\/\/www.masella.com\/blog\/wp-content\/uploads\/2021\/04\/Cap\u00e7alera.jpg\" \/>\n\t<meta property=\"og:image:width\" content=\"800\" \/>\n\t<meta property=\"og:image:height\" content=\"445\" \/>\n\t<meta property=\"og:image:type\" content=\"image\/jpeg\" \/>\n<meta name=\"author\" content=\"masella\" \/>\n<meta name=\"twitter:card\" content=\"summary_large_image\" \/>\n<meta name=\"twitter:label1\" content=\"Escrit per\" \/>\n\t<meta name=\"twitter:data1\" content=\"masella\" \/>\n\t<meta name=\"twitter:label2\" content=\"Temps estimat de lectura\" \/>\n\t<meta name=\"twitter:data2\" content=\"2 minuts\" \/>\n<script type=\"application\/ld+json\" class=\"yoast-schema-graph\">{\"@context\":\"https:\/\/schema.org\",\"@graph\":[{\"@type\":\"Article\",\"@id\":\"https:\/\/www.masella.com\/blog\/ca\/la-generalitat-de-catalunya-subvenciona-la-xarxa-de-la-neu-i-el-forfet-digitalio-dels-forfets\/#article\",\"isPartOf\":{\"@id\":\"https:\/\/www.masella.com\/blog\/ca\/la-generalitat-de-catalunya-subvenciona-la-xarxa-de-la-neu-i-el-forfet-digitalio-dels-forfets\/\"},\"author\":{\"name\":\"masella\",\"@id\":\"https:\/\/www.masella.com\/blog\/ca\/#\/schema\/person\/e32b971f5be20790c591d85b8f1c706b\"},\"headline\":\"LA GENERALITAT DE CATALUNYA SUBVENCIONA LA XARXA DE LA NEU I EL FORFET DIGITAL\",\"datePublished\":\"2021-04-02T10:13:23+00:00\",\"dateModified\":\"2022-06-01T06:30:54+00:00\",\"mainEntityOfPage\":{\"@id\":\"https:\/\/www.masella.com\/blog\/ca\/la-generalitat-de-catalunya-subvenciona-la-xarxa-de-la-neu-i-el-forfet-digitalio-dels-forfets\/\"},\"wordCount\":395,\"publisher\":{\"@id\":\"https:\/\/www.masella.com\/blog\/ca\/#organization\"},\"articleSection\":[\"Actualitat\",\"Destacat\"],\"inLanguage\":\"ca\"},{\"@type\":\"WebPage\",\"@id\":\"https:\/\/www.masella.com\/blog\/ca\/la-generalitat-de-catalunya-subvenciona-la-xarxa-de-la-neu-i-el-forfet-digitalio-dels-forfets\/\",\"url\":\"https:\/\/www.masella.com\/blog\/ca\/la-generalitat-de-catalunya-subvenciona-la-xarxa-de-la-neu-i-el-forfet-digitalio-dels-forfets\/\",\"name\":\"LA GENERALITAT DE CATALUNYA SUBVENCIONA LA XARXA DE LA NEU I EL FORFET DIGITAL - El Blog oficial de Masella\",\"isPartOf\":{\"@id\":\"https:\/\/www.masella.com\/blog\/ca\/#website\"},\"datePublished\":\"2021-04-02T10:13:23+00:00\",\"dateModified\":\"2022-06-01T06:30:54+00:00\",\"breadcrumb\":{\"@id\":\"https:\/\/www.masella.com\/blog\/ca\/la-generalitat-de-catalunya-subvenciona-la-xarxa-de-la-neu-i-el-forfet-digitalio-dels-forfets\/#breadcrumb\"},\"inLanguage\":\"ca\",\"potentialAction\":[{\"@type\":\"ReadAction\",\"target\":[\"https:\/\/www.masella.com\/blog\/ca\/la-generalitat-de-catalunya-subvenciona-la-xarxa-de-la-neu-i-el-forfet-digitalio-dels-forfets\/\"]}]},{\"@type\":\"BreadcrumbList\",\"@id\":\"https:\/\/www.masella.com\/blog\/ca\/la-generalitat-de-catalunya-subvenciona-la-xarxa-de-la-neu-i-el-forfet-digitalio-dels-forfets\/#breadcrumb\",\"itemListElement\":[{\"@type\":\"ListItem\",\"position\":1,\"name\":\"Portada\",\"item\":\"https:\/\/www.masella.com\/blog\/ca\/\"},{\"@type\":\"ListItem\",\"position\":2,\"name\":\"LA GENERALITAT DE CATALUNYA SUBVENCIONA LA XARXA DE LA NEU I EL FORFET DIGITAL\"}]},{\"@type\":\"WebSite\",\"@id\":\"https:\/\/www.masella.com\/blog\/ca\/#website\",\"url\":\"https:\/\/www.masella.com\/blog\/ca\/\",\"name\":\"El Blog oficial de Masella\",\"description\":\"\",\"publisher\":{\"@id\":\"https:\/\/www.masella.com\/blog\/ca\/#organization\"},\"potentialAction\":[{\"@type\":\"SearchAction\",\"target\":{\"@type\":\"EntryPoint\",\"urlTemplate\":\"https:\/\/www.masella.com\/blog\/ca\/?s={search_term_string}\"},\"query-input\":\"required name=search_term_string\"}],\"inLanguage\":\"ca\"},{\"@type\":\"Organization\",\"@id\":\"https:\/\/www.masella.com\/blog\/ca\/#organization\",\"name\":\"El Blog oficial de Masella\",\"url\":\"https:\/\/www.masella.com\/blog\/ca\/\",\"logo\":{\"@type\":\"ImageObject\",\"inLanguage\":\"ca\",\"@id\":\"https:\/\/www.masella.com\/blog\/ca\/#\/schema\/logo\/image\/\",\"url\":\"https:\/\/www.masella.com\/blog\/wp-content\/uploads\/2022\/12\/cropped-logo-masella-cat.png\",\"contentUrl\":\"https:\/\/www.masella.com\/blog\/wp-content\/uploads\/2022\/12\/cropped-logo-masella-cat.png\",\"width\":150,\"height\":88,\"caption\":\"El Blog oficial de Masella\"},\"image\":{\"@id\":\"https:\/\/www.masella.com\/blog\/ca\/#\/schema\/logo\/image\/\"}},{\"@type\":\"Person\",\"@id\":\"https:\/\/www.masella.com\/blog\/ca\/#\/schema\/person\/e32b971f5be20790c591d85b8f1c706b\",\"name\":\"masella\",\"image\":{\"@type\":\"ImageObject\",\"inLanguage\":\"ca\",\"@id\":\"https:\/\/www.masella.com\/blog\/ca\/#\/schema\/person\/image\/\",\"url\":\"https:\/\/secure.gravatar.com\/avatar\/57590b1151eaa410a783e55768bbbba2?s=96&d=mm&r=g\",\"contentUrl\":\"https:\/\/secure.gravatar.com\/avatar\/57590b1151eaa410a783e55768bbbba2?s=96&d=mm&r=g\",\"caption\":\"masella\"},\"url\":\"https:\/\/www.masella.com\/blog\/ca\/author\/anna\/\"}]}<\/script>\n<!-- \/ Yoast SEO plugin. -->","yoast_head_json":{"title":"LA GENERALITAT DE CATALUNYA SUBVENCIONA LA XARXA DE LA NEU I EL FORFET DIGITAL - El Blog oficial de Masella","robots":{"index":"index","follow":"follow","max-snippet":"max-snippet:-1","max-image-preview":"max-image-preview:large","max-video-preview":"max-video-preview:-1"},"canonical":"https:\/\/www.masella.com\/blog\/ca\/la-generalitat-de-catalunya-subvenciona-la-xarxa-de-la-neu-i-el-forfet-digitalio-dels-forfets\/","og_locale":"ca_ES","og_type":"article","og_title":"LA GENERALITAT DE CATALUNYA SUBVENCIONA LA XARXA DE LA NEU I EL FORFET DIGITAL - El Blog oficial de Masella","og_description":"Aquesta temporada 2020-2021 la Generalitat de Catalunya, a trav\u00e9s del Departament de Territori i Sostenibilitat, ha subvencionat les millores a","og_url":"https:\/\/www.masella.com\/blog\/ca\/la-generalitat-de-catalunya-subvenciona-la-xarxa-de-la-neu-i-el-forfet-digitalio-dels-forfets\/","og_site_name":"El Blog oficial de Masella","article_published_time":"2021-04-02T10:13:23+00:00","article_modified_time":"2022-06-01T06:30:54+00:00","og_image":[{"width":800,"height":445,"url":"https:\/\/www.masella.com\/blog\/wp-content\/uploads\/2021\/04\/Cap\u00e7alera.jpg","type":"image\/jpeg"}],"author":"masella","twitter_card":"summary_large_image","twitter_misc":{"Escrit per":"masella","Temps estimat de lectura":"2 minuts"},"schema":{"@context":"https:\/\/schema.org","@graph":[{"@type":"Article","@id":"https:\/\/www.masella.com\/blog\/ca\/la-generalitat-de-catalunya-subvenciona-la-xarxa-de-la-neu-i-el-forfet-digitalio-dels-forfets\/#article","isPartOf":{"@id":"https:\/\/www.masella.com\/blog\/ca\/la-generalitat-de-catalunya-subvenciona-la-xarxa-de-la-neu-i-el-forfet-digitalio-dels-forfets\/"},"author":{"name":"masella","@id":"https:\/\/www.masella.com\/blog\/ca\/#\/schema\/person\/e32b971f5be20790c591d85b8f1c706b"},"headline":"LA GENERALITAT DE CATALUNYA SUBVENCIONA LA XARXA DE LA NEU I EL FORFET DIGITAL","datePublished":"2021-04-02T10:13:23+00:00","dateModified":"2022-06-01T06:30:54+00:00","mainEntityOfPage":{"@id":"https:\/\/www.masella.com\/blog\/ca\/la-generalitat-de-catalunya-subvenciona-la-xarxa-de-la-neu-i-el-forfet-digitalio-dels-forfets\/"},"wordCount":395,"publisher":{"@id":"https:\/\/www.masella.com\/blog\/ca\/#organization"},"articleSection":["Actualitat","Destacat"],"inLanguage":"ca"},{"@type":"WebPage","@id":"https:\/\/www.masella.com\/blog\/ca\/la-generalitat-de-catalunya-subvenciona-la-xarxa-de-la-neu-i-el-forfet-digitalio-dels-forfets\/","url":"https:\/\/www.masella.com\/blog\/ca\/la-generalitat-de-catalunya-subvenciona-la-xarxa-de-la-neu-i-el-forfet-digitalio-dels-forfets\/","name":"LA GENERALITAT DE CATALUNYA SUBVENCIONA LA XARXA DE LA NEU I EL FORFET DIGITAL - El Blog oficial de Masella","isPartOf":{"@id":"https:\/\/www.masella.com\/blog\/ca\/#website"},"datePublished":"2021-04-02T10:13:23+00:00","dateModified":"2022-06-01T06:30:54+00:00","breadcrumb":{"@id":"https:\/\/www.masella.com\/blog\/ca\/la-generalitat-de-catalunya-subvenciona-la-xarxa-de-la-neu-i-el-forfet-digitalio-dels-forfets\/#breadcrumb"},"inLanguage":"ca","potentialAction":[{"@type":"ReadAction","target":["https:\/\/www.masella.com\/blog\/ca\/la-generalitat-de-catalunya-subvenciona-la-xarxa-de-la-neu-i-el-forfet-digitalio-dels-forfets\/"]}]},{"@type":"BreadcrumbList","@id":"https:\/\/www.masella.com\/blog\/ca\/la-generalitat-de-catalunya-subvenciona-la-xarxa-de-la-neu-i-el-forfet-digitalio-dels-forfets\/#breadcrumb","itemListElement":[{"@type":"ListItem","position":1,"name":"Portada","item":"https:\/\/www.masella.com\/blog\/ca\/"},{"@type":"ListItem","position":2,"name":"LA GENERALITAT DE CATALUNYA SUBVENCIONA LA XARXA DE LA NEU I EL FORFET DIGITAL"}]},{"@type":"WebSite","@id":"https:\/\/www.masella.com\/blog\/ca\/#website","url":"https:\/\/www.masella.com\/blog\/ca\/","name":"El Blog oficial de Masella","description":"","publisher":{"@id":"https:\/\/www.masella.com\/blog\/ca\/#organization"},"potentialAction":[{"@type":"SearchAction","target":{"@type":"EntryPoint","urlTemplate":"https:\/\/www.masella.com\/blog\/ca\/?s={search_term_string}"},"query-input":"required name=search_term_string"}],"inLanguage":"ca"},{"@type":"Organization","@id":"https:\/\/www.masella.com\/blog\/ca\/#organization","name":"El Blog oficial de Masella","url":"https:\/\/www.masella.com\/blog\/ca\/","logo":{"@type":"ImageObject","inLanguage":"ca","@id":"https:\/\/www.masella.com\/blog\/ca\/#\/schema\/logo\/image\/","url":"https:\/\/www.masella.com\/blog\/wp-content\/uploads\/2022\/12\/cropped-logo-masella-cat.png","contentUrl":"https:\/\/www.masella.com\/blog\/wp-content\/uploads\/2022\/12\/cropped-logo-masella-cat.png","width":150,"height":88,"caption":"El Blog oficial de Masella"},"image":{"@id":"https:\/\/www.masella.com\/blog\/ca\/#\/schema\/logo\/image\/"}},{"@type":"Person","@id":"https:\/\/www.masella.com\/blog\/ca\/#\/schema\/person\/e32b971f5be20790c591d85b8f1c706b","name":"masella","image":{"@type":"ImageObject","inLanguage":"ca","@id":"https:\/\/www.masella.com\/blog\/ca\/#\/schema\/person\/image\/","url":"https:\/\/secure.gravatar.com\/avatar\/57590b1151eaa410a783e55768bbbba2?s=96&d=mm&r=g","contentUrl":"https:\/\/secure.gravatar.com\/avatar\/57590b1151eaa410a783e55768bbbba2?s=96&d=mm&r=g","caption":"masella"},"url":"https:\/\/www.masella.com\/blog\/ca\/author\/anna\/"}]}},"_links":{"self":[{"href":"https:\/\/www.masella.com\/blog\/ca\/wp-json\/wp\/v2\/posts\/4655"}],"collection":[{"href":"https:\/\/www.masella.com\/blog\/ca\/wp-json\/wp\/v2\/posts"}],"about":[{"href":"https:\/\/www.masella.com\/blog\/ca\/wp-json\/wp\/v2\/types\/post"}],"author":[{"embeddable":true,"href":"https:\/\/www.masella.com\/blog\/ca\/wp-json\/wp\/v2\/users\/4"}],"replies":[{"embeddable":true,"href":"https:\/\/www.masella.com\/blog\/ca\/wp-json\/wp\/v2\/comments?post=4655"}],"version-history":[{"count":3,"href":"https:\/\/www.masella.com\/blog\/ca\/wp-json\/wp\/v2\/posts\/4655\/revisions"}],"predecessor-version":[{"id":4666,"href":"https:\/\/www.masella.com\/blog\/ca\/wp-json\/wp\/v2\/posts\/4655\/revisions\/4666"}],"wp:featuredmedia":[{"embeddable":true,"href":"https:\/\/www.masella.com\/blog\/ca\/wp-json\/wp\/v2\/media\/4656"}],"wp:attachment":[{"href":"https:\/\/www.masella.com\/blog\/ca\/wp-json\/wp\/v2\/media?parent=4655"}],"wp:term":[{"taxonomy":"category","embeddable":true,"href":"https:\/\/www.masella.com\/blog\/ca\/wp-json\/wp\/v2\/categories?post=4655"},{"taxonomy":"post_tag","embeddable":true,"href":"https:\/\/www.masella.com\/blog\/ca\/wp-json\/wp\/v2\/tags?post=4655"}],"curies":[{"name":"wp","href":"https:\/\/api.w.org\/{rel}","templated":true}]}}