{"id":4686,"date":"2021-05-06T10:41:22","date_gmt":"2021-05-06T10:41:22","guid":{"rendered":"https:\/\/www.masella.com\/blog\/?p=4686"},"modified":"2022-06-01T06:30:53","modified_gmt":"2022-06-01T06:30:53","slug":"compensem-els-abonaments-20-21-no-amortitzats-per-la-covid-19","status":"publish","type":"post","link":"https:\/\/www.masella.com\/blog\/ca\/compensem-els-abonaments-20-21-no-amortitzats-per-la-covid-19\/","title":{"rendered":"COMPENSEM ELS ABONAMENTS 20-21 NO AMORTITZATS PER LA COVID-19"},"content":{"rendered":"<p>Aquesta temporada at\u00edpica ha vingut marcada per les restriccions de mobilitat per contenir la pand\u00e8mia, que han representat que la majoria d\u2019esquiadors fidels a l\u2019estaci\u00f3 no s\u2019hagin pogut despla\u00e7ar a pistes durant bona part de la temporada amb total normalitat. Aix\u00f2 ha afectat, en particular, a tots els esquiadors que han tramitat l\u2019abonament, en qualsevol modalitat, i a d\u2019altres que han reservat i comprat el forfet online en dates, que posteriorment per\u00a0 restriccions de mobilitat decretades pel govern, no han pogut accedir a pistes. Per aix\u00f2, a continuaci\u00f3, us responem a totes les preguntes gen\u00e8riques que pugueu tenir en relaci\u00f3 als abonaments no amortitzats i als forfets no consumits, \u00e9s a dir no utilitzat.<\/p>\n<p><a href=\"https:\/\/www.masella.com\/blog\/wp-content\/uploads\/2021\/05\/Interior001.jpg\"><img loading=\"lazy\" decoding=\"async\" class=\"size-full wp-image-4689\" src=\"https:\/\/www.masella.com\/blog\/wp-content\/uploads\/2021\/05\/Interior001.jpg\" alt=\"\" width=\"600\" height=\"450\" srcset=\"https:\/\/www.masella.com\/blog\/wp-content\/uploads\/2021\/05\/Interior001.jpg 600w, https:\/\/www.masella.com\/blog\/wp-content\/uploads\/2021\/05\/Interior001-300x225.jpg 300w\" sizes=\"(max-width: 600px) 100vw, 600px\" \/><\/a><\/p>\n<p><strong>QU\u00cd T\u00c9 DRET A LA COMPENSACI\u00d3 EN ELS ABONAMENTS NO AMORTITZATS<\/strong>?<\/p>\n<p>Tots els titulars d\u2019abonament 20-21 de temporada que disposin d\u2019un abonament no amortitzat, \u00a0en les modalitats de temporada (menor, infant, adult, veter\u00e0 I i veter\u00e0 II), No Dissabtes, Feiners, Diumenges, Tardes, 1 Dia feiner, Empreses I \u00bd Temporada segons el quadre d\u2019amortitzaci\u00f3 que est\u00e0 publicat a les Condicions Generals dels Abonaments que podeu consultar clicant\u00a0<a href=\"https:\/\/www.masella.com\/uploads\/tinymce\/Condicions-generals-AT-2020-21.pdf\" target=\"_blank\" rel=\"noopener noreferrer\">AQU\u00cd<\/a><\/p>\n<p><strong>QU\u00c8 ES COMPENSAR\u00c0 EN ELS ABONAMENTS NO AMORTITZATS?<\/strong><\/p>\n<p>-Es reemborsa parcialment l\u2019import de l\u2019abonament en forma de saldo a favor de l\u2019abonament de la temporada 2021-22.<\/p>\n<p>-El saldo a reemborsar es defineix a partir dels dies d\u2019utilitzaci\u00f3 de cada tipus d\u2019abonament, segons quadre amortitzaci\u00f3 que podeu consultar clicant\u00a0<a href=\"https:\/\/www.masella.com\/uploads\/tinymce\/Condicions-generals-AT-2020-21.pdf\" target=\"_blank\" rel=\"noopener noreferrer\">AQU\u00cd<\/a><\/p>\n<p>-En el quadre d\u2019amortitzaci\u00f3 es marquen els dies en qu\u00e8 els abonaments, en diferents modalitats, ja es consideren amortitzats.<\/p>\n<p>-En definitiva, per tant, els dies a compensar s\u00f3n el n\u00famero de dies no esquiats fins arribar als dies d\u2019amortitzaci\u00f3 de cada abonament segons el quadre d\u2019amortitzaci\u00f3.<\/p>\n<p>-La compensaci\u00f3 nom\u00e9s es realitzar\u00e0 en la compra d\u2019un abonament de la temporada 2021-22 en qualsevol modalitat. Per tant, el saldo a favor del titular de l\u2019abonament, en cas de tenir-ne, no es podr\u00e0 transferir per compres a la temporada 2022-23 ni posteriors ni per la compra d\u2019altres productes.<\/p>\n<p><strong>COM ES COMPENSARAN ELS ABONAMENTS NO AMORTITZATS?<\/strong><\/p>\n<p>-Cada titular d\u2019abonament tindr\u00e0 activat el seu descompte en la futura compra de l\u2019abonament \u00a0de la temporada 2021-22, en qualsevol modalitat.<\/p>\n<p>-El descompte es far\u00e0 en l\u2019abonament del mateix domini esquiable (Masella o Alp 2500) seleccionat la temporada 2020-21.<\/p>\n<p><a href=\"https:\/\/www.masella.com\/blog\/wp-content\/uploads\/2021\/05\/Interior002.jpg\"><img loading=\"lazy\" decoding=\"async\" class=\"size-full wp-image-4691\" src=\"https:\/\/www.masella.com\/blog\/wp-content\/uploads\/2021\/05\/Interior002.jpg\" alt=\"\" width=\"600\" height=\"450\" srcset=\"https:\/\/www.masella.com\/blog\/wp-content\/uploads\/2021\/05\/Interior002.jpg 600w, https:\/\/www.masella.com\/blog\/wp-content\/uploads\/2021\/05\/Interior002-300x225.jpg 300w\" sizes=\"(max-width: 600px) 100vw, 600px\" \/><\/a><\/p>\n<p><strong>COM S\u2019HA DE TRAMITAR SI ES T\u00c9 UN ABONAMENT NO AMORTITZAT?<\/strong><\/p>\n<p>El titular de l\u2019abonament no caldr\u00e0 que realitzi cap tr\u00e0mit. Els titulars de l\u2019abonament rebran un correu electr\u00f2nic el mes d\u2019abril de 2021 amb el n\u00famero de dies esquiats i el saldo amb que se\u2019ls compensar\u00e0, en cas de tenir-ne.<\/p>\n<p>-Els abonaments, tramitats a trav\u00e9s dels clubs, seran els clubs qui contactaran amb els seus abonats per facilitar aquesta informaci\u00f3.<\/p>\n<p>-Els titulars d\u2019abonament hauran d\u2019accedir a la compra de l\u2019abonament online\u00a0<a href=\"http:\/\/www.masella.com\/\">www.masella.com<\/a>, clicar el bot\u00f3 d\u2019usuari registrat i accedir a l\u2019\u00c0rea Privada d\u2019Usuari Registrat a partir de la tardor de 2021 i al seleccionar l\u2019abonament ja hi haur\u00e0 el descompte, personalitzat a cada usuari, a aplicar sobre el preu venda p\u00fablic.<\/p>\n<p>-Els esquiadors amb abonament no amortitzat, tramitat a trav\u00e9s d\u2019un club, caldr\u00e0 que el club faci el tr\u00e0mit en cas que el titular torni a tramitar l\u2019abonament a trav\u00e9s del mateix club.<\/p>\n<p><strong>QU\u00c8 DIU LA POL\u00cdTICA DE COMPENSACI\u00d3?<\/strong><\/p>\n<p>-Consulta les Condicions Generals dels Abonaments que inclou les compensacions per la no amortitzaci\u00f3 de l\u2019abonament clicant\u00a0<a href=\"https:\/\/www.masella.com\/uploads\/tinymce\/Condicions-generals-AT-2020-21.pdf\" target=\"_blank\" rel=\"noopener noreferrer\">AQU\u00cd<\/a><\/p>\n<p>-Aquestes Condicions Generals dels Abonaments les han acceptat els titulars amb la compra de l\u2019abonament, en qualsevol modalitat.<\/p>\n","protected":false},"excerpt":{"rendered":"<p>Aquesta temporada at\u00edpica ha vingut marcada per les restriccions de mobilitat per contenir la pand\u00e8mia, que han representat que la<\/p>\n","protected":false},"author":4,"featured_media":4687,"comment_status":"closed","ping_status":"open","sticky":false,"template":"","format":"standard","meta":{"footnotes":""},"categories":[21],"tags":[],"yoast_head":"<!-- This site is optimized with the Yoast SEO plugin v21.5 - https:\/\/yoast.com\/wordpress\/plugins\/seo\/ -->\n<title>COMPENSEM ELS ABONAMENTS 20-21 NO AMORTITZATS PER LA COVID-19 - El Blog oficial de Masella<\/title>\n<meta name=\"robots\" content=\"index, follow, max-snippet:-1, max-image-preview:large, max-video-preview:-1\" \/>\n<link rel=\"canonical\" href=\"https:\/\/www.masella.com\/blog\/ca\/compensem-els-abonaments-20-21-no-amortitzats-per-la-covid-19\/\" \/>\n<meta property=\"og:locale\" content=\"ca_ES\" \/>\n<meta property=\"og:type\" content=\"article\" \/>\n<meta property=\"og:title\" content=\"COMPENSEM ELS ABONAMENTS 20-21 NO AMORTITZATS PER LA COVID-19 - El Blog oficial de Masella\" \/>\n<meta property=\"og:description\" content=\"Aquesta temporada at\u00edpica ha vingut marcada per les restriccions de mobilitat per contenir la pand\u00e8mia, que han representat que la\" \/>\n<meta property=\"og:url\" content=\"https:\/\/www.masella.com\/blog\/ca\/compensem-els-abonaments-20-21-no-amortitzats-per-la-covid-19\/\" \/>\n<meta property=\"og:site_name\" content=\"El Blog oficial de Masella\" \/>\n<meta property=\"article:published_time\" content=\"2021-05-06T10:41:22+00:00\" \/>\n<meta property=\"article:modified_time\" content=\"2022-06-01T06:30:53+00:00\" \/>\n<meta property=\"og:image\" content=\"https:\/\/www.masella.com\/blog\/wp-content\/uploads\/2021\/05\/Portada.jpg\" \/>\n\t<meta property=\"og:image:width\" content=\"800\" \/>\n\t<meta property=\"og:image:height\" content=\"445\" \/>\n\t<meta property=\"og:image:type\" content=\"image\/jpeg\" \/>\n<meta name=\"author\" content=\"masella\" \/>\n<meta name=\"twitter:card\" content=\"summary_large_image\" \/>\n<meta name=\"twitter:label1\" content=\"Escrit per\" \/>\n\t<meta name=\"twitter:data1\" content=\"masella\" \/>\n\t<meta name=\"twitter:label2\" content=\"Temps estimat de lectura\" \/>\n\t<meta name=\"twitter:data2\" content=\"3 minuts\" \/>\n<script type=\"application\/ld+json\" class=\"yoast-schema-graph\">{\"@context\":\"https:\/\/schema.org\",\"@graph\":[{\"@type\":\"Article\",\"@id\":\"https:\/\/www.masella.com\/blog\/ca\/compensem-els-abonaments-20-21-no-amortitzats-per-la-covid-19\/#article\",\"isPartOf\":{\"@id\":\"https:\/\/www.masella.com\/blog\/ca\/compensem-els-abonaments-20-21-no-amortitzats-per-la-covid-19\/\"},\"author\":{\"name\":\"masella\",\"@id\":\"https:\/\/www.masella.com\/blog\/ca\/#\/schema\/person\/e32b971f5be20790c591d85b8f1c706b\"},\"headline\":\"COMPENSEM ELS ABONAMENTS 20-21 NO AMORTITZATS PER LA COVID-19\",\"datePublished\":\"2021-05-06T10:41:22+00:00\",\"dateModified\":\"2022-06-01T06:30:53+00:00\",\"mainEntityOfPage\":{\"@id\":\"https:\/\/www.masella.com\/blog\/ca\/compensem-els-abonaments-20-21-no-amortitzats-per-la-covid-19\/\"},\"wordCount\":627,\"publisher\":{\"@id\":\"https:\/\/www.masella.com\/blog\/ca\/#organization\"},\"articleSection\":[\"Actualitat\"],\"inLanguage\":\"ca\"},{\"@type\":\"WebPage\",\"@id\":\"https:\/\/www.masella.com\/blog\/ca\/compensem-els-abonaments-20-21-no-amortitzats-per-la-covid-19\/\",\"url\":\"https:\/\/www.masella.com\/blog\/ca\/compensem-els-abonaments-20-21-no-amortitzats-per-la-covid-19\/\",\"name\":\"COMPENSEM ELS ABONAMENTS 20-21 NO AMORTITZATS PER LA COVID-19 - El Blog oficial de Masella\",\"isPartOf\":{\"@id\":\"https:\/\/www.masella.com\/blog\/ca\/#website\"},\"datePublished\":\"2021-05-06T10:41:22+00:00\",\"dateModified\":\"2022-06-01T06:30:53+00:00\",\"breadcrumb\":{\"@id\":\"https:\/\/www.masella.com\/blog\/ca\/compensem-els-abonaments-20-21-no-amortitzats-per-la-covid-19\/#breadcrumb\"},\"inLanguage\":\"ca\",\"potentialAction\":[{\"@type\":\"ReadAction\",\"target\":[\"https:\/\/www.masella.com\/blog\/ca\/compensem-els-abonaments-20-21-no-amortitzats-per-la-covid-19\/\"]}]},{\"@type\":\"BreadcrumbList\",\"@id\":\"https:\/\/www.masella.com\/blog\/ca\/compensem-els-abonaments-20-21-no-amortitzats-per-la-covid-19\/#breadcrumb\",\"itemListElement\":[{\"@type\":\"ListItem\",\"position\":1,\"name\":\"Portada\",\"item\":\"https:\/\/www.masella.com\/blog\/ca\/\"},{\"@type\":\"ListItem\",\"position\":2,\"name\":\"COMPENSEM ELS ABONAMENTS 20-21 NO AMORTITZATS PER LA COVID-19\"}]},{\"@type\":\"WebSite\",\"@id\":\"https:\/\/www.masella.com\/blog\/ca\/#website\",\"url\":\"https:\/\/www.masella.com\/blog\/ca\/\",\"name\":\"El Blog oficial de Masella\",\"description\":\"\",\"publisher\":{\"@id\":\"https:\/\/www.masella.com\/blog\/ca\/#organization\"},\"potentialAction\":[{\"@type\":\"SearchAction\",\"target\":{\"@type\":\"EntryPoint\",\"urlTemplate\":\"https:\/\/www.masella.com\/blog\/ca\/?s={search_term_string}\"},\"query-input\":\"required name=search_term_string\"}],\"inLanguage\":\"ca\"},{\"@type\":\"Organization\",\"@id\":\"https:\/\/www.masella.com\/blog\/ca\/#organization\",\"name\":\"El Blog oficial de Masella\",\"url\":\"https:\/\/www.masella.com\/blog\/ca\/\",\"logo\":{\"@type\":\"ImageObject\",\"inLanguage\":\"ca\",\"@id\":\"https:\/\/www.masella.com\/blog\/ca\/#\/schema\/logo\/image\/\",\"url\":\"https:\/\/www.masella.com\/blog\/wp-content\/uploads\/2022\/12\/cropped-logo-masella-cat.png\",\"contentUrl\":\"https:\/\/www.masella.com\/blog\/wp-content\/uploads\/2022\/12\/cropped-logo-masella-cat.png\",\"width\":150,\"height\":88,\"caption\":\"El Blog oficial de Masella\"},\"image\":{\"@id\":\"https:\/\/www.masella.com\/blog\/ca\/#\/schema\/logo\/image\/\"}},{\"@type\":\"Person\",\"@id\":\"https:\/\/www.masella.com\/blog\/ca\/#\/schema\/person\/e32b971f5be20790c591d85b8f1c706b\",\"name\":\"masella\",\"image\":{\"@type\":\"ImageObject\",\"inLanguage\":\"ca\",\"@id\":\"https:\/\/www.masella.com\/blog\/ca\/#\/schema\/person\/image\/\",\"url\":\"https:\/\/secure.gravatar.com\/avatar\/57590b1151eaa410a783e55768bbbba2?s=96&d=mm&r=g\",\"contentUrl\":\"https:\/\/secure.gravatar.com\/avatar\/57590b1151eaa410a783e55768bbbba2?s=96&d=mm&r=g\",\"caption\":\"masella\"},\"url\":\"https:\/\/www.masella.com\/blog\/ca\/author\/anna\/\"}]}<\/script>\n<!-- \/ Yoast SEO plugin. -->","yoast_head_json":{"title":"COMPENSEM ELS ABONAMENTS 20-21 NO AMORTITZATS PER LA COVID-19 - El Blog oficial de Masella","robots":{"index":"index","follow":"follow","max-snippet":"max-snippet:-1","max-image-preview":"max-image-preview:large","max-video-preview":"max-video-preview:-1"},"canonical":"https:\/\/www.masella.com\/blog\/ca\/compensem-els-abonaments-20-21-no-amortitzats-per-la-covid-19\/","og_locale":"ca_ES","og_type":"article","og_title":"COMPENSEM ELS ABONAMENTS 20-21 NO AMORTITZATS PER LA COVID-19 - El Blog oficial de Masella","og_description":"Aquesta temporada at\u00edpica ha vingut marcada per les restriccions de mobilitat per contenir la pand\u00e8mia, que han representat que la","og_url":"https:\/\/www.masella.com\/blog\/ca\/compensem-els-abonaments-20-21-no-amortitzats-per-la-covid-19\/","og_site_name":"El Blog oficial de Masella","article_published_time":"2021-05-06T10:41:22+00:00","article_modified_time":"2022-06-01T06:30:53+00:00","og_image":[{"width":800,"height":445,"url":"https:\/\/www.masella.com\/blog\/wp-content\/uploads\/2021\/05\/Portada.jpg","type":"image\/jpeg"}],"author":"masella","twitter_card":"summary_large_image","twitter_misc":{"Escrit per":"masella","Temps estimat de lectura":"3 minuts"},"schema":{"@context":"https:\/\/schema.org","@graph":[{"@type":"Article","@id":"https:\/\/www.masella.com\/blog\/ca\/compensem-els-abonaments-20-21-no-amortitzats-per-la-covid-19\/#article","isPartOf":{"@id":"https:\/\/www.masella.com\/blog\/ca\/compensem-els-abonaments-20-21-no-amortitzats-per-la-covid-19\/"},"author":{"name":"masella","@id":"https:\/\/www.masella.com\/blog\/ca\/#\/schema\/person\/e32b971f5be20790c591d85b8f1c706b"},"headline":"COMPENSEM ELS ABONAMENTS 20-21 NO AMORTITZATS PER LA COVID-19","datePublished":"2021-05-06T10:41:22+00:00","dateModified":"2022-06-01T06:30:53+00:00","mainEntityOfPage":{"@id":"https:\/\/www.masella.com\/blog\/ca\/compensem-els-abonaments-20-21-no-amortitzats-per-la-covid-19\/"},"wordCount":627,"publisher":{"@id":"https:\/\/www.masella.com\/blog\/ca\/#organization"},"articleSection":["Actualitat"],"inLanguage":"ca"},{"@type":"WebPage","@id":"https:\/\/www.masella.com\/blog\/ca\/compensem-els-abonaments-20-21-no-amortitzats-per-la-covid-19\/","url":"https:\/\/www.masella.com\/blog\/ca\/compensem-els-abonaments-20-21-no-amortitzats-per-la-covid-19\/","name":"COMPENSEM ELS ABONAMENTS 20-21 NO AMORTITZATS PER LA COVID-19 - El Blog oficial de Masella","isPartOf":{"@id":"https:\/\/www.masella.com\/blog\/ca\/#website"},"datePublished":"2021-05-06T10:41:22+00:00","dateModified":"2022-06-01T06:30:53+00:00","breadcrumb":{"@id":"https:\/\/www.masella.com\/blog\/ca\/compensem-els-abonaments-20-21-no-amortitzats-per-la-covid-19\/#breadcrumb"},"inLanguage":"ca","potentialAction":[{"@type":"ReadAction","target":["https:\/\/www.masella.com\/blog\/ca\/compensem-els-abonaments-20-21-no-amortitzats-per-la-covid-19\/"]}]},{"@type":"BreadcrumbList","@id":"https:\/\/www.masella.com\/blog\/ca\/compensem-els-abonaments-20-21-no-amortitzats-per-la-covid-19\/#breadcrumb","itemListElement":[{"@type":"ListItem","position":1,"name":"Portada","item":"https:\/\/www.masella.com\/blog\/ca\/"},{"@type":"ListItem","position":2,"name":"COMPENSEM ELS ABONAMENTS 20-21 NO AMORTITZATS PER LA COVID-19"}]},{"@type":"WebSite","@id":"https:\/\/www.masella.com\/blog\/ca\/#website","url":"https:\/\/www.masella.com\/blog\/ca\/","name":"El Blog oficial de Masella","description":"","publisher":{"@id":"https:\/\/www.masella.com\/blog\/ca\/#organization"},"potentialAction":[{"@type":"SearchAction","target":{"@type":"EntryPoint","urlTemplate":"https:\/\/www.masella.com\/blog\/ca\/?s={search_term_string}"},"query-input":"required name=search_term_string"}],"inLanguage":"ca"},{"@type":"Organization","@id":"https:\/\/www.masella.com\/blog\/ca\/#organization","name":"El Blog oficial de Masella","url":"https:\/\/www.masella.com\/blog\/ca\/","logo":{"@type":"ImageObject","inLanguage":"ca","@id":"https:\/\/www.masella.com\/blog\/ca\/#\/schema\/logo\/image\/","url":"https:\/\/www.masella.com\/blog\/wp-content\/uploads\/2022\/12\/cropped-logo-masella-cat.png","contentUrl":"https:\/\/www.masella.com\/blog\/wp-content\/uploads\/2022\/12\/cropped-logo-masella-cat.png","width":150,"height":88,"caption":"El Blog oficial de Masella"},"image":{"@id":"https:\/\/www.masella.com\/blog\/ca\/#\/schema\/logo\/image\/"}},{"@type":"Person","@id":"https:\/\/www.masella.com\/blog\/ca\/#\/schema\/person\/e32b971f5be20790c591d85b8f1c706b","name":"masella","image":{"@type":"ImageObject","inLanguage":"ca","@id":"https:\/\/www.masella.com\/blog\/ca\/#\/schema\/person\/image\/","url":"https:\/\/secure.gravatar.com\/avatar\/57590b1151eaa410a783e55768bbbba2?s=96&d=mm&r=g","contentUrl":"https:\/\/secure.gravatar.com\/avatar\/57590b1151eaa410a783e55768bbbba2?s=96&d=mm&r=g","caption":"masella"},"url":"https:\/\/www.masella.com\/blog\/ca\/author\/anna\/"}]}},"_links":{"self":[{"href":"https:\/\/www.masella.com\/blog\/ca\/wp-json\/wp\/v2\/posts\/4686"}],"collection":[{"href":"https:\/\/www.masella.com\/blog\/ca\/wp-json\/wp\/v2\/posts"}],"about":[{"href":"https:\/\/www.masella.com\/blog\/ca\/wp-json\/wp\/v2\/types\/post"}],"author":[{"embeddable":true,"href":"https:\/\/www.masella.com\/blog\/ca\/wp-json\/wp\/v2\/users\/4"}],"replies":[{"embeddable":true,"href":"https:\/\/www.masella.com\/blog\/ca\/wp-json\/wp\/v2\/comments?post=4686"}],"version-history":[{"count":1,"href":"https:\/\/www.masella.com\/blog\/ca\/wp-json\/wp\/v2\/posts\/4686\/revisions"}],"predecessor-version":[{"id":4693,"href":"https:\/\/www.masella.com\/blog\/ca\/wp-json\/wp\/v2\/posts\/4686\/revisions\/4693"}],"wp:featuredmedia":[{"embeddable":true,"href":"https:\/\/www.masella.com\/blog\/ca\/wp-json\/wp\/v2\/media\/4687"}],"wp:attachment":[{"href":"https:\/\/www.masella.com\/blog\/ca\/wp-json\/wp\/v2\/media?parent=4686"}],"wp:term":[{"taxonomy":"category","embeddable":true,"href":"https:\/\/www.masella.com\/blog\/ca\/wp-json\/wp\/v2\/categories?post=4686"},{"taxonomy":"post_tag","embeddable":true,"href":"https:\/\/www.masella.com\/blog\/ca\/wp-json\/wp\/v2\/tags?post=4686"}],"curies":[{"name":"wp","href":"https:\/\/api.w.org\/{rel}","templated":true}]}}