{"id":4795,"date":"2022-01-05T11:52:44","date_gmt":"2022-01-05T11:52:44","guid":{"rendered":"https:\/\/www.masella.com\/blog\/?p=4795"},"modified":"2022-06-01T06:30:37","modified_gmt":"2022-06-01T06:30:37","slug":"quatre-itineraris-de-935-m-de-desnivell","status":"publish","type":"post","link":"https:\/\/www.masella.com\/blog\/ca\/quatre-itineraris-de-935-m-de-desnivell\/","title":{"rendered":"QUATRE ITINERARIS DE 935 m DE DESNIVELL"},"content":{"rendered":"<p>No hi ha gaires estacions al Pirineu que puguin oferir un desnivell superior als 900 metres i Masella forma part d&#8217;aquest grup. En aquest article us expliquem 4 possibles itineraris per fer el desnivell sencer sense repetir pista.<\/p>\n<p>De fet, aquest desnivell \u00e9s una de les caracter\u00edstiques que identifiquen Masella i per aquest motiu la valoren els aficionats a fer descensos llargs. Des de la seva cota alta, on arriben els teleesqu\u00eds de la Tosa (2.535 m), i fins al Pla de Masella (1.600 metres), podem gaudir de diferents pistes que combinen paratges oberts sense bosc amb altres m\u00e9s emboscats i ombr\u00edvols. Hi ha fins a 4 itineraris &#8220;935&#8221; que ens permeten fer tot el desnivell sense repetir pista, observant paisatges diferents, travessant paratges tamb\u00e9 diferents i tenint en com\u00fa que els 4 circuits tenen l&#8217;origen i l&#8217;arribada en el mateix punt.\u00a0Us els donem a con\u00e8ixer i els marquem sobre pl\u00e0nol fent \u00fas del tracker de la nostra App Masella.<\/p>\n<p><a href=\"https:\/\/www.masella.com\/blog\/wp-content\/uploads\/2022\/01\/Masella-quatre-itineraris-935-cercles.jpg\"><img loading=\"lazy\" decoding=\"async\" class=\"size-full wp-image-4846 aligncenter\" src=\"https:\/\/www.masella.com\/blog\/wp-content\/uploads\/2022\/01\/Masella-quatre-itineraris-935-cercles.jpg\" alt=\"\" width=\"1200\" height=\"900\" srcset=\"https:\/\/www.masella.com\/blog\/wp-content\/uploads\/2022\/01\/Masella-quatre-itineraris-935-cercles.jpg 1200w, https:\/\/www.masella.com\/blog\/wp-content\/uploads\/2022\/01\/Masella-quatre-itineraris-935-cercles-300x225.jpg 300w, https:\/\/www.masella.com\/blog\/wp-content\/uploads\/2022\/01\/Masella-quatre-itineraris-935-cercles-1024x768.jpg 1024w, https:\/\/www.masella.com\/blog\/wp-content\/uploads\/2022\/01\/Masella-quatre-itineraris-935-cercles-768x576.jpg 768w\" sizes=\"(max-width: 1200px) 100vw, 1200px\" \/><\/a><\/p>\n<p><strong>1 \u2022 El &#8220;935&#8221; de llevant o per pistes blaves<\/strong><\/p>\n<p>&nbsp;<\/p>\n<p>Aquest itinerari \u00e9s la uni\u00f3 de les pistes Dues Estacions, Bona Vista, la Corda i Familiar, totes de dificultat blava i, per tant, accessibles a la majoria dels esquiadors. A m\u00e9s, la suma d&#8217;aquestes pistes permet fer un descens de 6 quil\u00f2metres. Un itinerari ideal per gaudir de bones vistes sobre la ve\u00efna estaci\u00f3 de La Molina i el mass\u00eds del Puigmal.<\/p>\n<p>&nbsp;<\/p>\n<p>Resultat del circuit gravat amb l&#8217;App de Masella:<\/p>\n<p>Data: 03\/01\/2022<\/p>\n<p>Temps total: 0h 9m 55s<\/p>\n<p>Dist\u00e0ncia total: 5.9 km<\/p>\n<p><a href=\"https:\/\/www.masella.com\/blog\/wp-content\/uploads\/2022\/01\/Masella-itinerari-1-la-familiar-20210111--scaled.jpeg\"><img loading=\"lazy\" decoding=\"async\" class=\"alignnone size-full wp-image-4797\" src=\"https:\/\/www.masella.com\/blog\/wp-content\/uploads\/2022\/01\/Masella-itinerari-1-la-familiar-20210111--scaled.jpeg\" alt=\"\" width=\"2560\" height=\"1920\" srcset=\"https:\/\/www.masella.com\/blog\/wp-content\/uploads\/2022\/01\/Masella-itinerari-1-la-familiar-20210111--scaled.jpeg 2560w, https:\/\/www.masella.com\/blog\/wp-content\/uploads\/2022\/01\/Masella-itinerari-1-la-familiar-20210111--300x225.jpeg 300w, https:\/\/www.masella.com\/blog\/wp-content\/uploads\/2022\/01\/Masella-itinerari-1-la-familiar-20210111--1024x768.jpeg 1024w, https:\/\/www.masella.com\/blog\/wp-content\/uploads\/2022\/01\/Masella-itinerari-1-la-familiar-20210111--768x576.jpeg 768w, https:\/\/www.masella.com\/blog\/wp-content\/uploads\/2022\/01\/Masella-itinerari-1-la-familiar-20210111--1536x1152.jpeg 1536w, https:\/\/www.masella.com\/blog\/wp-content\/uploads\/2022\/01\/Masella-itinerari-1-la-familiar-20210111--2048x1536.jpeg 2048w\" sizes=\"(max-width: 2560px) 100vw, 2560px\" \/><\/a><\/p>\n<p><strong>\u00a0<\/strong><\/p>\n<p><strong>2 \u2022 El &#8220;935&#8221; m\u00e9s vertical i fred<\/strong><\/p>\n<p>&nbsp;<\/p>\n<p>Aquest itinerari \u00e9s la uni\u00f3 de les pistes Coma Pregona, La Cova, Enamorats i Aparador. \u00c9s el m\u00e9s directe i vertical dels quatre. Lliscarem per algunes de les pistes m\u00e9s fer\u00e9stegues i fredes de Masella, i precisament per aquest motiu amb millor neu. Els esquiadors m\u00e9s viatgers diuen que el punt m\u00e9s estret de la pista Coma Pregona, que passa enclavada entre parets de pedra calc\u00e0ria, els recorda les formes capricioses dels Alps Dolom\u00edtics.<\/p>\n<p>&nbsp;<\/p>\n<p>Resultat del circuit gravat amb l&#8217;App de Masella:<\/p>\n<p>Data: 03\/01\/2022<\/p>\n<p>Temps total: 0h 6m 50s<\/p>\n<p>Dist\u00e0ncia total: 4,1 km<\/p>\n<p><a href=\"https:\/\/www.masella.com\/blog\/wp-content\/uploads\/2022\/01\/Masella-itinerari-2-pista-coma-pregona-20210124-scaled.jpeg\"><img loading=\"lazy\" decoding=\"async\" class=\"alignnone size-full wp-image-4800\" src=\"https:\/\/www.masella.com\/blog\/wp-content\/uploads\/2022\/01\/Masella-itinerari-2-pista-coma-pregona-20210124-scaled.jpeg\" alt=\"\" width=\"2560\" height=\"1920\" srcset=\"https:\/\/www.masella.com\/blog\/wp-content\/uploads\/2022\/01\/Masella-itinerari-2-pista-coma-pregona-20210124-scaled.jpeg 2560w, https:\/\/www.masella.com\/blog\/wp-content\/uploads\/2022\/01\/Masella-itinerari-2-pista-coma-pregona-20210124-300x225.jpeg 300w, https:\/\/www.masella.com\/blog\/wp-content\/uploads\/2022\/01\/Masella-itinerari-2-pista-coma-pregona-20210124-1024x768.jpeg 1024w, https:\/\/www.masella.com\/blog\/wp-content\/uploads\/2022\/01\/Masella-itinerari-2-pista-coma-pregona-20210124-768x576.jpeg 768w, https:\/\/www.masella.com\/blog\/wp-content\/uploads\/2022\/01\/Masella-itinerari-2-pista-coma-pregona-20210124-1536x1152.jpeg 1536w, https:\/\/www.masella.com\/blog\/wp-content\/uploads\/2022\/01\/Masella-itinerari-2-pista-coma-pregona-20210124-2048x1536.jpeg 2048w\" sizes=\"(max-width: 2560px) 100vw, 2560px\" \/><\/a><\/p>\n<p>&nbsp;<\/p>\n<p><strong>3 \u2022 El &#8220;935&#8221;, exposat i assolellat<\/strong><\/p>\n<p>&nbsp;<\/p>\n<p>Itinerari que neix de la uni\u00f3 de les pistes Tosa Vermell, Les Fustes, Central, Muntanyes Russes i L&#8217;Esquirol. Excepte el tram m\u00e9s aviat curt de Les Fustes, tot \u00e9s per pista de dificultat vermella. Tamb\u00e9 \u00e9s el m\u00e9s &#8220;aeri&#8221; i assolellat de tots quatre. Tot i anar gaireb\u00e9 en paral\u00b7lel i a poca dist\u00e0ncia del n\u00famero dos, els paisatges que ofereix sobre la Cerdanya s\u00f3n tan diferents com ho s\u00f3n els paratges pels quals travessa.<\/p>\n<p>&nbsp;<\/p>\n<p>Resultat del circuit gravat amb l&#8217;App de Masella:<\/p>\n<p>Data: 02\/01\/2022<\/p>\n<p>Temps total: 0h 8m 42s<\/p>\n<p>Dist\u00e0ncia total: 4,0 km<\/p>\n<p>&nbsp;<\/p>\n<p><a href=\"https:\/\/www.masella.com\/blog\/wp-content\/uploads\/2022\/01\/Masella-itinerari-3-la-central-20210124-scaled.jpeg\"><img loading=\"lazy\" decoding=\"async\" class=\"alignnone size-full wp-image-4802\" src=\"https:\/\/www.masella.com\/blog\/wp-content\/uploads\/2022\/01\/Masella-itinerari-3-la-central-20210124-scaled.jpeg\" alt=\"\" width=\"2560\" height=\"1920\" srcset=\"https:\/\/www.masella.com\/blog\/wp-content\/uploads\/2022\/01\/Masella-itinerari-3-la-central-20210124-scaled.jpeg 2560w, https:\/\/www.masella.com\/blog\/wp-content\/uploads\/2022\/01\/Masella-itinerari-3-la-central-20210124-300x225.jpeg 300w, https:\/\/www.masella.com\/blog\/wp-content\/uploads\/2022\/01\/Masella-itinerari-3-la-central-20210124-1024x768.jpeg 1024w, https:\/\/www.masella.com\/blog\/wp-content\/uploads\/2022\/01\/Masella-itinerari-3-la-central-20210124-768x576.jpeg 768w, https:\/\/www.masella.com\/blog\/wp-content\/uploads\/2022\/01\/Masella-itinerari-3-la-central-20210124-1536x1152.jpeg 1536w, https:\/\/www.masella.com\/blog\/wp-content\/uploads\/2022\/01\/Masella-itinerari-3-la-central-20210124-2048x1536.jpeg 2048w\" sizes=\"(max-width: 2560px) 100vw, 2560px\" \/><\/a><\/p>\n<p><strong>4 \u2022 El &#8220;935&#8221; de ponent o Vista al Cad\u00ed<\/strong><\/p>\n<p>&nbsp;<\/p>\n<p>Sortida de la pista Isards tram m\u00e9s alt, i continuem cap a la pista Panor\u00e0mica, el Serrat, La Feixa, Els Coms de Das i la Plana, combinant pistes vermelles a la part alta i dificultat blava a la part m\u00e9s baixa. La suma d&#8217;aquestes pistes permet fer un descens de 4,5 quil\u00f2metres. Bones vistes sobre els pobles de la Baixa Cerdanya, la Tosa Plana (2.905 m) i la serra del Cad\u00ed. I amb un al\u00b7licient afegit: en general s\u00f3n pistes poc freq\u00fcentades.<\/p>\n<p>&nbsp;<\/p>\n<p>Resultat del circuit gravat amb l&#8217;App de Masella:<\/p>\n<p>Data: 02\/01\/2022<\/p>\n<p>Temps total: 0h 11m 07s<\/p>\n<p>Dist\u00e0ncia total: 4,5 km<\/p>\n<p><a href=\"https:\/\/www.masella.com\/blog\/wp-content\/uploads\/2022\/01\/Masella-itinerari-4-pista-els-coms-20210111-scaled.jpeg\"><img loading=\"lazy\" decoding=\"async\" class=\"alignnone size-full wp-image-4804\" src=\"https:\/\/www.masella.com\/blog\/wp-content\/uploads\/2022\/01\/Masella-itinerari-4-pista-els-coms-20210111-scaled.jpeg\" alt=\"\" width=\"2560\" height=\"1920\" srcset=\"https:\/\/www.masella.com\/blog\/wp-content\/uploads\/2022\/01\/Masella-itinerari-4-pista-els-coms-20210111-scaled.jpeg 2560w, https:\/\/www.masella.com\/blog\/wp-content\/uploads\/2022\/01\/Masella-itinerari-4-pista-els-coms-20210111-300x225.jpeg 300w, https:\/\/www.masella.com\/blog\/wp-content\/uploads\/2022\/01\/Masella-itinerari-4-pista-els-coms-20210111-1024x768.jpeg 1024w, https:\/\/www.masella.com\/blog\/wp-content\/uploads\/2022\/01\/Masella-itinerari-4-pista-els-coms-20210111-768x576.jpeg 768w, https:\/\/www.masella.com\/blog\/wp-content\/uploads\/2022\/01\/Masella-itinerari-4-pista-els-coms-20210111-1536x1152.jpeg 1536w, https:\/\/www.masella.com\/blog\/wp-content\/uploads\/2022\/01\/Masella-itinerari-4-pista-els-coms-20210111-2048x1536.jpeg 2048w\" sizes=\"(max-width: 2560px) 100vw, 2560px\" \/><\/a><\/p>\n<p>&nbsp;<\/p>\n<p>Doncs b\u00e9, ja les teniu llistades. Si voleu gaudir d&#8217;aquests 4 itineraris el mateix dia ben segur que us comportar\u00e0 dedicar-hi bona part de la vostra jornada d&#8217;esqu\u00ed. La planificaci\u00f3 d&#8217;aquests quatre itineraris permet fer baixades llargues, variades o con\u00e8ixer part dels molts paisatges que ofereix Masella. A m\u00e9s, lliscar per aquests quatre itineraris t\u00e9 l&#8217;al\u00b7licient de no repetir cap pista. Si aquests circuits es pretenen fer d&#8217;una tirada, aleshores esdevenen un repte important. Cal haver fet un bon esmorzar!<\/p>\n<p>No cal dir que a tots quatre itineraris encara s&#8217;hi poden fer petites variants que permetrien personalitzar al vostre gust cadascun d&#8217;ells. Per\u00f2, aix\u00f2, en tot cas, ho deixem al vostre gust.<\/p>\n","protected":false},"excerpt":{"rendered":"<p>No hi ha gaires estacions al Pirineu que puguin oferir un desnivell superior als 900 metres i Masella forma part<\/p>\n","protected":false},"author":4,"featured_media":4836,"comment_status":"closed","ping_status":"open","sticky":false,"template":"","format":"standard","meta":{"footnotes":""},"categories":[21,63],"tags":[],"yoast_head":"<!-- This site is optimized with the Yoast SEO plugin v21.5 - https:\/\/yoast.com\/wordpress\/plugins\/seo\/ -->\n<title>QUATRE ITINERARIS DE 935 m DE DESNIVELL - El Blog oficial de Masella<\/title>\n<meta name=\"robots\" content=\"index, follow, max-snippet:-1, max-image-preview:large, max-video-preview:-1\" \/>\n<link rel=\"canonical\" href=\"https:\/\/www.masella.com\/blog\/ca\/quatre-itineraris-de-935-m-de-desnivell\/\" \/>\n<meta property=\"og:locale\" content=\"ca_ES\" \/>\n<meta property=\"og:type\" content=\"article\" \/>\n<meta property=\"og:title\" content=\"QUATRE ITINERARIS DE 935 m DE DESNIVELL - El Blog oficial de Masella\" \/>\n<meta property=\"og:description\" content=\"No hi ha gaires estacions al Pirineu que puguin oferir un desnivell superior als 900 metres i Masella forma part\" \/>\n<meta property=\"og:url\" content=\"https:\/\/www.masella.com\/blog\/ca\/quatre-itineraris-de-935-m-de-desnivell\/\" \/>\n<meta property=\"og:site_name\" content=\"El Blog oficial de Masella\" \/>\n<meta property=\"article:published_time\" content=\"2022-01-05T11:52:44+00:00\" \/>\n<meta property=\"article:modified_time\" content=\"2022-06-01T06:30:37+00:00\" \/>\n<meta property=\"og:image\" content=\"https:\/\/www.masella.com\/blog\/wp-content\/uploads\/2022\/01\/ID-2.jpg\" \/>\n\t<meta property=\"og:image:width\" content=\"1088\" \/>\n\t<meta property=\"og:image:height\" content=\"612\" \/>\n\t<meta property=\"og:image:type\" content=\"image\/jpeg\" \/>\n<meta name=\"author\" content=\"masella\" \/>\n<meta name=\"twitter:card\" content=\"summary_large_image\" \/>\n<meta name=\"twitter:label1\" content=\"Escrit per\" \/>\n\t<meta name=\"twitter:data1\" content=\"masella\" \/>\n\t<meta name=\"twitter:label2\" content=\"Temps estimat de lectura\" \/>\n\t<meta name=\"twitter:data2\" content=\"5 minuts\" \/>\n<script type=\"application\/ld+json\" class=\"yoast-schema-graph\">{\"@context\":\"https:\/\/schema.org\",\"@graph\":[{\"@type\":\"Article\",\"@id\":\"https:\/\/www.masella.com\/blog\/ca\/quatre-itineraris-de-935-m-de-desnivell\/#article\",\"isPartOf\":{\"@id\":\"https:\/\/www.masella.com\/blog\/ca\/quatre-itineraris-de-935-m-de-desnivell\/\"},\"author\":{\"name\":\"masella\",\"@id\":\"https:\/\/www.masella.com\/blog\/ca\/#\/schema\/person\/e32b971f5be20790c591d85b8f1c706b\"},\"headline\":\"QUATRE ITINERARIS DE 935 m DE DESNIVELL\",\"datePublished\":\"2022-01-05T11:52:44+00:00\",\"dateModified\":\"2022-06-01T06:30:37+00:00\",\"mainEntityOfPage\":{\"@id\":\"https:\/\/www.masella.com\/blog\/ca\/quatre-itineraris-de-935-m-de-desnivell\/\"},\"wordCount\":719,\"publisher\":{\"@id\":\"https:\/\/www.masella.com\/blog\/ca\/#organization\"},\"articleSection\":[\"Actualitat\",\"Destacat\"],\"inLanguage\":\"ca\"},{\"@type\":\"WebPage\",\"@id\":\"https:\/\/www.masella.com\/blog\/ca\/quatre-itineraris-de-935-m-de-desnivell\/\",\"url\":\"https:\/\/www.masella.com\/blog\/ca\/quatre-itineraris-de-935-m-de-desnivell\/\",\"name\":\"QUATRE ITINERARIS DE 935 m DE DESNIVELL - El Blog oficial de Masella\",\"isPartOf\":{\"@id\":\"https:\/\/www.masella.com\/blog\/ca\/#website\"},\"datePublished\":\"2022-01-05T11:52:44+00:00\",\"dateModified\":\"2022-06-01T06:30:37+00:00\",\"breadcrumb\":{\"@id\":\"https:\/\/www.masella.com\/blog\/ca\/quatre-itineraris-de-935-m-de-desnivell\/#breadcrumb\"},\"inLanguage\":\"ca\",\"potentialAction\":[{\"@type\":\"ReadAction\",\"target\":[\"https:\/\/www.masella.com\/blog\/ca\/quatre-itineraris-de-935-m-de-desnivell\/\"]}]},{\"@type\":\"BreadcrumbList\",\"@id\":\"https:\/\/www.masella.com\/blog\/ca\/quatre-itineraris-de-935-m-de-desnivell\/#breadcrumb\",\"itemListElement\":[{\"@type\":\"ListItem\",\"position\":1,\"name\":\"Portada\",\"item\":\"https:\/\/www.masella.com\/blog\/ca\/\"},{\"@type\":\"ListItem\",\"position\":2,\"name\":\"QUATRE ITINERARIS DE 935 m DE DESNIVELL\"}]},{\"@type\":\"WebSite\",\"@id\":\"https:\/\/www.masella.com\/blog\/ca\/#website\",\"url\":\"https:\/\/www.masella.com\/blog\/ca\/\",\"name\":\"El Blog oficial de Masella\",\"description\":\"\",\"publisher\":{\"@id\":\"https:\/\/www.masella.com\/blog\/ca\/#organization\"},\"potentialAction\":[{\"@type\":\"SearchAction\",\"target\":{\"@type\":\"EntryPoint\",\"urlTemplate\":\"https:\/\/www.masella.com\/blog\/ca\/?s={search_term_string}\"},\"query-input\":\"required name=search_term_string\"}],\"inLanguage\":\"ca\"},{\"@type\":\"Organization\",\"@id\":\"https:\/\/www.masella.com\/blog\/ca\/#organization\",\"name\":\"El Blog oficial de Masella\",\"url\":\"https:\/\/www.masella.com\/blog\/ca\/\",\"logo\":{\"@type\":\"ImageObject\",\"inLanguage\":\"ca\",\"@id\":\"https:\/\/www.masella.com\/blog\/ca\/#\/schema\/logo\/image\/\",\"url\":\"https:\/\/www.masella.com\/blog\/wp-content\/uploads\/2022\/12\/cropped-logo-masella-cat.png\",\"contentUrl\":\"https:\/\/www.masella.com\/blog\/wp-content\/uploads\/2022\/12\/cropped-logo-masella-cat.png\",\"width\":150,\"height\":88,\"caption\":\"El Blog oficial de Masella\"},\"image\":{\"@id\":\"https:\/\/www.masella.com\/blog\/ca\/#\/schema\/logo\/image\/\"}},{\"@type\":\"Person\",\"@id\":\"https:\/\/www.masella.com\/blog\/ca\/#\/schema\/person\/e32b971f5be20790c591d85b8f1c706b\",\"name\":\"masella\",\"image\":{\"@type\":\"ImageObject\",\"inLanguage\":\"ca\",\"@id\":\"https:\/\/www.masella.com\/blog\/ca\/#\/schema\/person\/image\/\",\"url\":\"https:\/\/secure.gravatar.com\/avatar\/57590b1151eaa410a783e55768bbbba2?s=96&d=mm&r=g\",\"contentUrl\":\"https:\/\/secure.gravatar.com\/avatar\/57590b1151eaa410a783e55768bbbba2?s=96&d=mm&r=g\",\"caption\":\"masella\"},\"url\":\"https:\/\/www.masella.com\/blog\/ca\/author\/anna\/\"}]}<\/script>\n<!-- \/ Yoast SEO plugin. -->","yoast_head_json":{"title":"QUATRE ITINERARIS DE 935 m DE DESNIVELL - El Blog oficial de Masella","robots":{"index":"index","follow":"follow","max-snippet":"max-snippet:-1","max-image-preview":"max-image-preview:large","max-video-preview":"max-video-preview:-1"},"canonical":"https:\/\/www.masella.com\/blog\/ca\/quatre-itineraris-de-935-m-de-desnivell\/","og_locale":"ca_ES","og_type":"article","og_title":"QUATRE ITINERARIS DE 935 m DE DESNIVELL - El Blog oficial de Masella","og_description":"No hi ha gaires estacions al Pirineu que puguin oferir un desnivell superior als 900 metres i Masella forma part","og_url":"https:\/\/www.masella.com\/blog\/ca\/quatre-itineraris-de-935-m-de-desnivell\/","og_site_name":"El Blog oficial de Masella","article_published_time":"2022-01-05T11:52:44+00:00","article_modified_time":"2022-06-01T06:30:37+00:00","og_image":[{"width":1088,"height":612,"url":"https:\/\/www.masella.com\/blog\/wp-content\/uploads\/2022\/01\/ID-2.jpg","type":"image\/jpeg"}],"author":"masella","twitter_card":"summary_large_image","twitter_misc":{"Escrit per":"masella","Temps estimat de lectura":"5 minuts"},"schema":{"@context":"https:\/\/schema.org","@graph":[{"@type":"Article","@id":"https:\/\/www.masella.com\/blog\/ca\/quatre-itineraris-de-935-m-de-desnivell\/#article","isPartOf":{"@id":"https:\/\/www.masella.com\/blog\/ca\/quatre-itineraris-de-935-m-de-desnivell\/"},"author":{"name":"masella","@id":"https:\/\/www.masella.com\/blog\/ca\/#\/schema\/person\/e32b971f5be20790c591d85b8f1c706b"},"headline":"QUATRE ITINERARIS DE 935 m DE DESNIVELL","datePublished":"2022-01-05T11:52:44+00:00","dateModified":"2022-06-01T06:30:37+00:00","mainEntityOfPage":{"@id":"https:\/\/www.masella.com\/blog\/ca\/quatre-itineraris-de-935-m-de-desnivell\/"},"wordCount":719,"publisher":{"@id":"https:\/\/www.masella.com\/blog\/ca\/#organization"},"articleSection":["Actualitat","Destacat"],"inLanguage":"ca"},{"@type":"WebPage","@id":"https:\/\/www.masella.com\/blog\/ca\/quatre-itineraris-de-935-m-de-desnivell\/","url":"https:\/\/www.masella.com\/blog\/ca\/quatre-itineraris-de-935-m-de-desnivell\/","name":"QUATRE ITINERARIS DE 935 m DE DESNIVELL - El Blog oficial de Masella","isPartOf":{"@id":"https:\/\/www.masella.com\/blog\/ca\/#website"},"datePublished":"2022-01-05T11:52:44+00:00","dateModified":"2022-06-01T06:30:37+00:00","breadcrumb":{"@id":"https:\/\/www.masella.com\/blog\/ca\/quatre-itineraris-de-935-m-de-desnivell\/#breadcrumb"},"inLanguage":"ca","potentialAction":[{"@type":"ReadAction","target":["https:\/\/www.masella.com\/blog\/ca\/quatre-itineraris-de-935-m-de-desnivell\/"]}]},{"@type":"BreadcrumbList","@id":"https:\/\/www.masella.com\/blog\/ca\/quatre-itineraris-de-935-m-de-desnivell\/#breadcrumb","itemListElement":[{"@type":"ListItem","position":1,"name":"Portada","item":"https:\/\/www.masella.com\/blog\/ca\/"},{"@type":"ListItem","position":2,"name":"QUATRE ITINERARIS DE 935 m DE DESNIVELL"}]},{"@type":"WebSite","@id":"https:\/\/www.masella.com\/blog\/ca\/#website","url":"https:\/\/www.masella.com\/blog\/ca\/","name":"El Blog oficial de Masella","description":"","publisher":{"@id":"https:\/\/www.masella.com\/blog\/ca\/#organization"},"potentialAction":[{"@type":"SearchAction","target":{"@type":"EntryPoint","urlTemplate":"https:\/\/www.masella.com\/blog\/ca\/?s={search_term_string}"},"query-input":"required name=search_term_string"}],"inLanguage":"ca"},{"@type":"Organization","@id":"https:\/\/www.masella.com\/blog\/ca\/#organization","name":"El Blog oficial de Masella","url":"https:\/\/www.masella.com\/blog\/ca\/","logo":{"@type":"ImageObject","inLanguage":"ca","@id":"https:\/\/www.masella.com\/blog\/ca\/#\/schema\/logo\/image\/","url":"https:\/\/www.masella.com\/blog\/wp-content\/uploads\/2022\/12\/cropped-logo-masella-cat.png","contentUrl":"https:\/\/www.masella.com\/blog\/wp-content\/uploads\/2022\/12\/cropped-logo-masella-cat.png","width":150,"height":88,"caption":"El Blog oficial de Masella"},"image":{"@id":"https:\/\/www.masella.com\/blog\/ca\/#\/schema\/logo\/image\/"}},{"@type":"Person","@id":"https:\/\/www.masella.com\/blog\/ca\/#\/schema\/person\/e32b971f5be20790c591d85b8f1c706b","name":"masella","image":{"@type":"ImageObject","inLanguage":"ca","@id":"https:\/\/www.masella.com\/blog\/ca\/#\/schema\/person\/image\/","url":"https:\/\/secure.gravatar.com\/avatar\/57590b1151eaa410a783e55768bbbba2?s=96&d=mm&r=g","contentUrl":"https:\/\/secure.gravatar.com\/avatar\/57590b1151eaa410a783e55768bbbba2?s=96&d=mm&r=g","caption":"masella"},"url":"https:\/\/www.masella.com\/blog\/ca\/author\/anna\/"}]}},"_links":{"self":[{"href":"https:\/\/www.masella.com\/blog\/ca\/wp-json\/wp\/v2\/posts\/4795"}],"collection":[{"href":"https:\/\/www.masella.com\/blog\/ca\/wp-json\/wp\/v2\/posts"}],"about":[{"href":"https:\/\/www.masella.com\/blog\/ca\/wp-json\/wp\/v2\/types\/post"}],"author":[{"embeddable":true,"href":"https:\/\/www.masella.com\/blog\/ca\/wp-json\/wp\/v2\/users\/4"}],"replies":[{"embeddable":true,"href":"https:\/\/www.masella.com\/blog\/ca\/wp-json\/wp\/v2\/comments?post=4795"}],"version-history":[{"count":11,"href":"https:\/\/www.masella.com\/blog\/ca\/wp-json\/wp\/v2\/posts\/4795\/revisions"}],"predecessor-version":[{"id":4848,"href":"https:\/\/www.masella.com\/blog\/ca\/wp-json\/wp\/v2\/posts\/4795\/revisions\/4848"}],"wp:featuredmedia":[{"embeddable":true,"href":"https:\/\/www.masella.com\/blog\/ca\/wp-json\/wp\/v2\/media\/4836"}],"wp:attachment":[{"href":"https:\/\/www.masella.com\/blog\/ca\/wp-json\/wp\/v2\/media?parent=4795"}],"wp:term":[{"taxonomy":"category","embeddable":true,"href":"https:\/\/www.masella.com\/blog\/ca\/wp-json\/wp\/v2\/categories?post=4795"},{"taxonomy":"post_tag","embeddable":true,"href":"https:\/\/www.masella.com\/blog\/ca\/wp-json\/wp\/v2\/tags?post=4795"}],"curies":[{"name":"wp","href":"https:\/\/api.w.org\/{rel}","templated":true}]}}