{"id":4942,"date":"2022-03-05T21:04:11","date_gmt":"2022-03-05T21:04:11","guid":{"rendered":"https:\/\/www.masella.com\/blog\/?p=4942"},"modified":"2022-06-01T06:30:20","modified_gmt":"2022-06-01T06:30:20","slug":"gracies-per-compartir-amb-nosaltres-les-23-nits-desqui-nocturn","status":"publish","type":"post","link":"https:\/\/www.masella.com\/blog\/ca\/gracies-per-compartir-amb-nosaltres-les-23-nits-desqui-nocturn\/","title":{"rendered":"GR\u00c0CIES PER COMPARTIR AMB NOSALTRES LES 23 NITS D&#8217;ESQU\u00cd NOCTURN"},"content":{"rendered":"<p><strong><u>Aquest dissabte<\/u><\/strong>, dia 5 de mar\u00e7, \u00a0<strong><u>es dona per finalitzada la temporada d\u2019Esqu\u00ed Nocturn<\/u><\/strong> de Masella. Aquesta \u00e9s la 9a temporada d\u2019obertura de l\u2019Esqu\u00ed Nocturn i s\u2019han obert un total de 23 nits entre dijous, dissabtes i festius del Pont de la Pur\u00edssima i les festes de Nadal.<\/p>\n<p><strong><u>Durant aquesta temporada s\u2019ha obert la totalitat del domini esquiable de nit <\/u><\/strong>\u00a0que consta de:<\/p>\n<p>&#8211;<strong><u>10 Km esquiables<\/u><\/strong><\/p>\n<p>&#8211;<strong><u>6 remuntadors oberts<\/u><\/strong><\/p>\n<p>&#8211;<strong><u>13 pistes obertes<\/u><\/strong><\/p>\n<p>&#8211;<strong><u>Obert tots els dijous, dissabtes i alguns festius<\/u><\/strong><\/p>\n<p><strong>&#8211;<u>Desnivell: 420 m que recorren per dins el bosc<\/u><\/strong><\/p>\n<p><strong><u>Ara<\/u><\/strong>, tal i com estava previst en el calendari<strong>, <u>finalitzem la temporada de nocturn a causa que el dia avan\u00e7a inexorablement i en breu es realitzar\u00e0 el canvi d\u2019hora. <\/u><\/strong><\/p>\n<p><a href=\"https:\/\/www.masella.com\/blog\/wp-content\/uploads\/2022\/03\/003.jpg\"><img loading=\"lazy\" decoding=\"async\" class=\"size-full wp-image-4947\" src=\"https:\/\/www.masella.com\/blog\/wp-content\/uploads\/2022\/03\/003.jpg\" alt=\"\" width=\"2000\" height=\"1500\" srcset=\"https:\/\/www.masella.com\/blog\/wp-content\/uploads\/2022\/03\/003.jpg 2000w, https:\/\/www.masella.com\/blog\/wp-content\/uploads\/2022\/03\/003-300x225.jpg 300w, https:\/\/www.masella.com\/blog\/wp-content\/uploads\/2022\/03\/003-1024x768.jpg 1024w, https:\/\/www.masella.com\/blog\/wp-content\/uploads\/2022\/03\/003-768x576.jpg 768w, https:\/\/www.masella.com\/blog\/wp-content\/uploads\/2022\/03\/003-1536x1152.jpg 1536w\" sizes=\"(max-width: 2000px) 100vw, 2000px\" \/><\/a><\/p>\n<p><strong style=\"font-size: 16px;\"><u>L\u2019Esqu\u00ed Nocturn de Masella s\u2019ha vist complementat amb l\u2019oferta gastron\u00f2mica<\/u><\/strong><span style=\"font-size: 16px;\"> t\u00edpica de muntanya (fondues, raclettes, etc.) <\/span><strong style=\"font-size: 16px;\"><u>en el Restaurant del Pla de Masella durant tots els dissabtes i festius<\/u><\/strong><span style=\"font-size: 16px;\">. I, tamb\u00e9, <\/span><strong style=\"font-size: 16px;\"><u>amb l\u2019Apr\u00e8s-ski al M\u00f6od Masella \u2013 Stern Motor &#8211; Taittinger,<\/u><\/strong><span style=\"font-size: 16px;\"> a la zona del Pla de Masella, en qu\u00e8 avui s\u2019ha fet la darrera sessi\u00f3 de m\u00fasica de tarda-vespre.<\/span><a href=\"https:\/\/www.masella.com\/blog\/wp-content\/uploads\/2022\/03\/005.jpg\"><img loading=\"lazy\" decoding=\"async\" class=\"size-full wp-image-4949\" src=\"https:\/\/www.masella.com\/blog\/wp-content\/uploads\/2022\/03\/005.jpg\" alt=\"\" width=\"2000\" height=\"1500\" srcset=\"https:\/\/www.masella.com\/blog\/wp-content\/uploads\/2022\/03\/005.jpg 2000w, https:\/\/www.masella.com\/blog\/wp-content\/uploads\/2022\/03\/005-300x225.jpg 300w, https:\/\/www.masella.com\/blog\/wp-content\/uploads\/2022\/03\/005-1024x768.jpg 1024w, https:\/\/www.masella.com\/blog\/wp-content\/uploads\/2022\/03\/005-768x576.jpg 768w, https:\/\/www.masella.com\/blog\/wp-content\/uploads\/2022\/03\/005-1536x1152.jpg 1536w\" sizes=\"(max-width: 2000px) 100vw, 2000px\" \/><\/a><\/p>\n","protected":false},"excerpt":{"rendered":"<p>Aquest dissabte, dia 5 de mar\u00e7, \u00a0es dona per finalitzada la temporada d\u2019Esqu\u00ed Nocturn de Masella. Aquesta \u00e9s la 9a<\/p>\n","protected":false},"author":4,"featured_media":4945,"comment_status":"closed","ping_status":"open","sticky":false,"template":"","format":"standard","meta":{"footnotes":""},"categories":[21],"tags":[],"yoast_head":"<!-- This site is optimized with the Yoast SEO plugin v21.5 - https:\/\/yoast.com\/wordpress\/plugins\/seo\/ -->\n<title>GR\u00c0CIES PER COMPARTIR AMB NOSALTRES LES 23 NITS D&#039;ESQU\u00cd NOCTURN - El Blog oficial de Masella<\/title>\n<meta name=\"robots\" content=\"index, follow, max-snippet:-1, max-image-preview:large, max-video-preview:-1\" \/>\n<link rel=\"canonical\" href=\"https:\/\/www.masella.com\/blog\/ca\/gracies-per-compartir-amb-nosaltres-les-23-nits-desqui-nocturn\/\" \/>\n<meta property=\"og:locale\" content=\"ca_ES\" \/>\n<meta property=\"og:type\" content=\"article\" \/>\n<meta property=\"og:title\" content=\"GR\u00c0CIES PER COMPARTIR AMB NOSALTRES LES 23 NITS D&#039;ESQU\u00cd NOCTURN - El Blog oficial de Masella\" \/>\n<meta property=\"og:description\" content=\"Aquest dissabte, dia 5 de mar\u00e7, \u00a0es dona per finalitzada la temporada d\u2019Esqu\u00ed Nocturn de Masella. Aquesta \u00e9s la 9a\" \/>\n<meta property=\"og:url\" content=\"https:\/\/www.masella.com\/blog\/ca\/gracies-per-compartir-amb-nosaltres-les-23-nits-desqui-nocturn\/\" \/>\n<meta property=\"og:site_name\" content=\"El Blog oficial de Masella\" \/>\n<meta property=\"article:published_time\" content=\"2022-03-05T21:04:11+00:00\" \/>\n<meta property=\"article:modified_time\" content=\"2022-06-01T06:30:20+00:00\" \/>\n<meta property=\"og:image\" content=\"https:\/\/www.masella.com\/blog\/wp-content\/uploads\/2022\/03\/id.jpg\" \/>\n\t<meta property=\"og:image:width\" content=\"800\" \/>\n\t<meta property=\"og:image:height\" content=\"450\" \/>\n\t<meta property=\"og:image:type\" content=\"image\/jpeg\" \/>\n<meta name=\"author\" content=\"masella\" \/>\n<meta name=\"twitter:card\" content=\"summary_large_image\" \/>\n<meta name=\"twitter:label1\" content=\"Escrit per\" \/>\n\t<meta name=\"twitter:data1\" content=\"masella\" \/>\n\t<meta name=\"twitter:label2\" content=\"Temps estimat de lectura\" \/>\n\t<meta name=\"twitter:data2\" content=\"1 minut\" \/>\n<script type=\"application\/ld+json\" class=\"yoast-schema-graph\">{\"@context\":\"https:\/\/schema.org\",\"@graph\":[{\"@type\":\"Article\",\"@id\":\"https:\/\/www.masella.com\/blog\/ca\/gracies-per-compartir-amb-nosaltres-les-23-nits-desqui-nocturn\/#article\",\"isPartOf\":{\"@id\":\"https:\/\/www.masella.com\/blog\/ca\/gracies-per-compartir-amb-nosaltres-les-23-nits-desqui-nocturn\/\"},\"author\":{\"name\":\"masella\",\"@id\":\"https:\/\/www.masella.com\/blog\/ca\/#\/schema\/person\/e32b971f5be20790c591d85b8f1c706b\"},\"headline\":\"GR\u00c0CIES PER COMPARTIR AMB NOSALTRES LES 23 NITS D&#8217;ESQU\u00cd NOCTURN\",\"datePublished\":\"2022-03-05T21:04:11+00:00\",\"dateModified\":\"2022-06-01T06:30:20+00:00\",\"mainEntityOfPage\":{\"@id\":\"https:\/\/www.masella.com\/blog\/ca\/gracies-per-compartir-amb-nosaltres-les-23-nits-desqui-nocturn\/\"},\"wordCount\":204,\"publisher\":{\"@id\":\"https:\/\/www.masella.com\/blog\/ca\/#organization\"},\"articleSection\":[\"Actualitat\"],\"inLanguage\":\"ca\"},{\"@type\":\"WebPage\",\"@id\":\"https:\/\/www.masella.com\/blog\/ca\/gracies-per-compartir-amb-nosaltres-les-23-nits-desqui-nocturn\/\",\"url\":\"https:\/\/www.masella.com\/blog\/ca\/gracies-per-compartir-amb-nosaltres-les-23-nits-desqui-nocturn\/\",\"name\":\"GR\u00c0CIES PER COMPARTIR AMB NOSALTRES LES 23 NITS D'ESQU\u00cd NOCTURN - El Blog oficial de Masella\",\"isPartOf\":{\"@id\":\"https:\/\/www.masella.com\/blog\/ca\/#website\"},\"datePublished\":\"2022-03-05T21:04:11+00:00\",\"dateModified\":\"2022-06-01T06:30:20+00:00\",\"breadcrumb\":{\"@id\":\"https:\/\/www.masella.com\/blog\/ca\/gracies-per-compartir-amb-nosaltres-les-23-nits-desqui-nocturn\/#breadcrumb\"},\"inLanguage\":\"ca\",\"potentialAction\":[{\"@type\":\"ReadAction\",\"target\":[\"https:\/\/www.masella.com\/blog\/ca\/gracies-per-compartir-amb-nosaltres-les-23-nits-desqui-nocturn\/\"]}]},{\"@type\":\"BreadcrumbList\",\"@id\":\"https:\/\/www.masella.com\/blog\/ca\/gracies-per-compartir-amb-nosaltres-les-23-nits-desqui-nocturn\/#breadcrumb\",\"itemListElement\":[{\"@type\":\"ListItem\",\"position\":1,\"name\":\"Portada\",\"item\":\"https:\/\/www.masella.com\/blog\/ca\/\"},{\"@type\":\"ListItem\",\"position\":2,\"name\":\"GR\u00c0CIES PER COMPARTIR AMB NOSALTRES LES 23 NITS D&#8217;ESQU\u00cd NOCTURN\"}]},{\"@type\":\"WebSite\",\"@id\":\"https:\/\/www.masella.com\/blog\/ca\/#website\",\"url\":\"https:\/\/www.masella.com\/blog\/ca\/\",\"name\":\"El Blog oficial de Masella\",\"description\":\"\",\"publisher\":{\"@id\":\"https:\/\/www.masella.com\/blog\/ca\/#organization\"},\"potentialAction\":[{\"@type\":\"SearchAction\",\"target\":{\"@type\":\"EntryPoint\",\"urlTemplate\":\"https:\/\/www.masella.com\/blog\/ca\/?s={search_term_string}\"},\"query-input\":\"required name=search_term_string\"}],\"inLanguage\":\"ca\"},{\"@type\":\"Organization\",\"@id\":\"https:\/\/www.masella.com\/blog\/ca\/#organization\",\"name\":\"El Blog oficial de Masella\",\"url\":\"https:\/\/www.masella.com\/blog\/ca\/\",\"logo\":{\"@type\":\"ImageObject\",\"inLanguage\":\"ca\",\"@id\":\"https:\/\/www.masella.com\/blog\/ca\/#\/schema\/logo\/image\/\",\"url\":\"https:\/\/www.masella.com\/blog\/wp-content\/uploads\/2022\/12\/cropped-logo-masella-cat.png\",\"contentUrl\":\"https:\/\/www.masella.com\/blog\/wp-content\/uploads\/2022\/12\/cropped-logo-masella-cat.png\",\"width\":150,\"height\":88,\"caption\":\"El Blog oficial de Masella\"},\"image\":{\"@id\":\"https:\/\/www.masella.com\/blog\/ca\/#\/schema\/logo\/image\/\"}},{\"@type\":\"Person\",\"@id\":\"https:\/\/www.masella.com\/blog\/ca\/#\/schema\/person\/e32b971f5be20790c591d85b8f1c706b\",\"name\":\"masella\",\"image\":{\"@type\":\"ImageObject\",\"inLanguage\":\"ca\",\"@id\":\"https:\/\/www.masella.com\/blog\/ca\/#\/schema\/person\/image\/\",\"url\":\"https:\/\/secure.gravatar.com\/avatar\/57590b1151eaa410a783e55768bbbba2?s=96&d=mm&r=g\",\"contentUrl\":\"https:\/\/secure.gravatar.com\/avatar\/57590b1151eaa410a783e55768bbbba2?s=96&d=mm&r=g\",\"caption\":\"masella\"},\"url\":\"https:\/\/www.masella.com\/blog\/ca\/author\/anna\/\"}]}<\/script>\n<!-- \/ Yoast SEO plugin. -->","yoast_head_json":{"title":"GR\u00c0CIES PER COMPARTIR AMB NOSALTRES LES 23 NITS D'ESQU\u00cd NOCTURN - El Blog oficial de Masella","robots":{"index":"index","follow":"follow","max-snippet":"max-snippet:-1","max-image-preview":"max-image-preview:large","max-video-preview":"max-video-preview:-1"},"canonical":"https:\/\/www.masella.com\/blog\/ca\/gracies-per-compartir-amb-nosaltres-les-23-nits-desqui-nocturn\/","og_locale":"ca_ES","og_type":"article","og_title":"GR\u00c0CIES PER COMPARTIR AMB NOSALTRES LES 23 NITS D'ESQU\u00cd NOCTURN - El Blog oficial de Masella","og_description":"Aquest dissabte, dia 5 de mar\u00e7, \u00a0es dona per finalitzada la temporada d\u2019Esqu\u00ed Nocturn de Masella. Aquesta \u00e9s la 9a","og_url":"https:\/\/www.masella.com\/blog\/ca\/gracies-per-compartir-amb-nosaltres-les-23-nits-desqui-nocturn\/","og_site_name":"El Blog oficial de Masella","article_published_time":"2022-03-05T21:04:11+00:00","article_modified_time":"2022-06-01T06:30:20+00:00","og_image":[{"width":800,"height":450,"url":"https:\/\/www.masella.com\/blog\/wp-content\/uploads\/2022\/03\/id.jpg","type":"image\/jpeg"}],"author":"masella","twitter_card":"summary_large_image","twitter_misc":{"Escrit per":"masella","Temps estimat de lectura":"1 minut"},"schema":{"@context":"https:\/\/schema.org","@graph":[{"@type":"Article","@id":"https:\/\/www.masella.com\/blog\/ca\/gracies-per-compartir-amb-nosaltres-les-23-nits-desqui-nocturn\/#article","isPartOf":{"@id":"https:\/\/www.masella.com\/blog\/ca\/gracies-per-compartir-amb-nosaltres-les-23-nits-desqui-nocturn\/"},"author":{"name":"masella","@id":"https:\/\/www.masella.com\/blog\/ca\/#\/schema\/person\/e32b971f5be20790c591d85b8f1c706b"},"headline":"GR\u00c0CIES PER COMPARTIR AMB NOSALTRES LES 23 NITS D&#8217;ESQU\u00cd NOCTURN","datePublished":"2022-03-05T21:04:11+00:00","dateModified":"2022-06-01T06:30:20+00:00","mainEntityOfPage":{"@id":"https:\/\/www.masella.com\/blog\/ca\/gracies-per-compartir-amb-nosaltres-les-23-nits-desqui-nocturn\/"},"wordCount":204,"publisher":{"@id":"https:\/\/www.masella.com\/blog\/ca\/#organization"},"articleSection":["Actualitat"],"inLanguage":"ca"},{"@type":"WebPage","@id":"https:\/\/www.masella.com\/blog\/ca\/gracies-per-compartir-amb-nosaltres-les-23-nits-desqui-nocturn\/","url":"https:\/\/www.masella.com\/blog\/ca\/gracies-per-compartir-amb-nosaltres-les-23-nits-desqui-nocturn\/","name":"GR\u00c0CIES PER COMPARTIR AMB NOSALTRES LES 23 NITS D'ESQU\u00cd NOCTURN - El Blog oficial de Masella","isPartOf":{"@id":"https:\/\/www.masella.com\/blog\/ca\/#website"},"datePublished":"2022-03-05T21:04:11+00:00","dateModified":"2022-06-01T06:30:20+00:00","breadcrumb":{"@id":"https:\/\/www.masella.com\/blog\/ca\/gracies-per-compartir-amb-nosaltres-les-23-nits-desqui-nocturn\/#breadcrumb"},"inLanguage":"ca","potentialAction":[{"@type":"ReadAction","target":["https:\/\/www.masella.com\/blog\/ca\/gracies-per-compartir-amb-nosaltres-les-23-nits-desqui-nocturn\/"]}]},{"@type":"BreadcrumbList","@id":"https:\/\/www.masella.com\/blog\/ca\/gracies-per-compartir-amb-nosaltres-les-23-nits-desqui-nocturn\/#breadcrumb","itemListElement":[{"@type":"ListItem","position":1,"name":"Portada","item":"https:\/\/www.masella.com\/blog\/ca\/"},{"@type":"ListItem","position":2,"name":"GR\u00c0CIES PER COMPARTIR AMB NOSALTRES LES 23 NITS D&#8217;ESQU\u00cd NOCTURN"}]},{"@type":"WebSite","@id":"https:\/\/www.masella.com\/blog\/ca\/#website","url":"https:\/\/www.masella.com\/blog\/ca\/","name":"El Blog oficial de Masella","description":"","publisher":{"@id":"https:\/\/www.masella.com\/blog\/ca\/#organization"},"potentialAction":[{"@type":"SearchAction","target":{"@type":"EntryPoint","urlTemplate":"https:\/\/www.masella.com\/blog\/ca\/?s={search_term_string}"},"query-input":"required name=search_term_string"}],"inLanguage":"ca"},{"@type":"Organization","@id":"https:\/\/www.masella.com\/blog\/ca\/#organization","name":"El Blog oficial de Masella","url":"https:\/\/www.masella.com\/blog\/ca\/","logo":{"@type":"ImageObject","inLanguage":"ca","@id":"https:\/\/www.masella.com\/blog\/ca\/#\/schema\/logo\/image\/","url":"https:\/\/www.masella.com\/blog\/wp-content\/uploads\/2022\/12\/cropped-logo-masella-cat.png","contentUrl":"https:\/\/www.masella.com\/blog\/wp-content\/uploads\/2022\/12\/cropped-logo-masella-cat.png","width":150,"height":88,"caption":"El Blog oficial de Masella"},"image":{"@id":"https:\/\/www.masella.com\/blog\/ca\/#\/schema\/logo\/image\/"}},{"@type":"Person","@id":"https:\/\/www.masella.com\/blog\/ca\/#\/schema\/person\/e32b971f5be20790c591d85b8f1c706b","name":"masella","image":{"@type":"ImageObject","inLanguage":"ca","@id":"https:\/\/www.masella.com\/blog\/ca\/#\/schema\/person\/image\/","url":"https:\/\/secure.gravatar.com\/avatar\/57590b1151eaa410a783e55768bbbba2?s=96&d=mm&r=g","contentUrl":"https:\/\/secure.gravatar.com\/avatar\/57590b1151eaa410a783e55768bbbba2?s=96&d=mm&r=g","caption":"masella"},"url":"https:\/\/www.masella.com\/blog\/ca\/author\/anna\/"}]}},"_links":{"self":[{"href":"https:\/\/www.masella.com\/blog\/ca\/wp-json\/wp\/v2\/posts\/4942"}],"collection":[{"href":"https:\/\/www.masella.com\/blog\/ca\/wp-json\/wp\/v2\/posts"}],"about":[{"href":"https:\/\/www.masella.com\/blog\/ca\/wp-json\/wp\/v2\/types\/post"}],"author":[{"embeddable":true,"href":"https:\/\/www.masella.com\/blog\/ca\/wp-json\/wp\/v2\/users\/4"}],"replies":[{"embeddable":true,"href":"https:\/\/www.masella.com\/blog\/ca\/wp-json\/wp\/v2\/comments?post=4942"}],"version-history":[{"count":2,"href":"https:\/\/www.masella.com\/blog\/ca\/wp-json\/wp\/v2\/posts\/4942\/revisions"}],"predecessor-version":[{"id":4952,"href":"https:\/\/www.masella.com\/blog\/ca\/wp-json\/wp\/v2\/posts\/4942\/revisions\/4952"}],"wp:featuredmedia":[{"embeddable":true,"href":"https:\/\/www.masella.com\/blog\/ca\/wp-json\/wp\/v2\/media\/4945"}],"wp:attachment":[{"href":"https:\/\/www.masella.com\/blog\/ca\/wp-json\/wp\/v2\/media?parent=4942"}],"wp:term":[{"taxonomy":"category","embeddable":true,"href":"https:\/\/www.masella.com\/blog\/ca\/wp-json\/wp\/v2\/categories?post=4942"},{"taxonomy":"post_tag","embeddable":true,"href":"https:\/\/www.masella.com\/blog\/ca\/wp-json\/wp\/v2\/tags?post=4942"}],"curies":[{"name":"wp","href":"https:\/\/api.w.org\/{rel}","templated":true}]}}