{"id":5149,"date":"2022-04-28T11:40:04","date_gmt":"2022-04-28T11:40:04","guid":{"rendered":"https:\/\/www.masella.com\/blog\/?p=5149"},"modified":"2022-06-01T06:30:17","modified_gmt":"2022-06-01T06:30:17","slug":"informacio-de-final-de-temporada","status":"publish","type":"post","link":"https:\/\/www.masella.com\/blog\/ca\/informacio-de-final-de-temporada\/","title":{"rendered":"INFORMACI\u00d3 DE FINAL DE TEMPORADA"},"content":{"rendered":"<p>Aquest diumenge, dia 24 d\u2019abril, tanc\u00e0vem l\u2019estaci\u00f3 per finalitzaci\u00f3 de la temporada despr\u00e9s de 5 mesos ininterromputs d\u2019esqu\u00ed i surf de neu. Podeu consultar el balan\u00e7 de la temporada clicant <a href=\"https:\/\/www.masella.com\/blog\/ca\/estacio-tancada-balanc-duna-excel%c2%b7lent-temporada\/\" target=\"_blank\" rel=\"noopener\">AQU\u00cd<\/a><\/p>\n<p>Els millors records d\u2019aquesta temporada excel\u00b7lent els podeu recuperar en format fotogr\u00e0fic clicant <a href=\"https:\/\/www.masella.com\/ca\/fotos\/resum-de-la-temporada-2021-22\" target=\"_blank\" rel=\"noopener\">AQU\u00cd<\/a> o en el Masella TV clicant <a href=\"https:\/\/www.youtube.com\/watch?v=XO3w5bBx17w\" target=\"_blank\" rel=\"noopener\">AQU\u00cd<\/a><\/p>\n<p>I et recordem:<\/p>\n<p><strong>GUARDA\u2019T EL SUPORT DE L\u2019ABONAMENT I\/O FORFET<\/strong><\/p>\n<p>Tant si tens abonament de temporada en qualsevol modalitat, com si tens el forfet recarregable, guarda\u2019t el suport i et servir\u00e0 per recarregar-lo a partir de la tardor de 2022 a <a href=\"http:\/\/www.masella.com\">www.masella.com<\/a>, amb el n\u00famero de s\u00e8rie que porta cada suport.<\/p>\n<p>Aix\u00ed, la temporada vinent, estalvia temps, no facis cues i serem, entre tots, m\u00e9s sostenibles.<\/p>\n<p><a href=\"https:\/\/www.masella.com\/blog\/wp-content\/uploads\/2022\/04\/Blog-AT.jpg\"><img loading=\"lazy\" decoding=\"async\" class=\"size-full wp-image-5150 aligncenter\" src=\"https:\/\/www.masella.com\/blog\/wp-content\/uploads\/2022\/04\/Blog-AT.jpg\" alt=\"\" width=\"1200\" height=\"899\" srcset=\"https:\/\/www.masella.com\/blog\/wp-content\/uploads\/2022\/04\/Blog-AT.jpg 1200w, https:\/\/www.masella.com\/blog\/wp-content\/uploads\/2022\/04\/Blog-AT-300x225.jpg 300w, https:\/\/www.masella.com\/blog\/wp-content\/uploads\/2022\/04\/Blog-AT-1024x767.jpg 1024w, https:\/\/www.masella.com\/blog\/wp-content\/uploads\/2022\/04\/Blog-AT-768x575.jpg 768w\" sizes=\"(max-width: 1200px) 100vw, 1200px\" \/><\/a><\/p>\n<p><strong>REVISA EL MATERIAL I GUARDA\u2019L ADEQUADAMENT<\/strong><\/p>\n<p>\u00c9s el moment de guardar adequadament el material, ja siguin esqu\u00eds o una taula de surf de neu, per\u00f2 abans \u00e9s molt recomanable que te\u2019l revisi un expert. \u00c9s per aix\u00f2 que t\u2019aconsellem que portis el teu material al Servei de Taller de l\u2019estaci\u00f3, ubicat a la planta baixa de l\u2019Abrigall Hostel, al Pla de Masella i els nostres skimans t\u2019assessoraran.<\/p>\n<p>El nostre taller \u00e9s obert els mesos de maig, juny i juliol, de dilluns a dijous de 8 a 16 h. Per contactar amb el taller \u00e9s en els mateixos horaris al tel\u00e8fon 972 144 000 o a l\u2019A\/e: <a href=\"mailto:lloguer@masella.com\">lloguer@masella.com<\/a><\/p>\n<p><a href=\"https:\/\/www.masella.com\/blog\/wp-content\/uploads\/2022\/04\/Blog-Skiman.jpg\"><img loading=\"lazy\" decoding=\"async\" class=\"size-full wp-image-5152 aligncenter\" src=\"https:\/\/www.masella.com\/blog\/wp-content\/uploads\/2022\/04\/Blog-Skiman.jpg\" alt=\"\" width=\"1200\" height=\"900\" srcset=\"https:\/\/www.masella.com\/blog\/wp-content\/uploads\/2022\/04\/Blog-Skiman.jpg 1200w, https:\/\/www.masella.com\/blog\/wp-content\/uploads\/2022\/04\/Blog-Skiman-300x225.jpg 300w, https:\/\/www.masella.com\/blog\/wp-content\/uploads\/2022\/04\/Blog-Skiman-1024x768.jpg 1024w, https:\/\/www.masella.com\/blog\/wp-content\/uploads\/2022\/04\/Blog-Skiman-768x576.jpg 768w\" sizes=\"(max-width: 1200px) 100vw, 1200px\" \/><\/a><\/p>\n<p>&nbsp;<\/p>\n<p><strong>F\u00c9S LA DEVOLUCI\u00d3 DELS ARMARIS GUARDAESQU\u00cdS<\/strong><\/p>\n<p>A tots els esquiadors, amb guardaesqu\u00eds, us recordem que la retirada del material dels armaris cal fer-la fins el 14 de maig. Amb la retirada del material cal fer la devoluci\u00f3 dels dos jocs de claus i us farem el retorn de la fian\u00e7a.<\/p>\n<p>Per facilitar la retirada del material estem cada dia feiner de 8 a 16 h a les Oficines d\u2019Atenci\u00f3 a l\u2019Esquiador del Pla de Masella. I, tamb\u00e9, estarem amb les oficines obertes, els seg\u00fcents dies festius:<\/p>\n<p>Dissabte, dia 30 d\u2019abril, de 11 a 14 h<\/p>\n<p>Dissabte, dia 14 de maig, de 11 a 14 h<\/p>\n<p>En cas de voler contractar el guardaesqu\u00eds d\u2019estiu contacta amb nosaltres, abans del 14 de maig, a l\u2019A\/e: <a href=\"mailto:grups@masella.com\">grups@masella.com<\/a><\/p>\n<p><a href=\"https:\/\/www.masella.com\/blog\/wp-content\/uploads\/2022\/04\/Blog-Guardaesquis.jpg\"><img loading=\"lazy\" decoding=\"async\" class=\"size-full wp-image-5154 aligncenter\" src=\"https:\/\/www.masella.com\/blog\/wp-content\/uploads\/2022\/04\/Blog-Guardaesquis.jpg\" alt=\"\" width=\"1200\" height=\"900\" srcset=\"https:\/\/www.masella.com\/blog\/wp-content\/uploads\/2022\/04\/Blog-Guardaesquis.jpg 1200w, https:\/\/www.masella.com\/blog\/wp-content\/uploads\/2022\/04\/Blog-Guardaesquis-300x225.jpg 300w, https:\/\/www.masella.com\/blog\/wp-content\/uploads\/2022\/04\/Blog-Guardaesquis-1024x768.jpg 1024w, https:\/\/www.masella.com\/blog\/wp-content\/uploads\/2022\/04\/Blog-Guardaesquis-768x576.jpg 768w\" sizes=\"(max-width: 1200px) 100vw, 1200px\" \/><\/a><\/p>\n<p>&nbsp;<\/p>\n","protected":false},"excerpt":{"rendered":"<p>Aquest diumenge, dia 24 d\u2019abril, tanc\u00e0vem l\u2019estaci\u00f3 per finalitzaci\u00f3 de la temporada despr\u00e9s de 5 mesos ininterromputs d\u2019esqu\u00ed i surf<\/p>\n","protected":false},"author":4,"featured_media":5156,"comment_status":"closed","ping_status":"open","sticky":false,"template":"","format":"standard","meta":{"footnotes":""},"categories":[21],"tags":[],"yoast_head":"<!-- This site is optimized with the Yoast SEO plugin v21.5 - https:\/\/yoast.com\/wordpress\/plugins\/seo\/ -->\n<title>INFORMACI\u00d3 DE FINAL DE TEMPORADA - El Blog oficial de Masella<\/title>\n<meta name=\"robots\" content=\"index, follow, max-snippet:-1, max-image-preview:large, max-video-preview:-1\" \/>\n<link rel=\"canonical\" href=\"https:\/\/www.masella.com\/blog\/ca\/informacio-de-final-de-temporada\/\" \/>\n<meta property=\"og:locale\" content=\"ca_ES\" \/>\n<meta property=\"og:type\" content=\"article\" \/>\n<meta property=\"og:title\" content=\"INFORMACI\u00d3 DE FINAL DE TEMPORADA - El Blog oficial de Masella\" \/>\n<meta property=\"og:description\" content=\"Aquest diumenge, dia 24 d\u2019abril, tanc\u00e0vem l\u2019estaci\u00f3 per finalitzaci\u00f3 de la temporada despr\u00e9s de 5 mesos ininterromputs d\u2019esqu\u00ed i surf\" \/>\n<meta property=\"og:url\" content=\"https:\/\/www.masella.com\/blog\/ca\/informacio-de-final-de-temporada\/\" \/>\n<meta property=\"og:site_name\" content=\"El Blog oficial de Masella\" \/>\n<meta property=\"article:published_time\" content=\"2022-04-28T11:40:04+00:00\" \/>\n<meta property=\"article:modified_time\" content=\"2022-06-01T06:30:17+00:00\" \/>\n<meta property=\"og:image\" content=\"https:\/\/www.masella.com\/blog\/wp-content\/uploads\/2022\/04\/Portada.jpg\" \/>\n\t<meta property=\"og:image:width\" content=\"800\" \/>\n\t<meta property=\"og:image:height\" content=\"445\" \/>\n\t<meta property=\"og:image:type\" content=\"image\/jpeg\" \/>\n<meta name=\"author\" content=\"masella\" \/>\n<meta name=\"twitter:card\" content=\"summary_large_image\" \/>\n<meta name=\"twitter:label1\" content=\"Escrit per\" \/>\n\t<meta name=\"twitter:data1\" content=\"masella\" \/>\n\t<meta name=\"twitter:label2\" content=\"Temps estimat de lectura\" \/>\n\t<meta name=\"twitter:data2\" content=\"3 minuts\" \/>\n<script type=\"application\/ld+json\" class=\"yoast-schema-graph\">{\"@context\":\"https:\/\/schema.org\",\"@graph\":[{\"@type\":\"Article\",\"@id\":\"https:\/\/www.masella.com\/blog\/ca\/informacio-de-final-de-temporada\/#article\",\"isPartOf\":{\"@id\":\"https:\/\/www.masella.com\/blog\/ca\/informacio-de-final-de-temporada\/\"},\"author\":{\"name\":\"masella\",\"@id\":\"https:\/\/www.masella.com\/blog\/ca\/#\/schema\/person\/e32b971f5be20790c591d85b8f1c706b\"},\"headline\":\"INFORMACI\u00d3 DE FINAL DE TEMPORADA\",\"datePublished\":\"2022-04-28T11:40:04+00:00\",\"dateModified\":\"2022-06-01T06:30:17+00:00\",\"mainEntityOfPage\":{\"@id\":\"https:\/\/www.masella.com\/blog\/ca\/informacio-de-final-de-temporada\/\"},\"wordCount\":381,\"publisher\":{\"@id\":\"https:\/\/www.masella.com\/blog\/ca\/#organization\"},\"articleSection\":[\"Actualitat\"],\"inLanguage\":\"ca\"},{\"@type\":\"WebPage\",\"@id\":\"https:\/\/www.masella.com\/blog\/ca\/informacio-de-final-de-temporada\/\",\"url\":\"https:\/\/www.masella.com\/blog\/ca\/informacio-de-final-de-temporada\/\",\"name\":\"INFORMACI\u00d3 DE FINAL DE TEMPORADA - El Blog oficial de Masella\",\"isPartOf\":{\"@id\":\"https:\/\/www.masella.com\/blog\/ca\/#website\"},\"datePublished\":\"2022-04-28T11:40:04+00:00\",\"dateModified\":\"2022-06-01T06:30:17+00:00\",\"breadcrumb\":{\"@id\":\"https:\/\/www.masella.com\/blog\/ca\/informacio-de-final-de-temporada\/#breadcrumb\"},\"inLanguage\":\"ca\",\"potentialAction\":[{\"@type\":\"ReadAction\",\"target\":[\"https:\/\/www.masella.com\/blog\/ca\/informacio-de-final-de-temporada\/\"]}]},{\"@type\":\"BreadcrumbList\",\"@id\":\"https:\/\/www.masella.com\/blog\/ca\/informacio-de-final-de-temporada\/#breadcrumb\",\"itemListElement\":[{\"@type\":\"ListItem\",\"position\":1,\"name\":\"Portada\",\"item\":\"https:\/\/www.masella.com\/blog\/ca\/\"},{\"@type\":\"ListItem\",\"position\":2,\"name\":\"INFORMACI\u00d3 DE FINAL DE TEMPORADA\"}]},{\"@type\":\"WebSite\",\"@id\":\"https:\/\/www.masella.com\/blog\/ca\/#website\",\"url\":\"https:\/\/www.masella.com\/blog\/ca\/\",\"name\":\"El Blog oficial de Masella\",\"description\":\"\",\"publisher\":{\"@id\":\"https:\/\/www.masella.com\/blog\/ca\/#organization\"},\"potentialAction\":[{\"@type\":\"SearchAction\",\"target\":{\"@type\":\"EntryPoint\",\"urlTemplate\":\"https:\/\/www.masella.com\/blog\/ca\/?s={search_term_string}\"},\"query-input\":\"required name=search_term_string\"}],\"inLanguage\":\"ca\"},{\"@type\":\"Organization\",\"@id\":\"https:\/\/www.masella.com\/blog\/ca\/#organization\",\"name\":\"El Blog oficial de Masella\",\"url\":\"https:\/\/www.masella.com\/blog\/ca\/\",\"logo\":{\"@type\":\"ImageObject\",\"inLanguage\":\"ca\",\"@id\":\"https:\/\/www.masella.com\/blog\/ca\/#\/schema\/logo\/image\/\",\"url\":\"https:\/\/www.masella.com\/blog\/wp-content\/uploads\/2022\/12\/cropped-logo-masella-cat.png\",\"contentUrl\":\"https:\/\/www.masella.com\/blog\/wp-content\/uploads\/2022\/12\/cropped-logo-masella-cat.png\",\"width\":150,\"height\":88,\"caption\":\"El Blog oficial de Masella\"},\"image\":{\"@id\":\"https:\/\/www.masella.com\/blog\/ca\/#\/schema\/logo\/image\/\"}},{\"@type\":\"Person\",\"@id\":\"https:\/\/www.masella.com\/blog\/ca\/#\/schema\/person\/e32b971f5be20790c591d85b8f1c706b\",\"name\":\"masella\",\"image\":{\"@type\":\"ImageObject\",\"inLanguage\":\"ca\",\"@id\":\"https:\/\/www.masella.com\/blog\/ca\/#\/schema\/person\/image\/\",\"url\":\"https:\/\/secure.gravatar.com\/avatar\/57590b1151eaa410a783e55768bbbba2?s=96&d=mm&r=g\",\"contentUrl\":\"https:\/\/secure.gravatar.com\/avatar\/57590b1151eaa410a783e55768bbbba2?s=96&d=mm&r=g\",\"caption\":\"masella\"},\"url\":\"https:\/\/www.masella.com\/blog\/ca\/author\/anna\/\"}]}<\/script>\n<!-- \/ Yoast SEO plugin. -->","yoast_head_json":{"title":"INFORMACI\u00d3 DE FINAL DE TEMPORADA - El Blog oficial de Masella","robots":{"index":"index","follow":"follow","max-snippet":"max-snippet:-1","max-image-preview":"max-image-preview:large","max-video-preview":"max-video-preview:-1"},"canonical":"https:\/\/www.masella.com\/blog\/ca\/informacio-de-final-de-temporada\/","og_locale":"ca_ES","og_type":"article","og_title":"INFORMACI\u00d3 DE FINAL DE TEMPORADA - El Blog oficial de Masella","og_description":"Aquest diumenge, dia 24 d\u2019abril, tanc\u00e0vem l\u2019estaci\u00f3 per finalitzaci\u00f3 de la temporada despr\u00e9s de 5 mesos ininterromputs d\u2019esqu\u00ed i surf","og_url":"https:\/\/www.masella.com\/blog\/ca\/informacio-de-final-de-temporada\/","og_site_name":"El Blog oficial de Masella","article_published_time":"2022-04-28T11:40:04+00:00","article_modified_time":"2022-06-01T06:30:17+00:00","og_image":[{"width":800,"height":445,"url":"https:\/\/www.masella.com\/blog\/wp-content\/uploads\/2022\/04\/Portada.jpg","type":"image\/jpeg"}],"author":"masella","twitter_card":"summary_large_image","twitter_misc":{"Escrit per":"masella","Temps estimat de lectura":"3 minuts"},"schema":{"@context":"https:\/\/schema.org","@graph":[{"@type":"Article","@id":"https:\/\/www.masella.com\/blog\/ca\/informacio-de-final-de-temporada\/#article","isPartOf":{"@id":"https:\/\/www.masella.com\/blog\/ca\/informacio-de-final-de-temporada\/"},"author":{"name":"masella","@id":"https:\/\/www.masella.com\/blog\/ca\/#\/schema\/person\/e32b971f5be20790c591d85b8f1c706b"},"headline":"INFORMACI\u00d3 DE FINAL DE TEMPORADA","datePublished":"2022-04-28T11:40:04+00:00","dateModified":"2022-06-01T06:30:17+00:00","mainEntityOfPage":{"@id":"https:\/\/www.masella.com\/blog\/ca\/informacio-de-final-de-temporada\/"},"wordCount":381,"publisher":{"@id":"https:\/\/www.masella.com\/blog\/ca\/#organization"},"articleSection":["Actualitat"],"inLanguage":"ca"},{"@type":"WebPage","@id":"https:\/\/www.masella.com\/blog\/ca\/informacio-de-final-de-temporada\/","url":"https:\/\/www.masella.com\/blog\/ca\/informacio-de-final-de-temporada\/","name":"INFORMACI\u00d3 DE FINAL DE TEMPORADA - El Blog oficial de Masella","isPartOf":{"@id":"https:\/\/www.masella.com\/blog\/ca\/#website"},"datePublished":"2022-04-28T11:40:04+00:00","dateModified":"2022-06-01T06:30:17+00:00","breadcrumb":{"@id":"https:\/\/www.masella.com\/blog\/ca\/informacio-de-final-de-temporada\/#breadcrumb"},"inLanguage":"ca","potentialAction":[{"@type":"ReadAction","target":["https:\/\/www.masella.com\/blog\/ca\/informacio-de-final-de-temporada\/"]}]},{"@type":"BreadcrumbList","@id":"https:\/\/www.masella.com\/blog\/ca\/informacio-de-final-de-temporada\/#breadcrumb","itemListElement":[{"@type":"ListItem","position":1,"name":"Portada","item":"https:\/\/www.masella.com\/blog\/ca\/"},{"@type":"ListItem","position":2,"name":"INFORMACI\u00d3 DE FINAL DE TEMPORADA"}]},{"@type":"WebSite","@id":"https:\/\/www.masella.com\/blog\/ca\/#website","url":"https:\/\/www.masella.com\/blog\/ca\/","name":"El Blog oficial de Masella","description":"","publisher":{"@id":"https:\/\/www.masella.com\/blog\/ca\/#organization"},"potentialAction":[{"@type":"SearchAction","target":{"@type":"EntryPoint","urlTemplate":"https:\/\/www.masella.com\/blog\/ca\/?s={search_term_string}"},"query-input":"required name=search_term_string"}],"inLanguage":"ca"},{"@type":"Organization","@id":"https:\/\/www.masella.com\/blog\/ca\/#organization","name":"El Blog oficial de Masella","url":"https:\/\/www.masella.com\/blog\/ca\/","logo":{"@type":"ImageObject","inLanguage":"ca","@id":"https:\/\/www.masella.com\/blog\/ca\/#\/schema\/logo\/image\/","url":"https:\/\/www.masella.com\/blog\/wp-content\/uploads\/2022\/12\/cropped-logo-masella-cat.png","contentUrl":"https:\/\/www.masella.com\/blog\/wp-content\/uploads\/2022\/12\/cropped-logo-masella-cat.png","width":150,"height":88,"caption":"El Blog oficial de Masella"},"image":{"@id":"https:\/\/www.masella.com\/blog\/ca\/#\/schema\/logo\/image\/"}},{"@type":"Person","@id":"https:\/\/www.masella.com\/blog\/ca\/#\/schema\/person\/e32b971f5be20790c591d85b8f1c706b","name":"masella","image":{"@type":"ImageObject","inLanguage":"ca","@id":"https:\/\/www.masella.com\/blog\/ca\/#\/schema\/person\/image\/","url":"https:\/\/secure.gravatar.com\/avatar\/57590b1151eaa410a783e55768bbbba2?s=96&d=mm&r=g","contentUrl":"https:\/\/secure.gravatar.com\/avatar\/57590b1151eaa410a783e55768bbbba2?s=96&d=mm&r=g","caption":"masella"},"url":"https:\/\/www.masella.com\/blog\/ca\/author\/anna\/"}]}},"_links":{"self":[{"href":"https:\/\/www.masella.com\/blog\/ca\/wp-json\/wp\/v2\/posts\/5149"}],"collection":[{"href":"https:\/\/www.masella.com\/blog\/ca\/wp-json\/wp\/v2\/posts"}],"about":[{"href":"https:\/\/www.masella.com\/blog\/ca\/wp-json\/wp\/v2\/types\/post"}],"author":[{"embeddable":true,"href":"https:\/\/www.masella.com\/blog\/ca\/wp-json\/wp\/v2\/users\/4"}],"replies":[{"embeddable":true,"href":"https:\/\/www.masella.com\/blog\/ca\/wp-json\/wp\/v2\/comments?post=5149"}],"version-history":[{"count":3,"href":"https:\/\/www.masella.com\/blog\/ca\/wp-json\/wp\/v2\/posts\/5149\/revisions"}],"predecessor-version":[{"id":5160,"href":"https:\/\/www.masella.com\/blog\/ca\/wp-json\/wp\/v2\/posts\/5149\/revisions\/5160"}],"wp:featuredmedia":[{"embeddable":true,"href":"https:\/\/www.masella.com\/blog\/ca\/wp-json\/wp\/v2\/media\/5156"}],"wp:attachment":[{"href":"https:\/\/www.masella.com\/blog\/ca\/wp-json\/wp\/v2\/media?parent=5149"}],"wp:term":[{"taxonomy":"category","embeddable":true,"href":"https:\/\/www.masella.com\/blog\/ca\/wp-json\/wp\/v2\/categories?post=5149"},{"taxonomy":"post_tag","embeddable":true,"href":"https:\/\/www.masella.com\/blog\/ca\/wp-json\/wp\/v2\/tags?post=5149"}],"curies":[{"name":"wp","href":"https:\/\/api.w.org\/{rel}","templated":true}]}}