{"id":5965,"date":"2022-11-30T16:59:01","date_gmt":"2022-11-30T16:59:01","guid":{"rendered":"https:\/\/www.masella.com\/blog\/?p=5965"},"modified":"2022-12-01T09:05:42","modified_gmt":"2022-12-01T09:05:42","slug":"inaugurarem-la-temporada-el-2-de-desembre","status":"publish","type":"post","link":"https:\/\/www.masella.com\/blog\/ca\/inaugurarem-la-temporada-el-2-de-desembre\/","title":{"rendered":"INAUGUREM LA TEMPORADA EL DIVENDRES DIA 2 DE DESEMBRE"},"content":{"rendered":"<p><u>A Masella inaugurarem la temporada 2022-23 aquest divendres, dia 2 de desembre. <\/u>Les darreres nevades, el fred i els treballs a pistes <u>ens permeten obrir amb bones condicions.<\/u><\/p>\n<p><a href=\"https:\/\/www.masella.com\/blog\/wp-content\/uploads\/2022\/11\/20221130-1.jpg\"><img loading=\"lazy\" decoding=\"async\" class=\"size-large wp-image-5978 aligncenter\" src=\"https:\/\/www.masella.com\/blog\/wp-content\/uploads\/2022\/11\/20221130-1-1024x768.jpg\" alt=\"\" width=\"800\" height=\"600\" srcset=\"https:\/\/www.masella.com\/blog\/wp-content\/uploads\/2022\/11\/20221130-1-1024x768.jpg 1024w, https:\/\/www.masella.com\/blog\/wp-content\/uploads\/2022\/11\/20221130-1-300x225.jpg 300w, https:\/\/www.masella.com\/blog\/wp-content\/uploads\/2022\/11\/20221130-1-768x576.jpg 768w, https:\/\/www.masella.com\/blog\/wp-content\/uploads\/2022\/11\/20221130-1-1536x1152.jpg 1536w, https:\/\/www.masella.com\/blog\/wp-content\/uploads\/2022\/11\/20221130-1.jpg 2000w\" sizes=\"(max-width: 800px) 100vw, 800px\" \/><\/a><\/p>\n<p><u>L\u2019obertura prevista en xifres: <\/u><\/p>\n<ul>\n<li>Pistes: <u>17 pistes que sumen 32 km esquiables<\/u><\/li>\n<li>Sectors oberts: 7<u>\u00a0sectors<\/u> (Pla de Masella, Bosc d\u2019Alp, Cap del Bosc, Coma Oriola, Coma Pregona, La Pleta i la Tosa)<\/li>\n<li>Remuntadors oberts: 9<u>,<\/u> entre els quals <u>els telecadires de Coma Oriola, Jumbo Tosa i <\/u><u>Masella Jet. Y el TGV a partir de dissabte<\/u><\/li>\n<li><u>100% del desnivell esquiable obert, amb 935 m<\/u> (des de la Tosa-2535 m al Pla de Masella-1600m)<\/li>\n<li>Acc\u00e9s a pistes: <u>Per Coma Oriola-1950 m<\/u> i <u>Pla de Masella-1600 m<\/u><\/li>\n<li><u>L\u2019estaci\u00f3 romandr\u00e0 ja oberta ininterrompudament (inclosos dies feiners)<\/u><\/li>\n<\/ul>\n<p>Ara continuem <u>treballant per obrir el m\u00e0xim n\u00famero de pistes i remuntadors de forma progressiva de cara el Pont de la Pur\u00edssima, amb bones perspectives pels esquiadors tant pel n\u00famero de dies de pont com per la previsi\u00f3 de fred i temps estable que venen pels propers dies.<\/u><\/p>\n<p><a href=\"https:\/\/www.masella.com\/blog\/wp-content\/uploads\/2022\/11\/20221122.-Ts.-Coma-Oriola.jpg.jpg\"><img loading=\"lazy\" decoding=\"async\" class=\"size-large wp-image-5968 aligncenter\" src=\"https:\/\/www.masella.com\/blog\/wp-content\/uploads\/2022\/11\/20221122.-Ts.-Coma-Oriola.jpg-1024x768.jpg\" alt=\"\" width=\"800\" height=\"600\" srcset=\"https:\/\/www.masella.com\/blog\/wp-content\/uploads\/2022\/11\/20221122.-Ts.-Coma-Oriola.jpg-1024x768.jpg 1024w, https:\/\/www.masella.com\/blog\/wp-content\/uploads\/2022\/11\/20221122.-Ts.-Coma-Oriola.jpg-300x225.jpg 300w, https:\/\/www.masella.com\/blog\/wp-content\/uploads\/2022\/11\/20221122.-Ts.-Coma-Oriola.jpg-768x576.jpg 768w, https:\/\/www.masella.com\/blog\/wp-content\/uploads\/2022\/11\/20221122.-Ts.-Coma-Oriola.jpg-1536x1152.jpg 1536w, https:\/\/www.masella.com\/blog\/wp-content\/uploads\/2022\/11\/20221122.-Ts.-Coma-Oriola.jpg.jpg 2000w\" sizes=\"(max-width: 800px) 100vw, 800px\" \/><\/a><\/p>\n","protected":false},"excerpt":{"rendered":"<p>A Masella inaugurarem la temporada 2022-23 aquest divendres, dia 2 de desembre. Les darreres nevades, el fred i els treballs<\/p>\n","protected":false},"author":4,"featured_media":5970,"comment_status":"open","ping_status":"open","sticky":false,"template":"","format":"standard","meta":{"footnotes":""},"categories":[21],"tags":[],"yoast_head":"<!-- This site is optimized with the Yoast SEO plugin v21.5 - https:\/\/yoast.com\/wordpress\/plugins\/seo\/ -->\n<title>INAUGUREM LA TEMPORADA EL DIVENDRES DIA 2 DE DESEMBRE - El Blog oficial de Masella<\/title>\n<meta name=\"robots\" content=\"index, follow, max-snippet:-1, max-image-preview:large, max-video-preview:-1\" \/>\n<link rel=\"canonical\" href=\"https:\/\/www.masella.com\/blog\/ca\/inaugurarem-la-temporada-el-2-de-desembre\/\" \/>\n<meta property=\"og:locale\" content=\"ca_ES\" \/>\n<meta property=\"og:type\" content=\"article\" \/>\n<meta property=\"og:title\" content=\"INAUGUREM LA TEMPORADA EL DIVENDRES DIA 2 DE DESEMBRE - El Blog oficial de Masella\" \/>\n<meta property=\"og:description\" content=\"A Masella inaugurarem la temporada 2022-23 aquest divendres, dia 2 de desembre. Les darreres nevades, el fred i els treballs\" \/>\n<meta property=\"og:url\" content=\"https:\/\/www.masella.com\/blog\/ca\/inaugurarem-la-temporada-el-2-de-desembre\/\" \/>\n<meta property=\"og:site_name\" content=\"El Blog oficial de Masella\" \/>\n<meta property=\"article:published_time\" content=\"2022-11-30T16:59:01+00:00\" \/>\n<meta property=\"article:modified_time\" content=\"2022-12-01T09:05:42+00:00\" \/>\n<meta property=\"og:image\" content=\"https:\/\/www.masella.com\/blog\/wp-content\/uploads\/2022\/11\/20221122-Cap-del-Bosc.jpg\" \/>\n\t<meta property=\"og:image:width\" content=\"2000\" \/>\n\t<meta property=\"og:image:height\" content=\"1500\" \/>\n\t<meta property=\"og:image:type\" content=\"image\/jpeg\" \/>\n<meta name=\"author\" content=\"masella\" \/>\n<meta name=\"twitter:card\" content=\"summary_large_image\" \/>\n<meta name=\"twitter:label1\" content=\"Escrit per\" \/>\n\t<meta name=\"twitter:data1\" content=\"masella\" \/>\n\t<meta name=\"twitter:label2\" content=\"Temps estimat de lectura\" \/>\n\t<meta name=\"twitter:data2\" content=\"2 minuts\" \/>\n<script type=\"application\/ld+json\" class=\"yoast-schema-graph\">{\"@context\":\"https:\/\/schema.org\",\"@graph\":[{\"@type\":\"Article\",\"@id\":\"https:\/\/www.masella.com\/blog\/ca\/inaugurarem-la-temporada-el-2-de-desembre\/#article\",\"isPartOf\":{\"@id\":\"https:\/\/www.masella.com\/blog\/ca\/inaugurarem-la-temporada-el-2-de-desembre\/\"},\"author\":{\"name\":\"masella\",\"@id\":\"https:\/\/www.masella.com\/blog\/ca\/#\/schema\/person\/e32b971f5be20790c591d85b8f1c706b\"},\"headline\":\"INAUGUREM LA TEMPORADA EL DIVENDRES DIA 2 DE DESEMBRE\",\"datePublished\":\"2022-11-30T16:59:01+00:00\",\"dateModified\":\"2022-12-01T09:05:42+00:00\",\"mainEntityOfPage\":{\"@id\":\"https:\/\/www.masella.com\/blog\/ca\/inaugurarem-la-temporada-el-2-de-desembre\/\"},\"wordCount\":179,\"commentCount\":0,\"publisher\":{\"@id\":\"https:\/\/www.masella.com\/blog\/ca\/#organization\"},\"articleSection\":[\"Actualitat\"],\"inLanguage\":\"ca\",\"potentialAction\":[{\"@type\":\"CommentAction\",\"name\":\"Comment\",\"target\":[\"https:\/\/www.masella.com\/blog\/ca\/inaugurarem-la-temporada-el-2-de-desembre\/#respond\"]}]},{\"@type\":\"WebPage\",\"@id\":\"https:\/\/www.masella.com\/blog\/ca\/inaugurarem-la-temporada-el-2-de-desembre\/\",\"url\":\"https:\/\/www.masella.com\/blog\/ca\/inaugurarem-la-temporada-el-2-de-desembre\/\",\"name\":\"INAUGUREM LA TEMPORADA EL DIVENDRES DIA 2 DE DESEMBRE - El Blog oficial de Masella\",\"isPartOf\":{\"@id\":\"https:\/\/www.masella.com\/blog\/ca\/#website\"},\"datePublished\":\"2022-11-30T16:59:01+00:00\",\"dateModified\":\"2022-12-01T09:05:42+00:00\",\"breadcrumb\":{\"@id\":\"https:\/\/www.masella.com\/blog\/ca\/inaugurarem-la-temporada-el-2-de-desembre\/#breadcrumb\"},\"inLanguage\":\"ca\",\"potentialAction\":[{\"@type\":\"ReadAction\",\"target\":[\"https:\/\/www.masella.com\/blog\/ca\/inaugurarem-la-temporada-el-2-de-desembre\/\"]}]},{\"@type\":\"BreadcrumbList\",\"@id\":\"https:\/\/www.masella.com\/blog\/ca\/inaugurarem-la-temporada-el-2-de-desembre\/#breadcrumb\",\"itemListElement\":[{\"@type\":\"ListItem\",\"position\":1,\"name\":\"Portada\",\"item\":\"https:\/\/www.masella.com\/blog\/ca\/\"},{\"@type\":\"ListItem\",\"position\":2,\"name\":\"INAUGUREM LA TEMPORADA EL DIVENDRES DIA 2 DE DESEMBRE\"}]},{\"@type\":\"WebSite\",\"@id\":\"https:\/\/www.masella.com\/blog\/ca\/#website\",\"url\":\"https:\/\/www.masella.com\/blog\/ca\/\",\"name\":\"El Blog oficial de Masella\",\"description\":\"\",\"publisher\":{\"@id\":\"https:\/\/www.masella.com\/blog\/ca\/#organization\"},\"potentialAction\":[{\"@type\":\"SearchAction\",\"target\":{\"@type\":\"EntryPoint\",\"urlTemplate\":\"https:\/\/www.masella.com\/blog\/ca\/?s={search_term_string}\"},\"query-input\":\"required name=search_term_string\"}],\"inLanguage\":\"ca\"},{\"@type\":\"Organization\",\"@id\":\"https:\/\/www.masella.com\/blog\/ca\/#organization\",\"name\":\"El Blog oficial de Masella\",\"url\":\"https:\/\/www.masella.com\/blog\/ca\/\",\"logo\":{\"@type\":\"ImageObject\",\"inLanguage\":\"ca\",\"@id\":\"https:\/\/www.masella.com\/blog\/ca\/#\/schema\/logo\/image\/\",\"url\":\"https:\/\/www.masella.com\/blog\/wp-content\/uploads\/2022\/12\/cropped-logo-masella-cat.png\",\"contentUrl\":\"https:\/\/www.masella.com\/blog\/wp-content\/uploads\/2022\/12\/cropped-logo-masella-cat.png\",\"width\":150,\"height\":88,\"caption\":\"El Blog oficial de Masella\"},\"image\":{\"@id\":\"https:\/\/www.masella.com\/blog\/ca\/#\/schema\/logo\/image\/\"}},{\"@type\":\"Person\",\"@id\":\"https:\/\/www.masella.com\/blog\/ca\/#\/schema\/person\/e32b971f5be20790c591d85b8f1c706b\",\"name\":\"masella\",\"image\":{\"@type\":\"ImageObject\",\"inLanguage\":\"ca\",\"@id\":\"https:\/\/www.masella.com\/blog\/ca\/#\/schema\/person\/image\/\",\"url\":\"https:\/\/secure.gravatar.com\/avatar\/57590b1151eaa410a783e55768bbbba2?s=96&d=mm&r=g\",\"contentUrl\":\"https:\/\/secure.gravatar.com\/avatar\/57590b1151eaa410a783e55768bbbba2?s=96&d=mm&r=g\",\"caption\":\"masella\"},\"url\":\"https:\/\/www.masella.com\/blog\/ca\/author\/anna\/\"}]}<\/script>\n<!-- \/ Yoast SEO plugin. -->","yoast_head_json":{"title":"INAUGUREM LA TEMPORADA EL DIVENDRES DIA 2 DE DESEMBRE - El Blog oficial de Masella","robots":{"index":"index","follow":"follow","max-snippet":"max-snippet:-1","max-image-preview":"max-image-preview:large","max-video-preview":"max-video-preview:-1"},"canonical":"https:\/\/www.masella.com\/blog\/ca\/inaugurarem-la-temporada-el-2-de-desembre\/","og_locale":"ca_ES","og_type":"article","og_title":"INAUGUREM LA TEMPORADA EL DIVENDRES DIA 2 DE DESEMBRE - El Blog oficial de Masella","og_description":"A Masella inaugurarem la temporada 2022-23 aquest divendres, dia 2 de desembre. Les darreres nevades, el fred i els treballs","og_url":"https:\/\/www.masella.com\/blog\/ca\/inaugurarem-la-temporada-el-2-de-desembre\/","og_site_name":"El Blog oficial de Masella","article_published_time":"2022-11-30T16:59:01+00:00","article_modified_time":"2022-12-01T09:05:42+00:00","og_image":[{"width":2000,"height":1500,"url":"https:\/\/www.masella.com\/blog\/wp-content\/uploads\/2022\/11\/20221122-Cap-del-Bosc.jpg","type":"image\/jpeg"}],"author":"masella","twitter_card":"summary_large_image","twitter_misc":{"Escrit per":"masella","Temps estimat de lectura":"2 minuts"},"schema":{"@context":"https:\/\/schema.org","@graph":[{"@type":"Article","@id":"https:\/\/www.masella.com\/blog\/ca\/inaugurarem-la-temporada-el-2-de-desembre\/#article","isPartOf":{"@id":"https:\/\/www.masella.com\/blog\/ca\/inaugurarem-la-temporada-el-2-de-desembre\/"},"author":{"name":"masella","@id":"https:\/\/www.masella.com\/blog\/ca\/#\/schema\/person\/e32b971f5be20790c591d85b8f1c706b"},"headline":"INAUGUREM LA TEMPORADA EL DIVENDRES DIA 2 DE DESEMBRE","datePublished":"2022-11-30T16:59:01+00:00","dateModified":"2022-12-01T09:05:42+00:00","mainEntityOfPage":{"@id":"https:\/\/www.masella.com\/blog\/ca\/inaugurarem-la-temporada-el-2-de-desembre\/"},"wordCount":179,"commentCount":0,"publisher":{"@id":"https:\/\/www.masella.com\/blog\/ca\/#organization"},"articleSection":["Actualitat"],"inLanguage":"ca","potentialAction":[{"@type":"CommentAction","name":"Comment","target":["https:\/\/www.masella.com\/blog\/ca\/inaugurarem-la-temporada-el-2-de-desembre\/#respond"]}]},{"@type":"WebPage","@id":"https:\/\/www.masella.com\/blog\/ca\/inaugurarem-la-temporada-el-2-de-desembre\/","url":"https:\/\/www.masella.com\/blog\/ca\/inaugurarem-la-temporada-el-2-de-desembre\/","name":"INAUGUREM LA TEMPORADA EL DIVENDRES DIA 2 DE DESEMBRE - El Blog oficial de Masella","isPartOf":{"@id":"https:\/\/www.masella.com\/blog\/ca\/#website"},"datePublished":"2022-11-30T16:59:01+00:00","dateModified":"2022-12-01T09:05:42+00:00","breadcrumb":{"@id":"https:\/\/www.masella.com\/blog\/ca\/inaugurarem-la-temporada-el-2-de-desembre\/#breadcrumb"},"inLanguage":"ca","potentialAction":[{"@type":"ReadAction","target":["https:\/\/www.masella.com\/blog\/ca\/inaugurarem-la-temporada-el-2-de-desembre\/"]}]},{"@type":"BreadcrumbList","@id":"https:\/\/www.masella.com\/blog\/ca\/inaugurarem-la-temporada-el-2-de-desembre\/#breadcrumb","itemListElement":[{"@type":"ListItem","position":1,"name":"Portada","item":"https:\/\/www.masella.com\/blog\/ca\/"},{"@type":"ListItem","position":2,"name":"INAUGUREM LA TEMPORADA EL DIVENDRES DIA 2 DE DESEMBRE"}]},{"@type":"WebSite","@id":"https:\/\/www.masella.com\/blog\/ca\/#website","url":"https:\/\/www.masella.com\/blog\/ca\/","name":"El Blog oficial de Masella","description":"","publisher":{"@id":"https:\/\/www.masella.com\/blog\/ca\/#organization"},"potentialAction":[{"@type":"SearchAction","target":{"@type":"EntryPoint","urlTemplate":"https:\/\/www.masella.com\/blog\/ca\/?s={search_term_string}"},"query-input":"required name=search_term_string"}],"inLanguage":"ca"},{"@type":"Organization","@id":"https:\/\/www.masella.com\/blog\/ca\/#organization","name":"El Blog oficial de Masella","url":"https:\/\/www.masella.com\/blog\/ca\/","logo":{"@type":"ImageObject","inLanguage":"ca","@id":"https:\/\/www.masella.com\/blog\/ca\/#\/schema\/logo\/image\/","url":"https:\/\/www.masella.com\/blog\/wp-content\/uploads\/2022\/12\/cropped-logo-masella-cat.png","contentUrl":"https:\/\/www.masella.com\/blog\/wp-content\/uploads\/2022\/12\/cropped-logo-masella-cat.png","width":150,"height":88,"caption":"El Blog oficial de Masella"},"image":{"@id":"https:\/\/www.masella.com\/blog\/ca\/#\/schema\/logo\/image\/"}},{"@type":"Person","@id":"https:\/\/www.masella.com\/blog\/ca\/#\/schema\/person\/e32b971f5be20790c591d85b8f1c706b","name":"masella","image":{"@type":"ImageObject","inLanguage":"ca","@id":"https:\/\/www.masella.com\/blog\/ca\/#\/schema\/person\/image\/","url":"https:\/\/secure.gravatar.com\/avatar\/57590b1151eaa410a783e55768bbbba2?s=96&d=mm&r=g","contentUrl":"https:\/\/secure.gravatar.com\/avatar\/57590b1151eaa410a783e55768bbbba2?s=96&d=mm&r=g","caption":"masella"},"url":"https:\/\/www.masella.com\/blog\/ca\/author\/anna\/"}]}},"_links":{"self":[{"href":"https:\/\/www.masella.com\/blog\/ca\/wp-json\/wp\/v2\/posts\/5965"}],"collection":[{"href":"https:\/\/www.masella.com\/blog\/ca\/wp-json\/wp\/v2\/posts"}],"about":[{"href":"https:\/\/www.masella.com\/blog\/ca\/wp-json\/wp\/v2\/types\/post"}],"author":[{"embeddable":true,"href":"https:\/\/www.masella.com\/blog\/ca\/wp-json\/wp\/v2\/users\/4"}],"replies":[{"embeddable":true,"href":"https:\/\/www.masella.com\/blog\/ca\/wp-json\/wp\/v2\/comments?post=5965"}],"version-history":[{"count":7,"href":"https:\/\/www.masella.com\/blog\/ca\/wp-json\/wp\/v2\/posts\/5965\/revisions"}],"predecessor-version":[{"id":5986,"href":"https:\/\/www.masella.com\/blog\/ca\/wp-json\/wp\/v2\/posts\/5965\/revisions\/5986"}],"wp:featuredmedia":[{"embeddable":true,"href":"https:\/\/www.masella.com\/blog\/ca\/wp-json\/wp\/v2\/media\/5970"}],"wp:attachment":[{"href":"https:\/\/www.masella.com\/blog\/ca\/wp-json\/wp\/v2\/media?parent=5965"}],"wp:term":[{"taxonomy":"category","embeddable":true,"href":"https:\/\/www.masella.com\/blog\/ca\/wp-json\/wp\/v2\/categories?post=5965"},{"taxonomy":"post_tag","embeddable":true,"href":"https:\/\/www.masella.com\/blog\/ca\/wp-json\/wp\/v2\/tags?post=5965"}],"curies":[{"name":"wp","href":"https:\/\/api.w.org\/{rel}","templated":true}]}}