{"id":626,"date":"2016-03-17T13:54:14","date_gmt":"2016-03-17T13:54:14","guid":{"rendered":"http:\/\/www.masella.com\/blog\/ca\/?p=626"},"modified":"2022-06-01T06:39:13","modified_gmt":"2022-06-01T06:39:13","slug":"45-cm-de-neu-fresca","status":"publish","type":"post","link":"https:\/\/www.masella.com\/blog\/ca\/45-cm-de-neu-fresca\/","title":{"rendered":"45 cm DE NEU FRESCA"},"content":{"rendered":"<p style=\"text-align: justify;\">La nevada anunciada ahir, finalment, ens ha deixat importants gruixos a totes les cotes del domini esquiable de Masella. A m\u00e9s, la precipitaci\u00f3 en forma de neu, ha estat generalitzada a tot el Pirineu Oriental, aix\u00f2 vol dir que tots els pobles de la Cerdanya han quedat emblanquinats. A Masella la nevada, que va comen\u00e7ar de manera persistent a les 19 h de la tarda d&#8217;ahir i ha acabat a la matinada d&#8217;avui, ha deixat gruixos que oscil\u00b7len entre els 30 cm, a la cota 1600 m, i els 45 cm, a la cota 2500 m.<\/p>\n<p><a href=\"http:\/\/www.masella.com\/blog\/wp-content\/uploads\/2016\/03\/P25708151.jpg\"><img loading=\"lazy\" decoding=\"async\" class=\"wp-image-630 aligncenter\" src=\"http:\/\/www.masella.com\/blog\/wp-content\/uploads\/2016\/03\/P25708151.jpg\" alt=\"P2570815\" width=\"800\" height=\"600\" srcset=\"https:\/\/www.masella.com\/blog\/wp-content\/uploads\/2016\/03\/P25708151.jpg 1200w, https:\/\/www.masella.com\/blog\/wp-content\/uploads\/2016\/03\/P25708151-300x225.jpg 300w, https:\/\/www.masella.com\/blog\/wp-content\/uploads\/2016\/03\/P25708151-1024x768.jpg 1024w\" sizes=\"(max-width: 800px) 100vw, 800px\" \/><\/a><\/p>\n<p style=\"text-align: justify;\">L&#8217;avantatge d&#8217;aquesta nevada \u00e9s que ha anat acumulant gruixos amb vent en calma, aix\u00f2 significa que no ha format grans congestes i s&#8217;ha deixat treballar molt b\u00e9 per tot l&#8217;equip de m\u00e0quines trepitjaneu de l&#8217;estaci\u00f3. \u00a0I despr\u00e9s d&#8217;aquesta nevada les pistes presenten un aspecte i una qualitat de la neu formidable. La baixa temperatura i la poca insolaci\u00f3 d&#8217;avui tamb\u00e9 han ajudat que la neu es mantingui en molt bon estat, en especial a totes les pistes que transcorren enmig del bosc.<\/p>\n<p><a href=\"http:\/\/www.masella.com\/blog\/wp-content\/uploads\/2016\/03\/bP2580802.jpg\"><img loading=\"lazy\" decoding=\"async\" class=\"wp-image-631 aligncenter\" src=\"http:\/\/www.masella.com\/blog\/wp-content\/uploads\/2016\/03\/bP2580802.jpg\" alt=\"bP2580802\" width=\"800\" height=\"600\" srcset=\"https:\/\/www.masella.com\/blog\/wp-content\/uploads\/2016\/03\/bP2580802.jpg 1200w, https:\/\/www.masella.com\/blog\/wp-content\/uploads\/2016\/03\/bP2580802-300x225.jpg 300w, https:\/\/www.masella.com\/blog\/wp-content\/uploads\/2016\/03\/bP2580802-1024x768.jpg 1024w\" sizes=\"(max-width: 800px) 100vw, 800px\" \/><\/a><\/p>\n<p style=\"text-align: center;\">La neu nova i el fred ens ha deixat unes magn\u00edfiques postals d&#8217;hivern i d&#8217;esqu\u00ed amb neu pols que podreu veure en el nostre video de la nevada clicant la imatge seg\u00fcent.<\/p>\n<p><a href=\"https:\/\/www.youtube.com\/watch?v=5J0BXYmq3ug\" target=\"_blank\" rel=\"noopener\"><img loading=\"lazy\" decoding=\"async\" class=\"size-full wp-image-636 aligncenter\" src=\"http:\/\/www.masella.com\/blog\/wp-content\/uploads\/2016\/03\/2015_03_17_Nevada.jpg\" alt=\"2015_03_17_Nevada\" width=\"800\" height=\"450\" srcset=\"https:\/\/www.masella.com\/blog\/wp-content\/uploads\/2016\/03\/2015_03_17_Nevada.jpg 800w, https:\/\/www.masella.com\/blog\/wp-content\/uploads\/2016\/03\/2015_03_17_Nevada-300x169.jpg 300w\" sizes=\"(max-width: 800px) 100vw, 800px\" \/><\/a><\/p>\n<p style=\"text-align: justify;\">A Masella tenim els accessos per carretera oberts, amb tota la xarxa vi\u00e0ria ben neta de neu per accedir amb normalitat a tots els accessos de l&#8217;estaci\u00f3. La\u00a0previsi\u00f3 meteorol\u00f2gica per les 72 hores properes; \u00e9s a dir dem\u00e0 i el cap de setmana vindr\u00e0 marcada per un divendres, un dissabte i un diumenge \u00a0amb matins assolellats i amb possible nevades a les tardes, segons informa el <strong><a href=\"http:\/\/www.meteocat.com\/prediccio\/esqui\/masella\" target=\"_blank\" rel=\"noopener\">Servei Meteorol\u00f2gic de Catalunya.<\/a><\/strong><\/p>\n","protected":false},"excerpt":{"rendered":"<p>La nevada anunciada ahir, finalment, ens ha deixat importants gruixos a totes les cotes del domini esquiable de Masella. A<\/p>\n","protected":false},"author":4,"featured_media":644,"comment_status":"closed","ping_status":"open","sticky":false,"template":"","format":"standard","meta":{"footnotes":""},"categories":[21,12],"tags":[],"yoast_head":"<!-- This site is optimized with the Yoast SEO plugin v21.5 - https:\/\/yoast.com\/wordpress\/plugins\/seo\/ -->\n<title>45 cm DE NEU FRESCA - El Blog oficial de Masella<\/title>\n<meta name=\"robots\" content=\"index, follow, max-snippet:-1, max-image-preview:large, max-video-preview:-1\" \/>\n<link rel=\"canonical\" href=\"https:\/\/www.masella.com\/blog\/ca\/45-cm-de-neu-fresca\/\" \/>\n<meta property=\"og:locale\" content=\"ca_ES\" \/>\n<meta property=\"og:type\" content=\"article\" \/>\n<meta property=\"og:title\" content=\"45 cm DE NEU FRESCA - El Blog oficial de Masella\" \/>\n<meta property=\"og:description\" content=\"La nevada anunciada ahir, finalment, ens ha deixat importants gruixos a totes les cotes del domini esquiable de Masella. A\" \/>\n<meta property=\"og:url\" content=\"https:\/\/www.masella.com\/blog\/ca\/45-cm-de-neu-fresca\/\" \/>\n<meta property=\"og:site_name\" content=\"El Blog oficial de Masella\" \/>\n<meta property=\"article:published_time\" content=\"2016-03-17T13:54:14+00:00\" \/>\n<meta property=\"article:modified_time\" content=\"2022-06-01T06:39:13+00:00\" \/>\n<meta property=\"og:image\" content=\"https:\/\/www.masella.com\/blog\/wp-content\/uploads\/2016\/03\/P2580594c.jpg\" \/>\n\t<meta property=\"og:image:width\" content=\"1200\" \/>\n\t<meta property=\"og:image:height\" content=\"788\" \/>\n\t<meta property=\"og:image:type\" content=\"image\/jpeg\" \/>\n<meta name=\"author\" content=\"masella\" \/>\n<meta name=\"twitter:card\" content=\"summary_large_image\" \/>\n<meta name=\"twitter:label1\" content=\"Escrit per\" \/>\n\t<meta name=\"twitter:data1\" content=\"masella\" \/>\n\t<meta name=\"twitter:label2\" content=\"Temps estimat de lectura\" \/>\n\t<meta name=\"twitter:data2\" content=\"1 minut\" \/>\n<script type=\"application\/ld+json\" class=\"yoast-schema-graph\">{\"@context\":\"https:\/\/schema.org\",\"@graph\":[{\"@type\":\"Article\",\"@id\":\"https:\/\/www.masella.com\/blog\/ca\/45-cm-de-neu-fresca\/#article\",\"isPartOf\":{\"@id\":\"https:\/\/www.masella.com\/blog\/ca\/45-cm-de-neu-fresca\/\"},\"author\":{\"name\":\"masella\",\"@id\":\"https:\/\/www.masella.com\/blog\/ca\/#\/schema\/person\/e32b971f5be20790c591d85b8f1c706b\"},\"headline\":\"45 cm DE NEU FRESCA\",\"datePublished\":\"2016-03-17T13:54:14+00:00\",\"dateModified\":\"2022-06-01T06:39:13+00:00\",\"mainEntityOfPage\":{\"@id\":\"https:\/\/www.masella.com\/blog\/ca\/45-cm-de-neu-fresca\/\"},\"wordCount\":301,\"publisher\":{\"@id\":\"https:\/\/www.masella.com\/blog\/ca\/#organization\"},\"articleSection\":[\"Actualitat\",\"M\u00e9teo\"],\"inLanguage\":\"ca\"},{\"@type\":\"WebPage\",\"@id\":\"https:\/\/www.masella.com\/blog\/ca\/45-cm-de-neu-fresca\/\",\"url\":\"https:\/\/www.masella.com\/blog\/ca\/45-cm-de-neu-fresca\/\",\"name\":\"45 cm DE NEU FRESCA - El Blog oficial de Masella\",\"isPartOf\":{\"@id\":\"https:\/\/www.masella.com\/blog\/ca\/#website\"},\"datePublished\":\"2016-03-17T13:54:14+00:00\",\"dateModified\":\"2022-06-01T06:39:13+00:00\",\"breadcrumb\":{\"@id\":\"https:\/\/www.masella.com\/blog\/ca\/45-cm-de-neu-fresca\/#breadcrumb\"},\"inLanguage\":\"ca\",\"potentialAction\":[{\"@type\":\"ReadAction\",\"target\":[\"https:\/\/www.masella.com\/blog\/ca\/45-cm-de-neu-fresca\/\"]}]},{\"@type\":\"BreadcrumbList\",\"@id\":\"https:\/\/www.masella.com\/blog\/ca\/45-cm-de-neu-fresca\/#breadcrumb\",\"itemListElement\":[{\"@type\":\"ListItem\",\"position\":1,\"name\":\"Portada\",\"item\":\"https:\/\/www.masella.com\/blog\/ca\/\"},{\"@type\":\"ListItem\",\"position\":2,\"name\":\"45 cm DE NEU FRESCA\"}]},{\"@type\":\"WebSite\",\"@id\":\"https:\/\/www.masella.com\/blog\/ca\/#website\",\"url\":\"https:\/\/www.masella.com\/blog\/ca\/\",\"name\":\"El Blog oficial de Masella\",\"description\":\"\",\"publisher\":{\"@id\":\"https:\/\/www.masella.com\/blog\/ca\/#organization\"},\"potentialAction\":[{\"@type\":\"SearchAction\",\"target\":{\"@type\":\"EntryPoint\",\"urlTemplate\":\"https:\/\/www.masella.com\/blog\/ca\/?s={search_term_string}\"},\"query-input\":\"required name=search_term_string\"}],\"inLanguage\":\"ca\"},{\"@type\":\"Organization\",\"@id\":\"https:\/\/www.masella.com\/blog\/ca\/#organization\",\"name\":\"El Blog oficial de Masella\",\"url\":\"https:\/\/www.masella.com\/blog\/ca\/\",\"logo\":{\"@type\":\"ImageObject\",\"inLanguage\":\"ca\",\"@id\":\"https:\/\/www.masella.com\/blog\/ca\/#\/schema\/logo\/image\/\",\"url\":\"https:\/\/www.masella.com\/blog\/wp-content\/uploads\/2022\/12\/cropped-logo-masella-cat.png\",\"contentUrl\":\"https:\/\/www.masella.com\/blog\/wp-content\/uploads\/2022\/12\/cropped-logo-masella-cat.png\",\"width\":150,\"height\":88,\"caption\":\"El Blog oficial de Masella\"},\"image\":{\"@id\":\"https:\/\/www.masella.com\/blog\/ca\/#\/schema\/logo\/image\/\"}},{\"@type\":\"Person\",\"@id\":\"https:\/\/www.masella.com\/blog\/ca\/#\/schema\/person\/e32b971f5be20790c591d85b8f1c706b\",\"name\":\"masella\",\"image\":{\"@type\":\"ImageObject\",\"inLanguage\":\"ca\",\"@id\":\"https:\/\/www.masella.com\/blog\/ca\/#\/schema\/person\/image\/\",\"url\":\"https:\/\/secure.gravatar.com\/avatar\/57590b1151eaa410a783e55768bbbba2?s=96&d=mm&r=g\",\"contentUrl\":\"https:\/\/secure.gravatar.com\/avatar\/57590b1151eaa410a783e55768bbbba2?s=96&d=mm&r=g\",\"caption\":\"masella\"},\"url\":\"https:\/\/www.masella.com\/blog\/ca\/author\/anna\/\"}]}<\/script>\n<!-- \/ Yoast SEO plugin. -->","yoast_head_json":{"title":"45 cm DE NEU FRESCA - El Blog oficial de Masella","robots":{"index":"index","follow":"follow","max-snippet":"max-snippet:-1","max-image-preview":"max-image-preview:large","max-video-preview":"max-video-preview:-1"},"canonical":"https:\/\/www.masella.com\/blog\/ca\/45-cm-de-neu-fresca\/","og_locale":"ca_ES","og_type":"article","og_title":"45 cm DE NEU FRESCA - El Blog oficial de Masella","og_description":"La nevada anunciada ahir, finalment, ens ha deixat importants gruixos a totes les cotes del domini esquiable de Masella. A","og_url":"https:\/\/www.masella.com\/blog\/ca\/45-cm-de-neu-fresca\/","og_site_name":"El Blog oficial de Masella","article_published_time":"2016-03-17T13:54:14+00:00","article_modified_time":"2022-06-01T06:39:13+00:00","og_image":[{"width":1200,"height":788,"url":"https:\/\/www.masella.com\/blog\/wp-content\/uploads\/2016\/03\/P2580594c.jpg","type":"image\/jpeg"}],"author":"masella","twitter_card":"summary_large_image","twitter_misc":{"Escrit per":"masella","Temps estimat de lectura":"1 minut"},"schema":{"@context":"https:\/\/schema.org","@graph":[{"@type":"Article","@id":"https:\/\/www.masella.com\/blog\/ca\/45-cm-de-neu-fresca\/#article","isPartOf":{"@id":"https:\/\/www.masella.com\/blog\/ca\/45-cm-de-neu-fresca\/"},"author":{"name":"masella","@id":"https:\/\/www.masella.com\/blog\/ca\/#\/schema\/person\/e32b971f5be20790c591d85b8f1c706b"},"headline":"45 cm DE NEU FRESCA","datePublished":"2016-03-17T13:54:14+00:00","dateModified":"2022-06-01T06:39:13+00:00","mainEntityOfPage":{"@id":"https:\/\/www.masella.com\/blog\/ca\/45-cm-de-neu-fresca\/"},"wordCount":301,"publisher":{"@id":"https:\/\/www.masella.com\/blog\/ca\/#organization"},"articleSection":["Actualitat","M\u00e9teo"],"inLanguage":"ca"},{"@type":"WebPage","@id":"https:\/\/www.masella.com\/blog\/ca\/45-cm-de-neu-fresca\/","url":"https:\/\/www.masella.com\/blog\/ca\/45-cm-de-neu-fresca\/","name":"45 cm DE NEU FRESCA - El Blog oficial de Masella","isPartOf":{"@id":"https:\/\/www.masella.com\/blog\/ca\/#website"},"datePublished":"2016-03-17T13:54:14+00:00","dateModified":"2022-06-01T06:39:13+00:00","breadcrumb":{"@id":"https:\/\/www.masella.com\/blog\/ca\/45-cm-de-neu-fresca\/#breadcrumb"},"inLanguage":"ca","potentialAction":[{"@type":"ReadAction","target":["https:\/\/www.masella.com\/blog\/ca\/45-cm-de-neu-fresca\/"]}]},{"@type":"BreadcrumbList","@id":"https:\/\/www.masella.com\/blog\/ca\/45-cm-de-neu-fresca\/#breadcrumb","itemListElement":[{"@type":"ListItem","position":1,"name":"Portada","item":"https:\/\/www.masella.com\/blog\/ca\/"},{"@type":"ListItem","position":2,"name":"45 cm DE NEU FRESCA"}]},{"@type":"WebSite","@id":"https:\/\/www.masella.com\/blog\/ca\/#website","url":"https:\/\/www.masella.com\/blog\/ca\/","name":"El Blog oficial de Masella","description":"","publisher":{"@id":"https:\/\/www.masella.com\/blog\/ca\/#organization"},"potentialAction":[{"@type":"SearchAction","target":{"@type":"EntryPoint","urlTemplate":"https:\/\/www.masella.com\/blog\/ca\/?s={search_term_string}"},"query-input":"required name=search_term_string"}],"inLanguage":"ca"},{"@type":"Organization","@id":"https:\/\/www.masella.com\/blog\/ca\/#organization","name":"El Blog oficial de Masella","url":"https:\/\/www.masella.com\/blog\/ca\/","logo":{"@type":"ImageObject","inLanguage":"ca","@id":"https:\/\/www.masella.com\/blog\/ca\/#\/schema\/logo\/image\/","url":"https:\/\/www.masella.com\/blog\/wp-content\/uploads\/2022\/12\/cropped-logo-masella-cat.png","contentUrl":"https:\/\/www.masella.com\/blog\/wp-content\/uploads\/2022\/12\/cropped-logo-masella-cat.png","width":150,"height":88,"caption":"El Blog oficial de Masella"},"image":{"@id":"https:\/\/www.masella.com\/blog\/ca\/#\/schema\/logo\/image\/"}},{"@type":"Person","@id":"https:\/\/www.masella.com\/blog\/ca\/#\/schema\/person\/e32b971f5be20790c591d85b8f1c706b","name":"masella","image":{"@type":"ImageObject","inLanguage":"ca","@id":"https:\/\/www.masella.com\/blog\/ca\/#\/schema\/person\/image\/","url":"https:\/\/secure.gravatar.com\/avatar\/57590b1151eaa410a783e55768bbbba2?s=96&d=mm&r=g","contentUrl":"https:\/\/secure.gravatar.com\/avatar\/57590b1151eaa410a783e55768bbbba2?s=96&d=mm&r=g","caption":"masella"},"url":"https:\/\/www.masella.com\/blog\/ca\/author\/anna\/"}]}},"_links":{"self":[{"href":"https:\/\/www.masella.com\/blog\/ca\/wp-json\/wp\/v2\/posts\/626"}],"collection":[{"href":"https:\/\/www.masella.com\/blog\/ca\/wp-json\/wp\/v2\/posts"}],"about":[{"href":"https:\/\/www.masella.com\/blog\/ca\/wp-json\/wp\/v2\/types\/post"}],"author":[{"embeddable":true,"href":"https:\/\/www.masella.com\/blog\/ca\/wp-json\/wp\/v2\/users\/4"}],"replies":[{"embeddable":true,"href":"https:\/\/www.masella.com\/blog\/ca\/wp-json\/wp\/v2\/comments?post=626"}],"version-history":[{"count":9,"href":"https:\/\/www.masella.com\/blog\/ca\/wp-json\/wp\/v2\/posts\/626\/revisions"}],"predecessor-version":[{"id":5731,"href":"https:\/\/www.masella.com\/blog\/ca\/wp-json\/wp\/v2\/posts\/626\/revisions\/5731"}],"wp:featuredmedia":[{"embeddable":true,"href":"https:\/\/www.masella.com\/blog\/ca\/wp-json\/wp\/v2\/media\/644"}],"wp:attachment":[{"href":"https:\/\/www.masella.com\/blog\/ca\/wp-json\/wp\/v2\/media?parent=626"}],"wp:term":[{"taxonomy":"category","embeddable":true,"href":"https:\/\/www.masella.com\/blog\/ca\/wp-json\/wp\/v2\/categories?post=626"},{"taxonomy":"post_tag","embeddable":true,"href":"https:\/\/www.masella.com\/blog\/ca\/wp-json\/wp\/v2\/tags?post=626"}],"curies":[{"name":"wp","href":"https:\/\/api.w.org\/{rel}","templated":true}]}}