{"id":647,"date":"2016-03-18T12:33:08","date_gmt":"2016-03-18T12:33:08","guid":{"rendered":"http:\/\/www.masella.com\/blog\/ca\/?p=647"},"modified":"2022-06-01T06:39:13","modified_gmt":"2022-06-01T06:39:13","slug":"bon-temps-per-setmana-santa","status":"publish","type":"post","link":"https:\/\/www.masella.com\/blog\/ca\/bon-temps-per-setmana-santa\/","title":{"rendered":"BON TEMPS PER SETMANA SANTA"},"content":{"rendered":"<p>La <strong>Setmana Santa<\/strong> ja truca a la porta i a Masella la rebrem amb <strong>30-45 cm de neu nova, gruixos acumulats de m\u00e9s d\u20191 metre i previsi\u00f3 de sol i bon temps<\/strong> a partir de diumenge.<\/p>\n<p><a href=\"http:\/\/www.masella.com\/blog\/wp-content\/uploads\/2016\/03\/forecast1.jpg\"><img loading=\"lazy\" decoding=\"async\" class=\"alignnone size-full wp-image-651\" src=\"http:\/\/www.masella.com\/blog\/wp-content\/uploads\/2016\/03\/forecast1.jpg\" alt=\"forecast\" width=\"800\" height=\"99\" srcset=\"https:\/\/www.masella.com\/blog\/wp-content\/uploads\/2016\/03\/forecast1.jpg 800w, https:\/\/www.masella.com\/blog\/wp-content\/uploads\/2016\/03\/forecast1-300x37.jpg 300w\" sizes=\"(max-width: 800px) 100vw, 800px\" \/><\/a><\/p>\n<p>Al Pirineu Oriental, i amb el clima mediterrani d\u2019alta muntanya que caracteritza la nostra zona, les nevades contundents un cop entrat el mes de mar\u00e7 s\u00f3n comunes i aquest any no n\u2019ha estat l\u2019excepci\u00f3. La nevada de dimecres a la nit va deixar gruixos de neu nova d\u2019entre 30 i 45 cm a l\u2019estaci\u00f3 de Masella. Gr\u00e0cies a aix\u00f2, per Setmana <strong>Santa podrem gaudir dels millors gruixos d\u2019aquesta temporada 2015-2016<\/strong>, amb m\u00e9s d\u2019un metre de neu a moltes zones.<\/p>\n<p><strong>PLA DE MASELLA -1600m- 75cm POLS <\/strong><\/p>\n<p><strong>CAP DEL BOSC -2150m- 135cm POLS<\/strong><\/p>\n<p><strong style=\"line-height: 1.5;\">LA TOSA -2535m- 120cm POLS<\/strong><\/p>\n<p><a href=\"http:\/\/www.masella.com\/blog\/wp-content\/uploads\/2016\/03\/powder.jpg\"><img loading=\"lazy\" decoding=\"async\" class=\"alignnone size-full wp-image-650\" src=\"http:\/\/www.masella.com\/blog\/wp-content\/uploads\/2016\/03\/powder.jpg\" alt=\"powder\" width=\"800\" height=\"450\" srcset=\"https:\/\/www.masella.com\/blog\/wp-content\/uploads\/2016\/03\/powder.jpg 800w, https:\/\/www.masella.com\/blog\/wp-content\/uploads\/2016\/03\/powder-300x169.jpg 300w\" sizes=\"(max-width: 800px) 100vw, 800px\" \/><\/a><\/p>\n<p>Pel que fa la situaci\u00f3 meteorol\u00f2gica prevista per als propers dies, despr\u00e9s d\u2019un petit front que passar\u00e0 dissabte, la Setmana Santa arrencar\u00e0 a partir de diumenge amb sol i bon temps.<\/p>\n<p>A m\u00e9s a m\u00e9s, trobareu <strong>tots els sectors oberts amb m\u00e9s de 60 quil\u00f2metres de pistes<\/strong>. Per a consultar el comunicat de la neu actualitzat minut a minut podeu clicar en aquest<strong> <a href=\"http:\/\/www.masella.com\/ca\/infoneu\" target=\"_blank\" rel=\"noopener\">enlla\u00e7<\/a><\/strong>.<\/p>\n<p>La Setmana Santa es presenta doncs immillorable a Masella. Bona neu, m\u00e9s de 60 km de pistes, bon temps&#8230; <strong>Ara nom\u00e9s hi falteu vosaltres!<\/strong><\/p>\n<p>Ah, i recordeu que per nom\u00e9s <strong>210\u20ac<\/strong> podeu adquirir el <strong>forfet de temporada de primavera<\/strong>, que s&#8217;amortitza en nom\u00e9s 5 dies d&#8217;esqu\u00ed i que m\u00e9s a m\u00e9s inclou un talonari per a esquiar a m\u00e9s de 60 estacions de tot el m\u00f3n! Podeu comprar-lo <strong><a href=\"http:\/\/www.masella.com\/ca\/abonaments\/temporada\" target=\"_blank\" rel=\"noopener\">online<\/a><\/strong> a la nostra web o b\u00e9 dirigint-vos a les nostres Oficines d&#8217;Atenci\u00f3 a l&#8217;Esquiador.<\/p>\n","protected":false},"excerpt":{"rendered":"<p>La Setmana Santa ja truca a la porta i a Masella la rebrem amb 30-45 cm de neu nova, gruixos<\/p>\n","protected":false},"author":4,"featured_media":648,"comment_status":"closed","ping_status":"open","sticky":false,"template":"","format":"standard","meta":{"footnotes":""},"categories":[21,12,14],"tags":[],"yoast_head":"<!-- This site is optimized with the Yoast SEO plugin v21.5 - https:\/\/yoast.com\/wordpress\/plugins\/seo\/ -->\n<title>BON TEMPS PER SETMANA SANTA - El Blog oficial de Masella<\/title>\n<meta name=\"robots\" content=\"index, follow, max-snippet:-1, max-image-preview:large, max-video-preview:-1\" \/>\n<link rel=\"canonical\" href=\"https:\/\/www.masella.com\/blog\/ca\/bon-temps-per-setmana-santa\/\" \/>\n<meta property=\"og:locale\" content=\"ca_ES\" \/>\n<meta property=\"og:type\" content=\"article\" \/>\n<meta property=\"og:title\" content=\"BON TEMPS PER SETMANA SANTA - El Blog oficial de Masella\" \/>\n<meta property=\"og:description\" content=\"La Setmana Santa ja truca a la porta i a Masella la rebrem amb 30-45 cm de neu nova, gruixos\" \/>\n<meta property=\"og:url\" content=\"https:\/\/www.masella.com\/blog\/ca\/bon-temps-per-setmana-santa\/\" \/>\n<meta property=\"og:site_name\" content=\"El Blog oficial de Masella\" \/>\n<meta property=\"article:published_time\" content=\"2016-03-18T12:33:08+00:00\" \/>\n<meta property=\"article:modified_time\" content=\"2022-06-01T06:39:13+00:00\" \/>\n<meta property=\"og:image\" content=\"https:\/\/www.masella.com\/blog\/wp-content\/uploads\/2016\/03\/destacada.jpg\" \/>\n\t<meta property=\"og:image:width\" content=\"800\" \/>\n\t<meta property=\"og:image:height\" content=\"450\" \/>\n\t<meta property=\"og:image:type\" content=\"image\/jpeg\" \/>\n<meta name=\"author\" content=\"masella\" \/>\n<meta name=\"twitter:card\" content=\"summary_large_image\" \/>\n<meta name=\"twitter:label1\" content=\"Escrit per\" \/>\n\t<meta name=\"twitter:data1\" content=\"masella\" \/>\n\t<meta name=\"twitter:label2\" content=\"Temps estimat de lectura\" \/>\n\t<meta name=\"twitter:data2\" content=\"2 minuts\" \/>\n<script type=\"application\/ld+json\" class=\"yoast-schema-graph\">{\"@context\":\"https:\/\/schema.org\",\"@graph\":[{\"@type\":\"Article\",\"@id\":\"https:\/\/www.masella.com\/blog\/ca\/bon-temps-per-setmana-santa\/#article\",\"isPartOf\":{\"@id\":\"https:\/\/www.masella.com\/blog\/ca\/bon-temps-per-setmana-santa\/\"},\"author\":{\"name\":\"masella\",\"@id\":\"https:\/\/www.masella.com\/blog\/ca\/#\/schema\/person\/e32b971f5be20790c591d85b8f1c706b\"},\"headline\":\"BON TEMPS PER SETMANA SANTA\",\"datePublished\":\"2016-03-18T12:33:08+00:00\",\"dateModified\":\"2022-06-01T06:39:13+00:00\",\"mainEntityOfPage\":{\"@id\":\"https:\/\/www.masella.com\/blog\/ca\/bon-temps-per-setmana-santa\/\"},\"wordCount\":310,\"publisher\":{\"@id\":\"https:\/\/www.masella.com\/blog\/ca\/#organization\"},\"articleSection\":[\"Actualitat\",\"M\u00e9teo\",\"Serveis\"],\"inLanguage\":\"ca\"},{\"@type\":\"WebPage\",\"@id\":\"https:\/\/www.masella.com\/blog\/ca\/bon-temps-per-setmana-santa\/\",\"url\":\"https:\/\/www.masella.com\/blog\/ca\/bon-temps-per-setmana-santa\/\",\"name\":\"BON TEMPS PER SETMANA SANTA - El Blog oficial de Masella\",\"isPartOf\":{\"@id\":\"https:\/\/www.masella.com\/blog\/ca\/#website\"},\"datePublished\":\"2016-03-18T12:33:08+00:00\",\"dateModified\":\"2022-06-01T06:39:13+00:00\",\"breadcrumb\":{\"@id\":\"https:\/\/www.masella.com\/blog\/ca\/bon-temps-per-setmana-santa\/#breadcrumb\"},\"inLanguage\":\"ca\",\"potentialAction\":[{\"@type\":\"ReadAction\",\"target\":[\"https:\/\/www.masella.com\/blog\/ca\/bon-temps-per-setmana-santa\/\"]}]},{\"@type\":\"BreadcrumbList\",\"@id\":\"https:\/\/www.masella.com\/blog\/ca\/bon-temps-per-setmana-santa\/#breadcrumb\",\"itemListElement\":[{\"@type\":\"ListItem\",\"position\":1,\"name\":\"Portada\",\"item\":\"https:\/\/www.masella.com\/blog\/ca\/\"},{\"@type\":\"ListItem\",\"position\":2,\"name\":\"BON TEMPS PER SETMANA SANTA\"}]},{\"@type\":\"WebSite\",\"@id\":\"https:\/\/www.masella.com\/blog\/ca\/#website\",\"url\":\"https:\/\/www.masella.com\/blog\/ca\/\",\"name\":\"El Blog oficial de Masella\",\"description\":\"\",\"publisher\":{\"@id\":\"https:\/\/www.masella.com\/blog\/ca\/#organization\"},\"potentialAction\":[{\"@type\":\"SearchAction\",\"target\":{\"@type\":\"EntryPoint\",\"urlTemplate\":\"https:\/\/www.masella.com\/blog\/ca\/?s={search_term_string}\"},\"query-input\":\"required name=search_term_string\"}],\"inLanguage\":\"ca\"},{\"@type\":\"Organization\",\"@id\":\"https:\/\/www.masella.com\/blog\/ca\/#organization\",\"name\":\"El Blog oficial de Masella\",\"url\":\"https:\/\/www.masella.com\/blog\/ca\/\",\"logo\":{\"@type\":\"ImageObject\",\"inLanguage\":\"ca\",\"@id\":\"https:\/\/www.masella.com\/blog\/ca\/#\/schema\/logo\/image\/\",\"url\":\"https:\/\/www.masella.com\/blog\/wp-content\/uploads\/2022\/12\/cropped-logo-masella-cat.png\",\"contentUrl\":\"https:\/\/www.masella.com\/blog\/wp-content\/uploads\/2022\/12\/cropped-logo-masella-cat.png\",\"width\":150,\"height\":88,\"caption\":\"El Blog oficial de Masella\"},\"image\":{\"@id\":\"https:\/\/www.masella.com\/blog\/ca\/#\/schema\/logo\/image\/\"}},{\"@type\":\"Person\",\"@id\":\"https:\/\/www.masella.com\/blog\/ca\/#\/schema\/person\/e32b971f5be20790c591d85b8f1c706b\",\"name\":\"masella\",\"image\":{\"@type\":\"ImageObject\",\"inLanguage\":\"ca\",\"@id\":\"https:\/\/www.masella.com\/blog\/ca\/#\/schema\/person\/image\/\",\"url\":\"https:\/\/secure.gravatar.com\/avatar\/57590b1151eaa410a783e55768bbbba2?s=96&d=mm&r=g\",\"contentUrl\":\"https:\/\/secure.gravatar.com\/avatar\/57590b1151eaa410a783e55768bbbba2?s=96&d=mm&r=g\",\"caption\":\"masella\"},\"url\":\"https:\/\/www.masella.com\/blog\/ca\/author\/anna\/\"}]}<\/script>\n<!-- \/ Yoast SEO plugin. -->","yoast_head_json":{"title":"BON TEMPS PER SETMANA SANTA - El Blog oficial de Masella","robots":{"index":"index","follow":"follow","max-snippet":"max-snippet:-1","max-image-preview":"max-image-preview:large","max-video-preview":"max-video-preview:-1"},"canonical":"https:\/\/www.masella.com\/blog\/ca\/bon-temps-per-setmana-santa\/","og_locale":"ca_ES","og_type":"article","og_title":"BON TEMPS PER SETMANA SANTA - El Blog oficial de Masella","og_description":"La Setmana Santa ja truca a la porta i a Masella la rebrem amb 30-45 cm de neu nova, gruixos","og_url":"https:\/\/www.masella.com\/blog\/ca\/bon-temps-per-setmana-santa\/","og_site_name":"El Blog oficial de Masella","article_published_time":"2016-03-18T12:33:08+00:00","article_modified_time":"2022-06-01T06:39:13+00:00","og_image":[{"width":800,"height":450,"url":"https:\/\/www.masella.com\/blog\/wp-content\/uploads\/2016\/03\/destacada.jpg","type":"image\/jpeg"}],"author":"masella","twitter_card":"summary_large_image","twitter_misc":{"Escrit per":"masella","Temps estimat de lectura":"2 minuts"},"schema":{"@context":"https:\/\/schema.org","@graph":[{"@type":"Article","@id":"https:\/\/www.masella.com\/blog\/ca\/bon-temps-per-setmana-santa\/#article","isPartOf":{"@id":"https:\/\/www.masella.com\/blog\/ca\/bon-temps-per-setmana-santa\/"},"author":{"name":"masella","@id":"https:\/\/www.masella.com\/blog\/ca\/#\/schema\/person\/e32b971f5be20790c591d85b8f1c706b"},"headline":"BON TEMPS PER SETMANA SANTA","datePublished":"2016-03-18T12:33:08+00:00","dateModified":"2022-06-01T06:39:13+00:00","mainEntityOfPage":{"@id":"https:\/\/www.masella.com\/blog\/ca\/bon-temps-per-setmana-santa\/"},"wordCount":310,"publisher":{"@id":"https:\/\/www.masella.com\/blog\/ca\/#organization"},"articleSection":["Actualitat","M\u00e9teo","Serveis"],"inLanguage":"ca"},{"@type":"WebPage","@id":"https:\/\/www.masella.com\/blog\/ca\/bon-temps-per-setmana-santa\/","url":"https:\/\/www.masella.com\/blog\/ca\/bon-temps-per-setmana-santa\/","name":"BON TEMPS PER SETMANA SANTA - El Blog oficial de Masella","isPartOf":{"@id":"https:\/\/www.masella.com\/blog\/ca\/#website"},"datePublished":"2016-03-18T12:33:08+00:00","dateModified":"2022-06-01T06:39:13+00:00","breadcrumb":{"@id":"https:\/\/www.masella.com\/blog\/ca\/bon-temps-per-setmana-santa\/#breadcrumb"},"inLanguage":"ca","potentialAction":[{"@type":"ReadAction","target":["https:\/\/www.masella.com\/blog\/ca\/bon-temps-per-setmana-santa\/"]}]},{"@type":"BreadcrumbList","@id":"https:\/\/www.masella.com\/blog\/ca\/bon-temps-per-setmana-santa\/#breadcrumb","itemListElement":[{"@type":"ListItem","position":1,"name":"Portada","item":"https:\/\/www.masella.com\/blog\/ca\/"},{"@type":"ListItem","position":2,"name":"BON TEMPS PER SETMANA SANTA"}]},{"@type":"WebSite","@id":"https:\/\/www.masella.com\/blog\/ca\/#website","url":"https:\/\/www.masella.com\/blog\/ca\/","name":"El Blog oficial de Masella","description":"","publisher":{"@id":"https:\/\/www.masella.com\/blog\/ca\/#organization"},"potentialAction":[{"@type":"SearchAction","target":{"@type":"EntryPoint","urlTemplate":"https:\/\/www.masella.com\/blog\/ca\/?s={search_term_string}"},"query-input":"required name=search_term_string"}],"inLanguage":"ca"},{"@type":"Organization","@id":"https:\/\/www.masella.com\/blog\/ca\/#organization","name":"El Blog oficial de Masella","url":"https:\/\/www.masella.com\/blog\/ca\/","logo":{"@type":"ImageObject","inLanguage":"ca","@id":"https:\/\/www.masella.com\/blog\/ca\/#\/schema\/logo\/image\/","url":"https:\/\/www.masella.com\/blog\/wp-content\/uploads\/2022\/12\/cropped-logo-masella-cat.png","contentUrl":"https:\/\/www.masella.com\/blog\/wp-content\/uploads\/2022\/12\/cropped-logo-masella-cat.png","width":150,"height":88,"caption":"El Blog oficial de Masella"},"image":{"@id":"https:\/\/www.masella.com\/blog\/ca\/#\/schema\/logo\/image\/"}},{"@type":"Person","@id":"https:\/\/www.masella.com\/blog\/ca\/#\/schema\/person\/e32b971f5be20790c591d85b8f1c706b","name":"masella","image":{"@type":"ImageObject","inLanguage":"ca","@id":"https:\/\/www.masella.com\/blog\/ca\/#\/schema\/person\/image\/","url":"https:\/\/secure.gravatar.com\/avatar\/57590b1151eaa410a783e55768bbbba2?s=96&d=mm&r=g","contentUrl":"https:\/\/secure.gravatar.com\/avatar\/57590b1151eaa410a783e55768bbbba2?s=96&d=mm&r=g","caption":"masella"},"url":"https:\/\/www.masella.com\/blog\/ca\/author\/anna\/"}]}},"_links":{"self":[{"href":"https:\/\/www.masella.com\/blog\/ca\/wp-json\/wp\/v2\/posts\/647"}],"collection":[{"href":"https:\/\/www.masella.com\/blog\/ca\/wp-json\/wp\/v2\/posts"}],"about":[{"href":"https:\/\/www.masella.com\/blog\/ca\/wp-json\/wp\/v2\/types\/post"}],"author":[{"embeddable":true,"href":"https:\/\/www.masella.com\/blog\/ca\/wp-json\/wp\/v2\/users\/4"}],"replies":[{"embeddable":true,"href":"https:\/\/www.masella.com\/blog\/ca\/wp-json\/wp\/v2\/comments?post=647"}],"version-history":[{"count":5,"href":"https:\/\/www.masella.com\/blog\/ca\/wp-json\/wp\/v2\/posts\/647\/revisions"}],"predecessor-version":[{"id":5730,"href":"https:\/\/www.masella.com\/blog\/ca\/wp-json\/wp\/v2\/posts\/647\/revisions\/5730"}],"wp:featuredmedia":[{"embeddable":true,"href":"https:\/\/www.masella.com\/blog\/ca\/wp-json\/wp\/v2\/media\/648"}],"wp:attachment":[{"href":"https:\/\/www.masella.com\/blog\/ca\/wp-json\/wp\/v2\/media?parent=647"}],"wp:term":[{"taxonomy":"category","embeddable":true,"href":"https:\/\/www.masella.com\/blog\/ca\/wp-json\/wp\/v2\/categories?post=647"},{"taxonomy":"post_tag","embeddable":true,"href":"https:\/\/www.masella.com\/blog\/ca\/wp-json\/wp\/v2\/tags?post=647"}],"curies":[{"name":"wp","href":"https:\/\/api.w.org\/{rel}","templated":true}]}}