{"id":679,"date":"2016-03-20T13:13:43","date_gmt":"2016-03-20T13:13:43","guid":{"rendered":"http:\/\/www.masella.com\/blog\/ca\/?p=679"},"modified":"2022-06-01T06:39:12","modified_gmt":"2022-06-01T06:39:12","slug":"cursa-social-festa-del-masella-team","status":"publish","type":"post","link":"https:\/\/www.masella.com\/blog\/ca\/cursa-social-festa-del-masella-team\/","title":{"rendered":"CURSA SOCIAL I FESTA DEL MASELLA TEAM"},"content":{"rendered":"<p>El <strong>Masella Team <\/strong>ha celebrat aquest cap de setmana la gran festa de final de temporada, amb la celebraci\u00f3 de la Cursa Social del club i el Dinar de Cloenda.<\/p>\n<p>Gaireb\u00e9 <strong>200 socis dels diferents grups del club han participat en la cursa<\/strong>, que s\u2019ha disputat en la modalitat d\u2019esl\u00e0lom gegant a la pista d\u2019<strong>Esl\u00e0lom La Pleta<\/strong>. Dissabte van prendre part en la cursa els grups de competici\u00f3 i tecnificaci\u00f3, el grup de \u201cDissabtes\u201d i tots els pares i mares que, per un dia, van voler competir entre ells i amb els seus fills en aquesta gran festa del club. Diumenge ha estat el torn dels nens i nenes del grup de \u201cDiumenges\u201d i els seus pares i mares.<\/p>\n<p><a href=\"http:\/\/www.masella.com\/blog\/wp-content\/uploads\/2016\/03\/P2590033.jpg\"><img loading=\"lazy\" decoding=\"async\" class=\"alignnone size-full wp-image-689\" src=\"http:\/\/www.masella.com\/blog\/wp-content\/uploads\/2016\/03\/P2590033.jpg\" alt=\"P2590033\" width=\"800\" height=\"621\" srcset=\"https:\/\/www.masella.com\/blog\/wp-content\/uploads\/2016\/03\/P2590033.jpg 800w, https:\/\/www.masella.com\/blog\/wp-content\/uploads\/2016\/03\/P2590033-300x233.jpg 300w\" sizes=\"(max-width: 800px) 100vw, 800px\" \/><\/a><\/p>\n<p><strong>Els corredors m\u00e9s r\u00e0pids de la cursa de dissabte van ser els Infantils II Patxi Terrades, Pol Verd\u00fa i Mariona Gibert<\/strong>, que encap\u00e7alen la classificaci\u00f3 general. En aquest <strong><a href=\"http:\/\/www.masella.com\/blog\/wp-content\/uploads\/2016\/03\/Resultats-Dissabte.pdf\" target=\"_blank\" rel=\"noopener\">enlla\u00e7<\/a><\/strong> podreu trobar les classificacions general i per categories de la cursa de Dissabte<strong>. Diumenge, els m\u00e9s r\u00e0pids han estat els Infantils Ferran Mu\u00f1oz, Martina Gr\u00e0cia i Marc Isern<\/strong>, que han quedat en 1r, 2n i 3r lloc respectivament. Per veure tots els resultats de diumenge podeu clicar en aquest <strong><a href=\"http:\/\/www.masella.com\/blog\/wp-content\/uploads\/2016\/03\/Resultats-Diumenge.pdf\" target=\"_blank\" rel=\"noopener\">enlla\u00e7<\/a><\/strong>.<\/p>\n<p>I\u00a0en la<strong><a href=\"http:\/\/www.masella.com\/ca\/fotos\" target=\"_blank\" rel=\"noopener\"> galeria del Masella Team<\/a><\/strong> de la nostra web trobareu totes les fotos de la cursa i dels podis.<\/p>\n<p>Dissabte, despr\u00e9s de la cursa i de l\u2019entrega de premis,<strong> es va celebrar el dinar de cloenda de temporada en qu\u00e8 hi van assistir m\u00e9s de 100 socis.<\/strong> I a banda dels bons records de la cursa i de la gran festa social, tots els socis i s\u00f2cies es van endur tamb\u00e9 un bonic i pr\u00e0ctic obsequi del Masella Team: una cinta <strong><a href=\"http:\/\/www.ledrapo.com\/\" target=\"_blank\" rel=\"noopener\">Ledrapo<\/a><\/strong> per protegir-se del fred.<\/p>\n<p><a href=\"http:\/\/www.masella.com\/blog\/wp-content\/uploads\/2016\/03\/bP2590468.jpg\"><img loading=\"lazy\" decoding=\"async\" class=\"alignnone wp-image-687\" src=\"http:\/\/www.masella.com\/blog\/wp-content\/uploads\/2016\/03\/bP2590468.jpg\" alt=\"bP2590468\" width=\"800\" height=\"600\" srcset=\"https:\/\/www.masella.com\/blog\/wp-content\/uploads\/2016\/03\/bP2590468.jpg 1200w, https:\/\/www.masella.com\/blog\/wp-content\/uploads\/2016\/03\/bP2590468-300x225.jpg 300w, https:\/\/www.masella.com\/blog\/wp-content\/uploads\/2016\/03\/bP2590468-1024x768.jpg 1024w\" sizes=\"(max-width: 800px) 100vw, 800px\" \/><\/a><\/p>\n<p>La cursa i el dinar han estat el comiat de temporada per als esquiadors dels grups de dissabtes i diumenges, mentre que els equips de competici\u00f3 i tecnificaci\u00f3 continuaran amb els entrenaments fins el dia 3 d\u2019abril.<\/p>\n","protected":false},"excerpt":{"rendered":"<p>El Masella Team ha celebrat aquest cap de setmana la gran festa de final de temporada, amb la celebraci\u00f3 de<\/p>\n","protected":false},"author":4,"featured_media":691,"comment_status":"closed","ping_status":"open","sticky":false,"template":"","format":"standard","meta":{"footnotes":""},"categories":[21,30,13],"tags":[],"yoast_head":"<!-- This site is optimized with the Yoast SEO plugin v21.5 - https:\/\/yoast.com\/wordpress\/plugins\/seo\/ -->\n<title>CURSA SOCIAL I FESTA DEL MASELLA TEAM - El Blog oficial de Masella<\/title>\n<meta name=\"robots\" content=\"index, follow, max-snippet:-1, max-image-preview:large, max-video-preview:-1\" \/>\n<link rel=\"canonical\" href=\"https:\/\/www.masella.com\/blog\/ca\/cursa-social-festa-del-masella-team\/\" \/>\n<meta property=\"og:locale\" content=\"ca_ES\" \/>\n<meta property=\"og:type\" content=\"article\" \/>\n<meta property=\"og:title\" content=\"CURSA SOCIAL I FESTA DEL MASELLA TEAM - El Blog oficial de Masella\" \/>\n<meta property=\"og:description\" content=\"El Masella Team ha celebrat aquest cap de setmana la gran festa de final de temporada, amb la celebraci\u00f3 de\" \/>\n<meta property=\"og:url\" content=\"https:\/\/www.masella.com\/blog\/ca\/cursa-social-festa-del-masella-team\/\" \/>\n<meta property=\"og:site_name\" content=\"El Blog oficial de Masella\" \/>\n<meta property=\"article:published_time\" content=\"2016-03-20T13:13:43+00:00\" \/>\n<meta property=\"article:modified_time\" content=\"2022-06-01T06:39:12+00:00\" \/>\n<meta property=\"og:image\" content=\"https:\/\/www.masella.com\/blog\/wp-content\/uploads\/2016\/03\/P25900531.jpg\" \/>\n\t<meta property=\"og:image:width\" content=\"800\" \/>\n\t<meta property=\"og:image:height\" content=\"450\" \/>\n\t<meta property=\"og:image:type\" content=\"image\/jpeg\" \/>\n<meta name=\"author\" content=\"masella\" \/>\n<meta name=\"twitter:card\" content=\"summary_large_image\" \/>\n<meta name=\"twitter:label1\" content=\"Escrit per\" \/>\n\t<meta name=\"twitter:data1\" content=\"masella\" \/>\n\t<meta name=\"twitter:label2\" content=\"Temps estimat de lectura\" \/>\n\t<meta name=\"twitter:data2\" content=\"2 minuts\" \/>\n<script type=\"application\/ld+json\" class=\"yoast-schema-graph\">{\"@context\":\"https:\/\/schema.org\",\"@graph\":[{\"@type\":\"Article\",\"@id\":\"https:\/\/www.masella.com\/blog\/ca\/cursa-social-festa-del-masella-team\/#article\",\"isPartOf\":{\"@id\":\"https:\/\/www.masella.com\/blog\/ca\/cursa-social-festa-del-masella-team\/\"},\"author\":{\"name\":\"masella\",\"@id\":\"https:\/\/www.masella.com\/blog\/ca\/#\/schema\/person\/e32b971f5be20790c591d85b8f1c706b\"},\"headline\":\"CURSA SOCIAL I FESTA DEL MASELLA TEAM\",\"datePublished\":\"2016-03-20T13:13:43+00:00\",\"dateModified\":\"2022-06-01T06:39:12+00:00\",\"mainEntityOfPage\":{\"@id\":\"https:\/\/www.masella.com\/blog\/ca\/cursa-social-festa-del-masella-team\/\"},\"wordCount\":345,\"publisher\":{\"@id\":\"https:\/\/www.masella.com\/blog\/ca\/#organization\"},\"articleSection\":[\"Actualitat\",\"Curses\",\"Esdeveniments\"],\"inLanguage\":\"ca\"},{\"@type\":\"WebPage\",\"@id\":\"https:\/\/www.masella.com\/blog\/ca\/cursa-social-festa-del-masella-team\/\",\"url\":\"https:\/\/www.masella.com\/blog\/ca\/cursa-social-festa-del-masella-team\/\",\"name\":\"CURSA SOCIAL I FESTA DEL MASELLA TEAM - El Blog oficial de Masella\",\"isPartOf\":{\"@id\":\"https:\/\/www.masella.com\/blog\/ca\/#website\"},\"datePublished\":\"2016-03-20T13:13:43+00:00\",\"dateModified\":\"2022-06-01T06:39:12+00:00\",\"breadcrumb\":{\"@id\":\"https:\/\/www.masella.com\/blog\/ca\/cursa-social-festa-del-masella-team\/#breadcrumb\"},\"inLanguage\":\"ca\",\"potentialAction\":[{\"@type\":\"ReadAction\",\"target\":[\"https:\/\/www.masella.com\/blog\/ca\/cursa-social-festa-del-masella-team\/\"]}]},{\"@type\":\"BreadcrumbList\",\"@id\":\"https:\/\/www.masella.com\/blog\/ca\/cursa-social-festa-del-masella-team\/#breadcrumb\",\"itemListElement\":[{\"@type\":\"ListItem\",\"position\":1,\"name\":\"Portada\",\"item\":\"https:\/\/www.masella.com\/blog\/ca\/\"},{\"@type\":\"ListItem\",\"position\":2,\"name\":\"CURSA SOCIAL I FESTA DEL MASELLA TEAM\"}]},{\"@type\":\"WebSite\",\"@id\":\"https:\/\/www.masella.com\/blog\/ca\/#website\",\"url\":\"https:\/\/www.masella.com\/blog\/ca\/\",\"name\":\"El Blog oficial de Masella\",\"description\":\"\",\"publisher\":{\"@id\":\"https:\/\/www.masella.com\/blog\/ca\/#organization\"},\"potentialAction\":[{\"@type\":\"SearchAction\",\"target\":{\"@type\":\"EntryPoint\",\"urlTemplate\":\"https:\/\/www.masella.com\/blog\/ca\/?s={search_term_string}\"},\"query-input\":\"required name=search_term_string\"}],\"inLanguage\":\"ca\"},{\"@type\":\"Organization\",\"@id\":\"https:\/\/www.masella.com\/blog\/ca\/#organization\",\"name\":\"El Blog oficial de Masella\",\"url\":\"https:\/\/www.masella.com\/blog\/ca\/\",\"logo\":{\"@type\":\"ImageObject\",\"inLanguage\":\"ca\",\"@id\":\"https:\/\/www.masella.com\/blog\/ca\/#\/schema\/logo\/image\/\",\"url\":\"https:\/\/www.masella.com\/blog\/wp-content\/uploads\/2022\/12\/cropped-logo-masella-cat.png\",\"contentUrl\":\"https:\/\/www.masella.com\/blog\/wp-content\/uploads\/2022\/12\/cropped-logo-masella-cat.png\",\"width\":150,\"height\":88,\"caption\":\"El Blog oficial de Masella\"},\"image\":{\"@id\":\"https:\/\/www.masella.com\/blog\/ca\/#\/schema\/logo\/image\/\"}},{\"@type\":\"Person\",\"@id\":\"https:\/\/www.masella.com\/blog\/ca\/#\/schema\/person\/e32b971f5be20790c591d85b8f1c706b\",\"name\":\"masella\",\"image\":{\"@type\":\"ImageObject\",\"inLanguage\":\"ca\",\"@id\":\"https:\/\/www.masella.com\/blog\/ca\/#\/schema\/person\/image\/\",\"url\":\"https:\/\/secure.gravatar.com\/avatar\/57590b1151eaa410a783e55768bbbba2?s=96&d=mm&r=g\",\"contentUrl\":\"https:\/\/secure.gravatar.com\/avatar\/57590b1151eaa410a783e55768bbbba2?s=96&d=mm&r=g\",\"caption\":\"masella\"},\"url\":\"https:\/\/www.masella.com\/blog\/ca\/author\/anna\/\"}]}<\/script>\n<!-- \/ Yoast SEO plugin. -->","yoast_head_json":{"title":"CURSA SOCIAL I FESTA DEL MASELLA TEAM - El Blog oficial de Masella","robots":{"index":"index","follow":"follow","max-snippet":"max-snippet:-1","max-image-preview":"max-image-preview:large","max-video-preview":"max-video-preview:-1"},"canonical":"https:\/\/www.masella.com\/blog\/ca\/cursa-social-festa-del-masella-team\/","og_locale":"ca_ES","og_type":"article","og_title":"CURSA SOCIAL I FESTA DEL MASELLA TEAM - El Blog oficial de Masella","og_description":"El Masella Team ha celebrat aquest cap de setmana la gran festa de final de temporada, amb la celebraci\u00f3 de","og_url":"https:\/\/www.masella.com\/blog\/ca\/cursa-social-festa-del-masella-team\/","og_site_name":"El Blog oficial de Masella","article_published_time":"2016-03-20T13:13:43+00:00","article_modified_time":"2022-06-01T06:39:12+00:00","og_image":[{"width":800,"height":450,"url":"https:\/\/www.masella.com\/blog\/wp-content\/uploads\/2016\/03\/P25900531.jpg","type":"image\/jpeg"}],"author":"masella","twitter_card":"summary_large_image","twitter_misc":{"Escrit per":"masella","Temps estimat de lectura":"2 minuts"},"schema":{"@context":"https:\/\/schema.org","@graph":[{"@type":"Article","@id":"https:\/\/www.masella.com\/blog\/ca\/cursa-social-festa-del-masella-team\/#article","isPartOf":{"@id":"https:\/\/www.masella.com\/blog\/ca\/cursa-social-festa-del-masella-team\/"},"author":{"name":"masella","@id":"https:\/\/www.masella.com\/blog\/ca\/#\/schema\/person\/e32b971f5be20790c591d85b8f1c706b"},"headline":"CURSA SOCIAL I FESTA DEL MASELLA TEAM","datePublished":"2016-03-20T13:13:43+00:00","dateModified":"2022-06-01T06:39:12+00:00","mainEntityOfPage":{"@id":"https:\/\/www.masella.com\/blog\/ca\/cursa-social-festa-del-masella-team\/"},"wordCount":345,"publisher":{"@id":"https:\/\/www.masella.com\/blog\/ca\/#organization"},"articleSection":["Actualitat","Curses","Esdeveniments"],"inLanguage":"ca"},{"@type":"WebPage","@id":"https:\/\/www.masella.com\/blog\/ca\/cursa-social-festa-del-masella-team\/","url":"https:\/\/www.masella.com\/blog\/ca\/cursa-social-festa-del-masella-team\/","name":"CURSA SOCIAL I FESTA DEL MASELLA TEAM - El Blog oficial de Masella","isPartOf":{"@id":"https:\/\/www.masella.com\/blog\/ca\/#website"},"datePublished":"2016-03-20T13:13:43+00:00","dateModified":"2022-06-01T06:39:12+00:00","breadcrumb":{"@id":"https:\/\/www.masella.com\/blog\/ca\/cursa-social-festa-del-masella-team\/#breadcrumb"},"inLanguage":"ca","potentialAction":[{"@type":"ReadAction","target":["https:\/\/www.masella.com\/blog\/ca\/cursa-social-festa-del-masella-team\/"]}]},{"@type":"BreadcrumbList","@id":"https:\/\/www.masella.com\/blog\/ca\/cursa-social-festa-del-masella-team\/#breadcrumb","itemListElement":[{"@type":"ListItem","position":1,"name":"Portada","item":"https:\/\/www.masella.com\/blog\/ca\/"},{"@type":"ListItem","position":2,"name":"CURSA SOCIAL I FESTA DEL MASELLA TEAM"}]},{"@type":"WebSite","@id":"https:\/\/www.masella.com\/blog\/ca\/#website","url":"https:\/\/www.masella.com\/blog\/ca\/","name":"El Blog oficial de Masella","description":"","publisher":{"@id":"https:\/\/www.masella.com\/blog\/ca\/#organization"},"potentialAction":[{"@type":"SearchAction","target":{"@type":"EntryPoint","urlTemplate":"https:\/\/www.masella.com\/blog\/ca\/?s={search_term_string}"},"query-input":"required name=search_term_string"}],"inLanguage":"ca"},{"@type":"Organization","@id":"https:\/\/www.masella.com\/blog\/ca\/#organization","name":"El Blog oficial de Masella","url":"https:\/\/www.masella.com\/blog\/ca\/","logo":{"@type":"ImageObject","inLanguage":"ca","@id":"https:\/\/www.masella.com\/blog\/ca\/#\/schema\/logo\/image\/","url":"https:\/\/www.masella.com\/blog\/wp-content\/uploads\/2022\/12\/cropped-logo-masella-cat.png","contentUrl":"https:\/\/www.masella.com\/blog\/wp-content\/uploads\/2022\/12\/cropped-logo-masella-cat.png","width":150,"height":88,"caption":"El Blog oficial de Masella"},"image":{"@id":"https:\/\/www.masella.com\/blog\/ca\/#\/schema\/logo\/image\/"}},{"@type":"Person","@id":"https:\/\/www.masella.com\/blog\/ca\/#\/schema\/person\/e32b971f5be20790c591d85b8f1c706b","name":"masella","image":{"@type":"ImageObject","inLanguage":"ca","@id":"https:\/\/www.masella.com\/blog\/ca\/#\/schema\/person\/image\/","url":"https:\/\/secure.gravatar.com\/avatar\/57590b1151eaa410a783e55768bbbba2?s=96&d=mm&r=g","contentUrl":"https:\/\/secure.gravatar.com\/avatar\/57590b1151eaa410a783e55768bbbba2?s=96&d=mm&r=g","caption":"masella"},"url":"https:\/\/www.masella.com\/blog\/ca\/author\/anna\/"}]}},"_links":{"self":[{"href":"https:\/\/www.masella.com\/blog\/ca\/wp-json\/wp\/v2\/posts\/679"}],"collection":[{"href":"https:\/\/www.masella.com\/blog\/ca\/wp-json\/wp\/v2\/posts"}],"about":[{"href":"https:\/\/www.masella.com\/blog\/ca\/wp-json\/wp\/v2\/types\/post"}],"author":[{"embeddable":true,"href":"https:\/\/www.masella.com\/blog\/ca\/wp-json\/wp\/v2\/users\/4"}],"replies":[{"embeddable":true,"href":"https:\/\/www.masella.com\/blog\/ca\/wp-json\/wp\/v2\/comments?post=679"}],"version-history":[{"count":7,"href":"https:\/\/www.masella.com\/blog\/ca\/wp-json\/wp\/v2\/posts\/679\/revisions"}],"predecessor-version":[{"id":5719,"href":"https:\/\/www.masella.com\/blog\/ca\/wp-json\/wp\/v2\/posts\/679\/revisions\/5719"}],"wp:featuredmedia":[{"embeddable":true,"href":"https:\/\/www.masella.com\/blog\/ca\/wp-json\/wp\/v2\/media\/691"}],"wp:attachment":[{"href":"https:\/\/www.masella.com\/blog\/ca\/wp-json\/wp\/v2\/media?parent=679"}],"wp:term":[{"taxonomy":"category","embeddable":true,"href":"https:\/\/www.masella.com\/blog\/ca\/wp-json\/wp\/v2\/categories?post=679"},{"taxonomy":"post_tag","embeddable":true,"href":"https:\/\/www.masella.com\/blog\/ca\/wp-json\/wp\/v2\/tags?post=679"}],"curies":[{"name":"wp","href":"https:\/\/api.w.org\/{rel}","templated":true}]}}