{"id":843,"date":"2017-03-31T07:30:48","date_gmt":"2017-03-31T07:30:48","guid":{"rendered":"http:\/\/www.masella.com\/blog\/ca\/?p=843"},"modified":"2022-06-01T06:35:42","modified_gmt":"2022-06-01T06:35:42","slug":"abonament-de-fi-de-temporada-2","status":"publish","type":"post","link":"https:\/\/www.masella.com\/blog\/ca\/abonament-de-fi-de-temporada-2\/","title":{"rendered":"ABONAMENT DE FI DE TEMPORADA"},"content":{"rendered":"<p style=\"text-align: justify;\">Des de l\u20191 d\u2019abril ja podeu adquirir l<strong>\u2018<a href=\"http:\/\/www.masella.com\/ca\/abonaments\" target=\"_blank\" rel=\"noopener\">abonament de fi de temporada<\/a><\/strong> que us permet esquiar tots els dies que resten de la temporada 2016-17. Per nom\u00e9s<strong>\u00a0140 euros<\/strong>\u00a0podeu obtenir aquest abonament que\u00a0<strong>s\u2019amortitza amb nom\u00e9s 2 dies d\u2019esqu\u00ed<\/strong>\u00a0i que us permetr\u00e0 gaudir de Masella tots els dies ininterrompudament fins ben entrat el mes d\u2019abril.<\/p>\n<figure id=\"attachment_2302\" aria-describedby=\"caption-attachment-2302\" style=\"width: 800px\" class=\"wp-caption alignnone\"><a href=\"http:\/\/www.masella.com\/blog\/wp-content\/uploads\/2017\/03\/001FD-7.jpg\"><img loading=\"lazy\" decoding=\"async\" class=\"wp-image-2302 size-large\" src=\"http:\/\/www.masella.com\/blog\/wp-content\/uploads\/2017\/03\/001FD-7-1024x768.jpg\" width=\"800\" height=\"600\" srcset=\"https:\/\/www.masella.com\/blog\/wp-content\/uploads\/2017\/03\/001FD-7-1024x768.jpg 1024w, https:\/\/www.masella.com\/blog\/wp-content\/uploads\/2017\/03\/001FD-7-300x225.jpg 300w, https:\/\/www.masella.com\/blog\/wp-content\/uploads\/2017\/03\/001FD-7-768x576.jpg 768w, https:\/\/www.masella.com\/blog\/wp-content\/uploads\/2017\/03\/001FD-7.jpg 1200w\" sizes=\"(max-width: 800px) 100vw, 800px\" \/><\/a><figcaption id=\"caption-attachment-2302\" class=\"wp-caption-text\">SECTOR DE LA TOSA &#8211; 28\/03\/2017<\/figcaption><\/figure>\n<p style=\"text-align: justify;\">Amb aquest abonament us descomptem 70 \u20ac de l\u2019abonament de temporada de l\u2019hivern 2017-18 i a, m\u00e9s a m\u00e9s, us mantenim les tarifes dels abonaments de la temporada 2016-17. I, finalment, amb aquest abonament adquirireu un talonari d\u2019invitacions per a esquiar a m\u00e9s de\u00a0<a href=\"http:\/\/www.masella.com\/ca\/paginas\/fortets-de-regal\"><strong><span style=\"color: windowtext; text-decoration: none; text-underline: none;\">60 estacions de tot el m<\/span>\u00f3n<\/strong><\/a>.<\/p>\n<p style=\"text-align: justify;\">Us recordem tamb\u00e9 que Masella \u00e9s <a href=\"http:\/\/www.masella.com\/blog\/ca\/bones-condicions-aquest-cap-setmana-masella-estacio-ideal-gaudir-lesqui-primavera\/\">l&#8217;estaci\u00f3 ideal\u00a0per a gaudir de l&#8217;esqu\u00ed de primavera<\/a>\u00a0i que, si les condicions de neu ho permeten, romandr\u00e0 oberta fins que s&#8217;acabi el mes d&#8217;abril.<\/p>\n<p style=\"text-align: justify;\">Ara mateix hi ha el 100% del desnivell esquiable obert, des de la Tosa (2535 m) fins al Pla de Masella (1600 m). La zona de Debutants de Pla de Masella romandr\u00e0 oberta amb els remuntadors Pastors, Pastorets i la Cinta. El teleesqu\u00ed Debutants del Pla de Masella i el telecorda ja han tancat per fi de temporada. El Jard\u00ed de neu tamb\u00e9 ha finalitzat ja la temporada per\u00f2 els caps de setmana i festius continuar\u00e0 oberta la caseta del nens, per a petits de 18 mesos a 4 anys. A Coma Oriola, el teleesqu\u00ed de Debutants seguir\u00e0 obert durant els caps de setmana.<\/p>\n<p style=\"text-align: justify;\"><a href=\"http:\/\/www.masella.com\/blog\/wp-content\/uploads\/2017\/03\/jardi.jpg\"><img loading=\"lazy\" decoding=\"async\" class=\"alignnone size-full wp-image-2306\" src=\"http:\/\/www.masella.com\/blog\/wp-content\/uploads\/2017\/03\/jardi.jpg\" alt=\"\" width=\"800\" height=\"450\" srcset=\"https:\/\/www.masella.com\/blog\/wp-content\/uploads\/2017\/03\/jardi.jpg 800w, https:\/\/www.masella.com\/blog\/wp-content\/uploads\/2017\/03\/jardi-300x169.jpg 300w, https:\/\/www.masella.com\/blog\/wp-content\/uploads\/2017\/03\/jardi-768x432.jpg 768w\" sizes=\"(max-width: 800px) 100vw, 800px\" \/><\/a><\/p>\n<p style=\"text-align: justify;\">\n","protected":false},"excerpt":{"rendered":"<p>Des de l\u20191 d\u2019abril ja podeu adquirir l\u2018abonament de fi de temporada que us permet esquiar tots els dies que<\/p>\n","protected":false},"author":4,"featured_media":2295,"comment_status":"closed","ping_status":"open","sticky":false,"template":"","format":"standard","meta":{"footnotes":""},"categories":[21,18],"tags":[],"yoast_head":"<!-- This site is optimized with the Yoast SEO plugin v21.5 - https:\/\/yoast.com\/wordpress\/plugins\/seo\/ -->\n<title>ABONAMENT DE FI DE TEMPORADA - El Blog oficial de Masella<\/title>\n<meta name=\"robots\" content=\"index, follow, max-snippet:-1, max-image-preview:large, max-video-preview:-1\" \/>\n<link rel=\"canonical\" href=\"https:\/\/www.masella.com\/blog\/ca\/abonament-de-fi-de-temporada-2\/\" \/>\n<meta property=\"og:locale\" content=\"ca_ES\" \/>\n<meta property=\"og:type\" content=\"article\" \/>\n<meta property=\"og:title\" content=\"ABONAMENT DE FI DE TEMPORADA - El Blog oficial de Masella\" \/>\n<meta property=\"og:description\" content=\"Des de l\u20191 d\u2019abril ja podeu adquirir l\u2018abonament de fi de temporada que us permet esquiar tots els dies que\" \/>\n<meta property=\"og:url\" content=\"https:\/\/www.masella.com\/blog\/ca\/abonament-de-fi-de-temporada-2\/\" \/>\n<meta property=\"og:site_name\" content=\"El Blog oficial de Masella\" \/>\n<meta property=\"article:published_time\" content=\"2017-03-31T07:30:48+00:00\" \/>\n<meta property=\"article:modified_time\" content=\"2022-06-01T06:35:42+00:00\" \/>\n<meta property=\"og:image\" content=\"https:\/\/www.masella.com\/blog\/wp-content\/uploads\/2017\/03\/P3280680r-1024x768.jpg\" \/>\n\t<meta property=\"og:image:width\" content=\"1024\" \/>\n\t<meta property=\"og:image:height\" content=\"768\" \/>\n\t<meta property=\"og:image:type\" content=\"image\/jpeg\" \/>\n<meta name=\"author\" content=\"masella\" \/>\n<meta name=\"twitter:card\" content=\"summary_large_image\" \/>\n<meta name=\"twitter:label1\" content=\"Escrit per\" \/>\n\t<meta name=\"twitter:data1\" content=\"masella\" \/>\n\t<meta name=\"twitter:label2\" content=\"Temps estimat de lectura\" \/>\n\t<meta name=\"twitter:data2\" content=\"1 minut\" \/>\n<script type=\"application\/ld+json\" class=\"yoast-schema-graph\">{\"@context\":\"https:\/\/schema.org\",\"@graph\":[{\"@type\":\"Article\",\"@id\":\"https:\/\/www.masella.com\/blog\/ca\/abonament-de-fi-de-temporada-2\/#article\",\"isPartOf\":{\"@id\":\"https:\/\/www.masella.com\/blog\/ca\/abonament-de-fi-de-temporada-2\/\"},\"author\":{\"name\":\"masella\",\"@id\":\"https:\/\/www.masella.com\/blog\/ca\/#\/schema\/person\/e32b971f5be20790c591d85b8f1c706b\"},\"headline\":\"ABONAMENT DE FI DE TEMPORADA\",\"datePublished\":\"2017-03-31T07:30:48+00:00\",\"dateModified\":\"2022-06-01T06:35:42+00:00\",\"mainEntityOfPage\":{\"@id\":\"https:\/\/www.masella.com\/blog\/ca\/abonament-de-fi-de-temporada-2\/\"},\"wordCount\":268,\"publisher\":{\"@id\":\"https:\/\/www.masella.com\/blog\/ca\/#organization\"},\"articleSection\":[\"Actualitat\",\"Ofertes\"],\"inLanguage\":\"ca\"},{\"@type\":\"WebPage\",\"@id\":\"https:\/\/www.masella.com\/blog\/ca\/abonament-de-fi-de-temporada-2\/\",\"url\":\"https:\/\/www.masella.com\/blog\/ca\/abonament-de-fi-de-temporada-2\/\",\"name\":\"ABONAMENT DE FI DE TEMPORADA - El Blog oficial de Masella\",\"isPartOf\":{\"@id\":\"https:\/\/www.masella.com\/blog\/ca\/#website\"},\"datePublished\":\"2017-03-31T07:30:48+00:00\",\"dateModified\":\"2022-06-01T06:35:42+00:00\",\"breadcrumb\":{\"@id\":\"https:\/\/www.masella.com\/blog\/ca\/abonament-de-fi-de-temporada-2\/#breadcrumb\"},\"inLanguage\":\"ca\",\"potentialAction\":[{\"@type\":\"ReadAction\",\"target\":[\"https:\/\/www.masella.com\/blog\/ca\/abonament-de-fi-de-temporada-2\/\"]}]},{\"@type\":\"BreadcrumbList\",\"@id\":\"https:\/\/www.masella.com\/blog\/ca\/abonament-de-fi-de-temporada-2\/#breadcrumb\",\"itemListElement\":[{\"@type\":\"ListItem\",\"position\":1,\"name\":\"Portada\",\"item\":\"https:\/\/www.masella.com\/blog\/ca\/\"},{\"@type\":\"ListItem\",\"position\":2,\"name\":\"ABONAMENT DE FI DE TEMPORADA\"}]},{\"@type\":\"WebSite\",\"@id\":\"https:\/\/www.masella.com\/blog\/ca\/#website\",\"url\":\"https:\/\/www.masella.com\/blog\/ca\/\",\"name\":\"El Blog oficial de Masella\",\"description\":\"\",\"publisher\":{\"@id\":\"https:\/\/www.masella.com\/blog\/ca\/#organization\"},\"potentialAction\":[{\"@type\":\"SearchAction\",\"target\":{\"@type\":\"EntryPoint\",\"urlTemplate\":\"https:\/\/www.masella.com\/blog\/ca\/?s={search_term_string}\"},\"query-input\":\"required name=search_term_string\"}],\"inLanguage\":\"ca\"},{\"@type\":\"Organization\",\"@id\":\"https:\/\/www.masella.com\/blog\/ca\/#organization\",\"name\":\"El Blog oficial de Masella\",\"url\":\"https:\/\/www.masella.com\/blog\/ca\/\",\"logo\":{\"@type\":\"ImageObject\",\"inLanguage\":\"ca\",\"@id\":\"https:\/\/www.masella.com\/blog\/ca\/#\/schema\/logo\/image\/\",\"url\":\"https:\/\/www.masella.com\/blog\/wp-content\/uploads\/2022\/12\/cropped-logo-masella-cat.png\",\"contentUrl\":\"https:\/\/www.masella.com\/blog\/wp-content\/uploads\/2022\/12\/cropped-logo-masella-cat.png\",\"width\":150,\"height\":88,\"caption\":\"El Blog oficial de Masella\"},\"image\":{\"@id\":\"https:\/\/www.masella.com\/blog\/ca\/#\/schema\/logo\/image\/\"}},{\"@type\":\"Person\",\"@id\":\"https:\/\/www.masella.com\/blog\/ca\/#\/schema\/person\/e32b971f5be20790c591d85b8f1c706b\",\"name\":\"masella\",\"image\":{\"@type\":\"ImageObject\",\"inLanguage\":\"ca\",\"@id\":\"https:\/\/www.masella.com\/blog\/ca\/#\/schema\/person\/image\/\",\"url\":\"https:\/\/secure.gravatar.com\/avatar\/57590b1151eaa410a783e55768bbbba2?s=96&d=mm&r=g\",\"contentUrl\":\"https:\/\/secure.gravatar.com\/avatar\/57590b1151eaa410a783e55768bbbba2?s=96&d=mm&r=g\",\"caption\":\"masella\"},\"url\":\"https:\/\/www.masella.com\/blog\/ca\/author\/anna\/\"}]}<\/script>\n<!-- \/ Yoast SEO plugin. -->","yoast_head_json":{"title":"ABONAMENT DE FI DE TEMPORADA - El Blog oficial de Masella","robots":{"index":"index","follow":"follow","max-snippet":"max-snippet:-1","max-image-preview":"max-image-preview:large","max-video-preview":"max-video-preview:-1"},"canonical":"https:\/\/www.masella.com\/blog\/ca\/abonament-de-fi-de-temporada-2\/","og_locale":"ca_ES","og_type":"article","og_title":"ABONAMENT DE FI DE TEMPORADA - El Blog oficial de Masella","og_description":"Des de l\u20191 d\u2019abril ja podeu adquirir l\u2018abonament de fi de temporada que us permet esquiar tots els dies que","og_url":"https:\/\/www.masella.com\/blog\/ca\/abonament-de-fi-de-temporada-2\/","og_site_name":"El Blog oficial de Masella","article_published_time":"2017-03-31T07:30:48+00:00","article_modified_time":"2022-06-01T06:35:42+00:00","og_image":[{"width":1024,"height":768,"url":"https:\/\/www.masella.com\/blog\/wp-content\/uploads\/2017\/03\/P3280680r-1024x768.jpg","type":"image\/jpeg"}],"author":"masella","twitter_card":"summary_large_image","twitter_misc":{"Escrit per":"masella","Temps estimat de lectura":"1 minut"},"schema":{"@context":"https:\/\/schema.org","@graph":[{"@type":"Article","@id":"https:\/\/www.masella.com\/blog\/ca\/abonament-de-fi-de-temporada-2\/#article","isPartOf":{"@id":"https:\/\/www.masella.com\/blog\/ca\/abonament-de-fi-de-temporada-2\/"},"author":{"name":"masella","@id":"https:\/\/www.masella.com\/blog\/ca\/#\/schema\/person\/e32b971f5be20790c591d85b8f1c706b"},"headline":"ABONAMENT DE FI DE TEMPORADA","datePublished":"2017-03-31T07:30:48+00:00","dateModified":"2022-06-01T06:35:42+00:00","mainEntityOfPage":{"@id":"https:\/\/www.masella.com\/blog\/ca\/abonament-de-fi-de-temporada-2\/"},"wordCount":268,"publisher":{"@id":"https:\/\/www.masella.com\/blog\/ca\/#organization"},"articleSection":["Actualitat","Ofertes"],"inLanguage":"ca"},{"@type":"WebPage","@id":"https:\/\/www.masella.com\/blog\/ca\/abonament-de-fi-de-temporada-2\/","url":"https:\/\/www.masella.com\/blog\/ca\/abonament-de-fi-de-temporada-2\/","name":"ABONAMENT DE FI DE TEMPORADA - El Blog oficial de Masella","isPartOf":{"@id":"https:\/\/www.masella.com\/blog\/ca\/#website"},"datePublished":"2017-03-31T07:30:48+00:00","dateModified":"2022-06-01T06:35:42+00:00","breadcrumb":{"@id":"https:\/\/www.masella.com\/blog\/ca\/abonament-de-fi-de-temporada-2\/#breadcrumb"},"inLanguage":"ca","potentialAction":[{"@type":"ReadAction","target":["https:\/\/www.masella.com\/blog\/ca\/abonament-de-fi-de-temporada-2\/"]}]},{"@type":"BreadcrumbList","@id":"https:\/\/www.masella.com\/blog\/ca\/abonament-de-fi-de-temporada-2\/#breadcrumb","itemListElement":[{"@type":"ListItem","position":1,"name":"Portada","item":"https:\/\/www.masella.com\/blog\/ca\/"},{"@type":"ListItem","position":2,"name":"ABONAMENT DE FI DE TEMPORADA"}]},{"@type":"WebSite","@id":"https:\/\/www.masella.com\/blog\/ca\/#website","url":"https:\/\/www.masella.com\/blog\/ca\/","name":"El Blog oficial de Masella","description":"","publisher":{"@id":"https:\/\/www.masella.com\/blog\/ca\/#organization"},"potentialAction":[{"@type":"SearchAction","target":{"@type":"EntryPoint","urlTemplate":"https:\/\/www.masella.com\/blog\/ca\/?s={search_term_string}"},"query-input":"required name=search_term_string"}],"inLanguage":"ca"},{"@type":"Organization","@id":"https:\/\/www.masella.com\/blog\/ca\/#organization","name":"El Blog oficial de Masella","url":"https:\/\/www.masella.com\/blog\/ca\/","logo":{"@type":"ImageObject","inLanguage":"ca","@id":"https:\/\/www.masella.com\/blog\/ca\/#\/schema\/logo\/image\/","url":"https:\/\/www.masella.com\/blog\/wp-content\/uploads\/2022\/12\/cropped-logo-masella-cat.png","contentUrl":"https:\/\/www.masella.com\/blog\/wp-content\/uploads\/2022\/12\/cropped-logo-masella-cat.png","width":150,"height":88,"caption":"El Blog oficial de Masella"},"image":{"@id":"https:\/\/www.masella.com\/blog\/ca\/#\/schema\/logo\/image\/"}},{"@type":"Person","@id":"https:\/\/www.masella.com\/blog\/ca\/#\/schema\/person\/e32b971f5be20790c591d85b8f1c706b","name":"masella","image":{"@type":"ImageObject","inLanguage":"ca","@id":"https:\/\/www.masella.com\/blog\/ca\/#\/schema\/person\/image\/","url":"https:\/\/secure.gravatar.com\/avatar\/57590b1151eaa410a783e55768bbbba2?s=96&d=mm&r=g","contentUrl":"https:\/\/secure.gravatar.com\/avatar\/57590b1151eaa410a783e55768bbbba2?s=96&d=mm&r=g","caption":"masella"},"url":"https:\/\/www.masella.com\/blog\/ca\/author\/anna\/"}]}},"_links":{"self":[{"href":"https:\/\/www.masella.com\/blog\/ca\/wp-json\/wp\/v2\/posts\/843"}],"collection":[{"href":"https:\/\/www.masella.com\/blog\/ca\/wp-json\/wp\/v2\/posts"}],"about":[{"href":"https:\/\/www.masella.com\/blog\/ca\/wp-json\/wp\/v2\/types\/post"}],"author":[{"embeddable":true,"href":"https:\/\/www.masella.com\/blog\/ca\/wp-json\/wp\/v2\/users\/4"}],"replies":[{"embeddable":true,"href":"https:\/\/www.masella.com\/blog\/ca\/wp-json\/wp\/v2\/comments?post=843"}],"version-history":[{"count":9,"href":"https:\/\/www.masella.com\/blog\/ca\/wp-json\/wp\/v2\/posts\/843\/revisions"}],"predecessor-version":[{"id":5384,"href":"https:\/\/www.masella.com\/blog\/ca\/wp-json\/wp\/v2\/posts\/843\/revisions\/5384"}],"wp:featuredmedia":[{"embeddable":true,"href":"https:\/\/www.masella.com\/blog\/ca\/wp-json\/wp\/v2\/media\/2295"}],"wp:attachment":[{"href":"https:\/\/www.masella.com\/blog\/ca\/wp-json\/wp\/v2\/media?parent=843"}],"wp:term":[{"taxonomy":"category","embeddable":true,"href":"https:\/\/www.masella.com\/blog\/ca\/wp-json\/wp\/v2\/categories?post=843"},{"taxonomy":"post_tag","embeddable":true,"href":"https:\/\/www.masella.com\/blog\/ca\/wp-json\/wp\/v2\/tags?post=843"}],"curies":[{"name":"wp","href":"https:\/\/api.w.org\/{rel}","templated":true}]}}