{"id":8630,"date":"2023-02-28T11:31:21","date_gmt":"2023-02-28T11:31:21","guid":{"rendered":"https:\/\/www.masella.com\/blog\/?p=8630"},"modified":"2023-02-28T11:36:37","modified_gmt":"2023-02-28T11:36:37","slug":"cap-de-setmana-de-neu-excel%c2%b7lent-gracies-al-retorn-de-lhivern","status":"publish","type":"post","link":"https:\/\/www.masella.com\/blog\/ca\/cap-de-setmana-de-neu-excel%c2%b7lent-gracies-al-retorn-de-lhivern\/","title":{"rendered":"CAP DE SETMANA DE NEU EXCEL\u00b7LENT GR\u00c0CIES AL RETORN DE L\u2019HIVERN"},"content":{"rendered":"<p>Les nevades del passat dijous, divendres i dissabte, amb una cota de neu que va baixar progressivament de 1800 m fins el fons de la vall, i <strong><u>el fred hivernal han perm\u00e8s que els esquiadors hagin gaudit d\u2019un excel\u00b7lent cap de setmana.<\/u><\/strong> I, indubtablement segons les previsions del temps, tenim unes perspectives d\u2019inici del mar\u00e7 immillorables, en qu\u00e8 el fred ser\u00e0 la t\u00f2nica durant tota aquesta primera setmana d\u2019aquest nou mes.<\/p>\n<p>I tot plegat amb neu de <strong><u>qualitat<\/u><\/strong>, que es veu afavorida per les baixes temperatures i l\u2019ambient sec que la mant\u00e9 pols a tot el domini i a un temps marcat pel fred i el sol, que ha sigut especialment protagonista durant aquest diumenge. <strong><u>Els esquiadors que dissabte al vespre han gaudit de l\u2019Esqu\u00ed Nocturn tamb\u00e9 han tingut \u00f2ptimes condicions<\/u><\/strong> i s\u2019han vist sorpresos per una nevada persistent, entre feble i moderada, que ha fet la nit encara m\u00e9s m\u00e0gica.<\/p>\n<p>El bon estat de pistes, tamb\u00e9 han perm\u00e8s que es pogu\u00e9s <strong><u>gaudir amb plenitud de totes les negres del sector dels Isards- el Tub<\/u><\/strong>, pistes que han fet gaudir de valent als esquiadors experts.<\/p>\n<p><strong><u>Tenim obert el 100% del desnivell esquiable<\/u><\/strong>, amb 935 m de desnivell, amb una baixada continua des del cim de la Tosa-2535 m fins el Pla de Masella-1600 m. A m\u00e9s a m\u00e9s, tenim <strong><u>totes les bases de l\u2019estaci\u00f3 obertes<\/u><\/strong>, \u00e9s a dir La Pia-1700 m, Pla de Masella-1600 m i Coma Oriola-1950 m.<\/p>\n<p>La <strong><u>previsi\u00f3 per aquesta setmana<\/u><\/strong> \u00e9s:<\/p>\n<ul>\n<li><strong>Pistes:<\/strong> <strong><u>64 pistes<\/u><\/strong> que sumen <strong><u>68 km esquiables<\/u><\/strong><\/li>\n<li><strong>Sectors:<\/strong> <strong><u>9 sectors oberts<\/u><\/strong> (Pla de Masella, Bosc d\u2019Alp, Cap del Bosc, Coma Oriola, Coma Pregona, La Pleta, La Pia, Dues Estacions, la Tosa i Isards &#8211; el Tub)<\/li>\n<li><strong>Remuntadors:<\/strong> <strong><u>14 oberts<\/u><\/strong>, entre els quals els 5 telecadires de l\u2019estaci\u00f3 Coma Oriola, Jumbo Tosa, Masella Jet, La Pia Express i TGV<\/li>\n<li><strong>Acc\u00e9s a pistes:<\/strong> Per <strong><u>Coma Oriola<\/u><\/strong>, <strong><u>la Pia<\/u><\/strong> i \u00a0<strong><u>Pla de Masella<\/u><\/strong><\/li>\n<li><strong>Gruixos:<\/strong> <strong><u>45 a 85 cm<\/u><\/strong> de qualitat pols<\/li>\n<li><strong>Connexi\u00f3 Alp 2500<\/strong>, per enlla\u00e7ar Masella + La Molina \u00e9s <strong><u>oberta al p\u00fablic<\/u><\/strong><\/li>\n<\/ul>\n<p>&nbsp;<\/p>\n<p><a href=\"https:\/\/www.masella.com\/blog\/wp-content\/uploads\/2023\/02\/familiar.jpg\"><img loading=\"lazy\" decoding=\"async\" class=\"size-large wp-image-8647 aligncenter\" src=\"https:\/\/www.masella.com\/blog\/wp-content\/uploads\/2023\/02\/familiar-1024x683.jpg\" alt=\"\" width=\"800\" height=\"534\" srcset=\"https:\/\/www.masella.com\/blog\/wp-content\/uploads\/2023\/02\/familiar-1024x683.jpg 1024w, https:\/\/www.masella.com\/blog\/wp-content\/uploads\/2023\/02\/familiar-300x200.jpg 300w, https:\/\/www.masella.com\/blog\/wp-content\/uploads\/2023\/02\/familiar-768x512.jpg 768w, https:\/\/www.masella.com\/blog\/wp-content\/uploads\/2023\/02\/familiar-1536x1024.jpg 1536w, https:\/\/www.masella.com\/blog\/wp-content\/uploads\/2023\/02\/familiar.jpg 1800w\" sizes=\"(max-width: 800px) 100vw, 800px\" \/><\/a> <a href=\"https:\/\/www.masella.com\/blog\/wp-content\/uploads\/2023\/02\/foto-tosa.jpg\"><img loading=\"lazy\" decoding=\"async\" class=\"size-large wp-image-8643 aligncenter\" src=\"https:\/\/www.masella.com\/blog\/wp-content\/uploads\/2023\/02\/foto-tosa-1024x767.jpg\" alt=\"\" width=\"800\" height=\"599\" srcset=\"https:\/\/www.masella.com\/blog\/wp-content\/uploads\/2023\/02\/foto-tosa-1024x767.jpg 1024w, https:\/\/www.masella.com\/blog\/wp-content\/uploads\/2023\/02\/foto-tosa-300x225.jpg 300w, https:\/\/www.masella.com\/blog\/wp-content\/uploads\/2023\/02\/foto-tosa-768x576.jpg 768w, https:\/\/www.masella.com\/blog\/wp-content\/uploads\/2023\/02\/foto-tosa-1536x1151.jpg 1536w, https:\/\/www.masella.com\/blog\/wp-content\/uploads\/2023\/02\/foto-tosa.jpg 1800w\" sizes=\"(max-width: 800px) 100vw, 800px\" \/><\/a> <a href=\"https:\/\/www.masella.com\/blog\/wp-content\/uploads\/2023\/02\/foto.jpg\"><img loading=\"lazy\" decoding=\"async\" class=\"size-large wp-image-8639 aligncenter\" src=\"https:\/\/www.masella.com\/blog\/wp-content\/uploads\/2023\/02\/foto-1024x683.jpg\" alt=\"\" width=\"800\" height=\"534\" srcset=\"https:\/\/www.masella.com\/blog\/wp-content\/uploads\/2023\/02\/foto-1024x683.jpg 1024w, https:\/\/www.masella.com\/blog\/wp-content\/uploads\/2023\/02\/foto-300x200.jpg 300w, https:\/\/www.masella.com\/blog\/wp-content\/uploads\/2023\/02\/foto-768x512.jpg 768w, https:\/\/www.masella.com\/blog\/wp-content\/uploads\/2023\/02\/foto-1536x1024.jpg 1536w, https:\/\/www.masella.com\/blog\/wp-content\/uploads\/2023\/02\/foto.jpg 1800w\" sizes=\"(max-width: 800px) 100vw, 800px\" \/><\/a><\/p>\n","protected":false},"excerpt":{"rendered":"<p>Les nevades del passat dijous, divendres i dissabte, amb una cota de neu que va baixar progressivament de 1800 m<\/p>\n","protected":false},"author":4,"featured_media":8631,"comment_status":"open","ping_status":"open","sticky":false,"template":"","format":"standard","meta":{"footnotes":""},"categories":[4],"tags":[],"yoast_head":"<!-- This site is optimized with the Yoast SEO plugin v21.5 - https:\/\/yoast.com\/wordpress\/plugins\/seo\/ -->\n<title>CAP DE SETMANA DE NEU EXCEL\u00b7LENT GR\u00c0CIES AL RETORN DE L\u2019HIVERN - El Blog oficial de Masella<\/title>\n<meta name=\"robots\" content=\"index, follow, max-snippet:-1, max-image-preview:large, max-video-preview:-1\" \/>\n<link rel=\"canonical\" href=\"https:\/\/www.masella.com\/blog\/ca\/cap-de-setmana-de-neu-excel\u00b7lent-gracies-al-retorn-de-lhivern\/\" \/>\n<meta property=\"og:locale\" content=\"ca_ES\" \/>\n<meta property=\"og:type\" content=\"article\" \/>\n<meta property=\"og:title\" content=\"CAP DE SETMANA DE NEU EXCEL\u00b7LENT GR\u00c0CIES AL RETORN DE L\u2019HIVERN - El Blog oficial de Masella\" \/>\n<meta property=\"og:description\" content=\"Les nevades del passat dijous, divendres i dissabte, amb una cota de neu que va baixar progressivament de 1800 m\" \/>\n<meta property=\"og:url\" content=\"https:\/\/www.masella.com\/blog\/ca\/cap-de-setmana-de-neu-excel\u00b7lent-gracies-al-retorn-de-lhivern\/\" \/>\n<meta property=\"og:site_name\" content=\"El Blog oficial de Masella\" \/>\n<meta property=\"article:published_time\" content=\"2023-02-28T11:31:21+00:00\" \/>\n<meta property=\"article:modified_time\" content=\"2023-02-28T11:36:37+00:00\" \/>\n<meta property=\"og:image\" content=\"https:\/\/www.masella.com\/blog\/wp-content\/uploads\/2023\/02\/foto-destacada.jpg\" \/>\n\t<meta property=\"og:image:width\" content=\"1800\" \/>\n\t<meta property=\"og:image:height\" content=\"1349\" \/>\n\t<meta property=\"og:image:type\" content=\"image\/jpeg\" \/>\n<meta name=\"author\" content=\"masella\" \/>\n<meta name=\"twitter:card\" content=\"summary_large_image\" \/>\n<meta name=\"twitter:label1\" content=\"Escrit per\" \/>\n\t<meta name=\"twitter:data1\" content=\"masella\" \/>\n\t<meta name=\"twitter:label2\" content=\"Temps estimat de lectura\" \/>\n\t<meta name=\"twitter:data2\" content=\"3 minuts\" \/>\n<script type=\"application\/ld+json\" class=\"yoast-schema-graph\">{\"@context\":\"https:\/\/schema.org\",\"@graph\":[{\"@type\":\"Article\",\"@id\":\"https:\/\/www.masella.com\/blog\/ca\/cap-de-setmana-de-neu-excel%c2%b7lent-gracies-al-retorn-de-lhivern\/#article\",\"isPartOf\":{\"@id\":\"https:\/\/www.masella.com\/blog\/ca\/cap-de-setmana-de-neu-excel%c2%b7lent-gracies-al-retorn-de-lhivern\/\"},\"author\":{\"name\":\"masella\",\"@id\":\"https:\/\/www.masella.com\/blog\/ca\/#\/schema\/person\/e32b971f5be20790c591d85b8f1c706b\"},\"headline\":\"CAP DE SETMANA DE NEU EXCEL\u00b7LENT GR\u00c0CIES AL RETORN DE L\u2019HIVERN\",\"datePublished\":\"2023-02-28T11:31:21+00:00\",\"dateModified\":\"2023-02-28T11:36:37+00:00\",\"mainEntityOfPage\":{\"@id\":\"https:\/\/www.masella.com\/blog\/ca\/cap-de-setmana-de-neu-excel%c2%b7lent-gracies-al-retorn-de-lhivern\/\"},\"wordCount\":361,\"commentCount\":0,\"publisher\":{\"@id\":\"https:\/\/www.masella.com\/blog\/ca\/#organization\"},\"articleSection\":[\"sense categoria\"],\"inLanguage\":\"ca\",\"potentialAction\":[{\"@type\":\"CommentAction\",\"name\":\"Comment\",\"target\":[\"https:\/\/www.masella.com\/blog\/ca\/cap-de-setmana-de-neu-excel%c2%b7lent-gracies-al-retorn-de-lhivern\/#respond\"]}]},{\"@type\":\"WebPage\",\"@id\":\"https:\/\/www.masella.com\/blog\/ca\/cap-de-setmana-de-neu-excel%c2%b7lent-gracies-al-retorn-de-lhivern\/\",\"url\":\"https:\/\/www.masella.com\/blog\/ca\/cap-de-setmana-de-neu-excel%c2%b7lent-gracies-al-retorn-de-lhivern\/\",\"name\":\"CAP DE SETMANA DE NEU EXCEL\u00b7LENT GR\u00c0CIES AL RETORN DE L\u2019HIVERN - El Blog oficial de Masella\",\"isPartOf\":{\"@id\":\"https:\/\/www.masella.com\/blog\/ca\/#website\"},\"datePublished\":\"2023-02-28T11:31:21+00:00\",\"dateModified\":\"2023-02-28T11:36:37+00:00\",\"breadcrumb\":{\"@id\":\"https:\/\/www.masella.com\/blog\/ca\/cap-de-setmana-de-neu-excel%c2%b7lent-gracies-al-retorn-de-lhivern\/#breadcrumb\"},\"inLanguage\":\"ca\",\"potentialAction\":[{\"@type\":\"ReadAction\",\"target\":[\"https:\/\/www.masella.com\/blog\/ca\/cap-de-setmana-de-neu-excel%c2%b7lent-gracies-al-retorn-de-lhivern\/\"]}]},{\"@type\":\"BreadcrumbList\",\"@id\":\"https:\/\/www.masella.com\/blog\/ca\/cap-de-setmana-de-neu-excel%c2%b7lent-gracies-al-retorn-de-lhivern\/#breadcrumb\",\"itemListElement\":[{\"@type\":\"ListItem\",\"position\":1,\"name\":\"Portada\",\"item\":\"https:\/\/www.masella.com\/blog\/ca\/\"},{\"@type\":\"ListItem\",\"position\":2,\"name\":\"CAP DE SETMANA DE NEU EXCEL\u00b7LENT GR\u00c0CIES AL RETORN DE L\u2019HIVERN\"}]},{\"@type\":\"WebSite\",\"@id\":\"https:\/\/www.masella.com\/blog\/ca\/#website\",\"url\":\"https:\/\/www.masella.com\/blog\/ca\/\",\"name\":\"El Blog oficial de Masella\",\"description\":\"\",\"publisher\":{\"@id\":\"https:\/\/www.masella.com\/blog\/ca\/#organization\"},\"potentialAction\":[{\"@type\":\"SearchAction\",\"target\":{\"@type\":\"EntryPoint\",\"urlTemplate\":\"https:\/\/www.masella.com\/blog\/ca\/?s={search_term_string}\"},\"query-input\":\"required name=search_term_string\"}],\"inLanguage\":\"ca\"},{\"@type\":\"Organization\",\"@id\":\"https:\/\/www.masella.com\/blog\/ca\/#organization\",\"name\":\"El Blog oficial de Masella\",\"url\":\"https:\/\/www.masella.com\/blog\/ca\/\",\"logo\":{\"@type\":\"ImageObject\",\"inLanguage\":\"ca\",\"@id\":\"https:\/\/www.masella.com\/blog\/ca\/#\/schema\/logo\/image\/\",\"url\":\"https:\/\/www.masella.com\/blog\/wp-content\/uploads\/2022\/12\/cropped-logo-masella-cat.png\",\"contentUrl\":\"https:\/\/www.masella.com\/blog\/wp-content\/uploads\/2022\/12\/cropped-logo-masella-cat.png\",\"width\":150,\"height\":88,\"caption\":\"El Blog oficial de Masella\"},\"image\":{\"@id\":\"https:\/\/www.masella.com\/blog\/ca\/#\/schema\/logo\/image\/\"}},{\"@type\":\"Person\",\"@id\":\"https:\/\/www.masella.com\/blog\/ca\/#\/schema\/person\/e32b971f5be20790c591d85b8f1c706b\",\"name\":\"masella\",\"image\":{\"@type\":\"ImageObject\",\"inLanguage\":\"ca\",\"@id\":\"https:\/\/www.masella.com\/blog\/ca\/#\/schema\/person\/image\/\",\"url\":\"https:\/\/secure.gravatar.com\/avatar\/57590b1151eaa410a783e55768bbbba2?s=96&d=mm&r=g\",\"contentUrl\":\"https:\/\/secure.gravatar.com\/avatar\/57590b1151eaa410a783e55768bbbba2?s=96&d=mm&r=g\",\"caption\":\"masella\"},\"url\":\"https:\/\/www.masella.com\/blog\/ca\/author\/anna\/\"}]}<\/script>\n<!-- \/ Yoast SEO plugin. -->","yoast_head_json":{"title":"CAP DE SETMANA DE NEU EXCEL\u00b7LENT GR\u00c0CIES AL RETORN DE L\u2019HIVERN - El Blog oficial de Masella","robots":{"index":"index","follow":"follow","max-snippet":"max-snippet:-1","max-image-preview":"max-image-preview:large","max-video-preview":"max-video-preview:-1"},"canonical":"https:\/\/www.masella.com\/blog\/ca\/cap-de-setmana-de-neu-excel\u00b7lent-gracies-al-retorn-de-lhivern\/","og_locale":"ca_ES","og_type":"article","og_title":"CAP DE SETMANA DE NEU EXCEL\u00b7LENT GR\u00c0CIES AL RETORN DE L\u2019HIVERN - El Blog oficial de Masella","og_description":"Les nevades del passat dijous, divendres i dissabte, amb una cota de neu que va baixar progressivament de 1800 m","og_url":"https:\/\/www.masella.com\/blog\/ca\/cap-de-setmana-de-neu-excel\u00b7lent-gracies-al-retorn-de-lhivern\/","og_site_name":"El Blog oficial de Masella","article_published_time":"2023-02-28T11:31:21+00:00","article_modified_time":"2023-02-28T11:36:37+00:00","og_image":[{"width":1800,"height":1349,"url":"https:\/\/www.masella.com\/blog\/wp-content\/uploads\/2023\/02\/foto-destacada.jpg","type":"image\/jpeg"}],"author":"masella","twitter_card":"summary_large_image","twitter_misc":{"Escrit per":"masella","Temps estimat de lectura":"3 minuts"},"schema":{"@context":"https:\/\/schema.org","@graph":[{"@type":"Article","@id":"https:\/\/www.masella.com\/blog\/ca\/cap-de-setmana-de-neu-excel%c2%b7lent-gracies-al-retorn-de-lhivern\/#article","isPartOf":{"@id":"https:\/\/www.masella.com\/blog\/ca\/cap-de-setmana-de-neu-excel%c2%b7lent-gracies-al-retorn-de-lhivern\/"},"author":{"name":"masella","@id":"https:\/\/www.masella.com\/blog\/ca\/#\/schema\/person\/e32b971f5be20790c591d85b8f1c706b"},"headline":"CAP DE SETMANA DE NEU EXCEL\u00b7LENT GR\u00c0CIES AL RETORN DE L\u2019HIVERN","datePublished":"2023-02-28T11:31:21+00:00","dateModified":"2023-02-28T11:36:37+00:00","mainEntityOfPage":{"@id":"https:\/\/www.masella.com\/blog\/ca\/cap-de-setmana-de-neu-excel%c2%b7lent-gracies-al-retorn-de-lhivern\/"},"wordCount":361,"commentCount":0,"publisher":{"@id":"https:\/\/www.masella.com\/blog\/ca\/#organization"},"articleSection":["sense categoria"],"inLanguage":"ca","potentialAction":[{"@type":"CommentAction","name":"Comment","target":["https:\/\/www.masella.com\/blog\/ca\/cap-de-setmana-de-neu-excel%c2%b7lent-gracies-al-retorn-de-lhivern\/#respond"]}]},{"@type":"WebPage","@id":"https:\/\/www.masella.com\/blog\/ca\/cap-de-setmana-de-neu-excel%c2%b7lent-gracies-al-retorn-de-lhivern\/","url":"https:\/\/www.masella.com\/blog\/ca\/cap-de-setmana-de-neu-excel%c2%b7lent-gracies-al-retorn-de-lhivern\/","name":"CAP DE SETMANA DE NEU EXCEL\u00b7LENT GR\u00c0CIES AL RETORN DE L\u2019HIVERN - El Blog oficial de Masella","isPartOf":{"@id":"https:\/\/www.masella.com\/blog\/ca\/#website"},"datePublished":"2023-02-28T11:31:21+00:00","dateModified":"2023-02-28T11:36:37+00:00","breadcrumb":{"@id":"https:\/\/www.masella.com\/blog\/ca\/cap-de-setmana-de-neu-excel%c2%b7lent-gracies-al-retorn-de-lhivern\/#breadcrumb"},"inLanguage":"ca","potentialAction":[{"@type":"ReadAction","target":["https:\/\/www.masella.com\/blog\/ca\/cap-de-setmana-de-neu-excel%c2%b7lent-gracies-al-retorn-de-lhivern\/"]}]},{"@type":"BreadcrumbList","@id":"https:\/\/www.masella.com\/blog\/ca\/cap-de-setmana-de-neu-excel%c2%b7lent-gracies-al-retorn-de-lhivern\/#breadcrumb","itemListElement":[{"@type":"ListItem","position":1,"name":"Portada","item":"https:\/\/www.masella.com\/blog\/ca\/"},{"@type":"ListItem","position":2,"name":"CAP DE SETMANA DE NEU EXCEL\u00b7LENT GR\u00c0CIES AL RETORN DE L\u2019HIVERN"}]},{"@type":"WebSite","@id":"https:\/\/www.masella.com\/blog\/ca\/#website","url":"https:\/\/www.masella.com\/blog\/ca\/","name":"El Blog oficial de Masella","description":"","publisher":{"@id":"https:\/\/www.masella.com\/blog\/ca\/#organization"},"potentialAction":[{"@type":"SearchAction","target":{"@type":"EntryPoint","urlTemplate":"https:\/\/www.masella.com\/blog\/ca\/?s={search_term_string}"},"query-input":"required name=search_term_string"}],"inLanguage":"ca"},{"@type":"Organization","@id":"https:\/\/www.masella.com\/blog\/ca\/#organization","name":"El Blog oficial de Masella","url":"https:\/\/www.masella.com\/blog\/ca\/","logo":{"@type":"ImageObject","inLanguage":"ca","@id":"https:\/\/www.masella.com\/blog\/ca\/#\/schema\/logo\/image\/","url":"https:\/\/www.masella.com\/blog\/wp-content\/uploads\/2022\/12\/cropped-logo-masella-cat.png","contentUrl":"https:\/\/www.masella.com\/blog\/wp-content\/uploads\/2022\/12\/cropped-logo-masella-cat.png","width":150,"height":88,"caption":"El Blog oficial de Masella"},"image":{"@id":"https:\/\/www.masella.com\/blog\/ca\/#\/schema\/logo\/image\/"}},{"@type":"Person","@id":"https:\/\/www.masella.com\/blog\/ca\/#\/schema\/person\/e32b971f5be20790c591d85b8f1c706b","name":"masella","image":{"@type":"ImageObject","inLanguage":"ca","@id":"https:\/\/www.masella.com\/blog\/ca\/#\/schema\/person\/image\/","url":"https:\/\/secure.gravatar.com\/avatar\/57590b1151eaa410a783e55768bbbba2?s=96&d=mm&r=g","contentUrl":"https:\/\/secure.gravatar.com\/avatar\/57590b1151eaa410a783e55768bbbba2?s=96&d=mm&r=g","caption":"masella"},"url":"https:\/\/www.masella.com\/blog\/ca\/author\/anna\/"}]}},"_links":{"self":[{"href":"https:\/\/www.masella.com\/blog\/ca\/wp-json\/wp\/v2\/posts\/8630"}],"collection":[{"href":"https:\/\/www.masella.com\/blog\/ca\/wp-json\/wp\/v2\/posts"}],"about":[{"href":"https:\/\/www.masella.com\/blog\/ca\/wp-json\/wp\/v2\/types\/post"}],"author":[{"embeddable":true,"href":"https:\/\/www.masella.com\/blog\/ca\/wp-json\/wp\/v2\/users\/4"}],"replies":[{"embeddable":true,"href":"https:\/\/www.masella.com\/blog\/ca\/wp-json\/wp\/v2\/comments?post=8630"}],"version-history":[{"count":2,"href":"https:\/\/www.masella.com\/blog\/ca\/wp-json\/wp\/v2\/posts\/8630\/revisions"}],"predecessor-version":[{"id":8652,"href":"https:\/\/www.masella.com\/blog\/ca\/wp-json\/wp\/v2\/posts\/8630\/revisions\/8652"}],"wp:featuredmedia":[{"embeddable":true,"href":"https:\/\/www.masella.com\/blog\/ca\/wp-json\/wp\/v2\/media\/8631"}],"wp:attachment":[{"href":"https:\/\/www.masella.com\/blog\/ca\/wp-json\/wp\/v2\/media?parent=8630"}],"wp:term":[{"taxonomy":"category","embeddable":true,"href":"https:\/\/www.masella.com\/blog\/ca\/wp-json\/wp\/v2\/categories?post=8630"},{"taxonomy":"post_tag","embeddable":true,"href":"https:\/\/www.masella.com\/blog\/ca\/wp-json\/wp\/v2\/tags?post=8630"}],"curies":[{"name":"wp","href":"https:\/\/api.w.org\/{rel}","templated":true}]}}