{"id":8686,"date":"2023-03-05T11:37:15","date_gmt":"2023-03-05T11:37:15","guid":{"rendered":"https:\/\/www.masella.com\/blog\/?p=8686"},"modified":"2023-03-08T11:59:51","modified_gmt":"2023-03-08T11:59:51","slug":"balanc-positiu-de-la-temporada-desqui-nocturn-2022-23","status":"publish","type":"post","link":"https:\/\/www.masella.com\/blog\/ca\/balanc-positiu-de-la-temporada-desqui-nocturn-2022-23\/","title":{"rendered":"BALAN\u00c7 POSITIU DE LA TEMPORADA D\u2019ESQU\u00cd NOCTURN 2022-23"},"content":{"rendered":"<p style=\"text-align: center;\"><strong>XIFRES MOLT BONES QUE POSEN DE MANIFEST L\u2019EXCEL\u00b7LENT ACCEPTACI\u00d3 DE L\u2019ESQU\u00cd NOCTURN A MASELLA <\/strong><\/p>\n<p><strong><u>Aquest dissabte<\/u><\/strong>, dia 4 de mar\u00e7,\u00a0 Masella <strong><u>ha donat per finalitzada la temporada d\u2019Esqu\u00ed Nocturn<\/u><\/strong>. S\u2019han obert <strong><u>un total de 19 nits entre dijous, dissabtes i festius<\/u><\/strong> de les festes de Nadal.<\/p>\n<p><strong><u>El domini esquiable de nit <\/u><\/strong>, inaugurat la temporada 2013-14, \u00e9s una experi\u00e8ncia amb <strong><u>molt bona acceptaci\u00f3.<\/u><\/strong> Els <strong><u>m\u00e9s de 27.000 esquiadors,<\/u><\/strong> que han gaudit del domini esquiable nocturn aquesta temporada, <strong><u>s\u00f3n una bona mostra de que \u00e9s una oferta tur\u00edstica consolidada.<\/u><\/strong><\/p>\n<p>El <strong><u>domini esquiable nocturn<\/u><\/strong> consta de:<\/p>\n<p>&#8211;<strong><u>10 Km esquiables<\/u><\/strong><\/p>\n<p>&#8211;<strong><u>6 remuntadors oberts<\/u><\/strong><\/p>\n<p>&#8211;<strong><u>13 pistes obertes<\/u><\/strong><\/p>\n<p>&#8211;<strong><u>Obert tots els dijous, dissabtes i alguns festius<\/u><\/strong><\/p>\n<p><strong>&#8211;<u>Desnivell: 420 m que recorren per dins el bosc<\/u><\/strong><\/p>\n<p>&nbsp;<\/p>\n<p><strong><u>Ara<\/u><\/strong>, tal i com estava previst en el calendari<strong>, <u>finalitzem la temporada de nocturn a causa que el dia avan\u00e7a inexorablement i en breu es realitzar\u00e0 el canvi d\u2019hora. <\/u><\/strong><\/p>\n<p>&nbsp;<\/p>\n<p><strong><u>L\u2019Esqu\u00ed Nocturn de Masella s\u2019ha vist complementat amb l\u2019oferta gastron\u00f2mica<\/u><\/strong> t\u00edpica de muntanya (fondues, raclettes, tartiflettes, trinxats de la Cerdanya, etc.) <strong><u>en el Restaurant del Pla de Masella durant tots els dissabtes i festius<\/u><\/strong>. I, tamb\u00e9, <strong><u>amb l\u2019Apr\u00e8s-ski al M\u00f6od Masella \u2013 Stern Motor &#8211; Taittinger,<\/u><\/strong> a la zona del Pla de Masella.<\/p>\n<p>&nbsp;<\/p>\n<p>Aquest primer <strong><u>cap de setmana de mar\u00e7 s\u2019ha gaudit d\u2019unes condicions excel\u00b7lents<\/u><\/strong>, gr\u00e0cies a uns dies radiants, amb sol, cel blau i ambient fred, que mant\u00e9 la neu.<\/p>\n<p>La <strong><u>previsi\u00f3 per aquesta segona setmana de mar\u00e7<\/u><\/strong> \u00e9s:<\/p>\n<ul>\n<li><strong>Pistes:<\/strong> <strong><u>54 pistes<\/u><\/strong> que sumen <strong><u>63 km esquiables<\/u><\/strong><\/li>\n<li><strong>Sectors:<\/strong> <strong><u>9 sectors oberts<\/u><\/strong> (Pla de Masella, Bosc d\u2019Alp, Cap del Bosc, Coma Oriola, Coma Pregona, La Pleta, La Pia, Dues Estacions, la Tosa i Isards).<\/li>\n<li><strong>Remuntadors:<\/strong> <strong><u>14 oberts<\/u><\/strong>, entre els quals els 5 telecadires de l\u2019estaci\u00f3 Coma Oriola, Jumbo Tosa, Masella Jet, La Pia Express i TGV<\/li>\n<li><strong>Acc\u00e9s a pistes:<\/strong> Per <strong><u>Coma Oriola<\/u><\/strong>, <strong><u>la Pia<\/u><\/strong> i \u00a0<strong><u>Pla de Masella<\/u><\/strong><\/li>\n<li><strong>Gruixos:<\/strong> <strong><u>45 a 90 cm<\/u><\/strong> de qualitat <strong><u>pols<\/u><\/strong><\/li>\n<li><strong>Connexi\u00f3 Alp 2500<\/strong>, per enlla\u00e7ar Masella + La Molina \u00e9s <strong><u>oberta al p\u00fablic<\/u><\/strong><\/li>\n<\/ul>\n<p><a href=\"https:\/\/www.masella.com\/blog\/wp-content\/uploads\/2023\/03\/A7402307.jpeg\"><img loading=\"lazy\" decoding=\"async\" class=\"alignnone size-large wp-image-8692\" src=\"https:\/\/www.masella.com\/blog\/wp-content\/uploads\/2023\/03\/A7402307-1024x683.jpeg\" alt=\"\" width=\"800\" height=\"534\" srcset=\"https:\/\/www.masella.com\/blog\/wp-content\/uploads\/2023\/03\/A7402307-1024x683.jpeg 1024w, https:\/\/www.masella.com\/blog\/wp-content\/uploads\/2023\/03\/A7402307-300x200.jpeg 300w, https:\/\/www.masella.com\/blog\/wp-content\/uploads\/2023\/03\/A7402307-768x512.jpeg 768w, https:\/\/www.masella.com\/blog\/wp-content\/uploads\/2023\/03\/A7402307-1536x1024.jpeg 1536w, https:\/\/www.masella.com\/blog\/wp-content\/uploads\/2023\/03\/A7402307.jpeg 1800w\" sizes=\"(max-width: 800px) 100vw, 800px\" \/><\/a> <a href=\"https:\/\/www.masella.com\/blog\/wp-content\/uploads\/2023\/03\/A7402373.jpeg\"><img loading=\"lazy\" decoding=\"async\" class=\"alignnone size-large wp-image-8696\" src=\"https:\/\/www.masella.com\/blog\/wp-content\/uploads\/2023\/03\/A7402373-1024x925.jpeg\" alt=\"\" width=\"800\" height=\"723\" srcset=\"https:\/\/www.masella.com\/blog\/wp-content\/uploads\/2023\/03\/A7402373-1024x925.jpeg 1024w, https:\/\/www.masella.com\/blog\/wp-content\/uploads\/2023\/03\/A7402373-300x271.jpeg 300w, https:\/\/www.masella.com\/blog\/wp-content\/uploads\/2023\/03\/A7402373-768x694.jpeg 768w, https:\/\/www.masella.com\/blog\/wp-content\/uploads\/2023\/03\/A7402373-1536x1388.jpeg 1536w, https:\/\/www.masella.com\/blog\/wp-content\/uploads\/2023\/03\/A7402373.jpeg 1800w\" sizes=\"(max-width: 800px) 100vw, 800px\" \/><\/a> <a href=\"https:\/\/www.masella.com\/blog\/wp-content\/uploads\/2023\/03\/A7405189.jpeg\"><img loading=\"lazy\" decoding=\"async\" class=\"alignnone size-large wp-image-8700\" src=\"https:\/\/www.masella.com\/blog\/wp-content\/uploads\/2023\/03\/A7405189-1024x683.jpeg\" alt=\"\" width=\"800\" height=\"534\" srcset=\"https:\/\/www.masella.com\/blog\/wp-content\/uploads\/2023\/03\/A7405189-1024x683.jpeg 1024w, https:\/\/www.masella.com\/blog\/wp-content\/uploads\/2023\/03\/A7405189-300x200.jpeg 300w, https:\/\/www.masella.com\/blog\/wp-content\/uploads\/2023\/03\/A7405189-768x512.jpeg 768w, https:\/\/www.masella.com\/blog\/wp-content\/uploads\/2023\/03\/A7405189-1536x1024.jpeg 1536w, https:\/\/www.masella.com\/blog\/wp-content\/uploads\/2023\/03\/A7405189.jpeg 1800w\" sizes=\"(max-width: 800px) 100vw, 800px\" \/><\/a> <a href=\"https:\/\/www.masella.com\/blog\/wp-content\/uploads\/2023\/03\/A7405236.jpeg\"><img loading=\"lazy\" decoding=\"async\" class=\"alignnone size-large wp-image-8704\" src=\"https:\/\/www.masella.com\/blog\/wp-content\/uploads\/2023\/03\/A7405236-1024x768.jpeg\" alt=\"\" width=\"800\" height=\"600\" srcset=\"https:\/\/www.masella.com\/blog\/wp-content\/uploads\/2023\/03\/A7405236-1024x768.jpeg 1024w, https:\/\/www.masella.com\/blog\/wp-content\/uploads\/2023\/03\/A7405236-300x225.jpeg 300w, https:\/\/www.masella.com\/blog\/wp-content\/uploads\/2023\/03\/A7405236-768x576.jpeg 768w, https:\/\/www.masella.com\/blog\/wp-content\/uploads\/2023\/03\/A7405236-1536x1152.jpeg 1536w, https:\/\/www.masella.com\/blog\/wp-content\/uploads\/2023\/03\/A7405236.jpeg 1800w\" sizes=\"(max-width: 800px) 100vw, 800px\" \/><\/a><\/p>\n<figure id=\"attachment_8708\" aria-describedby=\"caption-attachment-8708\" style=\"width: 800px\" class=\"wp-caption alignnone\"><a href=\"https:\/\/www.masella.com\/blog\/wp-content\/uploads\/2023\/03\/dji_fly_20230209_184248_515_1675964875187_pano.jpeg\"><img loading=\"lazy\" decoding=\"async\" class=\"size-large wp-image-8708\" src=\"https:\/\/www.masella.com\/blog\/wp-content\/uploads\/2023\/03\/dji_fly_20230209_184248_515_1675964875187_pano-1024x768.jpeg\" alt=\"\" width=\"800\" height=\"600\" srcset=\"https:\/\/www.masella.com\/blog\/wp-content\/uploads\/2023\/03\/dji_fly_20230209_184248_515_1675964875187_pano-1024x768.jpeg 1024w, https:\/\/www.masella.com\/blog\/wp-content\/uploads\/2023\/03\/dji_fly_20230209_184248_515_1675964875187_pano-300x225.jpeg 300w, https:\/\/www.masella.com\/blog\/wp-content\/uploads\/2023\/03\/dji_fly_20230209_184248_515_1675964875187_pano-768x576.jpeg 768w, https:\/\/www.masella.com\/blog\/wp-content\/uploads\/2023\/03\/dji_fly_20230209_184248_515_1675964875187_pano-1536x1152.jpeg 1536w, https:\/\/www.masella.com\/blog\/wp-content\/uploads\/2023\/03\/dji_fly_20230209_184248_515_1675964875187_pano.jpeg 1800w\" sizes=\"(max-width: 800px) 100vw, 800px\" \/><\/a><figcaption id=\"caption-attachment-8708\" class=\"wp-caption-text\">default<\/figcaption><\/figure>\n<figure id=\"attachment_8712\" aria-describedby=\"caption-attachment-8712\" style=\"width: 800px\" class=\"wp-caption alignnone\"><a href=\"https:\/\/www.masella.com\/blog\/wp-content\/uploads\/2023\/03\/dji_fly_20230302_191126_84_1677781327865_photo.jpeg\"><img loading=\"lazy\" decoding=\"async\" class=\"size-large wp-image-8712\" src=\"https:\/\/www.masella.com\/blog\/wp-content\/uploads\/2023\/03\/dji_fly_20230302_191126_84_1677781327865_photo-1024x768.jpeg\" alt=\"\" width=\"800\" height=\"600\" srcset=\"https:\/\/www.masella.com\/blog\/wp-content\/uploads\/2023\/03\/dji_fly_20230302_191126_84_1677781327865_photo-1024x768.jpeg 1024w, https:\/\/www.masella.com\/blog\/wp-content\/uploads\/2023\/03\/dji_fly_20230302_191126_84_1677781327865_photo-300x225.jpeg 300w, https:\/\/www.masella.com\/blog\/wp-content\/uploads\/2023\/03\/dji_fly_20230302_191126_84_1677781327865_photo-768x576.jpeg 768w, https:\/\/www.masella.com\/blog\/wp-content\/uploads\/2023\/03\/dji_fly_20230302_191126_84_1677781327865_photo-1536x1152.jpeg 1536w, https:\/\/www.masella.com\/blog\/wp-content\/uploads\/2023\/03\/dji_fly_20230302_191126_84_1677781327865_photo.jpeg 1800w\" sizes=\"(max-width: 800px) 100vw, 800px\" \/><\/a><figcaption id=\"caption-attachment-8712\" class=\"wp-caption-text\">default<\/figcaption><\/figure>\n","protected":false},"excerpt":{"rendered":"<p>XIFRES MOLT BONES QUE POSEN DE MANIFEST L\u2019EXCEL\u00b7LENT ACCEPTACI\u00d3 DE L\u2019ESQU\u00cd NOCTURN A MASELLA Aquest dissabte, dia 4 de mar\u00e7,\u00a0<\/p>\n","protected":false},"author":4,"featured_media":8687,"comment_status":"open","ping_status":"open","sticky":false,"template":"","format":"standard","meta":{"footnotes":""},"categories":[21],"tags":[],"yoast_head":"<!-- This site is optimized with the Yoast SEO plugin v21.5 - https:\/\/yoast.com\/wordpress\/plugins\/seo\/ -->\n<title>BALAN\u00c7 POSITIU DE LA TEMPORADA D\u2019ESQU\u00cd NOCTURN 2022-23 - El Blog oficial de Masella<\/title>\n<meta name=\"robots\" content=\"index, follow, max-snippet:-1, max-image-preview:large, max-video-preview:-1\" \/>\n<link rel=\"canonical\" href=\"https:\/\/www.masella.com\/blog\/ca\/balanc-positiu-de-la-temporada-desqui-nocturn-2022-23\/\" \/>\n<meta property=\"og:locale\" content=\"ca_ES\" \/>\n<meta property=\"og:type\" content=\"article\" \/>\n<meta property=\"og:title\" content=\"BALAN\u00c7 POSITIU DE LA TEMPORADA D\u2019ESQU\u00cd NOCTURN 2022-23 - El Blog oficial de Masella\" \/>\n<meta property=\"og:description\" content=\"XIFRES MOLT BONES QUE POSEN DE MANIFEST L\u2019EXCEL\u00b7LENT ACCEPTACI\u00d3 DE L\u2019ESQU\u00cd NOCTURN A MASELLA Aquest dissabte, dia 4 de mar\u00e7,\u00a0\" \/>\n<meta property=\"og:url\" content=\"https:\/\/www.masella.com\/blog\/ca\/balanc-positiu-de-la-temporada-desqui-nocturn-2022-23\/\" \/>\n<meta property=\"og:site_name\" content=\"El Blog oficial de Masella\" \/>\n<meta property=\"article:published_time\" content=\"2023-03-05T11:37:15+00:00\" \/>\n<meta property=\"article:modified_time\" content=\"2023-03-08T11:59:51+00:00\" \/>\n<meta property=\"og:image\" content=\"https:\/\/www.masella.com\/blog\/wp-content\/uploads\/2023\/03\/dji_fly_20230302_191018_82_1677781336420_pano.jpeg\" \/>\n\t<meta property=\"og:image:width\" content=\"1800\" \/>\n\t<meta property=\"og:image:height\" content=\"1350\" \/>\n\t<meta property=\"og:image:type\" content=\"image\/jpeg\" \/>\n<meta name=\"author\" content=\"masella\" \/>\n<meta name=\"twitter:card\" content=\"summary_large_image\" \/>\n<meta name=\"twitter:label1\" content=\"Escrit per\" \/>\n\t<meta name=\"twitter:data1\" content=\"masella\" \/>\n\t<meta name=\"twitter:label2\" content=\"Temps estimat de lectura\" \/>\n\t<meta name=\"twitter:data2\" content=\"4 minuts\" \/>\n<script type=\"application\/ld+json\" class=\"yoast-schema-graph\">{\"@context\":\"https:\/\/schema.org\",\"@graph\":[{\"@type\":\"Article\",\"@id\":\"https:\/\/www.masella.com\/blog\/ca\/balanc-positiu-de-la-temporada-desqui-nocturn-2022-23\/#article\",\"isPartOf\":{\"@id\":\"https:\/\/www.masella.com\/blog\/ca\/balanc-positiu-de-la-temporada-desqui-nocturn-2022-23\/\"},\"author\":{\"name\":\"masella\",\"@id\":\"https:\/\/www.masella.com\/blog\/ca\/#\/schema\/person\/e32b971f5be20790c591d85b8f1c706b\"},\"headline\":\"BALAN\u00c7 POSITIU DE LA TEMPORADA D\u2019ESQU\u00cd NOCTURN 2022-23\",\"datePublished\":\"2023-03-05T11:37:15+00:00\",\"dateModified\":\"2023-03-08T11:59:51+00:00\",\"mainEntityOfPage\":{\"@id\":\"https:\/\/www.masella.com\/blog\/ca\/balanc-positiu-de-la-temporada-desqui-nocturn-2022-23\/\"},\"wordCount\":370,\"commentCount\":0,\"publisher\":{\"@id\":\"https:\/\/www.masella.com\/blog\/ca\/#organization\"},\"articleSection\":[\"Actualitat\"],\"inLanguage\":\"ca\",\"potentialAction\":[{\"@type\":\"CommentAction\",\"name\":\"Comment\",\"target\":[\"https:\/\/www.masella.com\/blog\/ca\/balanc-positiu-de-la-temporada-desqui-nocturn-2022-23\/#respond\"]}]},{\"@type\":\"WebPage\",\"@id\":\"https:\/\/www.masella.com\/blog\/ca\/balanc-positiu-de-la-temporada-desqui-nocturn-2022-23\/\",\"url\":\"https:\/\/www.masella.com\/blog\/ca\/balanc-positiu-de-la-temporada-desqui-nocturn-2022-23\/\",\"name\":\"BALAN\u00c7 POSITIU DE LA TEMPORADA D\u2019ESQU\u00cd NOCTURN 2022-23 - El Blog oficial de Masella\",\"isPartOf\":{\"@id\":\"https:\/\/www.masella.com\/blog\/ca\/#website\"},\"datePublished\":\"2023-03-05T11:37:15+00:00\",\"dateModified\":\"2023-03-08T11:59:51+00:00\",\"breadcrumb\":{\"@id\":\"https:\/\/www.masella.com\/blog\/ca\/balanc-positiu-de-la-temporada-desqui-nocturn-2022-23\/#breadcrumb\"},\"inLanguage\":\"ca\",\"potentialAction\":[{\"@type\":\"ReadAction\",\"target\":[\"https:\/\/www.masella.com\/blog\/ca\/balanc-positiu-de-la-temporada-desqui-nocturn-2022-23\/\"]}]},{\"@type\":\"BreadcrumbList\",\"@id\":\"https:\/\/www.masella.com\/blog\/ca\/balanc-positiu-de-la-temporada-desqui-nocturn-2022-23\/#breadcrumb\",\"itemListElement\":[{\"@type\":\"ListItem\",\"position\":1,\"name\":\"Portada\",\"item\":\"https:\/\/www.masella.com\/blog\/ca\/\"},{\"@type\":\"ListItem\",\"position\":2,\"name\":\"BALAN\u00c7 POSITIU DE LA TEMPORADA D\u2019ESQU\u00cd NOCTURN 2022-23\"}]},{\"@type\":\"WebSite\",\"@id\":\"https:\/\/www.masella.com\/blog\/ca\/#website\",\"url\":\"https:\/\/www.masella.com\/blog\/ca\/\",\"name\":\"El Blog oficial de Masella\",\"description\":\"\",\"publisher\":{\"@id\":\"https:\/\/www.masella.com\/blog\/ca\/#organization\"},\"potentialAction\":[{\"@type\":\"SearchAction\",\"target\":{\"@type\":\"EntryPoint\",\"urlTemplate\":\"https:\/\/www.masella.com\/blog\/ca\/?s={search_term_string}\"},\"query-input\":\"required name=search_term_string\"}],\"inLanguage\":\"ca\"},{\"@type\":\"Organization\",\"@id\":\"https:\/\/www.masella.com\/blog\/ca\/#organization\",\"name\":\"El Blog oficial de Masella\",\"url\":\"https:\/\/www.masella.com\/blog\/ca\/\",\"logo\":{\"@type\":\"ImageObject\",\"inLanguage\":\"ca\",\"@id\":\"https:\/\/www.masella.com\/blog\/ca\/#\/schema\/logo\/image\/\",\"url\":\"https:\/\/www.masella.com\/blog\/wp-content\/uploads\/2022\/12\/cropped-logo-masella-cat.png\",\"contentUrl\":\"https:\/\/www.masella.com\/blog\/wp-content\/uploads\/2022\/12\/cropped-logo-masella-cat.png\",\"width\":150,\"height\":88,\"caption\":\"El Blog oficial de Masella\"},\"image\":{\"@id\":\"https:\/\/www.masella.com\/blog\/ca\/#\/schema\/logo\/image\/\"}},{\"@type\":\"Person\",\"@id\":\"https:\/\/www.masella.com\/blog\/ca\/#\/schema\/person\/e32b971f5be20790c591d85b8f1c706b\",\"name\":\"masella\",\"image\":{\"@type\":\"ImageObject\",\"inLanguage\":\"ca\",\"@id\":\"https:\/\/www.masella.com\/blog\/ca\/#\/schema\/person\/image\/\",\"url\":\"https:\/\/secure.gravatar.com\/avatar\/57590b1151eaa410a783e55768bbbba2?s=96&d=mm&r=g\",\"contentUrl\":\"https:\/\/secure.gravatar.com\/avatar\/57590b1151eaa410a783e55768bbbba2?s=96&d=mm&r=g\",\"caption\":\"masella\"},\"url\":\"https:\/\/www.masella.com\/blog\/ca\/author\/anna\/\"}]}<\/script>\n<!-- \/ Yoast SEO plugin. -->","yoast_head_json":{"title":"BALAN\u00c7 POSITIU DE LA TEMPORADA D\u2019ESQU\u00cd NOCTURN 2022-23 - El Blog oficial de Masella","robots":{"index":"index","follow":"follow","max-snippet":"max-snippet:-1","max-image-preview":"max-image-preview:large","max-video-preview":"max-video-preview:-1"},"canonical":"https:\/\/www.masella.com\/blog\/ca\/balanc-positiu-de-la-temporada-desqui-nocturn-2022-23\/","og_locale":"ca_ES","og_type":"article","og_title":"BALAN\u00c7 POSITIU DE LA TEMPORADA D\u2019ESQU\u00cd NOCTURN 2022-23 - El Blog oficial de Masella","og_description":"XIFRES MOLT BONES QUE POSEN DE MANIFEST L\u2019EXCEL\u00b7LENT ACCEPTACI\u00d3 DE L\u2019ESQU\u00cd NOCTURN A MASELLA Aquest dissabte, dia 4 de mar\u00e7,\u00a0","og_url":"https:\/\/www.masella.com\/blog\/ca\/balanc-positiu-de-la-temporada-desqui-nocturn-2022-23\/","og_site_name":"El Blog oficial de Masella","article_published_time":"2023-03-05T11:37:15+00:00","article_modified_time":"2023-03-08T11:59:51+00:00","og_image":[{"width":1800,"height":1350,"url":"https:\/\/www.masella.com\/blog\/wp-content\/uploads\/2023\/03\/dji_fly_20230302_191018_82_1677781336420_pano.jpeg","type":"image\/jpeg"}],"author":"masella","twitter_card":"summary_large_image","twitter_misc":{"Escrit per":"masella","Temps estimat de lectura":"4 minuts"},"schema":{"@context":"https:\/\/schema.org","@graph":[{"@type":"Article","@id":"https:\/\/www.masella.com\/blog\/ca\/balanc-positiu-de-la-temporada-desqui-nocturn-2022-23\/#article","isPartOf":{"@id":"https:\/\/www.masella.com\/blog\/ca\/balanc-positiu-de-la-temporada-desqui-nocturn-2022-23\/"},"author":{"name":"masella","@id":"https:\/\/www.masella.com\/blog\/ca\/#\/schema\/person\/e32b971f5be20790c591d85b8f1c706b"},"headline":"BALAN\u00c7 POSITIU DE LA TEMPORADA D\u2019ESQU\u00cd NOCTURN 2022-23","datePublished":"2023-03-05T11:37:15+00:00","dateModified":"2023-03-08T11:59:51+00:00","mainEntityOfPage":{"@id":"https:\/\/www.masella.com\/blog\/ca\/balanc-positiu-de-la-temporada-desqui-nocturn-2022-23\/"},"wordCount":370,"commentCount":0,"publisher":{"@id":"https:\/\/www.masella.com\/blog\/ca\/#organization"},"articleSection":["Actualitat"],"inLanguage":"ca","potentialAction":[{"@type":"CommentAction","name":"Comment","target":["https:\/\/www.masella.com\/blog\/ca\/balanc-positiu-de-la-temporada-desqui-nocturn-2022-23\/#respond"]}]},{"@type":"WebPage","@id":"https:\/\/www.masella.com\/blog\/ca\/balanc-positiu-de-la-temporada-desqui-nocturn-2022-23\/","url":"https:\/\/www.masella.com\/blog\/ca\/balanc-positiu-de-la-temporada-desqui-nocturn-2022-23\/","name":"BALAN\u00c7 POSITIU DE LA TEMPORADA D\u2019ESQU\u00cd NOCTURN 2022-23 - El Blog oficial de Masella","isPartOf":{"@id":"https:\/\/www.masella.com\/blog\/ca\/#website"},"datePublished":"2023-03-05T11:37:15+00:00","dateModified":"2023-03-08T11:59:51+00:00","breadcrumb":{"@id":"https:\/\/www.masella.com\/blog\/ca\/balanc-positiu-de-la-temporada-desqui-nocturn-2022-23\/#breadcrumb"},"inLanguage":"ca","potentialAction":[{"@type":"ReadAction","target":["https:\/\/www.masella.com\/blog\/ca\/balanc-positiu-de-la-temporada-desqui-nocturn-2022-23\/"]}]},{"@type":"BreadcrumbList","@id":"https:\/\/www.masella.com\/blog\/ca\/balanc-positiu-de-la-temporada-desqui-nocturn-2022-23\/#breadcrumb","itemListElement":[{"@type":"ListItem","position":1,"name":"Portada","item":"https:\/\/www.masella.com\/blog\/ca\/"},{"@type":"ListItem","position":2,"name":"BALAN\u00c7 POSITIU DE LA TEMPORADA D\u2019ESQU\u00cd NOCTURN 2022-23"}]},{"@type":"WebSite","@id":"https:\/\/www.masella.com\/blog\/ca\/#website","url":"https:\/\/www.masella.com\/blog\/ca\/","name":"El Blog oficial de Masella","description":"","publisher":{"@id":"https:\/\/www.masella.com\/blog\/ca\/#organization"},"potentialAction":[{"@type":"SearchAction","target":{"@type":"EntryPoint","urlTemplate":"https:\/\/www.masella.com\/blog\/ca\/?s={search_term_string}"},"query-input":"required name=search_term_string"}],"inLanguage":"ca"},{"@type":"Organization","@id":"https:\/\/www.masella.com\/blog\/ca\/#organization","name":"El Blog oficial de Masella","url":"https:\/\/www.masella.com\/blog\/ca\/","logo":{"@type":"ImageObject","inLanguage":"ca","@id":"https:\/\/www.masella.com\/blog\/ca\/#\/schema\/logo\/image\/","url":"https:\/\/www.masella.com\/blog\/wp-content\/uploads\/2022\/12\/cropped-logo-masella-cat.png","contentUrl":"https:\/\/www.masella.com\/blog\/wp-content\/uploads\/2022\/12\/cropped-logo-masella-cat.png","width":150,"height":88,"caption":"El Blog oficial de Masella"},"image":{"@id":"https:\/\/www.masella.com\/blog\/ca\/#\/schema\/logo\/image\/"}},{"@type":"Person","@id":"https:\/\/www.masella.com\/blog\/ca\/#\/schema\/person\/e32b971f5be20790c591d85b8f1c706b","name":"masella","image":{"@type":"ImageObject","inLanguage":"ca","@id":"https:\/\/www.masella.com\/blog\/ca\/#\/schema\/person\/image\/","url":"https:\/\/secure.gravatar.com\/avatar\/57590b1151eaa410a783e55768bbbba2?s=96&d=mm&r=g","contentUrl":"https:\/\/secure.gravatar.com\/avatar\/57590b1151eaa410a783e55768bbbba2?s=96&d=mm&r=g","caption":"masella"},"url":"https:\/\/www.masella.com\/blog\/ca\/author\/anna\/"}]}},"_links":{"self":[{"href":"https:\/\/www.masella.com\/blog\/ca\/wp-json\/wp\/v2\/posts\/8686"}],"collection":[{"href":"https:\/\/www.masella.com\/blog\/ca\/wp-json\/wp\/v2\/posts"}],"about":[{"href":"https:\/\/www.masella.com\/blog\/ca\/wp-json\/wp\/v2\/types\/post"}],"author":[{"embeddable":true,"href":"https:\/\/www.masella.com\/blog\/ca\/wp-json\/wp\/v2\/users\/4"}],"replies":[{"embeddable":true,"href":"https:\/\/www.masella.com\/blog\/ca\/wp-json\/wp\/v2\/comments?post=8686"}],"version-history":[{"count":3,"href":"https:\/\/www.masella.com\/blog\/ca\/wp-json\/wp\/v2\/posts\/8686\/revisions"}],"predecessor-version":[{"id":8717,"href":"https:\/\/www.masella.com\/blog\/ca\/wp-json\/wp\/v2\/posts\/8686\/revisions\/8717"}],"wp:featuredmedia":[{"embeddable":true,"href":"https:\/\/www.masella.com\/blog\/ca\/wp-json\/wp\/v2\/media\/8687"}],"wp:attachment":[{"href":"https:\/\/www.masella.com\/blog\/ca\/wp-json\/wp\/v2\/media?parent=8686"}],"wp:term":[{"taxonomy":"category","embeddable":true,"href":"https:\/\/www.masella.com\/blog\/ca\/wp-json\/wp\/v2\/categories?post=8686"},{"taxonomy":"post_tag","embeddable":true,"href":"https:\/\/www.masella.com\/blog\/ca\/wp-json\/wp\/v2\/tags?post=8686"}],"curies":[{"name":"wp","href":"https:\/\/api.w.org\/{rel}","templated":true}]}}