{"id":8784,"date":"2023-05-30T08:08:18","date_gmt":"2023-05-30T08:08:18","guid":{"rendered":"https:\/\/www.masella.com\/blog\/?p=8784"},"modified":"2023-05-30T08:08:18","modified_gmt":"2023-05-30T08:08:18","slug":"cerdanya-happy-walking-de-l1-al-4-de-juny","status":"publish","type":"post","link":"https:\/\/www.masella.com\/blog\/ca\/cerdanya-happy-walking-de-l1-al-4-de-juny\/","title":{"rendered":"CERDANYA HAPPY WALKING, DE L\u20191 AL 4 DE JUNY"},"content":{"rendered":"<p>Aprofitant la xarxa de camins, corriols i els m\u00faltiples llocs d\u2019inter\u00e8s de la comarca, l\u2019Oficina de Turisme de la Cerdanya i el Consell Comarcal de la Cerdanya organitzen el CERDANYA HAPPY WALKING, \u00e9s a dir el festival de senderisme del nostre territori. Aquest esdeveniment es celebra de l\u20191 al 4 de juny. El festival consta d\u2019un programa d\u2019excursions guiades, per diferents indrets de la Cerdanya, aptes per a tots els p\u00fablics. S\u2019organitzen activitats diferents (ioga, nocturnes, rom\u00e0nic, ascensions, natura, etc.) amb el senderisme com a denominador com\u00fa. El colof\u00f3 ser\u00e0 un concert de m\u00fasica tradicional a Puigcerd\u00e0.<\/p>\n<p>Podeu consultar el detall del programa clicant <a href=\"https:\/\/cerdanyahappywalking.cat\/\" target=\"_blank\" rel=\"noopener\">AQU\u00cd<\/a><\/p>\n<p><a href=\"https:\/\/www.masella.com\/blog\/wp-content\/uploads\/2023\/05\/001.jpg\"><img loading=\"lazy\" decoding=\"async\" class=\"alignnone wp-image-8789 size-full\" src=\"https:\/\/www.masella.com\/blog\/wp-content\/uploads\/2023\/05\/001.jpg\" alt=\"\" width=\"1200\" height=\"900\" srcset=\"https:\/\/www.masella.com\/blog\/wp-content\/uploads\/2023\/05\/001.jpg 1200w, https:\/\/www.masella.com\/blog\/wp-content\/uploads\/2023\/05\/001-300x225.jpg 300w, https:\/\/www.masella.com\/blog\/wp-content\/uploads\/2023\/05\/001-1024x768.jpg 1024w, https:\/\/www.masella.com\/blog\/wp-content\/uploads\/2023\/05\/001-768x576.jpg 768w\" sizes=\"(max-width: 1200px) 100vw, 1200px\" \/><\/a><\/p>\n<p>&nbsp;<\/p>\n","protected":false},"excerpt":{"rendered":"<p>Aprofitant la xarxa de camins, corriols i els m\u00faltiples llocs d\u2019inter\u00e8s de la comarca, l\u2019Oficina de Turisme de la Cerdanya<\/p>\n","protected":false},"author":4,"featured_media":8785,"comment_status":"open","ping_status":"open","sticky":false,"template":"","format":"standard","meta":{"footnotes":""},"categories":[21],"tags":[],"yoast_head":"<!-- This site is optimized with the Yoast SEO plugin v21.5 - https:\/\/yoast.com\/wordpress\/plugins\/seo\/ -->\n<title>CERDANYA HAPPY WALKING, DE L\u20191 AL 4 DE JUNY - El Blog oficial de Masella<\/title>\n<meta name=\"robots\" content=\"index, follow, max-snippet:-1, max-image-preview:large, max-video-preview:-1\" \/>\n<link rel=\"canonical\" href=\"https:\/\/www.masella.com\/blog\/ca\/cerdanya-happy-walking-de-l1-al-4-de-juny\/\" \/>\n<meta property=\"og:locale\" content=\"ca_ES\" \/>\n<meta property=\"og:type\" content=\"article\" \/>\n<meta property=\"og:title\" content=\"CERDANYA HAPPY WALKING, DE L\u20191 AL 4 DE JUNY - El Blog oficial de Masella\" \/>\n<meta property=\"og:description\" content=\"Aprofitant la xarxa de camins, corriols i els m\u00faltiples llocs d\u2019inter\u00e8s de la comarca, l\u2019Oficina de Turisme de la Cerdanya\" \/>\n<meta property=\"og:url\" content=\"https:\/\/www.masella.com\/blog\/ca\/cerdanya-happy-walking-de-l1-al-4-de-juny\/\" \/>\n<meta property=\"og:site_name\" content=\"El Blog oficial de Masella\" \/>\n<meta property=\"article:published_time\" content=\"2023-05-30T08:08:18+00:00\" \/>\n<meta property=\"og:image\" content=\"https:\/\/www.masella.com\/blog\/wp-content\/uploads\/2023\/05\/ID.jpg\" \/>\n\t<meta property=\"og:image:width\" content=\"800\" \/>\n\t<meta property=\"og:image:height\" content=\"450\" \/>\n\t<meta property=\"og:image:type\" content=\"image\/jpeg\" \/>\n<meta name=\"author\" content=\"masella\" \/>\n<meta name=\"twitter:card\" content=\"summary_large_image\" \/>\n<meta name=\"twitter:label1\" content=\"Escrit per\" \/>\n\t<meta name=\"twitter:data1\" content=\"masella\" \/>\n\t<meta name=\"twitter:label2\" content=\"Temps estimat de lectura\" \/>\n\t<meta name=\"twitter:data2\" content=\"1 minut\" \/>\n<script type=\"application\/ld+json\" class=\"yoast-schema-graph\">{\"@context\":\"https:\/\/schema.org\",\"@graph\":[{\"@type\":\"Article\",\"@id\":\"https:\/\/www.masella.com\/blog\/ca\/cerdanya-happy-walking-de-l1-al-4-de-juny\/#article\",\"isPartOf\":{\"@id\":\"https:\/\/www.masella.com\/blog\/ca\/cerdanya-happy-walking-de-l1-al-4-de-juny\/\"},\"author\":{\"name\":\"masella\",\"@id\":\"https:\/\/www.masella.com\/blog\/ca\/#\/schema\/person\/e32b971f5be20790c591d85b8f1c706b\"},\"headline\":\"CERDANYA HAPPY WALKING, DE L\u20191 AL 4 DE JUNY\",\"datePublished\":\"2023-05-30T08:08:18+00:00\",\"dateModified\":\"2023-05-30T08:08:18+00:00\",\"mainEntityOfPage\":{\"@id\":\"https:\/\/www.masella.com\/blog\/ca\/cerdanya-happy-walking-de-l1-al-4-de-juny\/\"},\"wordCount\":123,\"commentCount\":0,\"publisher\":{\"@id\":\"https:\/\/www.masella.com\/blog\/ca\/#organization\"},\"articleSection\":[\"Actualitat\"],\"inLanguage\":\"ca\",\"potentialAction\":[{\"@type\":\"CommentAction\",\"name\":\"Comment\",\"target\":[\"https:\/\/www.masella.com\/blog\/ca\/cerdanya-happy-walking-de-l1-al-4-de-juny\/#respond\"]}]},{\"@type\":\"WebPage\",\"@id\":\"https:\/\/www.masella.com\/blog\/ca\/cerdanya-happy-walking-de-l1-al-4-de-juny\/\",\"url\":\"https:\/\/www.masella.com\/blog\/ca\/cerdanya-happy-walking-de-l1-al-4-de-juny\/\",\"name\":\"CERDANYA HAPPY WALKING, DE L\u20191 AL 4 DE JUNY - El Blog oficial de Masella\",\"isPartOf\":{\"@id\":\"https:\/\/www.masella.com\/blog\/ca\/#website\"},\"datePublished\":\"2023-05-30T08:08:18+00:00\",\"dateModified\":\"2023-05-30T08:08:18+00:00\",\"breadcrumb\":{\"@id\":\"https:\/\/www.masella.com\/blog\/ca\/cerdanya-happy-walking-de-l1-al-4-de-juny\/#breadcrumb\"},\"inLanguage\":\"ca\",\"potentialAction\":[{\"@type\":\"ReadAction\",\"target\":[\"https:\/\/www.masella.com\/blog\/ca\/cerdanya-happy-walking-de-l1-al-4-de-juny\/\"]}]},{\"@type\":\"BreadcrumbList\",\"@id\":\"https:\/\/www.masella.com\/blog\/ca\/cerdanya-happy-walking-de-l1-al-4-de-juny\/#breadcrumb\",\"itemListElement\":[{\"@type\":\"ListItem\",\"position\":1,\"name\":\"Portada\",\"item\":\"https:\/\/www.masella.com\/blog\/ca\/\"},{\"@type\":\"ListItem\",\"position\":2,\"name\":\"CERDANYA HAPPY WALKING, DE L\u20191 AL 4 DE JUNY\"}]},{\"@type\":\"WebSite\",\"@id\":\"https:\/\/www.masella.com\/blog\/ca\/#website\",\"url\":\"https:\/\/www.masella.com\/blog\/ca\/\",\"name\":\"El Blog oficial de Masella\",\"description\":\"\",\"publisher\":{\"@id\":\"https:\/\/www.masella.com\/blog\/ca\/#organization\"},\"potentialAction\":[{\"@type\":\"SearchAction\",\"target\":{\"@type\":\"EntryPoint\",\"urlTemplate\":\"https:\/\/www.masella.com\/blog\/ca\/?s={search_term_string}\"},\"query-input\":\"required name=search_term_string\"}],\"inLanguage\":\"ca\"},{\"@type\":\"Organization\",\"@id\":\"https:\/\/www.masella.com\/blog\/ca\/#organization\",\"name\":\"El Blog oficial de Masella\",\"url\":\"https:\/\/www.masella.com\/blog\/ca\/\",\"logo\":{\"@type\":\"ImageObject\",\"inLanguage\":\"ca\",\"@id\":\"https:\/\/www.masella.com\/blog\/ca\/#\/schema\/logo\/image\/\",\"url\":\"https:\/\/www.masella.com\/blog\/wp-content\/uploads\/2022\/12\/cropped-logo-masella-cat.png\",\"contentUrl\":\"https:\/\/www.masella.com\/blog\/wp-content\/uploads\/2022\/12\/cropped-logo-masella-cat.png\",\"width\":150,\"height\":88,\"caption\":\"El Blog oficial de Masella\"},\"image\":{\"@id\":\"https:\/\/www.masella.com\/blog\/ca\/#\/schema\/logo\/image\/\"}},{\"@type\":\"Person\",\"@id\":\"https:\/\/www.masella.com\/blog\/ca\/#\/schema\/person\/e32b971f5be20790c591d85b8f1c706b\",\"name\":\"masella\",\"image\":{\"@type\":\"ImageObject\",\"inLanguage\":\"ca\",\"@id\":\"https:\/\/www.masella.com\/blog\/ca\/#\/schema\/person\/image\/\",\"url\":\"https:\/\/secure.gravatar.com\/avatar\/57590b1151eaa410a783e55768bbbba2?s=96&d=mm&r=g\",\"contentUrl\":\"https:\/\/secure.gravatar.com\/avatar\/57590b1151eaa410a783e55768bbbba2?s=96&d=mm&r=g\",\"caption\":\"masella\"},\"url\":\"https:\/\/www.masella.com\/blog\/ca\/author\/anna\/\"}]}<\/script>\n<!-- \/ Yoast SEO plugin. -->","yoast_head_json":{"title":"CERDANYA HAPPY WALKING, DE L\u20191 AL 4 DE JUNY - El Blog oficial de Masella","robots":{"index":"index","follow":"follow","max-snippet":"max-snippet:-1","max-image-preview":"max-image-preview:large","max-video-preview":"max-video-preview:-1"},"canonical":"https:\/\/www.masella.com\/blog\/ca\/cerdanya-happy-walking-de-l1-al-4-de-juny\/","og_locale":"ca_ES","og_type":"article","og_title":"CERDANYA HAPPY WALKING, DE L\u20191 AL 4 DE JUNY - El Blog oficial de Masella","og_description":"Aprofitant la xarxa de camins, corriols i els m\u00faltiples llocs d\u2019inter\u00e8s de la comarca, l\u2019Oficina de Turisme de la Cerdanya","og_url":"https:\/\/www.masella.com\/blog\/ca\/cerdanya-happy-walking-de-l1-al-4-de-juny\/","og_site_name":"El Blog oficial de Masella","article_published_time":"2023-05-30T08:08:18+00:00","og_image":[{"width":800,"height":450,"url":"https:\/\/www.masella.com\/blog\/wp-content\/uploads\/2023\/05\/ID.jpg","type":"image\/jpeg"}],"author":"masella","twitter_card":"summary_large_image","twitter_misc":{"Escrit per":"masella","Temps estimat de lectura":"1 minut"},"schema":{"@context":"https:\/\/schema.org","@graph":[{"@type":"Article","@id":"https:\/\/www.masella.com\/blog\/ca\/cerdanya-happy-walking-de-l1-al-4-de-juny\/#article","isPartOf":{"@id":"https:\/\/www.masella.com\/blog\/ca\/cerdanya-happy-walking-de-l1-al-4-de-juny\/"},"author":{"name":"masella","@id":"https:\/\/www.masella.com\/blog\/ca\/#\/schema\/person\/e32b971f5be20790c591d85b8f1c706b"},"headline":"CERDANYA HAPPY WALKING, DE L\u20191 AL 4 DE JUNY","datePublished":"2023-05-30T08:08:18+00:00","dateModified":"2023-05-30T08:08:18+00:00","mainEntityOfPage":{"@id":"https:\/\/www.masella.com\/blog\/ca\/cerdanya-happy-walking-de-l1-al-4-de-juny\/"},"wordCount":123,"commentCount":0,"publisher":{"@id":"https:\/\/www.masella.com\/blog\/ca\/#organization"},"articleSection":["Actualitat"],"inLanguage":"ca","potentialAction":[{"@type":"CommentAction","name":"Comment","target":["https:\/\/www.masella.com\/blog\/ca\/cerdanya-happy-walking-de-l1-al-4-de-juny\/#respond"]}]},{"@type":"WebPage","@id":"https:\/\/www.masella.com\/blog\/ca\/cerdanya-happy-walking-de-l1-al-4-de-juny\/","url":"https:\/\/www.masella.com\/blog\/ca\/cerdanya-happy-walking-de-l1-al-4-de-juny\/","name":"CERDANYA HAPPY WALKING, DE L\u20191 AL 4 DE JUNY - El Blog oficial de Masella","isPartOf":{"@id":"https:\/\/www.masella.com\/blog\/ca\/#website"},"datePublished":"2023-05-30T08:08:18+00:00","dateModified":"2023-05-30T08:08:18+00:00","breadcrumb":{"@id":"https:\/\/www.masella.com\/blog\/ca\/cerdanya-happy-walking-de-l1-al-4-de-juny\/#breadcrumb"},"inLanguage":"ca","potentialAction":[{"@type":"ReadAction","target":["https:\/\/www.masella.com\/blog\/ca\/cerdanya-happy-walking-de-l1-al-4-de-juny\/"]}]},{"@type":"BreadcrumbList","@id":"https:\/\/www.masella.com\/blog\/ca\/cerdanya-happy-walking-de-l1-al-4-de-juny\/#breadcrumb","itemListElement":[{"@type":"ListItem","position":1,"name":"Portada","item":"https:\/\/www.masella.com\/blog\/ca\/"},{"@type":"ListItem","position":2,"name":"CERDANYA HAPPY WALKING, DE L\u20191 AL 4 DE JUNY"}]},{"@type":"WebSite","@id":"https:\/\/www.masella.com\/blog\/ca\/#website","url":"https:\/\/www.masella.com\/blog\/ca\/","name":"El Blog oficial de Masella","description":"","publisher":{"@id":"https:\/\/www.masella.com\/blog\/ca\/#organization"},"potentialAction":[{"@type":"SearchAction","target":{"@type":"EntryPoint","urlTemplate":"https:\/\/www.masella.com\/blog\/ca\/?s={search_term_string}"},"query-input":"required name=search_term_string"}],"inLanguage":"ca"},{"@type":"Organization","@id":"https:\/\/www.masella.com\/blog\/ca\/#organization","name":"El Blog oficial de Masella","url":"https:\/\/www.masella.com\/blog\/ca\/","logo":{"@type":"ImageObject","inLanguage":"ca","@id":"https:\/\/www.masella.com\/blog\/ca\/#\/schema\/logo\/image\/","url":"https:\/\/www.masella.com\/blog\/wp-content\/uploads\/2022\/12\/cropped-logo-masella-cat.png","contentUrl":"https:\/\/www.masella.com\/blog\/wp-content\/uploads\/2022\/12\/cropped-logo-masella-cat.png","width":150,"height":88,"caption":"El Blog oficial de Masella"},"image":{"@id":"https:\/\/www.masella.com\/blog\/ca\/#\/schema\/logo\/image\/"}},{"@type":"Person","@id":"https:\/\/www.masella.com\/blog\/ca\/#\/schema\/person\/e32b971f5be20790c591d85b8f1c706b","name":"masella","image":{"@type":"ImageObject","inLanguage":"ca","@id":"https:\/\/www.masella.com\/blog\/ca\/#\/schema\/person\/image\/","url":"https:\/\/secure.gravatar.com\/avatar\/57590b1151eaa410a783e55768bbbba2?s=96&d=mm&r=g","contentUrl":"https:\/\/secure.gravatar.com\/avatar\/57590b1151eaa410a783e55768bbbba2?s=96&d=mm&r=g","caption":"masella"},"url":"https:\/\/www.masella.com\/blog\/ca\/author\/anna\/"}]}},"_links":{"self":[{"href":"https:\/\/www.masella.com\/blog\/ca\/wp-json\/wp\/v2\/posts\/8784"}],"collection":[{"href":"https:\/\/www.masella.com\/blog\/ca\/wp-json\/wp\/v2\/posts"}],"about":[{"href":"https:\/\/www.masella.com\/blog\/ca\/wp-json\/wp\/v2\/types\/post"}],"author":[{"embeddable":true,"href":"https:\/\/www.masella.com\/blog\/ca\/wp-json\/wp\/v2\/users\/4"}],"replies":[{"embeddable":true,"href":"https:\/\/www.masella.com\/blog\/ca\/wp-json\/wp\/v2\/comments?post=8784"}],"version-history":[{"count":1,"href":"https:\/\/www.masella.com\/blog\/ca\/wp-json\/wp\/v2\/posts\/8784\/revisions"}],"predecessor-version":[{"id":8793,"href":"https:\/\/www.masella.com\/blog\/ca\/wp-json\/wp\/v2\/posts\/8784\/revisions\/8793"}],"wp:featuredmedia":[{"embeddable":true,"href":"https:\/\/www.masella.com\/blog\/ca\/wp-json\/wp\/v2\/media\/8785"}],"wp:attachment":[{"href":"https:\/\/www.masella.com\/blog\/ca\/wp-json\/wp\/v2\/media?parent=8784"}],"wp:term":[{"taxonomy":"category","embeddable":true,"href":"https:\/\/www.masella.com\/blog\/ca\/wp-json\/wp\/v2\/categories?post=8784"},{"taxonomy":"post_tag","embeddable":true,"href":"https:\/\/www.masella.com\/blog\/ca\/wp-json\/wp\/v2\/tags?post=8784"}],"curies":[{"name":"wp","href":"https:\/\/api.w.org\/{rel}","templated":true}]}}