{"id":8800,"date":"2023-06-07T12:01:44","date_gmt":"2023-06-07T12:01:44","guid":{"rendered":"https:\/\/www.masella.com\/blog\/?p=8800"},"modified":"2023-06-19T13:04:43","modified_gmt":"2023-06-19T13:04:43","slug":"maig-plujos-a-masella-i-al-pirineu","status":"publish","type":"post","link":"https:\/\/www.masella.com\/blog\/ca\/maig-plujos-a-masella-i-al-pirineu\/","title":{"rendered":"MAIG PLUJ\u00d3S A MASELLA I AL PIRINEU"},"content":{"rendered":"<p>Despr\u00e9s d\u2019un mar\u00e7 i un abril secs, sense nevades significatives a Masella aix\u00ed com tampoc a la resta del Pirineu Catal\u00e0, finalment aquest maig de 2023 ha sigut pluj\u00f3s a tots els Pirineus.<\/p>\n<p><a href=\"https:\/\/www.masella.com\/blog\/wp-content\/uploads\/2023\/06\/001.jpg\"><img loading=\"lazy\" decoding=\"async\" class=\"alignnone wp-image-8801 size-full\" src=\"https:\/\/www.masella.com\/blog\/wp-content\/uploads\/2023\/06\/001.jpg\" alt=\"\" width=\"1200\" height=\"900\" srcset=\"https:\/\/www.masella.com\/blog\/wp-content\/uploads\/2023\/06\/001.jpg 1200w, https:\/\/www.masella.com\/blog\/wp-content\/uploads\/2023\/06\/001-300x225.jpg 300w, https:\/\/www.masella.com\/blog\/wp-content\/uploads\/2023\/06\/001-1024x768.jpg 1024w, https:\/\/www.masella.com\/blog\/wp-content\/uploads\/2023\/06\/001-768x576.jpg 768w\" sizes=\"(max-width: 1200px) 100vw, 1200px\" \/><\/a><\/p>\n<p>Segons la nota de premsa del Servei Meteorol\u00f2gic de Catalunya (SMC), que pots consultar <a href=\"https:\/\/govern.cat\/salapremsa\/notes-premsa\/511723\/distribucio-irregular-de-la-precipitacio-a-catalunya-durant-el-maig\" target=\"_blank\" rel=\"noopener\">AQU\u00cd<\/a>, aquest maig ha sigut de precipitaci\u00f3 irregular a Catalunya, despr\u00e9s d\u2019un inici de primavera molt sec. Aquest ens p\u00fablic, en concret, diu que en els Pirineus \u00a0el maig ha sigut pluj\u00f3s al Prepirineu Oriental (Masella) i molt pluj\u00f3s a la Vall d\u2019Aran. En el cas de la Cerdanya, les pluges del maig han fet reverdir i florir prats i pastures de la muntanya i els camps de la vall, a la vegada que ha afavorit que el cabal del riu Segre es recuper\u00e9s.<\/p>\n<p>D\u2019altra banda, el mes de maig la temperatura, ha estat per sota de la normal a l\u2019estaci\u00f3 meteorol\u00f2gica del SMC situada a la Tosa d\u2019Alp -2500 m. En concret, a la Tosa la temperatura ha sigut -1\u00baC per sota de la mitjana clim\u00e0tica, segons el SMC.<\/p>\n<p><a href=\"https:\/\/www.masella.com\/blog\/wp-content\/uploads\/2023\/06\/003.jpg\"><img loading=\"lazy\" decoding=\"async\" class=\"alignnone wp-image-8805 size-full\" src=\"https:\/\/www.masella.com\/blog\/wp-content\/uploads\/2023\/06\/003.jpg\" alt=\"\" width=\"1200\" height=\"900\" srcset=\"https:\/\/www.masella.com\/blog\/wp-content\/uploads\/2023\/06\/003.jpg 1200w, https:\/\/www.masella.com\/blog\/wp-content\/uploads\/2023\/06\/003-300x225.jpg 300w, https:\/\/www.masella.com\/blog\/wp-content\/uploads\/2023\/06\/003-1024x768.jpg 1024w, https:\/\/www.masella.com\/blog\/wp-content\/uploads\/2023\/06\/003-768x576.jpg 768w\" sizes=\"(max-width: 1200px) 100vw, 1200px\" \/><\/a><\/p>\n<p><strong>PER SANT PERE REGALAT, QUARANTA DIES DE PLUJA&#8230; <\/strong><\/p>\n<p>El refrany diu que: \u201c<em>Si plou per Sant Pere Regalat, plou quaranta dies de comptat<\/em>\u201d, \u00e9s a dir la dita indica que si plou el 13 de maig (Sant Pere Regalat), hi haur\u00e0 temps inestable amb precipitacions durant 40 dies m\u00e9s. El passat 13 de maig va ploure a Masella i d\u2019aleshores en\u00e7\u00e0 a plogut gaireb\u00e9 a diari. Si es compleix el refrany, que esperem que aix\u00ed sigui, a la Cerdanya plour\u00e0 de forma regular fins el solstici d\u2019estiu (21 de juny).<\/p>\n","protected":false},"excerpt":{"rendered":"<p>Despr\u00e9s d\u2019un mar\u00e7 i un abril secs, sense nevades significatives a Masella aix\u00ed com tampoc a la resta del Pirineu<\/p>\n","protected":false},"author":4,"featured_media":8809,"comment_status":"open","ping_status":"open","sticky":false,"template":"","format":"standard","meta":{"footnotes":""},"categories":[21],"tags":[],"yoast_head":"<!-- This site is optimized with the Yoast SEO plugin v21.5 - https:\/\/yoast.com\/wordpress\/plugins\/seo\/ -->\n<title>MAIG PLUJ\u00d3S A MASELLA I AL PIRINEU - El Blog oficial de Masella<\/title>\n<meta name=\"robots\" content=\"index, follow, max-snippet:-1, max-image-preview:large, max-video-preview:-1\" \/>\n<link rel=\"canonical\" href=\"https:\/\/www.masella.com\/blog\/ca\/maig-plujos-a-masella-i-al-pirineu\/\" \/>\n<meta property=\"og:locale\" content=\"ca_ES\" \/>\n<meta property=\"og:type\" content=\"article\" \/>\n<meta property=\"og:title\" content=\"MAIG PLUJ\u00d3S A MASELLA I AL PIRINEU - El Blog oficial de Masella\" \/>\n<meta property=\"og:description\" content=\"Despr\u00e9s d\u2019un mar\u00e7 i un abril secs, sense nevades significatives a Masella aix\u00ed com tampoc a la resta del Pirineu\" \/>\n<meta property=\"og:url\" content=\"https:\/\/www.masella.com\/blog\/ca\/maig-plujos-a-masella-i-al-pirineu\/\" \/>\n<meta property=\"og:site_name\" content=\"El Blog oficial de Masella\" \/>\n<meta property=\"article:published_time\" content=\"2023-06-07T12:01:44+00:00\" \/>\n<meta property=\"article:modified_time\" content=\"2023-06-19T13:04:43+00:00\" \/>\n<meta property=\"og:image\" content=\"https:\/\/www.masella.com\/blog\/wp-content\/uploads\/2023\/06\/002.jpg\" \/>\n\t<meta property=\"og:image:width\" content=\"1200\" \/>\n\t<meta property=\"og:image:height\" content=\"900\" \/>\n\t<meta property=\"og:image:type\" content=\"image\/jpeg\" \/>\n<meta name=\"author\" content=\"masella\" \/>\n<meta name=\"twitter:card\" content=\"summary_large_image\" \/>\n<meta name=\"twitter:label1\" content=\"Escrit per\" \/>\n\t<meta name=\"twitter:data1\" content=\"masella\" \/>\n\t<meta name=\"twitter:label2\" content=\"Temps estimat de lectura\" \/>\n\t<meta name=\"twitter:data2\" content=\"2 minuts\" \/>\n<script type=\"application\/ld+json\" class=\"yoast-schema-graph\">{\"@context\":\"https:\/\/schema.org\",\"@graph\":[{\"@type\":\"Article\",\"@id\":\"https:\/\/www.masella.com\/blog\/ca\/maig-plujos-a-masella-i-al-pirineu\/#article\",\"isPartOf\":{\"@id\":\"https:\/\/www.masella.com\/blog\/ca\/maig-plujos-a-masella-i-al-pirineu\/\"},\"author\":{\"name\":\"masella\",\"@id\":\"https:\/\/www.masella.com\/blog\/ca\/#\/schema\/person\/e32b971f5be20790c591d85b8f1c706b\"},\"headline\":\"MAIG PLUJ\u00d3S A MASELLA I AL PIRINEU\",\"datePublished\":\"2023-06-07T12:01:44+00:00\",\"dateModified\":\"2023-06-19T13:04:43+00:00\",\"mainEntityOfPage\":{\"@id\":\"https:\/\/www.masella.com\/blog\/ca\/maig-plujos-a-masella-i-al-pirineu\/\"},\"wordCount\":290,\"commentCount\":0,\"publisher\":{\"@id\":\"https:\/\/www.masella.com\/blog\/ca\/#organization\"},\"articleSection\":[\"Actualitat\"],\"inLanguage\":\"ca\",\"potentialAction\":[{\"@type\":\"CommentAction\",\"name\":\"Comment\",\"target\":[\"https:\/\/www.masella.com\/blog\/ca\/maig-plujos-a-masella-i-al-pirineu\/#respond\"]}]},{\"@type\":\"WebPage\",\"@id\":\"https:\/\/www.masella.com\/blog\/ca\/maig-plujos-a-masella-i-al-pirineu\/\",\"url\":\"https:\/\/www.masella.com\/blog\/ca\/maig-plujos-a-masella-i-al-pirineu\/\",\"name\":\"MAIG PLUJ\u00d3S A MASELLA I AL PIRINEU - El Blog oficial de Masella\",\"isPartOf\":{\"@id\":\"https:\/\/www.masella.com\/blog\/ca\/#website\"},\"datePublished\":\"2023-06-07T12:01:44+00:00\",\"dateModified\":\"2023-06-19T13:04:43+00:00\",\"breadcrumb\":{\"@id\":\"https:\/\/www.masella.com\/blog\/ca\/maig-plujos-a-masella-i-al-pirineu\/#breadcrumb\"},\"inLanguage\":\"ca\",\"potentialAction\":[{\"@type\":\"ReadAction\",\"target\":[\"https:\/\/www.masella.com\/blog\/ca\/maig-plujos-a-masella-i-al-pirineu\/\"]}]},{\"@type\":\"BreadcrumbList\",\"@id\":\"https:\/\/www.masella.com\/blog\/ca\/maig-plujos-a-masella-i-al-pirineu\/#breadcrumb\",\"itemListElement\":[{\"@type\":\"ListItem\",\"position\":1,\"name\":\"Portada\",\"item\":\"https:\/\/www.masella.com\/blog\/ca\/\"},{\"@type\":\"ListItem\",\"position\":2,\"name\":\"MAIG PLUJ\u00d3S A MASELLA I AL PIRINEU\"}]},{\"@type\":\"WebSite\",\"@id\":\"https:\/\/www.masella.com\/blog\/ca\/#website\",\"url\":\"https:\/\/www.masella.com\/blog\/ca\/\",\"name\":\"El Blog oficial de Masella\",\"description\":\"\",\"publisher\":{\"@id\":\"https:\/\/www.masella.com\/blog\/ca\/#organization\"},\"potentialAction\":[{\"@type\":\"SearchAction\",\"target\":{\"@type\":\"EntryPoint\",\"urlTemplate\":\"https:\/\/www.masella.com\/blog\/ca\/?s={search_term_string}\"},\"query-input\":\"required name=search_term_string\"}],\"inLanguage\":\"ca\"},{\"@type\":\"Organization\",\"@id\":\"https:\/\/www.masella.com\/blog\/ca\/#organization\",\"name\":\"El Blog oficial de Masella\",\"url\":\"https:\/\/www.masella.com\/blog\/ca\/\",\"logo\":{\"@type\":\"ImageObject\",\"inLanguage\":\"ca\",\"@id\":\"https:\/\/www.masella.com\/blog\/ca\/#\/schema\/logo\/image\/\",\"url\":\"https:\/\/www.masella.com\/blog\/wp-content\/uploads\/2022\/12\/cropped-logo-masella-cat.png\",\"contentUrl\":\"https:\/\/www.masella.com\/blog\/wp-content\/uploads\/2022\/12\/cropped-logo-masella-cat.png\",\"width\":150,\"height\":88,\"caption\":\"El Blog oficial de Masella\"},\"image\":{\"@id\":\"https:\/\/www.masella.com\/blog\/ca\/#\/schema\/logo\/image\/\"}},{\"@type\":\"Person\",\"@id\":\"https:\/\/www.masella.com\/blog\/ca\/#\/schema\/person\/e32b971f5be20790c591d85b8f1c706b\",\"name\":\"masella\",\"image\":{\"@type\":\"ImageObject\",\"inLanguage\":\"ca\",\"@id\":\"https:\/\/www.masella.com\/blog\/ca\/#\/schema\/person\/image\/\",\"url\":\"https:\/\/secure.gravatar.com\/avatar\/57590b1151eaa410a783e55768bbbba2?s=96&d=mm&r=g\",\"contentUrl\":\"https:\/\/secure.gravatar.com\/avatar\/57590b1151eaa410a783e55768bbbba2?s=96&d=mm&r=g\",\"caption\":\"masella\"},\"url\":\"https:\/\/www.masella.com\/blog\/ca\/author\/anna\/\"}]}<\/script>\n<!-- \/ Yoast SEO plugin. -->","yoast_head_json":{"title":"MAIG PLUJ\u00d3S A MASELLA I AL PIRINEU - El Blog oficial de Masella","robots":{"index":"index","follow":"follow","max-snippet":"max-snippet:-1","max-image-preview":"max-image-preview:large","max-video-preview":"max-video-preview:-1"},"canonical":"https:\/\/www.masella.com\/blog\/ca\/maig-plujos-a-masella-i-al-pirineu\/","og_locale":"ca_ES","og_type":"article","og_title":"MAIG PLUJ\u00d3S A MASELLA I AL PIRINEU - El Blog oficial de Masella","og_description":"Despr\u00e9s d\u2019un mar\u00e7 i un abril secs, sense nevades significatives a Masella aix\u00ed com tampoc a la resta del Pirineu","og_url":"https:\/\/www.masella.com\/blog\/ca\/maig-plujos-a-masella-i-al-pirineu\/","og_site_name":"El Blog oficial de Masella","article_published_time":"2023-06-07T12:01:44+00:00","article_modified_time":"2023-06-19T13:04:43+00:00","og_image":[{"width":1200,"height":900,"url":"https:\/\/www.masella.com\/blog\/wp-content\/uploads\/2023\/06\/002.jpg","type":"image\/jpeg"}],"author":"masella","twitter_card":"summary_large_image","twitter_misc":{"Escrit per":"masella","Temps estimat de lectura":"2 minuts"},"schema":{"@context":"https:\/\/schema.org","@graph":[{"@type":"Article","@id":"https:\/\/www.masella.com\/blog\/ca\/maig-plujos-a-masella-i-al-pirineu\/#article","isPartOf":{"@id":"https:\/\/www.masella.com\/blog\/ca\/maig-plujos-a-masella-i-al-pirineu\/"},"author":{"name":"masella","@id":"https:\/\/www.masella.com\/blog\/ca\/#\/schema\/person\/e32b971f5be20790c591d85b8f1c706b"},"headline":"MAIG PLUJ\u00d3S A MASELLA I AL PIRINEU","datePublished":"2023-06-07T12:01:44+00:00","dateModified":"2023-06-19T13:04:43+00:00","mainEntityOfPage":{"@id":"https:\/\/www.masella.com\/blog\/ca\/maig-plujos-a-masella-i-al-pirineu\/"},"wordCount":290,"commentCount":0,"publisher":{"@id":"https:\/\/www.masella.com\/blog\/ca\/#organization"},"articleSection":["Actualitat"],"inLanguage":"ca","potentialAction":[{"@type":"CommentAction","name":"Comment","target":["https:\/\/www.masella.com\/blog\/ca\/maig-plujos-a-masella-i-al-pirineu\/#respond"]}]},{"@type":"WebPage","@id":"https:\/\/www.masella.com\/blog\/ca\/maig-plujos-a-masella-i-al-pirineu\/","url":"https:\/\/www.masella.com\/blog\/ca\/maig-plujos-a-masella-i-al-pirineu\/","name":"MAIG PLUJ\u00d3S A MASELLA I AL PIRINEU - El Blog oficial de Masella","isPartOf":{"@id":"https:\/\/www.masella.com\/blog\/ca\/#website"},"datePublished":"2023-06-07T12:01:44+00:00","dateModified":"2023-06-19T13:04:43+00:00","breadcrumb":{"@id":"https:\/\/www.masella.com\/blog\/ca\/maig-plujos-a-masella-i-al-pirineu\/#breadcrumb"},"inLanguage":"ca","potentialAction":[{"@type":"ReadAction","target":["https:\/\/www.masella.com\/blog\/ca\/maig-plujos-a-masella-i-al-pirineu\/"]}]},{"@type":"BreadcrumbList","@id":"https:\/\/www.masella.com\/blog\/ca\/maig-plujos-a-masella-i-al-pirineu\/#breadcrumb","itemListElement":[{"@type":"ListItem","position":1,"name":"Portada","item":"https:\/\/www.masella.com\/blog\/ca\/"},{"@type":"ListItem","position":2,"name":"MAIG PLUJ\u00d3S A MASELLA I AL PIRINEU"}]},{"@type":"WebSite","@id":"https:\/\/www.masella.com\/blog\/ca\/#website","url":"https:\/\/www.masella.com\/blog\/ca\/","name":"El Blog oficial de Masella","description":"","publisher":{"@id":"https:\/\/www.masella.com\/blog\/ca\/#organization"},"potentialAction":[{"@type":"SearchAction","target":{"@type":"EntryPoint","urlTemplate":"https:\/\/www.masella.com\/blog\/ca\/?s={search_term_string}"},"query-input":"required name=search_term_string"}],"inLanguage":"ca"},{"@type":"Organization","@id":"https:\/\/www.masella.com\/blog\/ca\/#organization","name":"El Blog oficial de Masella","url":"https:\/\/www.masella.com\/blog\/ca\/","logo":{"@type":"ImageObject","inLanguage":"ca","@id":"https:\/\/www.masella.com\/blog\/ca\/#\/schema\/logo\/image\/","url":"https:\/\/www.masella.com\/blog\/wp-content\/uploads\/2022\/12\/cropped-logo-masella-cat.png","contentUrl":"https:\/\/www.masella.com\/blog\/wp-content\/uploads\/2022\/12\/cropped-logo-masella-cat.png","width":150,"height":88,"caption":"El Blog oficial de Masella"},"image":{"@id":"https:\/\/www.masella.com\/blog\/ca\/#\/schema\/logo\/image\/"}},{"@type":"Person","@id":"https:\/\/www.masella.com\/blog\/ca\/#\/schema\/person\/e32b971f5be20790c591d85b8f1c706b","name":"masella","image":{"@type":"ImageObject","inLanguage":"ca","@id":"https:\/\/www.masella.com\/blog\/ca\/#\/schema\/person\/image\/","url":"https:\/\/secure.gravatar.com\/avatar\/57590b1151eaa410a783e55768bbbba2?s=96&d=mm&r=g","contentUrl":"https:\/\/secure.gravatar.com\/avatar\/57590b1151eaa410a783e55768bbbba2?s=96&d=mm&r=g","caption":"masella"},"url":"https:\/\/www.masella.com\/blog\/ca\/author\/anna\/"}]}},"_links":{"self":[{"href":"https:\/\/www.masella.com\/blog\/ca\/wp-json\/wp\/v2\/posts\/8800"}],"collection":[{"href":"https:\/\/www.masella.com\/blog\/ca\/wp-json\/wp\/v2\/posts"}],"about":[{"href":"https:\/\/www.masella.com\/blog\/ca\/wp-json\/wp\/v2\/types\/post"}],"author":[{"embeddable":true,"href":"https:\/\/www.masella.com\/blog\/ca\/wp-json\/wp\/v2\/users\/4"}],"replies":[{"embeddable":true,"href":"https:\/\/www.masella.com\/blog\/ca\/wp-json\/wp\/v2\/comments?post=8800"}],"version-history":[{"count":2,"href":"https:\/\/www.masella.com\/blog\/ca\/wp-json\/wp\/v2\/posts\/8800\/revisions"}],"predecessor-version":[{"id":8842,"href":"https:\/\/www.masella.com\/blog\/ca\/wp-json\/wp\/v2\/posts\/8800\/revisions\/8842"}],"wp:featuredmedia":[{"embeddable":true,"href":"https:\/\/www.masella.com\/blog\/ca\/wp-json\/wp\/v2\/media\/8809"}],"wp:attachment":[{"href":"https:\/\/www.masella.com\/blog\/ca\/wp-json\/wp\/v2\/media?parent=8800"}],"wp:term":[{"taxonomy":"category","embeddable":true,"href":"https:\/\/www.masella.com\/blog\/ca\/wp-json\/wp\/v2\/categories?post=8800"},{"taxonomy":"post_tag","embeddable":true,"href":"https:\/\/www.masella.com\/blog\/ca\/wp-json\/wp\/v2\/tags?post=8800"}],"curies":[{"name":"wp","href":"https:\/\/api.w.org\/{rel}","templated":true}]}}