{"id":9175,"date":"2024-04-13T10:10:08","date_gmt":"2024-04-13T09:10:08","guid":{"rendered":"https:\/\/www.masella.com\/blog\/?p=9175"},"modified":"2024-04-13T10:10:24","modified_gmt":"2024-04-13T09:10:24","slug":"comiat-en-banyador","status":"publish","type":"post","link":"https:\/\/www.masella.com\/blog\/ca\/comiat-en-banyador\/","title":{"rendered":"COMIAT EN BANYADOR!"},"content":{"rendered":"<p>Per iniciativa d&#8217;uns quants esquiadors fidels a l&#8217;estaci\u00f3, que temporada rere temporada esquien el darrer dia en banyador, enguany ho fan extensiu a tothom. Aix\u00ed que aquest <strong>diumenge, dia 14 d&#8217;abril, es celebrar\u00e0 una baixada en banyador per les pistes de Masella,<\/strong>\u00a0per tal d&#8217;acomiadar la temporada d&#8217;esqu\u00ed 2023-24.<\/p>\n<p>Els <strong>detalls de la convocat\u00f2ria<\/strong> s\u00f3n els seg\u00fcents:<\/p>\n<p><strong>Hora:<\/strong>\u00a011:30 h<\/p>\n<p><strong>Lloc:<\/strong>\u00a0Cap del Bosc-2150 m<\/p>\n<p><strong>Preu del forfet en banyador:<\/strong> 5 euros. Per tal de tramitar aquest forfet cal passar per les Oficines d&#8217;Atenci\u00f3 a l&#8217;Esquiador, ubicades al Pla de Masella-1600 m, i portar el banyador posat a sota del vestit d&#8217;esqu\u00ed.<\/p>\n<p>Es far\u00e0 una baixada plegats, en qu\u00e8 tovalloles, flotadors, barrets i altres elements de platja seran benvinguts. Us hi esperem amb una beguda al final al Bar de Coma Oriola per tots els qui porteu banyador.<\/p>\n<figure id=\"attachment_9180\" aria-describedby=\"caption-attachment-9180\" style=\"width: 2560px\" class=\"wp-caption alignnone\"><a href=\"https:\/\/www.masella.com\/blog\/wp-content\/uploads\/2024\/04\/001-scaled.jpg\"><img loading=\"lazy\" decoding=\"async\" class=\"size-full wp-image-9180\" src=\"https:\/\/www.masella.com\/blog\/wp-content\/uploads\/2024\/04\/001-scaled.jpg\" alt=\"\" width=\"2560\" height=\"1919\" srcset=\"https:\/\/www.masella.com\/blog\/wp-content\/uploads\/2024\/04\/001-scaled.jpg 2560w, https:\/\/www.masella.com\/blog\/wp-content\/uploads\/2024\/04\/001-300x225.jpg 300w, https:\/\/www.masella.com\/blog\/wp-content\/uploads\/2024\/04\/001-1024x768.jpg 1024w, https:\/\/www.masella.com\/blog\/wp-content\/uploads\/2024\/04\/001-768x576.jpg 768w, https:\/\/www.masella.com\/blog\/wp-content\/uploads\/2024\/04\/001-1536x1151.jpg 1536w, https:\/\/www.masella.com\/blog\/wp-content\/uploads\/2024\/04\/001-2048x1535.jpg 2048w\" sizes=\"(max-width: 2560px) 100vw, 2560px\" \/><\/a><figcaption id=\"caption-attachment-9180\" class=\"wp-caption-text\">OLYMPUS DIGITAL CAMERA<\/figcaption><\/figure>\n<p><strong>CONVIDA A UN AMIC A ESQUIAR!<\/strong><\/p>\n<p>I si tens Abonament, en les modalitats de Temporada, Feiners i No Dissabtes, de Masella o Alp 2500 aquest darrer cap de setmana de la temporada convida a un amic o familiar esquiar. Passa per les Oficines d&#8217;Atenci\u00f3 a l&#8217;Esquiador del Pla de Masella i per tramitar-ho:<\/p>\n<p>-Mostra el teu abonament<\/p>\n<p>-Entrega el val d&#8217;invitaci\u00f3 de \u201cconvida a un amic el darrer dia\u201d del talonari<\/p>\n<p>-Abona 5 euros<\/p>\n<p>De forma complement\u00e0ria podr\u00e0s tramitar l&#8217;asseguran\u00e7a d&#8217;accident d&#8217;esqu\u00ed, que no est\u00e0 inclosa i \u00e9s molt recomanable. T\u00e9 un cost de 3.50 euros\/persona\/dia.<\/p>\n<p>El preu normal del forfet per aquest cap de setmana \u00e9s de 20 euros, pel rangs d\u2019edat d\u2019infant, jove, adult i veter\u00e0 I.<\/p>\n<p><a href=\"https:\/\/www.masella.com\/blog\/wp-content\/uploads\/2024\/04\/002-scaled.jpg\"><img loading=\"lazy\" decoding=\"async\" class=\"alignnone size-full wp-image-9184\" src=\"https:\/\/www.masella.com\/blog\/wp-content\/uploads\/2024\/04\/002-scaled.jpg\" alt=\"\" width=\"2560\" height=\"1920\" srcset=\"https:\/\/www.masella.com\/blog\/wp-content\/uploads\/2024\/04\/002-scaled.jpg 2560w, https:\/\/www.masella.com\/blog\/wp-content\/uploads\/2024\/04\/002-300x225.jpg 300w, https:\/\/www.masella.com\/blog\/wp-content\/uploads\/2024\/04\/002-1024x768.jpg 1024w, https:\/\/www.masella.com\/blog\/wp-content\/uploads\/2024\/04\/002-768x576.jpg 768w, https:\/\/www.masella.com\/blog\/wp-content\/uploads\/2024\/04\/002-1536x1152.jpg 1536w, https:\/\/www.masella.com\/blog\/wp-content\/uploads\/2024\/04\/002-2048x1536.jpg 2048w\" sizes=\"(max-width: 2560px) 100vw, 2560px\" \/><\/a><\/p>\n","protected":false},"excerpt":{"rendered":"<p>Per iniciativa d&#8217;uns quants esquiadors fidels a l&#8217;estaci\u00f3, que temporada rere temporada esquien el darrer dia en banyador, enguany ho<\/p>\n","protected":false},"author":4,"featured_media":9176,"comment_status":"open","ping_status":"open","sticky":false,"template":"","format":"standard","meta":{"footnotes":""},"categories":[21],"tags":[],"yoast_head":"<!-- This site is optimized with the Yoast SEO plugin v21.5 - https:\/\/yoast.com\/wordpress\/plugins\/seo\/ -->\n<title>COMIAT EN BANYADOR! - El Blog oficial de Masella<\/title>\n<meta name=\"robots\" content=\"index, follow, max-snippet:-1, max-image-preview:large, max-video-preview:-1\" \/>\n<link rel=\"canonical\" href=\"https:\/\/www.masella.com\/blog\/ca\/comiat-en-banyador\/\" \/>\n<meta property=\"og:locale\" content=\"ca_ES\" \/>\n<meta property=\"og:type\" content=\"article\" \/>\n<meta property=\"og:title\" content=\"COMIAT EN BANYADOR! - El Blog oficial de Masella\" \/>\n<meta property=\"og:description\" content=\"Per iniciativa d&#8217;uns quants esquiadors fidels a l&#8217;estaci\u00f3, que temporada rere temporada esquien el darrer dia en banyador, enguany ho\" \/>\n<meta property=\"og:url\" content=\"https:\/\/www.masella.com\/blog\/ca\/comiat-en-banyador\/\" \/>\n<meta property=\"og:site_name\" content=\"El Blog oficial de Masella\" \/>\n<meta property=\"article:published_time\" content=\"2024-04-13T09:10:08+00:00\" \/>\n<meta property=\"article:modified_time\" content=\"2024-04-13T09:10:24+00:00\" \/>\n<meta property=\"og:image\" content=\"https:\/\/www.masella.com\/blog\/wp-content\/uploads\/2024\/04\/ID-scaled.jpg\" \/>\n\t<meta property=\"og:image:width\" content=\"2560\" \/>\n\t<meta property=\"og:image:height\" content=\"953\" \/>\n\t<meta property=\"og:image:type\" content=\"image\/jpeg\" \/>\n<meta name=\"author\" content=\"masella\" \/>\n<meta name=\"twitter:card\" content=\"summary_large_image\" \/>\n<meta name=\"twitter:label1\" content=\"Escrit per\" \/>\n\t<meta name=\"twitter:data1\" content=\"masella\" \/>\n\t<meta name=\"twitter:label2\" content=\"Temps estimat de lectura\" \/>\n\t<meta name=\"twitter:data2\" content=\"2 minuts\" \/>\n<script type=\"application\/ld+json\" class=\"yoast-schema-graph\">{\"@context\":\"https:\/\/schema.org\",\"@graph\":[{\"@type\":\"Article\",\"@id\":\"https:\/\/www.masella.com\/blog\/ca\/comiat-en-banyador\/#article\",\"isPartOf\":{\"@id\":\"https:\/\/www.masella.com\/blog\/ca\/comiat-en-banyador\/\"},\"author\":{\"name\":\"masella\",\"@id\":\"https:\/\/www.masella.com\/blog\/ca\/#\/schema\/person\/e32b971f5be20790c591d85b8f1c706b\"},\"headline\":\"COMIAT EN BANYADOR!\",\"datePublished\":\"2024-04-13T09:10:08+00:00\",\"dateModified\":\"2024-04-13T09:10:24+00:00\",\"mainEntityOfPage\":{\"@id\":\"https:\/\/www.masella.com\/blog\/ca\/comiat-en-banyador\/\"},\"wordCount\":287,\"commentCount\":0,\"publisher\":{\"@id\":\"https:\/\/www.masella.com\/blog\/ca\/#organization\"},\"articleSection\":[\"Actualitat\"],\"inLanguage\":\"ca\",\"potentialAction\":[{\"@type\":\"CommentAction\",\"name\":\"Comment\",\"target\":[\"https:\/\/www.masella.com\/blog\/ca\/comiat-en-banyador\/#respond\"]}]},{\"@type\":\"WebPage\",\"@id\":\"https:\/\/www.masella.com\/blog\/ca\/comiat-en-banyador\/\",\"url\":\"https:\/\/www.masella.com\/blog\/ca\/comiat-en-banyador\/\",\"name\":\"COMIAT EN BANYADOR! - El Blog oficial de Masella\",\"isPartOf\":{\"@id\":\"https:\/\/www.masella.com\/blog\/ca\/#website\"},\"datePublished\":\"2024-04-13T09:10:08+00:00\",\"dateModified\":\"2024-04-13T09:10:24+00:00\",\"breadcrumb\":{\"@id\":\"https:\/\/www.masella.com\/blog\/ca\/comiat-en-banyador\/#breadcrumb\"},\"inLanguage\":\"ca\",\"potentialAction\":[{\"@type\":\"ReadAction\",\"target\":[\"https:\/\/www.masella.com\/blog\/ca\/comiat-en-banyador\/\"]}]},{\"@type\":\"BreadcrumbList\",\"@id\":\"https:\/\/www.masella.com\/blog\/ca\/comiat-en-banyador\/#breadcrumb\",\"itemListElement\":[{\"@type\":\"ListItem\",\"position\":1,\"name\":\"Portada\",\"item\":\"https:\/\/www.masella.com\/blog\/ca\/\"},{\"@type\":\"ListItem\",\"position\":2,\"name\":\"COMIAT EN BANYADOR!\"}]},{\"@type\":\"WebSite\",\"@id\":\"https:\/\/www.masella.com\/blog\/ca\/#website\",\"url\":\"https:\/\/www.masella.com\/blog\/ca\/\",\"name\":\"El Blog oficial de Masella\",\"description\":\"\",\"publisher\":{\"@id\":\"https:\/\/www.masella.com\/blog\/ca\/#organization\"},\"potentialAction\":[{\"@type\":\"SearchAction\",\"target\":{\"@type\":\"EntryPoint\",\"urlTemplate\":\"https:\/\/www.masella.com\/blog\/ca\/?s={search_term_string}\"},\"query-input\":\"required name=search_term_string\"}],\"inLanguage\":\"ca\"},{\"@type\":\"Organization\",\"@id\":\"https:\/\/www.masella.com\/blog\/ca\/#organization\",\"name\":\"El Blog oficial de Masella\",\"url\":\"https:\/\/www.masella.com\/blog\/ca\/\",\"logo\":{\"@type\":\"ImageObject\",\"inLanguage\":\"ca\",\"@id\":\"https:\/\/www.masella.com\/blog\/ca\/#\/schema\/logo\/image\/\",\"url\":\"https:\/\/www.masella.com\/blog\/wp-content\/uploads\/2022\/12\/cropped-logo-masella-cat.png\",\"contentUrl\":\"https:\/\/www.masella.com\/blog\/wp-content\/uploads\/2022\/12\/cropped-logo-masella-cat.png\",\"width\":150,\"height\":88,\"caption\":\"El Blog oficial de Masella\"},\"image\":{\"@id\":\"https:\/\/www.masella.com\/blog\/ca\/#\/schema\/logo\/image\/\"}},{\"@type\":\"Person\",\"@id\":\"https:\/\/www.masella.com\/blog\/ca\/#\/schema\/person\/e32b971f5be20790c591d85b8f1c706b\",\"name\":\"masella\",\"image\":{\"@type\":\"ImageObject\",\"inLanguage\":\"ca\",\"@id\":\"https:\/\/www.masella.com\/blog\/ca\/#\/schema\/person\/image\/\",\"url\":\"https:\/\/secure.gravatar.com\/avatar\/57590b1151eaa410a783e55768bbbba2?s=96&d=mm&r=g\",\"contentUrl\":\"https:\/\/secure.gravatar.com\/avatar\/57590b1151eaa410a783e55768bbbba2?s=96&d=mm&r=g\",\"caption\":\"masella\"},\"url\":\"https:\/\/www.masella.com\/blog\/ca\/author\/anna\/\"}]}<\/script>\n<!-- \/ Yoast SEO plugin. -->","yoast_head_json":{"title":"COMIAT EN BANYADOR! - El Blog oficial de Masella","robots":{"index":"index","follow":"follow","max-snippet":"max-snippet:-1","max-image-preview":"max-image-preview:large","max-video-preview":"max-video-preview:-1"},"canonical":"https:\/\/www.masella.com\/blog\/ca\/comiat-en-banyador\/","og_locale":"ca_ES","og_type":"article","og_title":"COMIAT EN BANYADOR! - El Blog oficial de Masella","og_description":"Per iniciativa d&#8217;uns quants esquiadors fidels a l&#8217;estaci\u00f3, que temporada rere temporada esquien el darrer dia en banyador, enguany ho","og_url":"https:\/\/www.masella.com\/blog\/ca\/comiat-en-banyador\/","og_site_name":"El Blog oficial de Masella","article_published_time":"2024-04-13T09:10:08+00:00","article_modified_time":"2024-04-13T09:10:24+00:00","og_image":[{"width":2560,"height":953,"url":"https:\/\/www.masella.com\/blog\/wp-content\/uploads\/2024\/04\/ID-scaled.jpg","type":"image\/jpeg"}],"author":"masella","twitter_card":"summary_large_image","twitter_misc":{"Escrit per":"masella","Temps estimat de lectura":"2 minuts"},"schema":{"@context":"https:\/\/schema.org","@graph":[{"@type":"Article","@id":"https:\/\/www.masella.com\/blog\/ca\/comiat-en-banyador\/#article","isPartOf":{"@id":"https:\/\/www.masella.com\/blog\/ca\/comiat-en-banyador\/"},"author":{"name":"masella","@id":"https:\/\/www.masella.com\/blog\/ca\/#\/schema\/person\/e32b971f5be20790c591d85b8f1c706b"},"headline":"COMIAT EN BANYADOR!","datePublished":"2024-04-13T09:10:08+00:00","dateModified":"2024-04-13T09:10:24+00:00","mainEntityOfPage":{"@id":"https:\/\/www.masella.com\/blog\/ca\/comiat-en-banyador\/"},"wordCount":287,"commentCount":0,"publisher":{"@id":"https:\/\/www.masella.com\/blog\/ca\/#organization"},"articleSection":["Actualitat"],"inLanguage":"ca","potentialAction":[{"@type":"CommentAction","name":"Comment","target":["https:\/\/www.masella.com\/blog\/ca\/comiat-en-banyador\/#respond"]}]},{"@type":"WebPage","@id":"https:\/\/www.masella.com\/blog\/ca\/comiat-en-banyador\/","url":"https:\/\/www.masella.com\/blog\/ca\/comiat-en-banyador\/","name":"COMIAT EN BANYADOR! - El Blog oficial de Masella","isPartOf":{"@id":"https:\/\/www.masella.com\/blog\/ca\/#website"},"datePublished":"2024-04-13T09:10:08+00:00","dateModified":"2024-04-13T09:10:24+00:00","breadcrumb":{"@id":"https:\/\/www.masella.com\/blog\/ca\/comiat-en-banyador\/#breadcrumb"},"inLanguage":"ca","potentialAction":[{"@type":"ReadAction","target":["https:\/\/www.masella.com\/blog\/ca\/comiat-en-banyador\/"]}]},{"@type":"BreadcrumbList","@id":"https:\/\/www.masella.com\/blog\/ca\/comiat-en-banyador\/#breadcrumb","itemListElement":[{"@type":"ListItem","position":1,"name":"Portada","item":"https:\/\/www.masella.com\/blog\/ca\/"},{"@type":"ListItem","position":2,"name":"COMIAT EN BANYADOR!"}]},{"@type":"WebSite","@id":"https:\/\/www.masella.com\/blog\/ca\/#website","url":"https:\/\/www.masella.com\/blog\/ca\/","name":"El Blog oficial de Masella","description":"","publisher":{"@id":"https:\/\/www.masella.com\/blog\/ca\/#organization"},"potentialAction":[{"@type":"SearchAction","target":{"@type":"EntryPoint","urlTemplate":"https:\/\/www.masella.com\/blog\/ca\/?s={search_term_string}"},"query-input":"required name=search_term_string"}],"inLanguage":"ca"},{"@type":"Organization","@id":"https:\/\/www.masella.com\/blog\/ca\/#organization","name":"El Blog oficial de Masella","url":"https:\/\/www.masella.com\/blog\/ca\/","logo":{"@type":"ImageObject","inLanguage":"ca","@id":"https:\/\/www.masella.com\/blog\/ca\/#\/schema\/logo\/image\/","url":"https:\/\/www.masella.com\/blog\/wp-content\/uploads\/2022\/12\/cropped-logo-masella-cat.png","contentUrl":"https:\/\/www.masella.com\/blog\/wp-content\/uploads\/2022\/12\/cropped-logo-masella-cat.png","width":150,"height":88,"caption":"El Blog oficial de Masella"},"image":{"@id":"https:\/\/www.masella.com\/blog\/ca\/#\/schema\/logo\/image\/"}},{"@type":"Person","@id":"https:\/\/www.masella.com\/blog\/ca\/#\/schema\/person\/e32b971f5be20790c591d85b8f1c706b","name":"masella","image":{"@type":"ImageObject","inLanguage":"ca","@id":"https:\/\/www.masella.com\/blog\/ca\/#\/schema\/person\/image\/","url":"https:\/\/secure.gravatar.com\/avatar\/57590b1151eaa410a783e55768bbbba2?s=96&d=mm&r=g","contentUrl":"https:\/\/secure.gravatar.com\/avatar\/57590b1151eaa410a783e55768bbbba2?s=96&d=mm&r=g","caption":"masella"},"url":"https:\/\/www.masella.com\/blog\/ca\/author\/anna\/"}]}},"_links":{"self":[{"href":"https:\/\/www.masella.com\/blog\/ca\/wp-json\/wp\/v2\/posts\/9175"}],"collection":[{"href":"https:\/\/www.masella.com\/blog\/ca\/wp-json\/wp\/v2\/posts"}],"about":[{"href":"https:\/\/www.masella.com\/blog\/ca\/wp-json\/wp\/v2\/types\/post"}],"author":[{"embeddable":true,"href":"https:\/\/www.masella.com\/blog\/ca\/wp-json\/wp\/v2\/users\/4"}],"replies":[{"embeddable":true,"href":"https:\/\/www.masella.com\/blog\/ca\/wp-json\/wp\/v2\/comments?post=9175"}],"version-history":[{"count":1,"href":"https:\/\/www.masella.com\/blog\/ca\/wp-json\/wp\/v2\/posts\/9175\/revisions"}],"predecessor-version":[{"id":9188,"href":"https:\/\/www.masella.com\/blog\/ca\/wp-json\/wp\/v2\/posts\/9175\/revisions\/9188"}],"wp:featuredmedia":[{"embeddable":true,"href":"https:\/\/www.masella.com\/blog\/ca\/wp-json\/wp\/v2\/media\/9176"}],"wp:attachment":[{"href":"https:\/\/www.masella.com\/blog\/ca\/wp-json\/wp\/v2\/media?parent=9175"}],"wp:term":[{"taxonomy":"category","embeddable":true,"href":"https:\/\/www.masella.com\/blog\/ca\/wp-json\/wp\/v2\/categories?post=9175"},{"taxonomy":"post_tag","embeddable":true,"href":"https:\/\/www.masella.com\/blog\/ca\/wp-json\/wp\/v2\/tags?post=9175"}],"curies":[{"name":"wp","href":"https:\/\/api.w.org\/{rel}","templated":true}]}}