{"id":9492,"date":"2024-12-20T17:00:26","date_gmt":"2024-12-20T16:00:26","guid":{"rendered":"https:\/\/www.masella.com\/blog\/?p=9492"},"modified":"2024-12-21T13:17:28","modified_gmt":"2024-12-21T12:17:28","slug":"baixada-de-torxes","status":"publish","type":"post","link":"https:\/\/www.masella.com\/blog\/ca\/baixada-de-torxes\/","title":{"rendered":"BAIXADA DE TORXES"},"content":{"rendered":"<p>Aquesta temporada 2024-2025 les estacions d\u2019esqu\u00ed i muntanya de La Molina i de Masella celebrem el 25\u00e8 aniversari d\u2019Alp 2500, \u00e9s a dir de la uni\u00f3 de les dues estacions per la muntanya de la Tosa.<\/p>\n<p>Per celebrar-ho volem que els esquiadors sigueu els m\u00e0xims protagonistes, ja que Alp 2500 \u00e9s fruit de la voluntat de les dues estacions i, sobretot, gr\u00e0cies a la vostra fidelitat que, temporada rere temporada, feu possible aquest gran domini de 145 km esquiables del Pirineu de Girona.<\/p>\n<p>\u00c9s per aix\u00f2 que muntem una:<\/p>\n<p><strong>GRAN BAIXADA DE TORXES<\/strong><\/p>\n<p>El dilluns, dia 30 de desembre!<\/p>\n<p><strong>PARTICIPEU-HI!!!<\/strong> \ud83d\ude09<\/p>\n<p><strong>INSCRIPCIONS CLIQUEU AQU\u00cd<\/strong><\/p>\n<p><strong>NOTA IMPORTANT:<\/strong> Els esquiadors dels clubs d\u2019esqu\u00ed heu d\u2019inscriure-us directament al vostre club.<\/p>\n<p><strong>PROGRAMA DE LA BAIXADA DE TORXES &#8211; Dilluns, dia 30 de desembre de 2024<\/strong><\/p>\n<p><strong>15:00- \u00a0Recollida acreditacions de la baixada de torxes al Podi del Pla de Masella <\/strong><\/p>\n<p><strong>16:00 \u2013 21:00 h | Festa al Pla de Masella<\/strong><\/p>\n<ul>\n<li>M\u00fasica en directe i ambient festiu al M\u00d6OD MASELLA amb R\u00e0dio Flaixbac<\/li>\n<\/ul>\n<p><strong>17:00 h | Inici de la Pujada dels Torxaires<\/strong><\/p>\n<ul>\n<li>Punt de trobada per a torxaires al Pla de Masella.<\/li>\n<li>Els participants comen\u00e7aran a pujar pel telecadira TGV.<\/li>\n<li>Tots els itineraris aniran liderats per un responsable de l\u2019Escola d\u2019Esqu\u00ed de Masella.<\/li>\n<\/ul>\n<p><strong>18:15 h | Inici de la Baixada amb Torxes<\/strong><\/p>\n<p><strong>18:45-19:00 h | Arribada al Pla de Masella<\/strong><\/p>\n<p><strong>19:00 h | Focs artificials <\/strong><\/p>\n<p><strong>NORMATIVA DE LA BAIXADA DE TORXES<\/strong><\/p>\n<p>-L\u2019acreditaci\u00f3-forfet permet accedir al remuntador assignat per la baixada de torxes i \u00e9s gratu\u00efta.<\/p>\n<p>-L\u2019edat m\u00ednima dels inscrits s\u00f3n 12 anys.<\/p>\n<p>-Nivell d\u2019esqu\u00ed mig-alt o alt.<\/p>\n<p>-No es perm\u00e8s portar bastons.<\/p>\n<p>-Oberta nom\u00e9s als esquiadors.<\/p>\n<p>-La data m\u00e0xima de la inscripci\u00f3 \u00e9s el dilluns, dia 23 de desembre.<\/p>\n<p>-La inscripci\u00f3 a la baixada de torxes implica l\u2019acceptaci\u00f3 de la present normativa.<\/p>\n<p><strong>CONSELLS<\/strong><\/p>\n<p>A tots els participants de la Baixada de Torxes els aconsellem:<\/p>\n<p>-Abrigar-se per capes.<\/p>\n<p>-Portar ulleres d\u2019esquiar clares i transparents.<\/p>\n<p>-Vestir amb roba vella per una eventual cremada de la torxa.<\/p>\n<p>-Portar llum frontal.<\/p>\n","protected":false},"excerpt":{"rendered":"<p>Aquesta temporada 2024-2025 les estacions d\u2019esqu\u00ed i muntanya de La Molina i de Masella celebrem el 25\u00e8 aniversari d\u2019Alp 2500,<\/p>\n","protected":false},"author":4,"featured_media":0,"comment_status":"open","ping_status":"open","sticky":false,"template":"","format":"standard","meta":{"footnotes":""},"categories":[21,63,13],"tags":[],"yoast_head":"<!-- This site is optimized with the Yoast SEO plugin v21.5 - https:\/\/yoast.com\/wordpress\/plugins\/seo\/ -->\n<title>BAIXADA DE TORXES - El Blog oficial de Masella<\/title>\n<meta name=\"robots\" content=\"index, follow, max-snippet:-1, max-image-preview:large, max-video-preview:-1\" \/>\n<link rel=\"canonical\" href=\"https:\/\/www.masella.com\/blog\/ca\/baixada-de-torxes\/\" \/>\n<meta property=\"og:locale\" content=\"ca_ES\" \/>\n<meta property=\"og:type\" content=\"article\" \/>\n<meta property=\"og:title\" content=\"BAIXADA DE TORXES - El Blog oficial de Masella\" \/>\n<meta property=\"og:description\" content=\"Aquesta temporada 2024-2025 les estacions d\u2019esqu\u00ed i muntanya de La Molina i de Masella celebrem el 25\u00e8 aniversari d\u2019Alp 2500,\" \/>\n<meta property=\"og:url\" content=\"https:\/\/www.masella.com\/blog\/ca\/baixada-de-torxes\/\" \/>\n<meta property=\"og:site_name\" content=\"El Blog oficial de Masella\" \/>\n<meta property=\"article:published_time\" content=\"2024-12-20T16:00:26+00:00\" \/>\n<meta property=\"article:modified_time\" content=\"2024-12-21T12:17:28+00:00\" \/>\n<meta name=\"author\" content=\"masella\" \/>\n<meta name=\"twitter:card\" content=\"summary_large_image\" \/>\n<meta name=\"twitter:label1\" content=\"Escrit per\" \/>\n\t<meta name=\"twitter:data1\" content=\"masella\" \/>\n\t<meta name=\"twitter:label2\" content=\"Temps estimat de lectura\" \/>\n\t<meta name=\"twitter:data2\" content=\"2 minuts\" \/>\n<script type=\"application\/ld+json\" class=\"yoast-schema-graph\">{\"@context\":\"https:\/\/schema.org\",\"@graph\":[{\"@type\":\"Article\",\"@id\":\"https:\/\/www.masella.com\/blog\/ca\/baixada-de-torxes\/#article\",\"isPartOf\":{\"@id\":\"https:\/\/www.masella.com\/blog\/ca\/baixada-de-torxes\/\"},\"author\":{\"name\":\"masella\",\"@id\":\"https:\/\/www.masella.com\/blog\/ca\/#\/schema\/person\/e32b971f5be20790c591d85b8f1c706b\"},\"headline\":\"BAIXADA DE TORXES\",\"datePublished\":\"2024-12-20T16:00:26+00:00\",\"dateModified\":\"2024-12-21T12:17:28+00:00\",\"mainEntityOfPage\":{\"@id\":\"https:\/\/www.masella.com\/blog\/ca\/baixada-de-torxes\/\"},\"wordCount\":337,\"commentCount\":0,\"publisher\":{\"@id\":\"https:\/\/www.masella.com\/blog\/ca\/#organization\"},\"articleSection\":[\"Actualitat\",\"Destacat\",\"Esdeveniments\"],\"inLanguage\":\"ca\",\"potentialAction\":[{\"@type\":\"CommentAction\",\"name\":\"Comment\",\"target\":[\"https:\/\/www.masella.com\/blog\/ca\/baixada-de-torxes\/#respond\"]}]},{\"@type\":\"WebPage\",\"@id\":\"https:\/\/www.masella.com\/blog\/ca\/baixada-de-torxes\/\",\"url\":\"https:\/\/www.masella.com\/blog\/ca\/baixada-de-torxes\/\",\"name\":\"BAIXADA DE TORXES - El Blog oficial de Masella\",\"isPartOf\":{\"@id\":\"https:\/\/www.masella.com\/blog\/ca\/#website\"},\"datePublished\":\"2024-12-20T16:00:26+00:00\",\"dateModified\":\"2024-12-21T12:17:28+00:00\",\"breadcrumb\":{\"@id\":\"https:\/\/www.masella.com\/blog\/ca\/baixada-de-torxes\/#breadcrumb\"},\"inLanguage\":\"ca\",\"potentialAction\":[{\"@type\":\"ReadAction\",\"target\":[\"https:\/\/www.masella.com\/blog\/ca\/baixada-de-torxes\/\"]}]},{\"@type\":\"BreadcrumbList\",\"@id\":\"https:\/\/www.masella.com\/blog\/ca\/baixada-de-torxes\/#breadcrumb\",\"itemListElement\":[{\"@type\":\"ListItem\",\"position\":1,\"name\":\"Portada\",\"item\":\"https:\/\/www.masella.com\/blog\/ca\/\"},{\"@type\":\"ListItem\",\"position\":2,\"name\":\"BAIXADA DE TORXES\"}]},{\"@type\":\"WebSite\",\"@id\":\"https:\/\/www.masella.com\/blog\/ca\/#website\",\"url\":\"https:\/\/www.masella.com\/blog\/ca\/\",\"name\":\"El Blog oficial de Masella\",\"description\":\"\",\"publisher\":{\"@id\":\"https:\/\/www.masella.com\/blog\/ca\/#organization\"},\"potentialAction\":[{\"@type\":\"SearchAction\",\"target\":{\"@type\":\"EntryPoint\",\"urlTemplate\":\"https:\/\/www.masella.com\/blog\/ca\/?s={search_term_string}\"},\"query-input\":\"required name=search_term_string\"}],\"inLanguage\":\"ca\"},{\"@type\":\"Organization\",\"@id\":\"https:\/\/www.masella.com\/blog\/ca\/#organization\",\"name\":\"El Blog oficial de Masella\",\"url\":\"https:\/\/www.masella.com\/blog\/ca\/\",\"logo\":{\"@type\":\"ImageObject\",\"inLanguage\":\"ca\",\"@id\":\"https:\/\/www.masella.com\/blog\/ca\/#\/schema\/logo\/image\/\",\"url\":\"https:\/\/www.masella.com\/blog\/wp-content\/uploads\/2022\/12\/cropped-logo-masella-cat.png\",\"contentUrl\":\"https:\/\/www.masella.com\/blog\/wp-content\/uploads\/2022\/12\/cropped-logo-masella-cat.png\",\"width\":150,\"height\":88,\"caption\":\"El Blog oficial de Masella\"},\"image\":{\"@id\":\"https:\/\/www.masella.com\/blog\/ca\/#\/schema\/logo\/image\/\"}},{\"@type\":\"Person\",\"@id\":\"https:\/\/www.masella.com\/blog\/ca\/#\/schema\/person\/e32b971f5be20790c591d85b8f1c706b\",\"name\":\"masella\",\"image\":{\"@type\":\"ImageObject\",\"inLanguage\":\"ca\",\"@id\":\"https:\/\/www.masella.com\/blog\/ca\/#\/schema\/person\/image\/\",\"url\":\"https:\/\/secure.gravatar.com\/avatar\/57590b1151eaa410a783e55768bbbba2?s=96&d=mm&r=g\",\"contentUrl\":\"https:\/\/secure.gravatar.com\/avatar\/57590b1151eaa410a783e55768bbbba2?s=96&d=mm&r=g\",\"caption\":\"masella\"},\"url\":\"https:\/\/www.masella.com\/blog\/ca\/author\/anna\/\"}]}<\/script>\n<!-- \/ Yoast SEO plugin. -->","yoast_head_json":{"title":"BAIXADA DE TORXES - El Blog oficial de Masella","robots":{"index":"index","follow":"follow","max-snippet":"max-snippet:-1","max-image-preview":"max-image-preview:large","max-video-preview":"max-video-preview:-1"},"canonical":"https:\/\/www.masella.com\/blog\/ca\/baixada-de-torxes\/","og_locale":"ca_ES","og_type":"article","og_title":"BAIXADA DE TORXES - El Blog oficial de Masella","og_description":"Aquesta temporada 2024-2025 les estacions d\u2019esqu\u00ed i muntanya de La Molina i de Masella celebrem el 25\u00e8 aniversari d\u2019Alp 2500,","og_url":"https:\/\/www.masella.com\/blog\/ca\/baixada-de-torxes\/","og_site_name":"El Blog oficial de Masella","article_published_time":"2024-12-20T16:00:26+00:00","article_modified_time":"2024-12-21T12:17:28+00:00","author":"masella","twitter_card":"summary_large_image","twitter_misc":{"Escrit per":"masella","Temps estimat de lectura":"2 minuts"},"schema":{"@context":"https:\/\/schema.org","@graph":[{"@type":"Article","@id":"https:\/\/www.masella.com\/blog\/ca\/baixada-de-torxes\/#article","isPartOf":{"@id":"https:\/\/www.masella.com\/blog\/ca\/baixada-de-torxes\/"},"author":{"name":"masella","@id":"https:\/\/www.masella.com\/blog\/ca\/#\/schema\/person\/e32b971f5be20790c591d85b8f1c706b"},"headline":"BAIXADA DE TORXES","datePublished":"2024-12-20T16:00:26+00:00","dateModified":"2024-12-21T12:17:28+00:00","mainEntityOfPage":{"@id":"https:\/\/www.masella.com\/blog\/ca\/baixada-de-torxes\/"},"wordCount":337,"commentCount":0,"publisher":{"@id":"https:\/\/www.masella.com\/blog\/ca\/#organization"},"articleSection":["Actualitat","Destacat","Esdeveniments"],"inLanguage":"ca","potentialAction":[{"@type":"CommentAction","name":"Comment","target":["https:\/\/www.masella.com\/blog\/ca\/baixada-de-torxes\/#respond"]}]},{"@type":"WebPage","@id":"https:\/\/www.masella.com\/blog\/ca\/baixada-de-torxes\/","url":"https:\/\/www.masella.com\/blog\/ca\/baixada-de-torxes\/","name":"BAIXADA DE TORXES - El Blog oficial de Masella","isPartOf":{"@id":"https:\/\/www.masella.com\/blog\/ca\/#website"},"datePublished":"2024-12-20T16:00:26+00:00","dateModified":"2024-12-21T12:17:28+00:00","breadcrumb":{"@id":"https:\/\/www.masella.com\/blog\/ca\/baixada-de-torxes\/#breadcrumb"},"inLanguage":"ca","potentialAction":[{"@type":"ReadAction","target":["https:\/\/www.masella.com\/blog\/ca\/baixada-de-torxes\/"]}]},{"@type":"BreadcrumbList","@id":"https:\/\/www.masella.com\/blog\/ca\/baixada-de-torxes\/#breadcrumb","itemListElement":[{"@type":"ListItem","position":1,"name":"Portada","item":"https:\/\/www.masella.com\/blog\/ca\/"},{"@type":"ListItem","position":2,"name":"BAIXADA DE TORXES"}]},{"@type":"WebSite","@id":"https:\/\/www.masella.com\/blog\/ca\/#website","url":"https:\/\/www.masella.com\/blog\/ca\/","name":"El Blog oficial de Masella","description":"","publisher":{"@id":"https:\/\/www.masella.com\/blog\/ca\/#organization"},"potentialAction":[{"@type":"SearchAction","target":{"@type":"EntryPoint","urlTemplate":"https:\/\/www.masella.com\/blog\/ca\/?s={search_term_string}"},"query-input":"required name=search_term_string"}],"inLanguage":"ca"},{"@type":"Organization","@id":"https:\/\/www.masella.com\/blog\/ca\/#organization","name":"El Blog oficial de Masella","url":"https:\/\/www.masella.com\/blog\/ca\/","logo":{"@type":"ImageObject","inLanguage":"ca","@id":"https:\/\/www.masella.com\/blog\/ca\/#\/schema\/logo\/image\/","url":"https:\/\/www.masella.com\/blog\/wp-content\/uploads\/2022\/12\/cropped-logo-masella-cat.png","contentUrl":"https:\/\/www.masella.com\/blog\/wp-content\/uploads\/2022\/12\/cropped-logo-masella-cat.png","width":150,"height":88,"caption":"El Blog oficial de Masella"},"image":{"@id":"https:\/\/www.masella.com\/blog\/ca\/#\/schema\/logo\/image\/"}},{"@type":"Person","@id":"https:\/\/www.masella.com\/blog\/ca\/#\/schema\/person\/e32b971f5be20790c591d85b8f1c706b","name":"masella","image":{"@type":"ImageObject","inLanguage":"ca","@id":"https:\/\/www.masella.com\/blog\/ca\/#\/schema\/person\/image\/","url":"https:\/\/secure.gravatar.com\/avatar\/57590b1151eaa410a783e55768bbbba2?s=96&d=mm&r=g","contentUrl":"https:\/\/secure.gravatar.com\/avatar\/57590b1151eaa410a783e55768bbbba2?s=96&d=mm&r=g","caption":"masella"},"url":"https:\/\/www.masella.com\/blog\/ca\/author\/anna\/"}]}},"_links":{"self":[{"href":"https:\/\/www.masella.com\/blog\/ca\/wp-json\/wp\/v2\/posts\/9492"}],"collection":[{"href":"https:\/\/www.masella.com\/blog\/ca\/wp-json\/wp\/v2\/posts"}],"about":[{"href":"https:\/\/www.masella.com\/blog\/ca\/wp-json\/wp\/v2\/types\/post"}],"author":[{"embeddable":true,"href":"https:\/\/www.masella.com\/blog\/ca\/wp-json\/wp\/v2\/users\/4"}],"replies":[{"embeddable":true,"href":"https:\/\/www.masella.com\/blog\/ca\/wp-json\/wp\/v2\/comments?post=9492"}],"version-history":[{"count":1,"href":"https:\/\/www.masella.com\/blog\/ca\/wp-json\/wp\/v2\/posts\/9492\/revisions"}],"predecessor-version":[{"id":9493,"href":"https:\/\/www.masella.com\/blog\/ca\/wp-json\/wp\/v2\/posts\/9492\/revisions\/9493"}],"wp:attachment":[{"href":"https:\/\/www.masella.com\/blog\/ca\/wp-json\/wp\/v2\/media?parent=9492"}],"wp:term":[{"taxonomy":"category","embeddable":true,"href":"https:\/\/www.masella.com\/blog\/ca\/wp-json\/wp\/v2\/categories?post=9492"},{"taxonomy":"post_tag","embeddable":true,"href":"https:\/\/www.masella.com\/blog\/ca\/wp-json\/wp\/v2\/tags?post=9492"}],"curies":[{"name":"wp","href":"https:\/\/api.w.org\/{rel}","templated":true}]}}