{"id":9532,"date":"2024-12-31T11:57:38","date_gmt":"2024-12-31T10:57:38","guid":{"rendered":"https:\/\/www.masella.com\/blog\/?p=9532"},"modified":"2025-01-11T18:57:06","modified_gmt":"2025-01-11T17:57:06","slug":"25e-aniversari-alp-2500","status":"publish","type":"post","link":"https:\/\/www.masella.com\/blog\/ca\/25e-aniversari-alp-2500\/","title":{"rendered":"25\u00e8 ANIVERSARI ALP 2500"},"content":{"rendered":"<p>Aquesta temporada 2024-2025 les estacions d\u2019esqu\u00ed i muntanya de La Molina i Masella celebrem el 25\u00e8 aniversari d\u2019Alp 2500, \u00e9s a dir de la uni\u00f3 de les dues estacions. El v\u00eddeo seg\u00fcent, de forma resumida, explica la hist\u00f2ria d&#8217;Alp 2500, un somni fet realitat.<\/p>\n<p><a href=\"https:\/\/www.youtube.com\/watch?v=Nsqz61FsI2U\" target=\"_blank\" rel=\"noopener\"><img loading=\"lazy\" decoding=\"async\" class=\"size-large wp-image-9537 aligncenter\" src=\"https:\/\/www.masella.com\/blog\/wp-content\/uploads\/2025\/01\/001_Video_miniatura-1024x683.jpg\" alt=\"\" width=\"800\" height=\"534\" srcset=\"https:\/\/www.masella.com\/blog\/wp-content\/uploads\/2025\/01\/001_Video_miniatura-1024x683.jpg 1024w, https:\/\/www.masella.com\/blog\/wp-content\/uploads\/2025\/01\/001_Video_miniatura-300x200.jpg 300w, https:\/\/www.masella.com\/blog\/wp-content\/uploads\/2025\/01\/001_Video_miniatura-768x512.jpg 768w, https:\/\/www.masella.com\/blog\/wp-content\/uploads\/2025\/01\/001_Video_miniatura.jpg 1500w\" sizes=\"(max-width: 800px) 100vw, 800px\" \/><\/a><\/p>\n<p style=\"text-align: center;\"><strong>CLIQUEU LA IMATGE<\/strong><\/p>\n<p>La Molina i Masella, el passat dilluns 30 de desesmbre, s&#8217;han vestit de gala per commemorar el 25\u00e8 aniversari del domini esquiable d&#8217;Alp2500, el domini de les dues estacions unides pel telecabina Cad\u00ed-Moixer\u00f3, l&#8217;any 1999, i del telecadira Jumbo Tosa, inaugurat l&#8217;any anterior. La celebraci\u00f3 ha aplegat milers de persones que han gaudit d&#8217;una jornada plena d&#8217;activitats per a tots els p\u00fablics. El moment culminant de la celebraci\u00f3 ha arribat a la tarda, amb una espectacular baixada simult\u00e0nia de torxes des de les dues estacions, amb la participaci\u00f3 de 2.500 persones.<\/p>\n<p>Els esquiadors han fet uns recorreguts de m\u00e9s de 900 metres fins a arribar a les bases de les dues estacions, on s\u2019han pogut veure focs artificials. Durant el dia, a m\u00e9s, i ha hagut altres activitats com un vermut musical i Dj&#8217;s a les dues estacions, concerts i uns programes especials de tarda de RAC105 i R\u00e0dio Flaixbac, des de La Molina i Masella, respectivament. Ja al vespre, s\u2019ha celebrat un acte institucional, amb un concert, al Palau d\u2019Esports i Congressos d\u2019Alp. Mireu el resum de la Baixada de Torxes de La Molina + Masella en el seg\u00fcent v\u00eddeo:<\/p>\n<p>&nbsp;<\/p>\n<p><a href=\"https:\/\/youtube.com\/shorts\/h2xg8esbHV8?si=p52VnTNrGTuZWqK7\" target=\"_blank\" rel=\"noopener\"><img loading=\"lazy\" decoding=\"async\" class=\"size-large wp-image-9545 aligncenter\" src=\"https:\/\/www.masella.com\/blog\/wp-content\/uploads\/2025\/01\/002_Video_miniatura-1024x682.jpg\" alt=\"\" width=\"800\" height=\"533\" srcset=\"https:\/\/www.masella.com\/blog\/wp-content\/uploads\/2025\/01\/002_Video_miniatura-1024x682.jpg 1024w, https:\/\/www.masella.com\/blog\/wp-content\/uploads\/2025\/01\/002_Video_miniatura-300x200.jpg 300w, https:\/\/www.masella.com\/blog\/wp-content\/uploads\/2025\/01\/002_Video_miniatura-768x511.jpg 768w, https:\/\/www.masella.com\/blog\/wp-content\/uploads\/2025\/01\/002_Video_miniatura.jpg 1500w\" sizes=\"(max-width: 800px) 100vw, 800px\" \/><\/a><\/p>\n<p style=\"text-align: center;\"><strong>CLIQUEU LA IMATGE<\/strong><\/p>\n","protected":false},"excerpt":{"rendered":"<p>Aquesta temporada 2024-2025 les estacions d\u2019esqu\u00ed i muntanya de La Molina i Masella celebrem el 25\u00e8 aniversari d\u2019Alp 2500, \u00e9s<\/p>\n","protected":false},"author":4,"featured_media":9533,"comment_status":"open","ping_status":"open","sticky":false,"template":"","format":"standard","meta":{"footnotes":""},"categories":[21],"tags":[],"yoast_head":"<!-- This site is optimized with the Yoast SEO plugin v21.5 - https:\/\/yoast.com\/wordpress\/plugins\/seo\/ -->\n<title>25\u00e8 ANIVERSARI ALP 2500 - El Blog oficial de Masella<\/title>\n<meta name=\"robots\" content=\"index, follow, max-snippet:-1, max-image-preview:large, max-video-preview:-1\" \/>\n<link rel=\"canonical\" href=\"https:\/\/www.masella.com\/blog\/ca\/25e-aniversari-alp-2500\/\" \/>\n<meta property=\"og:locale\" content=\"ca_ES\" \/>\n<meta property=\"og:type\" content=\"article\" \/>\n<meta property=\"og:title\" content=\"25\u00e8 ANIVERSARI ALP 2500 - El Blog oficial de Masella\" \/>\n<meta property=\"og:description\" content=\"Aquesta temporada 2024-2025 les estacions d\u2019esqu\u00ed i muntanya de La Molina i Masella celebrem el 25\u00e8 aniversari d\u2019Alp 2500, \u00e9s\" \/>\n<meta property=\"og:url\" content=\"https:\/\/www.masella.com\/blog\/ca\/25e-aniversari-alp-2500\/\" \/>\n<meta property=\"og:site_name\" content=\"El Blog oficial de Masella\" \/>\n<meta property=\"article:published_time\" content=\"2024-12-31T10:57:38+00:00\" \/>\n<meta property=\"article:modified_time\" content=\"2025-01-11T17:57:06+00:00\" \/>\n<meta property=\"og:image\" content=\"https:\/\/www.masella.com\/blog\/wp-content\/uploads\/2025\/01\/ID-scaled.jpg\" \/>\n\t<meta property=\"og:image:width\" content=\"2560\" \/>\n\t<meta property=\"og:image:height\" content=\"1440\" \/>\n\t<meta property=\"og:image:type\" content=\"image\/jpeg\" \/>\n<meta name=\"author\" content=\"masella\" \/>\n<meta name=\"twitter:card\" content=\"summary_large_image\" \/>\n<meta name=\"twitter:label1\" content=\"Escrit per\" \/>\n\t<meta name=\"twitter:data1\" content=\"masella\" \/>\n\t<meta name=\"twitter:label2\" content=\"Temps estimat de lectura\" \/>\n\t<meta name=\"twitter:data2\" content=\"2 minuts\" \/>\n<script type=\"application\/ld+json\" class=\"yoast-schema-graph\">{\"@context\":\"https:\/\/schema.org\",\"@graph\":[{\"@type\":\"Article\",\"@id\":\"https:\/\/www.masella.com\/blog\/ca\/25e-aniversari-alp-2500\/#article\",\"isPartOf\":{\"@id\":\"https:\/\/www.masella.com\/blog\/ca\/25e-aniversari-alp-2500\/\"},\"author\":{\"name\":\"masella\",\"@id\":\"https:\/\/www.masella.com\/blog\/ca\/#\/schema\/person\/e32b971f5be20790c591d85b8f1c706b\"},\"headline\":\"25\u00e8 ANIVERSARI ALP 2500\",\"datePublished\":\"2024-12-31T10:57:38+00:00\",\"dateModified\":\"2025-01-11T17:57:06+00:00\",\"mainEntityOfPage\":{\"@id\":\"https:\/\/www.masella.com\/blog\/ca\/25e-aniversari-alp-2500\/\"},\"wordCount\":260,\"commentCount\":0,\"publisher\":{\"@id\":\"https:\/\/www.masella.com\/blog\/ca\/#organization\"},\"articleSection\":[\"Actualitat\"],\"inLanguage\":\"ca\",\"potentialAction\":[{\"@type\":\"CommentAction\",\"name\":\"Comment\",\"target\":[\"https:\/\/www.masella.com\/blog\/ca\/25e-aniversari-alp-2500\/#respond\"]}]},{\"@type\":\"WebPage\",\"@id\":\"https:\/\/www.masella.com\/blog\/ca\/25e-aniversari-alp-2500\/\",\"url\":\"https:\/\/www.masella.com\/blog\/ca\/25e-aniversari-alp-2500\/\",\"name\":\"25\u00e8 ANIVERSARI ALP 2500 - El Blog oficial de Masella\",\"isPartOf\":{\"@id\":\"https:\/\/www.masella.com\/blog\/ca\/#website\"},\"datePublished\":\"2024-12-31T10:57:38+00:00\",\"dateModified\":\"2025-01-11T17:57:06+00:00\",\"breadcrumb\":{\"@id\":\"https:\/\/www.masella.com\/blog\/ca\/25e-aniversari-alp-2500\/#breadcrumb\"},\"inLanguage\":\"ca\",\"potentialAction\":[{\"@type\":\"ReadAction\",\"target\":[\"https:\/\/www.masella.com\/blog\/ca\/25e-aniversari-alp-2500\/\"]}]},{\"@type\":\"BreadcrumbList\",\"@id\":\"https:\/\/www.masella.com\/blog\/ca\/25e-aniversari-alp-2500\/#breadcrumb\",\"itemListElement\":[{\"@type\":\"ListItem\",\"position\":1,\"name\":\"Portada\",\"item\":\"https:\/\/www.masella.com\/blog\/ca\/\"},{\"@type\":\"ListItem\",\"position\":2,\"name\":\"25\u00e8 ANIVERSARI ALP 2500\"}]},{\"@type\":\"WebSite\",\"@id\":\"https:\/\/www.masella.com\/blog\/ca\/#website\",\"url\":\"https:\/\/www.masella.com\/blog\/ca\/\",\"name\":\"El Blog oficial de Masella\",\"description\":\"\",\"publisher\":{\"@id\":\"https:\/\/www.masella.com\/blog\/ca\/#organization\"},\"potentialAction\":[{\"@type\":\"SearchAction\",\"target\":{\"@type\":\"EntryPoint\",\"urlTemplate\":\"https:\/\/www.masella.com\/blog\/ca\/?s={search_term_string}\"},\"query-input\":\"required name=search_term_string\"}],\"inLanguage\":\"ca\"},{\"@type\":\"Organization\",\"@id\":\"https:\/\/www.masella.com\/blog\/ca\/#organization\",\"name\":\"El Blog oficial de Masella\",\"url\":\"https:\/\/www.masella.com\/blog\/ca\/\",\"logo\":{\"@type\":\"ImageObject\",\"inLanguage\":\"ca\",\"@id\":\"https:\/\/www.masella.com\/blog\/ca\/#\/schema\/logo\/image\/\",\"url\":\"https:\/\/www.masella.com\/blog\/wp-content\/uploads\/2022\/12\/cropped-logo-masella-cat.png\",\"contentUrl\":\"https:\/\/www.masella.com\/blog\/wp-content\/uploads\/2022\/12\/cropped-logo-masella-cat.png\",\"width\":150,\"height\":88,\"caption\":\"El Blog oficial de Masella\"},\"image\":{\"@id\":\"https:\/\/www.masella.com\/blog\/ca\/#\/schema\/logo\/image\/\"}},{\"@type\":\"Person\",\"@id\":\"https:\/\/www.masella.com\/blog\/ca\/#\/schema\/person\/e32b971f5be20790c591d85b8f1c706b\",\"name\":\"masella\",\"image\":{\"@type\":\"ImageObject\",\"inLanguage\":\"ca\",\"@id\":\"https:\/\/www.masella.com\/blog\/ca\/#\/schema\/person\/image\/\",\"url\":\"https:\/\/secure.gravatar.com\/avatar\/57590b1151eaa410a783e55768bbbba2?s=96&d=mm&r=g\",\"contentUrl\":\"https:\/\/secure.gravatar.com\/avatar\/57590b1151eaa410a783e55768bbbba2?s=96&d=mm&r=g\",\"caption\":\"masella\"},\"url\":\"https:\/\/www.masella.com\/blog\/ca\/author\/anna\/\"}]}<\/script>\n<!-- \/ Yoast SEO plugin. -->","yoast_head_json":{"title":"25\u00e8 ANIVERSARI ALP 2500 - El Blog oficial de Masella","robots":{"index":"index","follow":"follow","max-snippet":"max-snippet:-1","max-image-preview":"max-image-preview:large","max-video-preview":"max-video-preview:-1"},"canonical":"https:\/\/www.masella.com\/blog\/ca\/25e-aniversari-alp-2500\/","og_locale":"ca_ES","og_type":"article","og_title":"25\u00e8 ANIVERSARI ALP 2500 - El Blog oficial de Masella","og_description":"Aquesta temporada 2024-2025 les estacions d\u2019esqu\u00ed i muntanya de La Molina i Masella celebrem el 25\u00e8 aniversari d\u2019Alp 2500, \u00e9s","og_url":"https:\/\/www.masella.com\/blog\/ca\/25e-aniversari-alp-2500\/","og_site_name":"El Blog oficial de Masella","article_published_time":"2024-12-31T10:57:38+00:00","article_modified_time":"2025-01-11T17:57:06+00:00","og_image":[{"width":2560,"height":1440,"url":"https:\/\/www.masella.com\/blog\/wp-content\/uploads\/2025\/01\/ID-scaled.jpg","type":"image\/jpeg"}],"author":"masella","twitter_card":"summary_large_image","twitter_misc":{"Escrit per":"masella","Temps estimat de lectura":"2 minuts"},"schema":{"@context":"https:\/\/schema.org","@graph":[{"@type":"Article","@id":"https:\/\/www.masella.com\/blog\/ca\/25e-aniversari-alp-2500\/#article","isPartOf":{"@id":"https:\/\/www.masella.com\/blog\/ca\/25e-aniversari-alp-2500\/"},"author":{"name":"masella","@id":"https:\/\/www.masella.com\/blog\/ca\/#\/schema\/person\/e32b971f5be20790c591d85b8f1c706b"},"headline":"25\u00e8 ANIVERSARI ALP 2500","datePublished":"2024-12-31T10:57:38+00:00","dateModified":"2025-01-11T17:57:06+00:00","mainEntityOfPage":{"@id":"https:\/\/www.masella.com\/blog\/ca\/25e-aniversari-alp-2500\/"},"wordCount":260,"commentCount":0,"publisher":{"@id":"https:\/\/www.masella.com\/blog\/ca\/#organization"},"articleSection":["Actualitat"],"inLanguage":"ca","potentialAction":[{"@type":"CommentAction","name":"Comment","target":["https:\/\/www.masella.com\/blog\/ca\/25e-aniversari-alp-2500\/#respond"]}]},{"@type":"WebPage","@id":"https:\/\/www.masella.com\/blog\/ca\/25e-aniversari-alp-2500\/","url":"https:\/\/www.masella.com\/blog\/ca\/25e-aniversari-alp-2500\/","name":"25\u00e8 ANIVERSARI ALP 2500 - El Blog oficial de Masella","isPartOf":{"@id":"https:\/\/www.masella.com\/blog\/ca\/#website"},"datePublished":"2024-12-31T10:57:38+00:00","dateModified":"2025-01-11T17:57:06+00:00","breadcrumb":{"@id":"https:\/\/www.masella.com\/blog\/ca\/25e-aniversari-alp-2500\/#breadcrumb"},"inLanguage":"ca","potentialAction":[{"@type":"ReadAction","target":["https:\/\/www.masella.com\/blog\/ca\/25e-aniversari-alp-2500\/"]}]},{"@type":"BreadcrumbList","@id":"https:\/\/www.masella.com\/blog\/ca\/25e-aniversari-alp-2500\/#breadcrumb","itemListElement":[{"@type":"ListItem","position":1,"name":"Portada","item":"https:\/\/www.masella.com\/blog\/ca\/"},{"@type":"ListItem","position":2,"name":"25\u00e8 ANIVERSARI ALP 2500"}]},{"@type":"WebSite","@id":"https:\/\/www.masella.com\/blog\/ca\/#website","url":"https:\/\/www.masella.com\/blog\/ca\/","name":"El Blog oficial de Masella","description":"","publisher":{"@id":"https:\/\/www.masella.com\/blog\/ca\/#organization"},"potentialAction":[{"@type":"SearchAction","target":{"@type":"EntryPoint","urlTemplate":"https:\/\/www.masella.com\/blog\/ca\/?s={search_term_string}"},"query-input":"required name=search_term_string"}],"inLanguage":"ca"},{"@type":"Organization","@id":"https:\/\/www.masella.com\/blog\/ca\/#organization","name":"El Blog oficial de Masella","url":"https:\/\/www.masella.com\/blog\/ca\/","logo":{"@type":"ImageObject","inLanguage":"ca","@id":"https:\/\/www.masella.com\/blog\/ca\/#\/schema\/logo\/image\/","url":"https:\/\/www.masella.com\/blog\/wp-content\/uploads\/2022\/12\/cropped-logo-masella-cat.png","contentUrl":"https:\/\/www.masella.com\/blog\/wp-content\/uploads\/2022\/12\/cropped-logo-masella-cat.png","width":150,"height":88,"caption":"El Blog oficial de Masella"},"image":{"@id":"https:\/\/www.masella.com\/blog\/ca\/#\/schema\/logo\/image\/"}},{"@type":"Person","@id":"https:\/\/www.masella.com\/blog\/ca\/#\/schema\/person\/e32b971f5be20790c591d85b8f1c706b","name":"masella","image":{"@type":"ImageObject","inLanguage":"ca","@id":"https:\/\/www.masella.com\/blog\/ca\/#\/schema\/person\/image\/","url":"https:\/\/secure.gravatar.com\/avatar\/57590b1151eaa410a783e55768bbbba2?s=96&d=mm&r=g","contentUrl":"https:\/\/secure.gravatar.com\/avatar\/57590b1151eaa410a783e55768bbbba2?s=96&d=mm&r=g","caption":"masella"},"url":"https:\/\/www.masella.com\/blog\/ca\/author\/anna\/"}]}},"_links":{"self":[{"href":"https:\/\/www.masella.com\/blog\/ca\/wp-json\/wp\/v2\/posts\/9532"}],"collection":[{"href":"https:\/\/www.masella.com\/blog\/ca\/wp-json\/wp\/v2\/posts"}],"about":[{"href":"https:\/\/www.masella.com\/blog\/ca\/wp-json\/wp\/v2\/types\/post"}],"author":[{"embeddable":true,"href":"https:\/\/www.masella.com\/blog\/ca\/wp-json\/wp\/v2\/users\/4"}],"replies":[{"embeddable":true,"href":"https:\/\/www.masella.com\/blog\/ca\/wp-json\/wp\/v2\/comments?post=9532"}],"version-history":[{"count":6,"href":"https:\/\/www.masella.com\/blog\/ca\/wp-json\/wp\/v2\/posts\/9532\/revisions"}],"predecessor-version":[{"id":9573,"href":"https:\/\/www.masella.com\/blog\/ca\/wp-json\/wp\/v2\/posts\/9532\/revisions\/9573"}],"wp:featuredmedia":[{"embeddable":true,"href":"https:\/\/www.masella.com\/blog\/ca\/wp-json\/wp\/v2\/media\/9533"}],"wp:attachment":[{"href":"https:\/\/www.masella.com\/blog\/ca\/wp-json\/wp\/v2\/media?parent=9532"}],"wp:term":[{"taxonomy":"category","embeddable":true,"href":"https:\/\/www.masella.com\/blog\/ca\/wp-json\/wp\/v2\/categories?post=9532"},{"taxonomy":"post_tag","embeddable":true,"href":"https:\/\/www.masella.com\/blog\/ca\/wp-json\/wp\/v2\/tags?post=9532"}],"curies":[{"name":"wp","href":"https:\/\/api.w.org\/{rel}","templated":true}]}}