{"id":9691,"date":"2025-11-25T14:25:06","date_gmt":"2025-11-25T13:25:06","guid":{"rendered":"https:\/\/www.masella.com\/blog\/?p=9691"},"modified":"2025-12-17T15:31:40","modified_gmt":"2025-12-17T14:31:40","slug":"inaugurem-temporada-el-26-de-novembre","status":"publish","type":"post","link":"https:\/\/www.masella.com\/blog\/ca\/inaugurem-temporada-el-26-de-novembre\/","title":{"rendered":"INAUGUREM TEMPORADA EL 26 DE NOVEMBRE"},"content":{"rendered":"<p><strong><u>A Masella inaugurarem la temporada aquest dimecres, 26 de novembre de 2025<\/u><\/strong><\/p>\n<p><strong><u>L\u2019obertura prevista en xifres per dem\u00e0:<\/u><\/strong><\/p>\n<ul>\n<li><strong>Pistes obertes: <u>6 pistes amb 11 km<\/u><\/strong><\/li>\n<li><strong>Gruixos de neu: <u>30 a 35 cm<\/u><\/strong><\/li>\n<li><strong>Acc\u00e9s a pistes: <u>Pel Pla de Masella-1600 m i per Coma Oriola-1950 m<\/u><\/strong><\/li>\n<li><strong>A partir de <u>divendres ja anirem obrint m\u00e9s pistes i remuntadors<\/u><\/strong><\/li>\n<li><strong><u>L\u2019estaci\u00f3 romandr\u00e0 ja oberta ininterrompudament (inclosos dies feiners).<\/u><\/strong><\/li>\n<\/ul>\n<p>L\u2019obertura primerenca de Masella \u00e9s gr\u00e0cies al fred, a les \u00faltimes nevades i, <strong><u>sobretot, a les importants inversions que s\u2019han fet aquest estiu a la xarxa de la neu produ\u00efda<\/u><\/strong> que consisteixen: d\u2019una banda, amb la renovaci\u00f3 total de la sala de m\u00e0quines del Pla de Masella i, de l\u2019altra, amb la substituci\u00f3 de canons a pistes per d\u2019altres m\u00e9s eficients. Aquestes millores de la xarxa de la neu s\u00f3n novetats estrat\u00e8giques que ens permeten estalviar fins a un 25% d\u2019energia, reduint l\u2019empremta de carboni, controlar el cost de l\u2019energia i, finalment produir un 30% de neu m\u00e9s, maximitzant la producci\u00f3 en condicions marginals.<\/p>\n<p><a href=\"https:\/\/www.masella.com\/blog\/wp-content\/uploads\/2025\/12\/001-1.jpg\"><img loading=\"lazy\" decoding=\"async\" class=\"alignnone size-full wp-image-9696\" src=\"https:\/\/www.masella.com\/blog\/wp-content\/uploads\/2025\/12\/001-1.jpg\" alt=\"\" width=\"2000\" height=\"1500\" srcset=\"https:\/\/www.masella.com\/blog\/wp-content\/uploads\/2025\/12\/001-1.jpg 2000w, https:\/\/www.masella.com\/blog\/wp-content\/uploads\/2025\/12\/001-1-300x225.jpg 300w, https:\/\/www.masella.com\/blog\/wp-content\/uploads\/2025\/12\/001-1-1024x768.jpg 1024w, https:\/\/www.masella.com\/blog\/wp-content\/uploads\/2025\/12\/001-1-768x576.jpg 768w, https:\/\/www.masella.com\/blog\/wp-content\/uploads\/2025\/12\/001-1-1536x1152.jpg 1536w\" sizes=\"(max-width: 2000px) 100vw, 2000px\" \/><\/a><\/p>\n<p>El fred i el treball, amb aquesta xarxa moderna de la neu, fan que <strong><u>Masella sigui la primera estaci\u00f3 en obrir dels Pirineus i de tot Espanya.<\/u><\/strong> Obertura que t\u00e9 un doble objectiu:<\/p>\n<p>&#8211;<strong><u>Oferir la temporada m\u00e9s llarga dels Pirineus<\/u><\/strong>, donant el <strong><u>m\u00e0xim n\u00famero de dies d\u2019esqu\u00ed als esquiadors fidels a Masella<\/u><\/strong> que tenen abonament de temporada.<\/p>\n<p>-At\u00e8s que el propietari final de Masella \u00e9s la Fundaci\u00f3 Bosch Aymerich, <strong><u>aquesta obertura primerenca tamb\u00e9 t\u00e9 finalitats socials: creant ocupaci\u00f3 directe<\/u><\/strong>, amb contractes de treball m\u00e9s llargs i, finalment, <strong><u>generant un impacte econ\u00f2mic m\u00e9s estable i permanent<\/u><\/strong> a la comarca de la Cerdanya.<\/p>\n<p>Ara continuem <strong><u>treballant per obrir el m\u00e0xim n\u00famero de pistes i remuntadors de forma progressiva de cara el Pont de la Pur\u00edssima i les festes de Nadal.<\/u><\/strong><\/p>\n<p><a href=\"https:\/\/www.masella.com\/blog\/wp-content\/uploads\/2025\/12\/003.jpg\"><img loading=\"lazy\" decoding=\"async\" class=\"alignnone size-full wp-image-9704\" src=\"https:\/\/www.masella.com\/blog\/wp-content\/uploads\/2025\/12\/003.jpg\" alt=\"\" width=\"2000\" height=\"1500\" srcset=\"https:\/\/www.masella.com\/blog\/wp-content\/uploads\/2025\/12\/003.jpg 2000w, https:\/\/www.masella.com\/blog\/wp-content\/uploads\/2025\/12\/003-300x225.jpg 300w, https:\/\/www.masella.com\/blog\/wp-content\/uploads\/2025\/12\/003-1024x768.jpg 1024w, https:\/\/www.masella.com\/blog\/wp-content\/uploads\/2025\/12\/003-768x576.jpg 768w, https:\/\/www.masella.com\/blog\/wp-content\/uploads\/2025\/12\/003-1536x1152.jpg 1536w\" sizes=\"(max-width: 2000px) 100vw, 2000px\" \/><\/a><\/p>\n","protected":false},"excerpt":{"rendered":"<p>A Masella inaugurarem la temporada aquest dimecres, 26 de novembre de 2025 L\u2019obertura prevista en xifres per dem\u00e0: Pistes obertes:<\/p>\n","protected":false},"author":4,"featured_media":9742,"comment_status":"closed","ping_status":"closed","sticky":false,"template":"","format":"standard","meta":{"footnotes":""},"categories":[21],"tags":[],"yoast_head":"<!-- This site is optimized with the Yoast SEO plugin v21.5 - https:\/\/yoast.com\/wordpress\/plugins\/seo\/ -->\n<title>INAUGUREM TEMPORADA EL 26 DE NOVEMBRE - El Blog oficial de Masella<\/title>\n<meta name=\"robots\" content=\"index, follow, max-snippet:-1, max-image-preview:large, max-video-preview:-1\" \/>\n<link rel=\"canonical\" href=\"https:\/\/www.masella.com\/blog\/ca\/inaugurem-temporada-el-26-de-novembre\/\" \/>\n<meta property=\"og:locale\" content=\"ca_ES\" \/>\n<meta property=\"og:type\" content=\"article\" \/>\n<meta property=\"og:title\" content=\"INAUGUREM TEMPORADA EL 26 DE NOVEMBRE - El Blog oficial de Masella\" \/>\n<meta property=\"og:description\" content=\"A Masella inaugurarem la temporada aquest dimecres, 26 de novembre de 2025 L\u2019obertura prevista en xifres per dem\u00e0: Pistes obertes:\" \/>\n<meta property=\"og:url\" content=\"https:\/\/www.masella.com\/blog\/ca\/inaugurem-temporada-el-26-de-novembre\/\" \/>\n<meta property=\"og:site_name\" content=\"El Blog oficial de Masella\" \/>\n<meta property=\"article:published_time\" content=\"2025-11-25T13:25:06+00:00\" \/>\n<meta property=\"article:modified_time\" content=\"2025-12-17T14:31:40+00:00\" \/>\n<meta property=\"og:image\" content=\"https:\/\/www.masella.com\/blog\/wp-content\/uploads\/2025\/11\/011.jpg\" \/>\n\t<meta property=\"og:image:width\" content=\"1250\" \/>\n\t<meta property=\"og:image:height\" content=\"834\" \/>\n\t<meta property=\"og:image:type\" content=\"image\/jpeg\" \/>\n<meta name=\"author\" content=\"masella\" \/>\n<meta name=\"twitter:card\" content=\"summary_large_image\" \/>\n<meta name=\"twitter:label1\" content=\"Escrit per\" \/>\n\t<meta name=\"twitter:data1\" content=\"masella\" \/>\n\t<meta name=\"twitter:label2\" content=\"Temps estimat de lectura\" \/>\n\t<meta name=\"twitter:data2\" content=\"3 minuts\" \/>\n<script type=\"application\/ld+json\" class=\"yoast-schema-graph\">{\"@context\":\"https:\/\/schema.org\",\"@graph\":[{\"@type\":\"Article\",\"@id\":\"https:\/\/www.masella.com\/blog\/ca\/inaugurem-temporada-el-26-de-novembre\/#article\",\"isPartOf\":{\"@id\":\"https:\/\/www.masella.com\/blog\/ca\/inaugurem-temporada-el-26-de-novembre\/\"},\"author\":{\"name\":\"masella\",\"@id\":\"https:\/\/www.masella.com\/blog\/ca\/#\/schema\/person\/e32b971f5be20790c591d85b8f1c706b\"},\"headline\":\"INAUGUREM TEMPORADA EL 26 DE NOVEMBRE\",\"datePublished\":\"2025-11-25T13:25:06+00:00\",\"dateModified\":\"2025-12-17T14:31:40+00:00\",\"mainEntityOfPage\":{\"@id\":\"https:\/\/www.masella.com\/blog\/ca\/inaugurem-temporada-el-26-de-novembre\/\"},\"wordCount\":324,\"publisher\":{\"@id\":\"https:\/\/www.masella.com\/blog\/ca\/#organization\"},\"articleSection\":[\"Actualitat\"],\"inLanguage\":\"ca\"},{\"@type\":\"WebPage\",\"@id\":\"https:\/\/www.masella.com\/blog\/ca\/inaugurem-temporada-el-26-de-novembre\/\",\"url\":\"https:\/\/www.masella.com\/blog\/ca\/inaugurem-temporada-el-26-de-novembre\/\",\"name\":\"INAUGUREM TEMPORADA EL 26 DE NOVEMBRE - El Blog oficial de Masella\",\"isPartOf\":{\"@id\":\"https:\/\/www.masella.com\/blog\/ca\/#website\"},\"datePublished\":\"2025-11-25T13:25:06+00:00\",\"dateModified\":\"2025-12-17T14:31:40+00:00\",\"breadcrumb\":{\"@id\":\"https:\/\/www.masella.com\/blog\/ca\/inaugurem-temporada-el-26-de-novembre\/#breadcrumb\"},\"inLanguage\":\"ca\",\"potentialAction\":[{\"@type\":\"ReadAction\",\"target\":[\"https:\/\/www.masella.com\/blog\/ca\/inaugurem-temporada-el-26-de-novembre\/\"]}]},{\"@type\":\"BreadcrumbList\",\"@id\":\"https:\/\/www.masella.com\/blog\/ca\/inaugurem-temporada-el-26-de-novembre\/#breadcrumb\",\"itemListElement\":[{\"@type\":\"ListItem\",\"position\":1,\"name\":\"Portada\",\"item\":\"https:\/\/www.masella.com\/blog\/ca\/\"},{\"@type\":\"ListItem\",\"position\":2,\"name\":\"INAUGUREM TEMPORADA EL 26 DE NOVEMBRE\"}]},{\"@type\":\"WebSite\",\"@id\":\"https:\/\/www.masella.com\/blog\/ca\/#website\",\"url\":\"https:\/\/www.masella.com\/blog\/ca\/\",\"name\":\"El Blog oficial de Masella\",\"description\":\"\",\"publisher\":{\"@id\":\"https:\/\/www.masella.com\/blog\/ca\/#organization\"},\"potentialAction\":[{\"@type\":\"SearchAction\",\"target\":{\"@type\":\"EntryPoint\",\"urlTemplate\":\"https:\/\/www.masella.com\/blog\/ca\/?s={search_term_string}\"},\"query-input\":\"required name=search_term_string\"}],\"inLanguage\":\"ca\"},{\"@type\":\"Organization\",\"@id\":\"https:\/\/www.masella.com\/blog\/ca\/#organization\",\"name\":\"El Blog oficial de Masella\",\"url\":\"https:\/\/www.masella.com\/blog\/ca\/\",\"logo\":{\"@type\":\"ImageObject\",\"inLanguage\":\"ca\",\"@id\":\"https:\/\/www.masella.com\/blog\/ca\/#\/schema\/logo\/image\/\",\"url\":\"https:\/\/www.masella.com\/blog\/wp-content\/uploads\/2022\/12\/cropped-logo-masella-cat.png\",\"contentUrl\":\"https:\/\/www.masella.com\/blog\/wp-content\/uploads\/2022\/12\/cropped-logo-masella-cat.png\",\"width\":150,\"height\":88,\"caption\":\"El Blog oficial de Masella\"},\"image\":{\"@id\":\"https:\/\/www.masella.com\/blog\/ca\/#\/schema\/logo\/image\/\"}},{\"@type\":\"Person\",\"@id\":\"https:\/\/www.masella.com\/blog\/ca\/#\/schema\/person\/e32b971f5be20790c591d85b8f1c706b\",\"name\":\"masella\",\"image\":{\"@type\":\"ImageObject\",\"inLanguage\":\"ca\",\"@id\":\"https:\/\/www.masella.com\/blog\/ca\/#\/schema\/person\/image\/\",\"url\":\"https:\/\/secure.gravatar.com\/avatar\/57590b1151eaa410a783e55768bbbba2?s=96&d=mm&r=g\",\"contentUrl\":\"https:\/\/secure.gravatar.com\/avatar\/57590b1151eaa410a783e55768bbbba2?s=96&d=mm&r=g\",\"caption\":\"masella\"},\"url\":\"https:\/\/www.masella.com\/blog\/ca\/author\/anna\/\"}]}<\/script>\n<!-- \/ Yoast SEO plugin. -->","yoast_head_json":{"title":"INAUGUREM TEMPORADA EL 26 DE NOVEMBRE - El Blog oficial de Masella","robots":{"index":"index","follow":"follow","max-snippet":"max-snippet:-1","max-image-preview":"max-image-preview:large","max-video-preview":"max-video-preview:-1"},"canonical":"https:\/\/www.masella.com\/blog\/ca\/inaugurem-temporada-el-26-de-novembre\/","og_locale":"ca_ES","og_type":"article","og_title":"INAUGUREM TEMPORADA EL 26 DE NOVEMBRE - El Blog oficial de Masella","og_description":"A Masella inaugurarem la temporada aquest dimecres, 26 de novembre de 2025 L\u2019obertura prevista en xifres per dem\u00e0: Pistes obertes:","og_url":"https:\/\/www.masella.com\/blog\/ca\/inaugurem-temporada-el-26-de-novembre\/","og_site_name":"El Blog oficial de Masella","article_published_time":"2025-11-25T13:25:06+00:00","article_modified_time":"2025-12-17T14:31:40+00:00","og_image":[{"width":1250,"height":834,"url":"https:\/\/www.masella.com\/blog\/wp-content\/uploads\/2025\/11\/011.jpg","type":"image\/jpeg"}],"author":"masella","twitter_card":"summary_large_image","twitter_misc":{"Escrit per":"masella","Temps estimat de lectura":"3 minuts"},"schema":{"@context":"https:\/\/schema.org","@graph":[{"@type":"Article","@id":"https:\/\/www.masella.com\/blog\/ca\/inaugurem-temporada-el-26-de-novembre\/#article","isPartOf":{"@id":"https:\/\/www.masella.com\/blog\/ca\/inaugurem-temporada-el-26-de-novembre\/"},"author":{"name":"masella","@id":"https:\/\/www.masella.com\/blog\/ca\/#\/schema\/person\/e32b971f5be20790c591d85b8f1c706b"},"headline":"INAUGUREM TEMPORADA EL 26 DE NOVEMBRE","datePublished":"2025-11-25T13:25:06+00:00","dateModified":"2025-12-17T14:31:40+00:00","mainEntityOfPage":{"@id":"https:\/\/www.masella.com\/blog\/ca\/inaugurem-temporada-el-26-de-novembre\/"},"wordCount":324,"publisher":{"@id":"https:\/\/www.masella.com\/blog\/ca\/#organization"},"articleSection":["Actualitat"],"inLanguage":"ca"},{"@type":"WebPage","@id":"https:\/\/www.masella.com\/blog\/ca\/inaugurem-temporada-el-26-de-novembre\/","url":"https:\/\/www.masella.com\/blog\/ca\/inaugurem-temporada-el-26-de-novembre\/","name":"INAUGUREM TEMPORADA EL 26 DE NOVEMBRE - El Blog oficial de Masella","isPartOf":{"@id":"https:\/\/www.masella.com\/blog\/ca\/#website"},"datePublished":"2025-11-25T13:25:06+00:00","dateModified":"2025-12-17T14:31:40+00:00","breadcrumb":{"@id":"https:\/\/www.masella.com\/blog\/ca\/inaugurem-temporada-el-26-de-novembre\/#breadcrumb"},"inLanguage":"ca","potentialAction":[{"@type":"ReadAction","target":["https:\/\/www.masella.com\/blog\/ca\/inaugurem-temporada-el-26-de-novembre\/"]}]},{"@type":"BreadcrumbList","@id":"https:\/\/www.masella.com\/blog\/ca\/inaugurem-temporada-el-26-de-novembre\/#breadcrumb","itemListElement":[{"@type":"ListItem","position":1,"name":"Portada","item":"https:\/\/www.masella.com\/blog\/ca\/"},{"@type":"ListItem","position":2,"name":"INAUGUREM TEMPORADA EL 26 DE NOVEMBRE"}]},{"@type":"WebSite","@id":"https:\/\/www.masella.com\/blog\/ca\/#website","url":"https:\/\/www.masella.com\/blog\/ca\/","name":"El Blog oficial de Masella","description":"","publisher":{"@id":"https:\/\/www.masella.com\/blog\/ca\/#organization"},"potentialAction":[{"@type":"SearchAction","target":{"@type":"EntryPoint","urlTemplate":"https:\/\/www.masella.com\/blog\/ca\/?s={search_term_string}"},"query-input":"required name=search_term_string"}],"inLanguage":"ca"},{"@type":"Organization","@id":"https:\/\/www.masella.com\/blog\/ca\/#organization","name":"El Blog oficial de Masella","url":"https:\/\/www.masella.com\/blog\/ca\/","logo":{"@type":"ImageObject","inLanguage":"ca","@id":"https:\/\/www.masella.com\/blog\/ca\/#\/schema\/logo\/image\/","url":"https:\/\/www.masella.com\/blog\/wp-content\/uploads\/2022\/12\/cropped-logo-masella-cat.png","contentUrl":"https:\/\/www.masella.com\/blog\/wp-content\/uploads\/2022\/12\/cropped-logo-masella-cat.png","width":150,"height":88,"caption":"El Blog oficial de Masella"},"image":{"@id":"https:\/\/www.masella.com\/blog\/ca\/#\/schema\/logo\/image\/"}},{"@type":"Person","@id":"https:\/\/www.masella.com\/blog\/ca\/#\/schema\/person\/e32b971f5be20790c591d85b8f1c706b","name":"masella","image":{"@type":"ImageObject","inLanguage":"ca","@id":"https:\/\/www.masella.com\/blog\/ca\/#\/schema\/person\/image\/","url":"https:\/\/secure.gravatar.com\/avatar\/57590b1151eaa410a783e55768bbbba2?s=96&d=mm&r=g","contentUrl":"https:\/\/secure.gravatar.com\/avatar\/57590b1151eaa410a783e55768bbbba2?s=96&d=mm&r=g","caption":"masella"},"url":"https:\/\/www.masella.com\/blog\/ca\/author\/anna\/"}]}},"_links":{"self":[{"href":"https:\/\/www.masella.com\/blog\/ca\/wp-json\/wp\/v2\/posts\/9691"}],"collection":[{"href":"https:\/\/www.masella.com\/blog\/ca\/wp-json\/wp\/v2\/posts"}],"about":[{"href":"https:\/\/www.masella.com\/blog\/ca\/wp-json\/wp\/v2\/types\/post"}],"author":[{"embeddable":true,"href":"https:\/\/www.masella.com\/blog\/ca\/wp-json\/wp\/v2\/users\/4"}],"replies":[{"embeddable":true,"href":"https:\/\/www.masella.com\/blog\/ca\/wp-json\/wp\/v2\/comments?post=9691"}],"version-history":[{"count":2,"href":"https:\/\/www.masella.com\/blog\/ca\/wp-json\/wp\/v2\/posts\/9691\/revisions"}],"predecessor-version":[{"id":9741,"href":"https:\/\/www.masella.com\/blog\/ca\/wp-json\/wp\/v2\/posts\/9691\/revisions\/9741"}],"wp:featuredmedia":[{"embeddable":true,"href":"https:\/\/www.masella.com\/blog\/ca\/wp-json\/wp\/v2\/media\/9742"}],"wp:attachment":[{"href":"https:\/\/www.masella.com\/blog\/ca\/wp-json\/wp\/v2\/media?parent=9691"}],"wp:term":[{"taxonomy":"category","embeddable":true,"href":"https:\/\/www.masella.com\/blog\/ca\/wp-json\/wp\/v2\/categories?post=9691"},{"taxonomy":"post_tag","embeddable":true,"href":"https:\/\/www.masella.com\/blog\/ca\/wp-json\/wp\/v2\/tags?post=9691"}],"curies":[{"name":"wp","href":"https:\/\/api.w.org\/{rel}","templated":true}]}}