{"id":9712,"date":"2025-12-15T14:48:59","date_gmt":"2025-12-15T13:48:59","guid":{"rendered":"https:\/\/www.masella.com\/blog\/?p=9712"},"modified":"2025-12-17T15:43:01","modified_gmt":"2025-12-17T14:43:01","slug":"la-marato-de-3cat-a-masella","status":"publish","type":"post","link":"https:\/\/www.masella.com\/blog\/ca\/la-marato-de-3cat-a-masella\/","title":{"rendered":"LA MARAT\u00d3 DE 3CAT A MASELLA"},"content":{"rendered":"<p>A Masella, com cada temporada, aquest diumenge hem celebrat un esl\u00e0lom paral\u00b7lel solidari per recaptar diners, que van destinats \u00edntegrament als fons de La Marat\u00f3 de 3CAT. S&#8217;ha celebrat a la pista de Debutants de Coma Oriola, al sector de Coma Oriola i s&#8217;ha fet de 10 a 13 h.<\/p>\n<p>La Marat\u00f3 ha sigut organitzada pels Clubs d&#8217;Esqu\u00ed habituals de l&#8217;Estaci\u00f3 i l&#8217;Escola de Masella. Des de Masella volem agrair a tots i totes les participants que han fet que l&#8217;Esl\u00e0lom paral\u00b7lel solidari fos un \u00e8xit i, sobretot, la recapta de diners per la recerca pel c\u00e0ncer de la Marat\u00f3 d&#8217;enguany de La Marat\u00f3 de 3CAT.<\/p>\n<p><a href=\"https:\/\/www.masella.com\/blog\/wp-content\/uploads\/2025\/12\/004.jpg\"><img loading=\"lazy\" decoding=\"async\" class=\"size-full wp-image-9716 aligncenter\" src=\"https:\/\/www.masella.com\/blog\/wp-content\/uploads\/2025\/12\/004.jpg\" alt=\"\" width=\"926\" height=\"694\" srcset=\"https:\/\/www.masella.com\/blog\/wp-content\/uploads\/2025\/12\/004.jpg 926w, https:\/\/www.masella.com\/blog\/wp-content\/uploads\/2025\/12\/004-300x225.jpg 300w, https:\/\/www.masella.com\/blog\/wp-content\/uploads\/2025\/12\/004-768x576.jpg 768w\" sizes=\"(max-width: 926px) 100vw, 926px\" \/><\/a><\/p>\n","protected":false},"excerpt":{"rendered":"<p>A Masella, com cada temporada, aquest diumenge hem celebrat un esl\u00e0lom paral\u00b7lel solidari per recaptar diners, que van destinats \u00edntegrament<\/p>\n","protected":false},"author":4,"featured_media":9748,"comment_status":"closed","ping_status":"closed","sticky":false,"template":"","format":"standard","meta":{"footnotes":""},"categories":[21],"tags":[],"yoast_head":"<!-- This site is optimized with the Yoast SEO plugin v21.5 - https:\/\/yoast.com\/wordpress\/plugins\/seo\/ -->\n<title>LA MARAT\u00d3 DE 3CAT A MASELLA - El Blog oficial de Masella<\/title>\n<meta name=\"robots\" content=\"index, follow, max-snippet:-1, max-image-preview:large, max-video-preview:-1\" \/>\n<link rel=\"canonical\" href=\"https:\/\/www.masella.com\/blog\/ca\/la-marato-de-3cat-a-masella\/\" \/>\n<meta property=\"og:locale\" content=\"ca_ES\" \/>\n<meta property=\"og:type\" content=\"article\" \/>\n<meta property=\"og:title\" content=\"LA MARAT\u00d3 DE 3CAT A MASELLA - El Blog oficial de Masella\" \/>\n<meta property=\"og:description\" content=\"A Masella, com cada temporada, aquest diumenge hem celebrat un esl\u00e0lom paral\u00b7lel solidari per recaptar diners, que van destinats \u00edntegrament\" \/>\n<meta property=\"og:url\" content=\"https:\/\/www.masella.com\/blog\/ca\/la-marato-de-3cat-a-masella\/\" \/>\n<meta property=\"og:site_name\" content=\"El Blog oficial de Masella\" \/>\n<meta property=\"article:published_time\" content=\"2025-12-15T13:48:59+00:00\" \/>\n<meta property=\"article:modified_time\" content=\"2025-12-17T14:43:01+00:00\" \/>\n<meta property=\"og:image\" content=\"https:\/\/www.masella.com\/blog\/wp-content\/uploads\/2025\/12\/002COMP-1.jpg\" \/>\n\t<meta property=\"og:image:width\" content=\"668\" \/>\n\t<meta property=\"og:image:height\" content=\"445\" \/>\n\t<meta property=\"og:image:type\" content=\"image\/jpeg\" \/>\n<meta name=\"author\" content=\"masella\" \/>\n<meta name=\"twitter:card\" content=\"summary_large_image\" \/>\n<meta name=\"twitter:label1\" content=\"Escrit per\" \/>\n\t<meta name=\"twitter:data1\" content=\"masella\" \/>\n\t<meta name=\"twitter:label2\" content=\"Temps estimat de lectura\" \/>\n\t<meta name=\"twitter:data2\" content=\"1 minut\" \/>\n<script type=\"application\/ld+json\" class=\"yoast-schema-graph\">{\"@context\":\"https:\/\/schema.org\",\"@graph\":[{\"@type\":\"Article\",\"@id\":\"https:\/\/www.masella.com\/blog\/ca\/la-marato-de-3cat-a-masella\/#article\",\"isPartOf\":{\"@id\":\"https:\/\/www.masella.com\/blog\/ca\/la-marato-de-3cat-a-masella\/\"},\"author\":{\"name\":\"masella\",\"@id\":\"https:\/\/www.masella.com\/blog\/ca\/#\/schema\/person\/e32b971f5be20790c591d85b8f1c706b\"},\"headline\":\"LA MARAT\u00d3 DE 3CAT A MASELLA\",\"datePublished\":\"2025-12-15T13:48:59+00:00\",\"dateModified\":\"2025-12-17T14:43:01+00:00\",\"mainEntityOfPage\":{\"@id\":\"https:\/\/www.masella.com\/blog\/ca\/la-marato-de-3cat-a-masella\/\"},\"wordCount\":122,\"publisher\":{\"@id\":\"https:\/\/www.masella.com\/blog\/ca\/#organization\"},\"articleSection\":[\"Actualitat\"],\"inLanguage\":\"ca\"},{\"@type\":\"WebPage\",\"@id\":\"https:\/\/www.masella.com\/blog\/ca\/la-marato-de-3cat-a-masella\/\",\"url\":\"https:\/\/www.masella.com\/blog\/ca\/la-marato-de-3cat-a-masella\/\",\"name\":\"LA MARAT\u00d3 DE 3CAT A MASELLA - El Blog oficial de Masella\",\"isPartOf\":{\"@id\":\"https:\/\/www.masella.com\/blog\/ca\/#website\"},\"datePublished\":\"2025-12-15T13:48:59+00:00\",\"dateModified\":\"2025-12-17T14:43:01+00:00\",\"breadcrumb\":{\"@id\":\"https:\/\/www.masella.com\/blog\/ca\/la-marato-de-3cat-a-masella\/#breadcrumb\"},\"inLanguage\":\"ca\",\"potentialAction\":[{\"@type\":\"ReadAction\",\"target\":[\"https:\/\/www.masella.com\/blog\/ca\/la-marato-de-3cat-a-masella\/\"]}]},{\"@type\":\"BreadcrumbList\",\"@id\":\"https:\/\/www.masella.com\/blog\/ca\/la-marato-de-3cat-a-masella\/#breadcrumb\",\"itemListElement\":[{\"@type\":\"ListItem\",\"position\":1,\"name\":\"Portada\",\"item\":\"https:\/\/www.masella.com\/blog\/ca\/\"},{\"@type\":\"ListItem\",\"position\":2,\"name\":\"LA MARAT\u00d3 DE 3CAT A MASELLA\"}]},{\"@type\":\"WebSite\",\"@id\":\"https:\/\/www.masella.com\/blog\/ca\/#website\",\"url\":\"https:\/\/www.masella.com\/blog\/ca\/\",\"name\":\"El Blog oficial de Masella\",\"description\":\"\",\"publisher\":{\"@id\":\"https:\/\/www.masella.com\/blog\/ca\/#organization\"},\"potentialAction\":[{\"@type\":\"SearchAction\",\"target\":{\"@type\":\"EntryPoint\",\"urlTemplate\":\"https:\/\/www.masella.com\/blog\/ca\/?s={search_term_string}\"},\"query-input\":\"required name=search_term_string\"}],\"inLanguage\":\"ca\"},{\"@type\":\"Organization\",\"@id\":\"https:\/\/www.masella.com\/blog\/ca\/#organization\",\"name\":\"El Blog oficial de Masella\",\"url\":\"https:\/\/www.masella.com\/blog\/ca\/\",\"logo\":{\"@type\":\"ImageObject\",\"inLanguage\":\"ca\",\"@id\":\"https:\/\/www.masella.com\/blog\/ca\/#\/schema\/logo\/image\/\",\"url\":\"https:\/\/www.masella.com\/blog\/wp-content\/uploads\/2022\/12\/cropped-logo-masella-cat.png\",\"contentUrl\":\"https:\/\/www.masella.com\/blog\/wp-content\/uploads\/2022\/12\/cropped-logo-masella-cat.png\",\"width\":150,\"height\":88,\"caption\":\"El Blog oficial de Masella\"},\"image\":{\"@id\":\"https:\/\/www.masella.com\/blog\/ca\/#\/schema\/logo\/image\/\"}},{\"@type\":\"Person\",\"@id\":\"https:\/\/www.masella.com\/blog\/ca\/#\/schema\/person\/e32b971f5be20790c591d85b8f1c706b\",\"name\":\"masella\",\"image\":{\"@type\":\"ImageObject\",\"inLanguage\":\"ca\",\"@id\":\"https:\/\/www.masella.com\/blog\/ca\/#\/schema\/person\/image\/\",\"url\":\"https:\/\/secure.gravatar.com\/avatar\/57590b1151eaa410a783e55768bbbba2?s=96&d=mm&r=g\",\"contentUrl\":\"https:\/\/secure.gravatar.com\/avatar\/57590b1151eaa410a783e55768bbbba2?s=96&d=mm&r=g\",\"caption\":\"masella\"},\"url\":\"https:\/\/www.masella.com\/blog\/ca\/author\/anna\/\"}]}<\/script>\n<!-- \/ Yoast SEO plugin. -->","yoast_head_json":{"title":"LA MARAT\u00d3 DE 3CAT A MASELLA - El Blog oficial de Masella","robots":{"index":"index","follow":"follow","max-snippet":"max-snippet:-1","max-image-preview":"max-image-preview:large","max-video-preview":"max-video-preview:-1"},"canonical":"https:\/\/www.masella.com\/blog\/ca\/la-marato-de-3cat-a-masella\/","og_locale":"ca_ES","og_type":"article","og_title":"LA MARAT\u00d3 DE 3CAT A MASELLA - El Blog oficial de Masella","og_description":"A Masella, com cada temporada, aquest diumenge hem celebrat un esl\u00e0lom paral\u00b7lel solidari per recaptar diners, que van destinats \u00edntegrament","og_url":"https:\/\/www.masella.com\/blog\/ca\/la-marato-de-3cat-a-masella\/","og_site_name":"El Blog oficial de Masella","article_published_time":"2025-12-15T13:48:59+00:00","article_modified_time":"2025-12-17T14:43:01+00:00","og_image":[{"width":668,"height":445,"url":"https:\/\/www.masella.com\/blog\/wp-content\/uploads\/2025\/12\/002COMP-1.jpg","type":"image\/jpeg"}],"author":"masella","twitter_card":"summary_large_image","twitter_misc":{"Escrit per":"masella","Temps estimat de lectura":"1 minut"},"schema":{"@context":"https:\/\/schema.org","@graph":[{"@type":"Article","@id":"https:\/\/www.masella.com\/blog\/ca\/la-marato-de-3cat-a-masella\/#article","isPartOf":{"@id":"https:\/\/www.masella.com\/blog\/ca\/la-marato-de-3cat-a-masella\/"},"author":{"name":"masella","@id":"https:\/\/www.masella.com\/blog\/ca\/#\/schema\/person\/e32b971f5be20790c591d85b8f1c706b"},"headline":"LA MARAT\u00d3 DE 3CAT A MASELLA","datePublished":"2025-12-15T13:48:59+00:00","dateModified":"2025-12-17T14:43:01+00:00","mainEntityOfPage":{"@id":"https:\/\/www.masella.com\/blog\/ca\/la-marato-de-3cat-a-masella\/"},"wordCount":122,"publisher":{"@id":"https:\/\/www.masella.com\/blog\/ca\/#organization"},"articleSection":["Actualitat"],"inLanguage":"ca"},{"@type":"WebPage","@id":"https:\/\/www.masella.com\/blog\/ca\/la-marato-de-3cat-a-masella\/","url":"https:\/\/www.masella.com\/blog\/ca\/la-marato-de-3cat-a-masella\/","name":"LA MARAT\u00d3 DE 3CAT A MASELLA - El Blog oficial de Masella","isPartOf":{"@id":"https:\/\/www.masella.com\/blog\/ca\/#website"},"datePublished":"2025-12-15T13:48:59+00:00","dateModified":"2025-12-17T14:43:01+00:00","breadcrumb":{"@id":"https:\/\/www.masella.com\/blog\/ca\/la-marato-de-3cat-a-masella\/#breadcrumb"},"inLanguage":"ca","potentialAction":[{"@type":"ReadAction","target":["https:\/\/www.masella.com\/blog\/ca\/la-marato-de-3cat-a-masella\/"]}]},{"@type":"BreadcrumbList","@id":"https:\/\/www.masella.com\/blog\/ca\/la-marato-de-3cat-a-masella\/#breadcrumb","itemListElement":[{"@type":"ListItem","position":1,"name":"Portada","item":"https:\/\/www.masella.com\/blog\/ca\/"},{"@type":"ListItem","position":2,"name":"LA MARAT\u00d3 DE 3CAT A MASELLA"}]},{"@type":"WebSite","@id":"https:\/\/www.masella.com\/blog\/ca\/#website","url":"https:\/\/www.masella.com\/blog\/ca\/","name":"El Blog oficial de Masella","description":"","publisher":{"@id":"https:\/\/www.masella.com\/blog\/ca\/#organization"},"potentialAction":[{"@type":"SearchAction","target":{"@type":"EntryPoint","urlTemplate":"https:\/\/www.masella.com\/blog\/ca\/?s={search_term_string}"},"query-input":"required name=search_term_string"}],"inLanguage":"ca"},{"@type":"Organization","@id":"https:\/\/www.masella.com\/blog\/ca\/#organization","name":"El Blog oficial de Masella","url":"https:\/\/www.masella.com\/blog\/ca\/","logo":{"@type":"ImageObject","inLanguage":"ca","@id":"https:\/\/www.masella.com\/blog\/ca\/#\/schema\/logo\/image\/","url":"https:\/\/www.masella.com\/blog\/wp-content\/uploads\/2022\/12\/cropped-logo-masella-cat.png","contentUrl":"https:\/\/www.masella.com\/blog\/wp-content\/uploads\/2022\/12\/cropped-logo-masella-cat.png","width":150,"height":88,"caption":"El Blog oficial de Masella"},"image":{"@id":"https:\/\/www.masella.com\/blog\/ca\/#\/schema\/logo\/image\/"}},{"@type":"Person","@id":"https:\/\/www.masella.com\/blog\/ca\/#\/schema\/person\/e32b971f5be20790c591d85b8f1c706b","name":"masella","image":{"@type":"ImageObject","inLanguage":"ca","@id":"https:\/\/www.masella.com\/blog\/ca\/#\/schema\/person\/image\/","url":"https:\/\/secure.gravatar.com\/avatar\/57590b1151eaa410a783e55768bbbba2?s=96&d=mm&r=g","contentUrl":"https:\/\/secure.gravatar.com\/avatar\/57590b1151eaa410a783e55768bbbba2?s=96&d=mm&r=g","caption":"masella"},"url":"https:\/\/www.masella.com\/blog\/ca\/author\/anna\/"}]}},"_links":{"self":[{"href":"https:\/\/www.masella.com\/blog\/ca\/wp-json\/wp\/v2\/posts\/9712"}],"collection":[{"href":"https:\/\/www.masella.com\/blog\/ca\/wp-json\/wp\/v2\/posts"}],"about":[{"href":"https:\/\/www.masella.com\/blog\/ca\/wp-json\/wp\/v2\/types\/post"}],"author":[{"embeddable":true,"href":"https:\/\/www.masella.com\/blog\/ca\/wp-json\/wp\/v2\/users\/4"}],"replies":[{"embeddable":true,"href":"https:\/\/www.masella.com\/blog\/ca\/wp-json\/wp\/v2\/comments?post=9712"}],"version-history":[{"count":3,"href":"https:\/\/www.masella.com\/blog\/ca\/wp-json\/wp\/v2\/posts\/9712\/revisions"}],"predecessor-version":[{"id":9740,"href":"https:\/\/www.masella.com\/blog\/ca\/wp-json\/wp\/v2\/posts\/9712\/revisions\/9740"}],"wp:featuredmedia":[{"embeddable":true,"href":"https:\/\/www.masella.com\/blog\/ca\/wp-json\/wp\/v2\/media\/9748"}],"wp:attachment":[{"href":"https:\/\/www.masella.com\/blog\/ca\/wp-json\/wp\/v2\/media?parent=9712"}],"wp:term":[{"taxonomy":"category","embeddable":true,"href":"https:\/\/www.masella.com\/blog\/ca\/wp-json\/wp\/v2\/categories?post=9712"},{"taxonomy":"post_tag","embeddable":true,"href":"https:\/\/www.masella.com\/blog\/ca\/wp-json\/wp\/v2\/tags?post=9712"}],"curies":[{"name":"wp","href":"https:\/\/api.w.org\/{rel}","templated":true}]}}