{"id":9727,"date":"2025-12-17T15:12:16","date_gmt":"2025-12-17T14:12:16","guid":{"rendered":"https:\/\/www.masella.com\/blog\/?p=9727"},"modified":"2025-12-30T12:41:53","modified_gmt":"2025-12-30T11:41:53","slug":"10-1-2026-et-convidem-a-la-baixada-de-torxes-del-temps-de-neu","status":"publish","type":"post","link":"https:\/\/www.masella.com\/blog\/ca\/10-1-2026-et-convidem-a-la-baixada-de-torxes-del-temps-de-neu\/","title":{"rendered":"10\/1\/2026 ET CONVIDEM A LA BAIXADA DE TORXES DEL TEMPS DE NEU"},"content":{"rendered":"<p><strong>Et convidem a la festa dels 40 anys de &#8220;Temps de neu&#8221;: farem una baixada de torxes a Masella<\/strong><\/p>\n<p>El programa hist\u00f2ric\u00a0d&#8217;esports d&#8217;hivern de TV3 organitza el 10 de gener una gran baixada de torxes a l&#8217;estaci\u00f3 de Masella i una festa iCat amb la DJ Trapella. Hi esteu convidats!<\/p>\n<p>El 10 de gener del 2026 el programa &#8220;<a href=\"https:\/\/www.3cat.cat\/3cat\/temps-de-neu\/\"><strong>Temps de neu<\/strong><\/a>&#8221; celebrar\u00e0 el\u00a0<strong>40\u00e8 aniversari de la primera emissi\u00f3 per TV3<\/strong>\u00a0amb una gran festa a l&#8217;estaci\u00f3 d&#8217;esqu\u00ed de\u00a0<a href=\"http:\/\/www.masella.com\/\"><strong>Masella<\/strong><\/a>. Hi esteu tots convidats!<\/p>\n<p>Organitzarem\u00a0<strong>una gran baixada de torxes<\/strong>\u00a0per les pistes de l&#8217;estaci\u00f3, el vespre del dissabte 10 de gener. Volem que sigui la baixada de torxes m\u00e9s popular que s&#8217;hagi fet mai i per aix\u00f2 hi volem convidar 2.500 esquiadors i esquiadores.<\/p>\n<p>Vols fer la baixada de torxes i esquiar a la nit?<\/p>\n<p>Si t&#8217;agrada esquiar i tens ganes de celebrar els 40 anys de &#8220;Temps de neu&#8221; amb tot l&#8217;equip del programa,<strong>\u00a0et convidem a participar en la baixada de torxes multitudin\u00e0ria<\/strong>\u00a0i a gaudir de tota la festa.<\/p>\n<p>A part de l&#8217;espectacle amb la multitud d&#8217;esquiadors il\u00b7luminant amb les seves torxes les pistes de Masella, tamb\u00e9 hi haur\u00e0:<\/p>\n<ul>\n<li>La\u00a0<strong>millor m\u00fasica d&#8217;iCat<\/strong>, punxada per la\u00a0<a href=\"https:\/\/www.instagram.com\/djtrapella\/\"><strong>DJ Trapella<\/strong><\/a><\/li>\n<li>Un\u00a0<strong>gran past\u00eds d&#8217;aniversari<\/strong>\u00a0que ens portar\u00e0 personalment\u00a0<strong>Lluc Crusellas<\/strong>, el mestre xocolater campi\u00f3 del m\u00f3n<\/li>\n<li>Focs d&#8217;artifici per il\u00b7luminar el cel de la Cerdanya!<\/li>\n<\/ul>\n<p>En acabar la baixada de torxes, us convidem (gratu\u00eft) a gaudir de\u00a0<strong>l&#8217;esqu\u00ed nocturn<\/strong>.<\/p>\n<p><a href=\"https:\/\/www.masella.com\/blog\/wp-content\/uploads\/2025\/12\/2xxss_comp.jpg\"><img loading=\"lazy\" decoding=\"async\" class=\"alignnone size-full wp-image-9732\" src=\"https:\/\/www.masella.com\/blog\/wp-content\/uploads\/2025\/12\/2xxss_comp.jpg\" alt=\"\" width=\"2500\" height=\"1667\" srcset=\"https:\/\/www.masella.com\/blog\/wp-content\/uploads\/2025\/12\/2xxss_comp.jpg 2500w, https:\/\/www.masella.com\/blog\/wp-content\/uploads\/2025\/12\/2xxss_comp-300x200.jpg 300w, https:\/\/www.masella.com\/blog\/wp-content\/uploads\/2025\/12\/2xxss_comp-1024x683.jpg 1024w, https:\/\/www.masella.com\/blog\/wp-content\/uploads\/2025\/12\/2xxss_comp-768x512.jpg 768w, https:\/\/www.masella.com\/blog\/wp-content\/uploads\/2025\/12\/2xxss_comp-1536x1024.jpg 1536w, https:\/\/www.masella.com\/blog\/wp-content\/uploads\/2025\/12\/2xxss_comp-2048x1366.jpg 2048w\" sizes=\"(max-width: 2500px) 100vw, 2500px\" \/><\/a><\/p>\n<p><strong>HORARIS PEL P\u00daBLIC <\/strong><\/p>\n<p>Per seguir la Baixada de Torxes des de Masella cal estar a partir de les 17 h, a les terrasses del Pla de Masella.<\/p>\n<p><strong>HORARIS PELS TORXAIRES I CONSELLS \u2013 NOM\u00c9S INSCRITS QUE HAN REBUT CONFIRMACI\u00d3 DE LA INSCRIPCI\u00d3 PER A.MAIL<\/strong><\/p>\n<p>De 16,30 a 16,45 h (\u00faltima pujada), al telecadira Masella Jet (Sector del Pla de Masella)<\/p>\n<ul>\n<li>Roba d\u2019abric<\/li>\n<li>Vestimenta d\u2019esqu\u00ed vella<\/li>\n<li>Llum frontal que s\u2019haur\u00e0 d\u2019apagar un cop la torxa estigui encesa<\/li>\n<li>Barret i guants vells<\/li>\n<li>\u00das del casc<\/li>\n<li>S\u2019aconsella, a tots els qui no disposin d\u2019asseguran\u00e7a, que la tramitin a les taquilles del Pla de Masella per la sessi\u00f3 d\u2019Esqu\u00ed Nocturn<\/li>\n<\/ul>\n","protected":false},"excerpt":{"rendered":"<p>Et convidem a la festa dels 40 anys de &#8220;Temps de neu&#8221;: farem una baixada de torxes a Masella El<\/p>\n","protected":false},"author":4,"featured_media":9728,"comment_status":"closed","ping_status":"closed","sticky":false,"template":"","format":"standard","meta":{"footnotes":""},"categories":[21],"tags":[],"yoast_head":"<!-- This site is optimized with the Yoast SEO plugin v21.5 - https:\/\/yoast.com\/wordpress\/plugins\/seo\/ -->\n<title>10\/1\/2026 ET CONVIDEM A LA BAIXADA DE TORXES DEL TEMPS DE NEU - El Blog oficial de Masella<\/title>\n<meta name=\"robots\" content=\"index, follow, max-snippet:-1, max-image-preview:large, max-video-preview:-1\" \/>\n<link rel=\"canonical\" href=\"https:\/\/www.masella.com\/blog\/ca\/10-1-2026-et-convidem-a-la-baixada-de-torxes-del-temps-de-neu\/\" \/>\n<meta property=\"og:locale\" content=\"ca_ES\" \/>\n<meta property=\"og:type\" content=\"article\" \/>\n<meta property=\"og:title\" content=\"10\/1\/2026 ET CONVIDEM A LA BAIXADA DE TORXES DEL TEMPS DE NEU - El Blog oficial de Masella\" \/>\n<meta property=\"og:description\" content=\"Et convidem a la festa dels 40 anys de &#8220;Temps de neu&#8221;: farem una baixada de torxes a Masella El\" \/>\n<meta property=\"og:url\" content=\"https:\/\/www.masella.com\/blog\/ca\/10-1-2026-et-convidem-a-la-baixada-de-torxes-del-temps-de-neu\/\" \/>\n<meta property=\"og:site_name\" content=\"El Blog oficial de Masella\" \/>\n<meta property=\"article:published_time\" content=\"2025-12-17T14:12:16+00:00\" \/>\n<meta property=\"article:modified_time\" content=\"2025-12-30T11:41:53+00:00\" \/>\n<meta property=\"og:image\" content=\"https:\/\/www.masella.com\/blog\/wp-content\/uploads\/2025\/12\/1xxss_comp-1024x683.jpg\" \/>\n\t<meta property=\"og:image:width\" content=\"1024\" \/>\n\t<meta property=\"og:image:height\" content=\"683\" \/>\n\t<meta property=\"og:image:type\" content=\"image\/jpeg\" \/>\n<meta name=\"author\" content=\"masella\" \/>\n<meta name=\"twitter:card\" content=\"summary_large_image\" \/>\n<meta name=\"twitter:label1\" content=\"Escrit per\" \/>\n\t<meta name=\"twitter:data1\" content=\"masella\" \/>\n\t<meta name=\"twitter:label2\" content=\"Temps estimat de lectura\" \/>\n\t<meta name=\"twitter:data2\" content=\"3 minuts\" \/>\n<script type=\"application\/ld+json\" class=\"yoast-schema-graph\">{\"@context\":\"https:\/\/schema.org\",\"@graph\":[{\"@type\":\"Article\",\"@id\":\"https:\/\/www.masella.com\/blog\/ca\/10-1-2026-et-convidem-a-la-baixada-de-torxes-del-temps-de-neu\/#article\",\"isPartOf\":{\"@id\":\"https:\/\/www.masella.com\/blog\/ca\/10-1-2026-et-convidem-a-la-baixada-de-torxes-del-temps-de-neu\/\"},\"author\":{\"name\":\"masella\",\"@id\":\"https:\/\/www.masella.com\/blog\/ca\/#\/schema\/person\/e32b971f5be20790c591d85b8f1c706b\"},\"headline\":\"10\/1\/2026 ET CONVIDEM A LA BAIXADA DE TORXES DEL TEMPS DE NEU\",\"datePublished\":\"2025-12-17T14:12:16+00:00\",\"dateModified\":\"2025-12-30T11:41:53+00:00\",\"mainEntityOfPage\":{\"@id\":\"https:\/\/www.masella.com\/blog\/ca\/10-1-2026-et-convidem-a-la-baixada-de-torxes-del-temps-de-neu\/\"},\"wordCount\":382,\"publisher\":{\"@id\":\"https:\/\/www.masella.com\/blog\/ca\/#organization\"},\"articleSection\":[\"Actualitat\"],\"inLanguage\":\"ca\"},{\"@type\":\"WebPage\",\"@id\":\"https:\/\/www.masella.com\/blog\/ca\/10-1-2026-et-convidem-a-la-baixada-de-torxes-del-temps-de-neu\/\",\"url\":\"https:\/\/www.masella.com\/blog\/ca\/10-1-2026-et-convidem-a-la-baixada-de-torxes-del-temps-de-neu\/\",\"name\":\"10\/1\/2026 ET CONVIDEM A LA BAIXADA DE TORXES DEL TEMPS DE NEU - El Blog oficial de Masella\",\"isPartOf\":{\"@id\":\"https:\/\/www.masella.com\/blog\/ca\/#website\"},\"datePublished\":\"2025-12-17T14:12:16+00:00\",\"dateModified\":\"2025-12-30T11:41:53+00:00\",\"breadcrumb\":{\"@id\":\"https:\/\/www.masella.com\/blog\/ca\/10-1-2026-et-convidem-a-la-baixada-de-torxes-del-temps-de-neu\/#breadcrumb\"},\"inLanguage\":\"ca\",\"potentialAction\":[{\"@type\":\"ReadAction\",\"target\":[\"https:\/\/www.masella.com\/blog\/ca\/10-1-2026-et-convidem-a-la-baixada-de-torxes-del-temps-de-neu\/\"]}]},{\"@type\":\"BreadcrumbList\",\"@id\":\"https:\/\/www.masella.com\/blog\/ca\/10-1-2026-et-convidem-a-la-baixada-de-torxes-del-temps-de-neu\/#breadcrumb\",\"itemListElement\":[{\"@type\":\"ListItem\",\"position\":1,\"name\":\"Portada\",\"item\":\"https:\/\/www.masella.com\/blog\/ca\/\"},{\"@type\":\"ListItem\",\"position\":2,\"name\":\"10\/1\/2026 ET CONVIDEM A LA BAIXADA DE TORXES DEL TEMPS DE NEU\"}]},{\"@type\":\"WebSite\",\"@id\":\"https:\/\/www.masella.com\/blog\/ca\/#website\",\"url\":\"https:\/\/www.masella.com\/blog\/ca\/\",\"name\":\"El Blog oficial de Masella\",\"description\":\"\",\"publisher\":{\"@id\":\"https:\/\/www.masella.com\/blog\/ca\/#organization\"},\"potentialAction\":[{\"@type\":\"SearchAction\",\"target\":{\"@type\":\"EntryPoint\",\"urlTemplate\":\"https:\/\/www.masella.com\/blog\/ca\/?s={search_term_string}\"},\"query-input\":\"required name=search_term_string\"}],\"inLanguage\":\"ca\"},{\"@type\":\"Organization\",\"@id\":\"https:\/\/www.masella.com\/blog\/ca\/#organization\",\"name\":\"El Blog oficial de Masella\",\"url\":\"https:\/\/www.masella.com\/blog\/ca\/\",\"logo\":{\"@type\":\"ImageObject\",\"inLanguage\":\"ca\",\"@id\":\"https:\/\/www.masella.com\/blog\/ca\/#\/schema\/logo\/image\/\",\"url\":\"https:\/\/www.masella.com\/blog\/wp-content\/uploads\/2022\/12\/cropped-logo-masella-cat.png\",\"contentUrl\":\"https:\/\/www.masella.com\/blog\/wp-content\/uploads\/2022\/12\/cropped-logo-masella-cat.png\",\"width\":150,\"height\":88,\"caption\":\"El Blog oficial de Masella\"},\"image\":{\"@id\":\"https:\/\/www.masella.com\/blog\/ca\/#\/schema\/logo\/image\/\"}},{\"@type\":\"Person\",\"@id\":\"https:\/\/www.masella.com\/blog\/ca\/#\/schema\/person\/e32b971f5be20790c591d85b8f1c706b\",\"name\":\"masella\",\"image\":{\"@type\":\"ImageObject\",\"inLanguage\":\"ca\",\"@id\":\"https:\/\/www.masella.com\/blog\/ca\/#\/schema\/person\/image\/\",\"url\":\"https:\/\/secure.gravatar.com\/avatar\/57590b1151eaa410a783e55768bbbba2?s=96&d=mm&r=g\",\"contentUrl\":\"https:\/\/secure.gravatar.com\/avatar\/57590b1151eaa410a783e55768bbbba2?s=96&d=mm&r=g\",\"caption\":\"masella\"},\"url\":\"https:\/\/www.masella.com\/blog\/ca\/author\/anna\/\"}]}<\/script>\n<!-- \/ Yoast SEO plugin. -->","yoast_head_json":{"title":"10\/1\/2026 ET CONVIDEM A LA BAIXADA DE TORXES DEL TEMPS DE NEU - El Blog oficial de Masella","robots":{"index":"index","follow":"follow","max-snippet":"max-snippet:-1","max-image-preview":"max-image-preview:large","max-video-preview":"max-video-preview:-1"},"canonical":"https:\/\/www.masella.com\/blog\/ca\/10-1-2026-et-convidem-a-la-baixada-de-torxes-del-temps-de-neu\/","og_locale":"ca_ES","og_type":"article","og_title":"10\/1\/2026 ET CONVIDEM A LA BAIXADA DE TORXES DEL TEMPS DE NEU - El Blog oficial de Masella","og_description":"Et convidem a la festa dels 40 anys de &#8220;Temps de neu&#8221;: farem una baixada de torxes a Masella El","og_url":"https:\/\/www.masella.com\/blog\/ca\/10-1-2026-et-convidem-a-la-baixada-de-torxes-del-temps-de-neu\/","og_site_name":"El Blog oficial de Masella","article_published_time":"2025-12-17T14:12:16+00:00","article_modified_time":"2025-12-30T11:41:53+00:00","og_image":[{"width":1024,"height":683,"url":"https:\/\/www.masella.com\/blog\/wp-content\/uploads\/2025\/12\/1xxss_comp-1024x683.jpg","type":"image\/jpeg"}],"author":"masella","twitter_card":"summary_large_image","twitter_misc":{"Escrit per":"masella","Temps estimat de lectura":"3 minuts"},"schema":{"@context":"https:\/\/schema.org","@graph":[{"@type":"Article","@id":"https:\/\/www.masella.com\/blog\/ca\/10-1-2026-et-convidem-a-la-baixada-de-torxes-del-temps-de-neu\/#article","isPartOf":{"@id":"https:\/\/www.masella.com\/blog\/ca\/10-1-2026-et-convidem-a-la-baixada-de-torxes-del-temps-de-neu\/"},"author":{"name":"masella","@id":"https:\/\/www.masella.com\/blog\/ca\/#\/schema\/person\/e32b971f5be20790c591d85b8f1c706b"},"headline":"10\/1\/2026 ET CONVIDEM A LA BAIXADA DE TORXES DEL TEMPS DE NEU","datePublished":"2025-12-17T14:12:16+00:00","dateModified":"2025-12-30T11:41:53+00:00","mainEntityOfPage":{"@id":"https:\/\/www.masella.com\/blog\/ca\/10-1-2026-et-convidem-a-la-baixada-de-torxes-del-temps-de-neu\/"},"wordCount":382,"publisher":{"@id":"https:\/\/www.masella.com\/blog\/ca\/#organization"},"articleSection":["Actualitat"],"inLanguage":"ca"},{"@type":"WebPage","@id":"https:\/\/www.masella.com\/blog\/ca\/10-1-2026-et-convidem-a-la-baixada-de-torxes-del-temps-de-neu\/","url":"https:\/\/www.masella.com\/blog\/ca\/10-1-2026-et-convidem-a-la-baixada-de-torxes-del-temps-de-neu\/","name":"10\/1\/2026 ET CONVIDEM A LA BAIXADA DE TORXES DEL TEMPS DE NEU - El Blog oficial de Masella","isPartOf":{"@id":"https:\/\/www.masella.com\/blog\/ca\/#website"},"datePublished":"2025-12-17T14:12:16+00:00","dateModified":"2025-12-30T11:41:53+00:00","breadcrumb":{"@id":"https:\/\/www.masella.com\/blog\/ca\/10-1-2026-et-convidem-a-la-baixada-de-torxes-del-temps-de-neu\/#breadcrumb"},"inLanguage":"ca","potentialAction":[{"@type":"ReadAction","target":["https:\/\/www.masella.com\/blog\/ca\/10-1-2026-et-convidem-a-la-baixada-de-torxes-del-temps-de-neu\/"]}]},{"@type":"BreadcrumbList","@id":"https:\/\/www.masella.com\/blog\/ca\/10-1-2026-et-convidem-a-la-baixada-de-torxes-del-temps-de-neu\/#breadcrumb","itemListElement":[{"@type":"ListItem","position":1,"name":"Portada","item":"https:\/\/www.masella.com\/blog\/ca\/"},{"@type":"ListItem","position":2,"name":"10\/1\/2026 ET CONVIDEM A LA BAIXADA DE TORXES DEL TEMPS DE NEU"}]},{"@type":"WebSite","@id":"https:\/\/www.masella.com\/blog\/ca\/#website","url":"https:\/\/www.masella.com\/blog\/ca\/","name":"El Blog oficial de Masella","description":"","publisher":{"@id":"https:\/\/www.masella.com\/blog\/ca\/#organization"},"potentialAction":[{"@type":"SearchAction","target":{"@type":"EntryPoint","urlTemplate":"https:\/\/www.masella.com\/blog\/ca\/?s={search_term_string}"},"query-input":"required name=search_term_string"}],"inLanguage":"ca"},{"@type":"Organization","@id":"https:\/\/www.masella.com\/blog\/ca\/#organization","name":"El Blog oficial de Masella","url":"https:\/\/www.masella.com\/blog\/ca\/","logo":{"@type":"ImageObject","inLanguage":"ca","@id":"https:\/\/www.masella.com\/blog\/ca\/#\/schema\/logo\/image\/","url":"https:\/\/www.masella.com\/blog\/wp-content\/uploads\/2022\/12\/cropped-logo-masella-cat.png","contentUrl":"https:\/\/www.masella.com\/blog\/wp-content\/uploads\/2022\/12\/cropped-logo-masella-cat.png","width":150,"height":88,"caption":"El Blog oficial de Masella"},"image":{"@id":"https:\/\/www.masella.com\/blog\/ca\/#\/schema\/logo\/image\/"}},{"@type":"Person","@id":"https:\/\/www.masella.com\/blog\/ca\/#\/schema\/person\/e32b971f5be20790c591d85b8f1c706b","name":"masella","image":{"@type":"ImageObject","inLanguage":"ca","@id":"https:\/\/www.masella.com\/blog\/ca\/#\/schema\/person\/image\/","url":"https:\/\/secure.gravatar.com\/avatar\/57590b1151eaa410a783e55768bbbba2?s=96&d=mm&r=g","contentUrl":"https:\/\/secure.gravatar.com\/avatar\/57590b1151eaa410a783e55768bbbba2?s=96&d=mm&r=g","caption":"masella"},"url":"https:\/\/www.masella.com\/blog\/ca\/author\/anna\/"}]}},"_links":{"self":[{"href":"https:\/\/www.masella.com\/blog\/ca\/wp-json\/wp\/v2\/posts\/9727"}],"collection":[{"href":"https:\/\/www.masella.com\/blog\/ca\/wp-json\/wp\/v2\/posts"}],"about":[{"href":"https:\/\/www.masella.com\/blog\/ca\/wp-json\/wp\/v2\/types\/post"}],"author":[{"embeddable":true,"href":"https:\/\/www.masella.com\/blog\/ca\/wp-json\/wp\/v2\/users\/4"}],"replies":[{"embeddable":true,"href":"https:\/\/www.masella.com\/blog\/ca\/wp-json\/wp\/v2\/comments?post=9727"}],"version-history":[{"count":3,"href":"https:\/\/www.masella.com\/blog\/ca\/wp-json\/wp\/v2\/posts\/9727\/revisions"}],"predecessor-version":[{"id":9775,"href":"https:\/\/www.masella.com\/blog\/ca\/wp-json\/wp\/v2\/posts\/9727\/revisions\/9775"}],"wp:featuredmedia":[{"embeddable":true,"href":"https:\/\/www.masella.com\/blog\/ca\/wp-json\/wp\/v2\/media\/9728"}],"wp:attachment":[{"href":"https:\/\/www.masella.com\/blog\/ca\/wp-json\/wp\/v2\/media?parent=9727"}],"wp:term":[{"taxonomy":"category","embeddable":true,"href":"https:\/\/www.masella.com\/blog\/ca\/wp-json\/wp\/v2\/categories?post=9727"},{"taxonomy":"post_tag","embeddable":true,"href":"https:\/\/www.masella.com\/blog\/ca\/wp-json\/wp\/v2\/tags?post=9727"}],"curies":[{"name":"wp","href":"https:\/\/api.w.org\/{rel}","templated":true}]}}