{"id":9788,"date":"2026-01-31T14:55:47","date_gmt":"2026-01-31T13:55:47","guid":{"rendered":"https:\/\/www.masella.com\/blog\/?p=9788"},"modified":"2026-02-21T15:49:31","modified_gmt":"2026-02-21T14:49:31","slug":"abonament-de-1-2-temporada","status":"publish","type":"post","link":"https:\/\/www.masella.com\/blog\/ca\/abonament-de-1-2-temporada\/","title":{"rendered":"ABONAMENT DE 1\/2 TEMPORADA"},"content":{"rendered":"<p>Ara \u00e9s el moment de tramitar l\u2019abonament de \u00bd temporada. Aquest abonament\u00a0 permet esquiar els gaireb\u00e9 tres mesos que queden d\u2019hivern i d\u2019entrada a la primavera, coincidint amb els mesos de febrer, mar\u00e7 i abril, en qu\u00e8 tradicionalment \u00e9s l\u2019\u00e8poca amb m\u00e9s neu a les pistes.<\/p>\n<p>Encara que enguany, per aquestes dates, ja tenim els gruixos de neu a pistes m\u00e9s importants de les \u00faltimes temporades gr\u00e0cies a les llevantades dels mesos de desembre i gener, que ens han deixat\u00a0 un past\u00eds blanc a tota la Muntanya de la Tosa. \u00a0I \u00e9s que a l\u2019estaci\u00f3 disposem de gruixos de neu entre els 120 cm, al Pla de Masella (1600 m), als 260 cm a la Tosa (2535 m). Tot plegat, amb l\u2019afegit de la neu amb la millor qualitat pols, gr\u00e0cies als freds persistents d\u2019aquestes darreres setmanes.<\/p>\n<p><a href=\"https:\/\/www.masella.com\/blog\/wp-content\/uploads\/2026\/01\/001.jpg\"><img loading=\"lazy\" decoding=\"async\" class=\"alignnone size-full wp-image-9794\" src=\"https:\/\/www.masella.com\/blog\/wp-content\/uploads\/2026\/01\/001.jpg\" alt=\"\" width=\"2250\" height=\"1500\" srcset=\"https:\/\/www.masella.com\/blog\/wp-content\/uploads\/2026\/01\/001.jpg 2250w, https:\/\/www.masella.com\/blog\/wp-content\/uploads\/2026\/01\/001-300x200.jpg 300w, https:\/\/www.masella.com\/blog\/wp-content\/uploads\/2026\/01\/001-1024x683.jpg 1024w, https:\/\/www.masella.com\/blog\/wp-content\/uploads\/2026\/01\/001-768x512.jpg 768w, https:\/\/www.masella.com\/blog\/wp-content\/uploads\/2026\/01\/001-1536x1024.jpg 1536w, https:\/\/www.masella.com\/blog\/wp-content\/uploads\/2026\/01\/001-2048x1365.jpg 2048w\" sizes=\"(max-width: 2250px) 100vw, 2250px\" \/><\/a><\/p>\n<p><strong>ABONAMENT DE \u00bd TEMPORADA DE MASELLA, S\u2019AMORTITZA EN NOM\u00c9S 7 DIES D\u2019ESQU\u00cd<\/strong><\/p>\n<p>Per tant si aquesta temporada encara no l\u2019has tramitat,\u00a0 des d\u2019ara ja pots tramitar l\u2019abonament de \u00bd temporada que s\u2019amortitza en nom\u00e9s 7 dies i et permet esquiar cada dia fins a finals de la temporada 2025-26. A m\u00e9s a m\u00e9s, et donem descomptes en establiments i + de 100 dies d\u2019esqu\u00ed en d\u2019altres estacions d\u2019arreu del m\u00f3n, dels quals 15 s\u00f3n en estacions de tots els Pirineus. Aquest abonament t\u00e9 un cost de \u00a0380 euros i el d\u2019Alp 2500 (La Molina + Masella) 490 euros.<\/p>\n<p><a href=\"https:\/\/www.masella.com\/blog\/wp-content\/uploads\/2026\/01\/003.jpg\"><img loading=\"lazy\" decoding=\"async\" class=\"alignnone size-full wp-image-9799\" src=\"https:\/\/www.masella.com\/blog\/wp-content\/uploads\/2026\/01\/003.jpg\" alt=\"\" width=\"2250\" height=\"1500\" srcset=\"https:\/\/www.masella.com\/blog\/wp-content\/uploads\/2026\/01\/003.jpg 2250w, https:\/\/www.masella.com\/blog\/wp-content\/uploads\/2026\/01\/003-300x200.jpg 300w, https:\/\/www.masella.com\/blog\/wp-content\/uploads\/2026\/01\/003-1024x683.jpg 1024w, https:\/\/www.masella.com\/blog\/wp-content\/uploads\/2026\/01\/003-768x512.jpg 768w, https:\/\/www.masella.com\/blog\/wp-content\/uploads\/2026\/01\/003-1536x1024.jpg 1536w, https:\/\/www.masella.com\/blog\/wp-content\/uploads\/2026\/01\/003-2048x1365.jpg 2048w\" sizes=\"(max-width: 2250px) 100vw, 2250px\" \/><\/a><\/p>\n<p><strong>TRAMITA&#8217;L<\/strong><\/p>\n<p>L&#8217;abonament de 1\/2 Temporada es pot tramitar online clicant <a href=\"https:\/\/www.masella.com\/ca\/abonaments\" target=\"_blank\" rel=\"noopener\">AQU\u00cd<\/a><\/p>\n<p>Tamb\u00e9 el pots tramitar a les Oficines d&#8217;Atenci\u00f3 a l&#8217;Esquiador, ubicades al Pla de Masella. I si esquies el mateix dia i tramites l\u2019abonament de 1\/2 temporada i has comprat el forfet del dia te l\u2019abonem el mateix dia que esquies, tamb\u00e9 a les Oficines d&#8217;Atenci\u00f3 a l&#8217;esquiador del Pla de Masella, abans del tancament d\u2019aquestes (17h30 en festius o 17 h en feiners).<\/p>\n","protected":false},"excerpt":{"rendered":"<p>Ara \u00e9s el moment de tramitar l\u2019abonament de \u00bd temporada. Aquest abonament\u00a0 permet esquiar els gaireb\u00e9 tres mesos que queden<\/p>\n","protected":false},"author":4,"featured_media":9790,"comment_status":"closed","ping_status":"closed","sticky":false,"template":"","format":"standard","meta":{"footnotes":""},"categories":[21],"tags":[],"yoast_head":"<!-- This site is optimized with the Yoast SEO plugin v21.5 - https:\/\/yoast.com\/wordpress\/plugins\/seo\/ -->\n<title>ABONAMENT DE 1\/2 TEMPORADA - El Blog oficial de Masella<\/title>\n<meta name=\"robots\" content=\"index, follow, max-snippet:-1, max-image-preview:large, max-video-preview:-1\" \/>\n<link rel=\"canonical\" href=\"https:\/\/www.masella.com\/blog\/ca\/abonament-de-1-2-temporada\/\" \/>\n<meta property=\"og:locale\" content=\"ca_ES\" \/>\n<meta property=\"og:type\" content=\"article\" \/>\n<meta property=\"og:title\" content=\"ABONAMENT DE 1\/2 TEMPORADA - El Blog oficial de Masella\" \/>\n<meta property=\"og:description\" content=\"Ara \u00e9s el moment de tramitar l\u2019abonament de \u00bd temporada. Aquest abonament\u00a0 permet esquiar els gaireb\u00e9 tres mesos que queden\" \/>\n<meta property=\"og:url\" content=\"https:\/\/www.masella.com\/blog\/ca\/abonament-de-1-2-temporada\/\" \/>\n<meta property=\"og:site_name\" content=\"El Blog oficial de Masella\" \/>\n<meta property=\"article:published_time\" content=\"2026-01-31T13:55:47+00:00\" \/>\n<meta property=\"article:modified_time\" content=\"2026-02-21T14:49:31+00:00\" \/>\n<meta property=\"og:image\" content=\"https:\/\/www.masella.com\/blog\/wp-content\/uploads\/2026\/01\/002.jpg\" \/>\n\t<meta property=\"og:image:width\" content=\"2250\" \/>\n\t<meta property=\"og:image:height\" content=\"1500\" \/>\n\t<meta property=\"og:image:type\" content=\"image\/jpeg\" \/>\n<meta name=\"author\" content=\"masella\" \/>\n<meta name=\"twitter:card\" content=\"summary_large_image\" \/>\n<meta name=\"twitter:label1\" content=\"Escrit per\" \/>\n\t<meta name=\"twitter:data1\" content=\"masella\" \/>\n\t<meta name=\"twitter:label2\" content=\"Temps estimat de lectura\" \/>\n\t<meta name=\"twitter:data2\" content=\"3 minuts\" \/>\n<script type=\"application\/ld+json\" class=\"yoast-schema-graph\">{\"@context\":\"https:\/\/schema.org\",\"@graph\":[{\"@type\":\"Article\",\"@id\":\"https:\/\/www.masella.com\/blog\/ca\/abonament-de-1-2-temporada\/#article\",\"isPartOf\":{\"@id\":\"https:\/\/www.masella.com\/blog\/ca\/abonament-de-1-2-temporada\/\"},\"author\":{\"name\":\"masella\",\"@id\":\"https:\/\/www.masella.com\/blog\/ca\/#\/schema\/person\/e32b971f5be20790c591d85b8f1c706b\"},\"headline\":\"ABONAMENT DE 1\/2 TEMPORADA\",\"datePublished\":\"2026-01-31T13:55:47+00:00\",\"dateModified\":\"2026-02-21T14:49:31+00:00\",\"mainEntityOfPage\":{\"@id\":\"https:\/\/www.masella.com\/blog\/ca\/abonament-de-1-2-temporada\/\"},\"wordCount\":331,\"publisher\":{\"@id\":\"https:\/\/www.masella.com\/blog\/ca\/#organization\"},\"articleSection\":[\"Actualitat\"],\"inLanguage\":\"ca\"},{\"@type\":\"WebPage\",\"@id\":\"https:\/\/www.masella.com\/blog\/ca\/abonament-de-1-2-temporada\/\",\"url\":\"https:\/\/www.masella.com\/blog\/ca\/abonament-de-1-2-temporada\/\",\"name\":\"ABONAMENT DE 1\/2 TEMPORADA - El Blog oficial de Masella\",\"isPartOf\":{\"@id\":\"https:\/\/www.masella.com\/blog\/ca\/#website\"},\"datePublished\":\"2026-01-31T13:55:47+00:00\",\"dateModified\":\"2026-02-21T14:49:31+00:00\",\"breadcrumb\":{\"@id\":\"https:\/\/www.masella.com\/blog\/ca\/abonament-de-1-2-temporada\/#breadcrumb\"},\"inLanguage\":\"ca\",\"potentialAction\":[{\"@type\":\"ReadAction\",\"target\":[\"https:\/\/www.masella.com\/blog\/ca\/abonament-de-1-2-temporada\/\"]}]},{\"@type\":\"BreadcrumbList\",\"@id\":\"https:\/\/www.masella.com\/blog\/ca\/abonament-de-1-2-temporada\/#breadcrumb\",\"itemListElement\":[{\"@type\":\"ListItem\",\"position\":1,\"name\":\"Portada\",\"item\":\"https:\/\/www.masella.com\/blog\/ca\/\"},{\"@type\":\"ListItem\",\"position\":2,\"name\":\"ABONAMENT DE 1\/2 TEMPORADA\"}]},{\"@type\":\"WebSite\",\"@id\":\"https:\/\/www.masella.com\/blog\/ca\/#website\",\"url\":\"https:\/\/www.masella.com\/blog\/ca\/\",\"name\":\"El Blog oficial de Masella\",\"description\":\"\",\"publisher\":{\"@id\":\"https:\/\/www.masella.com\/blog\/ca\/#organization\"},\"potentialAction\":[{\"@type\":\"SearchAction\",\"target\":{\"@type\":\"EntryPoint\",\"urlTemplate\":\"https:\/\/www.masella.com\/blog\/ca\/?s={search_term_string}\"},\"query-input\":\"required name=search_term_string\"}],\"inLanguage\":\"ca\"},{\"@type\":\"Organization\",\"@id\":\"https:\/\/www.masella.com\/blog\/ca\/#organization\",\"name\":\"El Blog oficial de Masella\",\"url\":\"https:\/\/www.masella.com\/blog\/ca\/\",\"logo\":{\"@type\":\"ImageObject\",\"inLanguage\":\"ca\",\"@id\":\"https:\/\/www.masella.com\/blog\/ca\/#\/schema\/logo\/image\/\",\"url\":\"https:\/\/www.masella.com\/blog\/wp-content\/uploads\/2022\/12\/cropped-logo-masella-cat.png\",\"contentUrl\":\"https:\/\/www.masella.com\/blog\/wp-content\/uploads\/2022\/12\/cropped-logo-masella-cat.png\",\"width\":150,\"height\":88,\"caption\":\"El Blog oficial de Masella\"},\"image\":{\"@id\":\"https:\/\/www.masella.com\/blog\/ca\/#\/schema\/logo\/image\/\"}},{\"@type\":\"Person\",\"@id\":\"https:\/\/www.masella.com\/blog\/ca\/#\/schema\/person\/e32b971f5be20790c591d85b8f1c706b\",\"name\":\"masella\",\"image\":{\"@type\":\"ImageObject\",\"inLanguage\":\"ca\",\"@id\":\"https:\/\/www.masella.com\/blog\/ca\/#\/schema\/person\/image\/\",\"url\":\"https:\/\/secure.gravatar.com\/avatar\/57590b1151eaa410a783e55768bbbba2?s=96&d=mm&r=g\",\"contentUrl\":\"https:\/\/secure.gravatar.com\/avatar\/57590b1151eaa410a783e55768bbbba2?s=96&d=mm&r=g\",\"caption\":\"masella\"},\"url\":\"https:\/\/www.masella.com\/blog\/ca\/author\/anna\/\"}]}<\/script>\n<!-- \/ Yoast SEO plugin. -->","yoast_head_json":{"title":"ABONAMENT DE 1\/2 TEMPORADA - El Blog oficial de Masella","robots":{"index":"index","follow":"follow","max-snippet":"max-snippet:-1","max-image-preview":"max-image-preview:large","max-video-preview":"max-video-preview:-1"},"canonical":"https:\/\/www.masella.com\/blog\/ca\/abonament-de-1-2-temporada\/","og_locale":"ca_ES","og_type":"article","og_title":"ABONAMENT DE 1\/2 TEMPORADA - El Blog oficial de Masella","og_description":"Ara \u00e9s el moment de tramitar l\u2019abonament de \u00bd temporada. Aquest abonament\u00a0 permet esquiar els gaireb\u00e9 tres mesos que queden","og_url":"https:\/\/www.masella.com\/blog\/ca\/abonament-de-1-2-temporada\/","og_site_name":"El Blog oficial de Masella","article_published_time":"2026-01-31T13:55:47+00:00","article_modified_time":"2026-02-21T14:49:31+00:00","og_image":[{"width":2250,"height":1500,"url":"https:\/\/www.masella.com\/blog\/wp-content\/uploads\/2026\/01\/002.jpg","type":"image\/jpeg"}],"author":"masella","twitter_card":"summary_large_image","twitter_misc":{"Escrit per":"masella","Temps estimat de lectura":"3 minuts"},"schema":{"@context":"https:\/\/schema.org","@graph":[{"@type":"Article","@id":"https:\/\/www.masella.com\/blog\/ca\/abonament-de-1-2-temporada\/#article","isPartOf":{"@id":"https:\/\/www.masella.com\/blog\/ca\/abonament-de-1-2-temporada\/"},"author":{"name":"masella","@id":"https:\/\/www.masella.com\/blog\/ca\/#\/schema\/person\/e32b971f5be20790c591d85b8f1c706b"},"headline":"ABONAMENT DE 1\/2 TEMPORADA","datePublished":"2026-01-31T13:55:47+00:00","dateModified":"2026-02-21T14:49:31+00:00","mainEntityOfPage":{"@id":"https:\/\/www.masella.com\/blog\/ca\/abonament-de-1-2-temporada\/"},"wordCount":331,"publisher":{"@id":"https:\/\/www.masella.com\/blog\/ca\/#organization"},"articleSection":["Actualitat"],"inLanguage":"ca"},{"@type":"WebPage","@id":"https:\/\/www.masella.com\/blog\/ca\/abonament-de-1-2-temporada\/","url":"https:\/\/www.masella.com\/blog\/ca\/abonament-de-1-2-temporada\/","name":"ABONAMENT DE 1\/2 TEMPORADA - El Blog oficial de Masella","isPartOf":{"@id":"https:\/\/www.masella.com\/blog\/ca\/#website"},"datePublished":"2026-01-31T13:55:47+00:00","dateModified":"2026-02-21T14:49:31+00:00","breadcrumb":{"@id":"https:\/\/www.masella.com\/blog\/ca\/abonament-de-1-2-temporada\/#breadcrumb"},"inLanguage":"ca","potentialAction":[{"@type":"ReadAction","target":["https:\/\/www.masella.com\/blog\/ca\/abonament-de-1-2-temporada\/"]}]},{"@type":"BreadcrumbList","@id":"https:\/\/www.masella.com\/blog\/ca\/abonament-de-1-2-temporada\/#breadcrumb","itemListElement":[{"@type":"ListItem","position":1,"name":"Portada","item":"https:\/\/www.masella.com\/blog\/ca\/"},{"@type":"ListItem","position":2,"name":"ABONAMENT DE 1\/2 TEMPORADA"}]},{"@type":"WebSite","@id":"https:\/\/www.masella.com\/blog\/ca\/#website","url":"https:\/\/www.masella.com\/blog\/ca\/","name":"El Blog oficial de Masella","description":"","publisher":{"@id":"https:\/\/www.masella.com\/blog\/ca\/#organization"},"potentialAction":[{"@type":"SearchAction","target":{"@type":"EntryPoint","urlTemplate":"https:\/\/www.masella.com\/blog\/ca\/?s={search_term_string}"},"query-input":"required name=search_term_string"}],"inLanguage":"ca"},{"@type":"Organization","@id":"https:\/\/www.masella.com\/blog\/ca\/#organization","name":"El Blog oficial de Masella","url":"https:\/\/www.masella.com\/blog\/ca\/","logo":{"@type":"ImageObject","inLanguage":"ca","@id":"https:\/\/www.masella.com\/blog\/ca\/#\/schema\/logo\/image\/","url":"https:\/\/www.masella.com\/blog\/wp-content\/uploads\/2022\/12\/cropped-logo-masella-cat.png","contentUrl":"https:\/\/www.masella.com\/blog\/wp-content\/uploads\/2022\/12\/cropped-logo-masella-cat.png","width":150,"height":88,"caption":"El Blog oficial de Masella"},"image":{"@id":"https:\/\/www.masella.com\/blog\/ca\/#\/schema\/logo\/image\/"}},{"@type":"Person","@id":"https:\/\/www.masella.com\/blog\/ca\/#\/schema\/person\/e32b971f5be20790c591d85b8f1c706b","name":"masella","image":{"@type":"ImageObject","inLanguage":"ca","@id":"https:\/\/www.masella.com\/blog\/ca\/#\/schema\/person\/image\/","url":"https:\/\/secure.gravatar.com\/avatar\/57590b1151eaa410a783e55768bbbba2?s=96&d=mm&r=g","contentUrl":"https:\/\/secure.gravatar.com\/avatar\/57590b1151eaa410a783e55768bbbba2?s=96&d=mm&r=g","caption":"masella"},"url":"https:\/\/www.masella.com\/blog\/ca\/author\/anna\/"}]}},"_links":{"self":[{"href":"https:\/\/www.masella.com\/blog\/ca\/wp-json\/wp\/v2\/posts\/9788"}],"collection":[{"href":"https:\/\/www.masella.com\/blog\/ca\/wp-json\/wp\/v2\/posts"}],"about":[{"href":"https:\/\/www.masella.com\/blog\/ca\/wp-json\/wp\/v2\/types\/post"}],"author":[{"embeddable":true,"href":"https:\/\/www.masella.com\/blog\/ca\/wp-json\/wp\/v2\/users\/4"}],"replies":[{"embeddable":true,"href":"https:\/\/www.masella.com\/blog\/ca\/wp-json\/wp\/v2\/comments?post=9788"}],"version-history":[{"count":6,"href":"https:\/\/www.masella.com\/blog\/ca\/wp-json\/wp\/v2\/posts\/9788\/revisions"}],"predecessor-version":[{"id":9840,"href":"https:\/\/www.masella.com\/blog\/ca\/wp-json\/wp\/v2\/posts\/9788\/revisions\/9840"}],"wp:featuredmedia":[{"embeddable":true,"href":"https:\/\/www.masella.com\/blog\/ca\/wp-json\/wp\/v2\/media\/9790"}],"wp:attachment":[{"href":"https:\/\/www.masella.com\/blog\/ca\/wp-json\/wp\/v2\/media?parent=9788"}],"wp:term":[{"taxonomy":"category","embeddable":true,"href":"https:\/\/www.masella.com\/blog\/ca\/wp-json\/wp\/v2\/categories?post=9788"},{"taxonomy":"post_tag","embeddable":true,"href":"https:\/\/www.masella.com\/blog\/ca\/wp-json\/wp\/v2\/tags?post=9788"}],"curies":[{"name":"wp","href":"https:\/\/api.w.org\/{rel}","templated":true}]}}