{"id":9855,"date":"2026-04-26T19:30:35","date_gmt":"2026-04-26T18:30:35","guid":{"rendered":"https:\/\/www.masella.com\/blog\/?p=9855"},"modified":"2026-04-26T19:56:05","modified_gmt":"2026-04-26T18:56:05","slug":"ultims-dies-de-la-temporada","status":"publish","type":"post","link":"https:\/\/www.masella.com\/blog\/ca\/ultims-dies-de-la-temporada\/","title":{"rendered":"\u00daLTIMS DIES DE LA TEMPORADA"},"content":{"rendered":"<p><strong><em>ESTACI\u00d3 OBERTA FINS AQUEST DIUMENGE<\/em><\/strong><\/p>\n<p>A Masella mantenim l\u2019estaci\u00f3 oberta fins aquest diumenge, dia 3 de maig, o l\u2019\u00faltim dia que les condicions del temps i la neu ho permetin. I, d\u2019aquesta manera, serem l\u2019\u00fanica estaci\u00f3 d\u2019esqu\u00ed oberta dels Pirineus.<\/p>\n<p><strong><em>SECTORS, REMUNTADORS I HORARIS<\/em><\/strong><\/p>\n<p>Aquests \u00faltims dies tenim oberts els sectors de la Tosa, Coma Pregona, Dues Estacions Superior fins a la pista negra de la Pala Directa, i el Bosc d\u2019Alp fins el telecadira Jumbo Tosa Inferior. En aquets sector les pistes que tenim obertes s\u00f3n vermelles i la negra de la Pala Directa, per tant s\u00f3n pistes per experts. El sector de debutants \u00e9s tancat al p\u00fablic. Consulteu l\u2019Infoneu diari per con\u00e8ixer, en temps real, l\u2019estat d\u2019obertura de les pistes. L&#8217;horari dels remuntadors \u00e9s, cada dia, de 9 a 14 h.<\/p>\n<p><strong><em>ACC\u00c9S A PISTES <\/em><\/strong><\/p>\n<p>S\u2019accedeix a pistes pel Pla de Masella, en concret, pel telecadira Masella Jet que \u00e9s obert nom\u00e9s de transport. L\u2019acc\u00e9s a pistes per Coma Oriola est\u00e0 tancat.<\/p>\n<p><strong><em>CONVIDA A UN AMIC<\/em><\/strong><\/p>\n<p>Si tens abonament en les modalitats de Temporada, No Dissabtes o Feiner convida a un amic a esquiar, qualsevol dia d\u2019aquesta setmana. Per fer efectiu el forfet passa per les Oficines d\u2019Atenci\u00f3 a l\u2019Esquiador del Pla de Masella. Has de portar el teu abonament, el val d\u2019invitaci\u00f3 i abonar 5 \u20ac i pots convidar a un amic o familiar per gaudir en companyia dels darrers descensos de la temporada.<\/p>\n<p><strong><em>ET REGALEM EL SEGON DIA D\u2019ESQU\u00cd<\/em><\/strong><\/p>\n<p>Els preus del forfet (adult, infant i jove) de 1 dia \u00e9s de 35 \u20ac i et regalem un segon forfet per a qualsevol altra dia. El forfet de regal \u00e9s per utilitzar fins el dia 3 de maig, o el dia que es tanqui, i \u00e9s transferible.<\/p>\n<p><strong><em><a href=\"https:\/\/www.masella.com\/blog\/wp-content\/uploads\/2026\/04\/001.jpg\"><img loading=\"lazy\" decoding=\"async\" class=\"alignnone size-full wp-image-9856\" src=\"https:\/\/www.masella.com\/blog\/wp-content\/uploads\/2026\/04\/001.jpg\" alt=\"\" width=\"2000\" height=\"1500\" srcset=\"https:\/\/www.masella.com\/blog\/wp-content\/uploads\/2026\/04\/001.jpg 2000w, https:\/\/www.masella.com\/blog\/wp-content\/uploads\/2026\/04\/001-300x225.jpg 300w, https:\/\/www.masella.com\/blog\/wp-content\/uploads\/2026\/04\/001-1024x768.jpg 1024w, https:\/\/www.masella.com\/blog\/wp-content\/uploads\/2026\/04\/001-768x576.jpg 768w, https:\/\/www.masella.com\/blog\/wp-content\/uploads\/2026\/04\/001-1536x1152.jpg 1536w\" sizes=\"(max-width: 2000px) 100vw, 2000px\" \/><\/a><\/em><\/strong><\/p>\n<p>&nbsp;<\/p>\n<p style=\"text-align: center;\"><strong><em>\u00a0<\/em><\/strong><strong><em>AQUESTS DARRERS DIES VINE ACOMIADAR<\/em><\/strong><\/p>\n<p style=\"text-align: center;\"><strong><em>LA TEMPORADA D\u2019ESQU\u00cd ALS PIRINEUS,<\/em><\/strong><\/p>\n<p style=\"text-align: center;\"><strong><em>QUE NO T\u2019HO EXPLIQUIN!!!<\/em><\/strong><\/p>\n","protected":false},"excerpt":{"rendered":"<p>ESTACI\u00d3 OBERTA FINS AQUEST DIUMENGE A Masella mantenim l\u2019estaci\u00f3 oberta fins aquest diumenge, dia 3 de maig, o l\u2019\u00faltim dia<\/p>\n","protected":false},"author":4,"featured_media":9860,"comment_status":"closed","ping_status":"closed","sticky":false,"template":"","format":"standard","meta":{"footnotes":""},"categories":[21],"tags":[],"yoast_head":"<!-- This site is optimized with the Yoast SEO plugin v21.5 - https:\/\/yoast.com\/wordpress\/plugins\/seo\/ -->\n<title>\u00daLTIMS DIES DE LA TEMPORADA - El Blog oficial de Masella<\/title>\n<meta name=\"robots\" content=\"index, follow, max-snippet:-1, max-image-preview:large, max-video-preview:-1\" \/>\n<link rel=\"canonical\" href=\"https:\/\/www.masella.com\/blog\/ca\/ultims-dies-de-la-temporada\/\" \/>\n<meta property=\"og:locale\" content=\"ca_ES\" \/>\n<meta property=\"og:type\" content=\"article\" \/>\n<meta property=\"og:title\" content=\"\u00daLTIMS DIES DE LA TEMPORADA - El Blog oficial de Masella\" \/>\n<meta property=\"og:description\" content=\"ESTACI\u00d3 OBERTA FINS AQUEST DIUMENGE A Masella mantenim l\u2019estaci\u00f3 oberta fins aquest diumenge, dia 3 de maig, o l\u2019\u00faltim dia\" \/>\n<meta property=\"og:url\" content=\"https:\/\/www.masella.com\/blog\/ca\/ultims-dies-de-la-temporada\/\" \/>\n<meta property=\"og:site_name\" content=\"El Blog oficial de Masella\" \/>\n<meta property=\"article:published_time\" content=\"2026-04-26T18:30:35+00:00\" \/>\n<meta property=\"article:modified_time\" content=\"2026-04-26T18:56:05+00:00\" \/>\n<meta property=\"og:image\" content=\"https:\/\/www.masella.com\/blog\/wp-content\/uploads\/2026\/04\/002b-scaled.jpg\" \/>\n\t<meta property=\"og:image:width\" content=\"2560\" \/>\n\t<meta property=\"og:image:height\" content=\"1920\" \/>\n\t<meta property=\"og:image:type\" content=\"image\/jpeg\" \/>\n<meta name=\"author\" content=\"masella\" \/>\n<meta name=\"twitter:card\" content=\"summary_large_image\" \/>\n<meta name=\"twitter:label1\" content=\"Escrit per\" \/>\n\t<meta name=\"twitter:data1\" content=\"masella\" \/>\n\t<meta name=\"twitter:label2\" content=\"Temps estimat de lectura\" \/>\n\t<meta name=\"twitter:data2\" content=\"2 minuts\" \/>\n<script type=\"application\/ld+json\" class=\"yoast-schema-graph\">{\"@context\":\"https:\/\/schema.org\",\"@graph\":[{\"@type\":\"Article\",\"@id\":\"https:\/\/www.masella.com\/blog\/ca\/ultims-dies-de-la-temporada\/#article\",\"isPartOf\":{\"@id\":\"https:\/\/www.masella.com\/blog\/ca\/ultims-dies-de-la-temporada\/\"},\"author\":{\"name\":\"masella\",\"@id\":\"https:\/\/www.masella.com\/blog\/ca\/#\/schema\/person\/e32b971f5be20790c591d85b8f1c706b\"},\"headline\":\"\u00daLTIMS DIES DE LA TEMPORADA\",\"datePublished\":\"2026-04-26T18:30:35+00:00\",\"dateModified\":\"2026-04-26T18:56:05+00:00\",\"mainEntityOfPage\":{\"@id\":\"https:\/\/www.masella.com\/blog\/ca\/ultims-dies-de-la-temporada\/\"},\"wordCount\":327,\"publisher\":{\"@id\":\"https:\/\/www.masella.com\/blog\/ca\/#organization\"},\"articleSection\":[\"Actualitat\"],\"inLanguage\":\"ca\"},{\"@type\":\"WebPage\",\"@id\":\"https:\/\/www.masella.com\/blog\/ca\/ultims-dies-de-la-temporada\/\",\"url\":\"https:\/\/www.masella.com\/blog\/ca\/ultims-dies-de-la-temporada\/\",\"name\":\"\u00daLTIMS DIES DE LA TEMPORADA - El Blog oficial de Masella\",\"isPartOf\":{\"@id\":\"https:\/\/www.masella.com\/blog\/ca\/#website\"},\"datePublished\":\"2026-04-26T18:30:35+00:00\",\"dateModified\":\"2026-04-26T18:56:05+00:00\",\"breadcrumb\":{\"@id\":\"https:\/\/www.masella.com\/blog\/ca\/ultims-dies-de-la-temporada\/#breadcrumb\"},\"inLanguage\":\"ca\",\"potentialAction\":[{\"@type\":\"ReadAction\",\"target\":[\"https:\/\/www.masella.com\/blog\/ca\/ultims-dies-de-la-temporada\/\"]}]},{\"@type\":\"BreadcrumbList\",\"@id\":\"https:\/\/www.masella.com\/blog\/ca\/ultims-dies-de-la-temporada\/#breadcrumb\",\"itemListElement\":[{\"@type\":\"ListItem\",\"position\":1,\"name\":\"Portada\",\"item\":\"https:\/\/www.masella.com\/blog\/ca\/\"},{\"@type\":\"ListItem\",\"position\":2,\"name\":\"\u00daLTIMS DIES DE LA TEMPORADA\"}]},{\"@type\":\"WebSite\",\"@id\":\"https:\/\/www.masella.com\/blog\/ca\/#website\",\"url\":\"https:\/\/www.masella.com\/blog\/ca\/\",\"name\":\"El Blog oficial de Masella\",\"description\":\"\",\"publisher\":{\"@id\":\"https:\/\/www.masella.com\/blog\/ca\/#organization\"},\"potentialAction\":[{\"@type\":\"SearchAction\",\"target\":{\"@type\":\"EntryPoint\",\"urlTemplate\":\"https:\/\/www.masella.com\/blog\/ca\/?s={search_term_string}\"},\"query-input\":\"required name=search_term_string\"}],\"inLanguage\":\"ca\"},{\"@type\":\"Organization\",\"@id\":\"https:\/\/www.masella.com\/blog\/ca\/#organization\",\"name\":\"El Blog oficial de Masella\",\"url\":\"https:\/\/www.masella.com\/blog\/ca\/\",\"logo\":{\"@type\":\"ImageObject\",\"inLanguage\":\"ca\",\"@id\":\"https:\/\/www.masella.com\/blog\/ca\/#\/schema\/logo\/image\/\",\"url\":\"https:\/\/www.masella.com\/blog\/wp-content\/uploads\/2022\/12\/cropped-logo-masella-cat.png\",\"contentUrl\":\"https:\/\/www.masella.com\/blog\/wp-content\/uploads\/2022\/12\/cropped-logo-masella-cat.png\",\"width\":150,\"height\":88,\"caption\":\"El Blog oficial de Masella\"},\"image\":{\"@id\":\"https:\/\/www.masella.com\/blog\/ca\/#\/schema\/logo\/image\/\"}},{\"@type\":\"Person\",\"@id\":\"https:\/\/www.masella.com\/blog\/ca\/#\/schema\/person\/e32b971f5be20790c591d85b8f1c706b\",\"name\":\"masella\",\"image\":{\"@type\":\"ImageObject\",\"inLanguage\":\"ca\",\"@id\":\"https:\/\/www.masella.com\/blog\/ca\/#\/schema\/person\/image\/\",\"url\":\"https:\/\/secure.gravatar.com\/avatar\/57590b1151eaa410a783e55768bbbba2?s=96&d=mm&r=g\",\"contentUrl\":\"https:\/\/secure.gravatar.com\/avatar\/57590b1151eaa410a783e55768bbbba2?s=96&d=mm&r=g\",\"caption\":\"masella\"},\"url\":\"https:\/\/www.masella.com\/blog\/ca\/author\/anna\/\"}]}<\/script>\n<!-- \/ Yoast SEO plugin. -->","yoast_head_json":{"title":"\u00daLTIMS DIES DE LA TEMPORADA - El Blog oficial de Masella","robots":{"index":"index","follow":"follow","max-snippet":"max-snippet:-1","max-image-preview":"max-image-preview:large","max-video-preview":"max-video-preview:-1"},"canonical":"https:\/\/www.masella.com\/blog\/ca\/ultims-dies-de-la-temporada\/","og_locale":"ca_ES","og_type":"article","og_title":"\u00daLTIMS DIES DE LA TEMPORADA - El Blog oficial de Masella","og_description":"ESTACI\u00d3 OBERTA FINS AQUEST DIUMENGE A Masella mantenim l\u2019estaci\u00f3 oberta fins aquest diumenge, dia 3 de maig, o l\u2019\u00faltim dia","og_url":"https:\/\/www.masella.com\/blog\/ca\/ultims-dies-de-la-temporada\/","og_site_name":"El Blog oficial de Masella","article_published_time":"2026-04-26T18:30:35+00:00","article_modified_time":"2026-04-26T18:56:05+00:00","og_image":[{"width":2560,"height":1920,"url":"https:\/\/www.masella.com\/blog\/wp-content\/uploads\/2026\/04\/002b-scaled.jpg","type":"image\/jpeg"}],"author":"masella","twitter_card":"summary_large_image","twitter_misc":{"Escrit per":"masella","Temps estimat de lectura":"2 minuts"},"schema":{"@context":"https:\/\/schema.org","@graph":[{"@type":"Article","@id":"https:\/\/www.masella.com\/blog\/ca\/ultims-dies-de-la-temporada\/#article","isPartOf":{"@id":"https:\/\/www.masella.com\/blog\/ca\/ultims-dies-de-la-temporada\/"},"author":{"name":"masella","@id":"https:\/\/www.masella.com\/blog\/ca\/#\/schema\/person\/e32b971f5be20790c591d85b8f1c706b"},"headline":"\u00daLTIMS DIES DE LA TEMPORADA","datePublished":"2026-04-26T18:30:35+00:00","dateModified":"2026-04-26T18:56:05+00:00","mainEntityOfPage":{"@id":"https:\/\/www.masella.com\/blog\/ca\/ultims-dies-de-la-temporada\/"},"wordCount":327,"publisher":{"@id":"https:\/\/www.masella.com\/blog\/ca\/#organization"},"articleSection":["Actualitat"],"inLanguage":"ca"},{"@type":"WebPage","@id":"https:\/\/www.masella.com\/blog\/ca\/ultims-dies-de-la-temporada\/","url":"https:\/\/www.masella.com\/blog\/ca\/ultims-dies-de-la-temporada\/","name":"\u00daLTIMS DIES DE LA TEMPORADA - El Blog oficial de Masella","isPartOf":{"@id":"https:\/\/www.masella.com\/blog\/ca\/#website"},"datePublished":"2026-04-26T18:30:35+00:00","dateModified":"2026-04-26T18:56:05+00:00","breadcrumb":{"@id":"https:\/\/www.masella.com\/blog\/ca\/ultims-dies-de-la-temporada\/#breadcrumb"},"inLanguage":"ca","potentialAction":[{"@type":"ReadAction","target":["https:\/\/www.masella.com\/blog\/ca\/ultims-dies-de-la-temporada\/"]}]},{"@type":"BreadcrumbList","@id":"https:\/\/www.masella.com\/blog\/ca\/ultims-dies-de-la-temporada\/#breadcrumb","itemListElement":[{"@type":"ListItem","position":1,"name":"Portada","item":"https:\/\/www.masella.com\/blog\/ca\/"},{"@type":"ListItem","position":2,"name":"\u00daLTIMS DIES DE LA TEMPORADA"}]},{"@type":"WebSite","@id":"https:\/\/www.masella.com\/blog\/ca\/#website","url":"https:\/\/www.masella.com\/blog\/ca\/","name":"El Blog oficial de Masella","description":"","publisher":{"@id":"https:\/\/www.masella.com\/blog\/ca\/#organization"},"potentialAction":[{"@type":"SearchAction","target":{"@type":"EntryPoint","urlTemplate":"https:\/\/www.masella.com\/blog\/ca\/?s={search_term_string}"},"query-input":"required name=search_term_string"}],"inLanguage":"ca"},{"@type":"Organization","@id":"https:\/\/www.masella.com\/blog\/ca\/#organization","name":"El Blog oficial de Masella","url":"https:\/\/www.masella.com\/blog\/ca\/","logo":{"@type":"ImageObject","inLanguage":"ca","@id":"https:\/\/www.masella.com\/blog\/ca\/#\/schema\/logo\/image\/","url":"https:\/\/www.masella.com\/blog\/wp-content\/uploads\/2022\/12\/cropped-logo-masella-cat.png","contentUrl":"https:\/\/www.masella.com\/blog\/wp-content\/uploads\/2022\/12\/cropped-logo-masella-cat.png","width":150,"height":88,"caption":"El Blog oficial de Masella"},"image":{"@id":"https:\/\/www.masella.com\/blog\/ca\/#\/schema\/logo\/image\/"}},{"@type":"Person","@id":"https:\/\/www.masella.com\/blog\/ca\/#\/schema\/person\/e32b971f5be20790c591d85b8f1c706b","name":"masella","image":{"@type":"ImageObject","inLanguage":"ca","@id":"https:\/\/www.masella.com\/blog\/ca\/#\/schema\/person\/image\/","url":"https:\/\/secure.gravatar.com\/avatar\/57590b1151eaa410a783e55768bbbba2?s=96&d=mm&r=g","contentUrl":"https:\/\/secure.gravatar.com\/avatar\/57590b1151eaa410a783e55768bbbba2?s=96&d=mm&r=g","caption":"masella"},"url":"https:\/\/www.masella.com\/blog\/ca\/author\/anna\/"}]}},"_links":{"self":[{"href":"https:\/\/www.masella.com\/blog\/ca\/wp-json\/wp\/v2\/posts\/9855"}],"collection":[{"href":"https:\/\/www.masella.com\/blog\/ca\/wp-json\/wp\/v2\/posts"}],"about":[{"href":"https:\/\/www.masella.com\/blog\/ca\/wp-json\/wp\/v2\/types\/post"}],"author":[{"embeddable":true,"href":"https:\/\/www.masella.com\/blog\/ca\/wp-json\/wp\/v2\/users\/4"}],"replies":[{"embeddable":true,"href":"https:\/\/www.masella.com\/blog\/ca\/wp-json\/wp\/v2\/comments?post=9855"}],"version-history":[{"count":4,"href":"https:\/\/www.masella.com\/blog\/ca\/wp-json\/wp\/v2\/posts\/9855\/revisions"}],"predecessor-version":[{"id":9867,"href":"https:\/\/www.masella.com\/blog\/ca\/wp-json\/wp\/v2\/posts\/9855\/revisions\/9867"}],"wp:featuredmedia":[{"embeddable":true,"href":"https:\/\/www.masella.com\/blog\/ca\/wp-json\/wp\/v2\/media\/9860"}],"wp:attachment":[{"href":"https:\/\/www.masella.com\/blog\/ca\/wp-json\/wp\/v2\/media?parent=9855"}],"wp:term":[{"taxonomy":"category","embeddable":true,"href":"https:\/\/www.masella.com\/blog\/ca\/wp-json\/wp\/v2\/categories?post=9855"},{"taxonomy":"post_tag","embeddable":true,"href":"https:\/\/www.masella.com\/blog\/ca\/wp-json\/wp\/v2\/tags?post=9855"}],"curies":[{"name":"wp","href":"https:\/\/api.w.org\/{rel}","templated":true}]}}