{"id":123,"date":"2015-11-26T18:49:38","date_gmt":"2015-11-26T18:49:38","guid":{"rendered":"http:\/\/www.masella.com\/blog\/es\/masella-inaugu24-de-novembre\/"},"modified":"2022-06-01T06:40:09","modified_gmt":"2022-06-01T06:40:09","slug":"masella-inaugu24-de-novembre","status":"publish","type":"post","link":"https:\/\/www.masella.com\/blog\/es\/masella-inaugu24-de-novembre\/","title":{"rendered":"Masella inaugura la temporada el 24 de noviembre"},"content":{"rendered":"<p>Un a\u00f1o m\u00e1s Masella se convierte en la primera estaci\u00f3n de los Pirineos en estrenar la temporada y lo hace el martes 24 de noviembre de 2015, gracias a la red de nieve y al fr\u00edo de los \u00faltimos d\u00edas.<\/p>\n<p>La nevada del fin de semana y las temperaturas baj\u00edsimas, que llegaron hasta 15 grados bajo cero, nos han permitido volver a liderar el inicio de la temporada 2015 hasta 2016. Gracias a la ca\u00edda brsuca de la temperatura los ca\u00f1ones de nieve trabajaron sin parar durante m\u00e1s de tres d\u00edas. Y es que este a\u00f1o, Masella ha modernizado la red de nieve producida, optimizando\u00a0as\u00ed la producci\u00f3n y consiguiendo hacer mucha m\u00e1s nieve con muchas menos horas de fr\u00edo.<\/p>\n<p><iframe loading=\"lazy\" src=\"https:\/\/www.youtube.com\/embed\/zYaMVODoNyE?list=PL9Zta5C3N7RHA978bCuM-FU3LLoK6nX9Y\" width=\"854\" height=\"480\" frameborder=\"0\" allowfullscreen=\"allowfullscreen\"><\/iframe><\/p>\n<p>Masella\u00a0tiene pues una de las\u00a0<strong><u>temporadas m\u00e1s largas de los Pirineos<\/u><\/strong>, y as\u00ed lo ha demostrado durante las \u00faltimas temporadas con una fecha de apertura muy temprana:<\/p>\n<p><strong>2014-15:<\/strong>\u00a0\u00a0\u00a0\u00a0\u00a0\u00a0\u00a0\u00a0\u00a0 7 de diciembre de 2014<\/p>\n<p><strong>2013-14:<\/strong> \u00a0\u00a0\u00a0\u00a0\u00a0\u00a0\u00a0\u00a0 21 de noviembre de 2013<\/p>\n<p><strong>2012-13:<\/strong> \u00a0\u00a0\u00a0\u00a0\u00a0\u00a0\u00a0\u00a0 30 de noviembre de 2012<\/p>\n<p><strong>2011-12:<\/strong> \u00a0\u00a0\u00a0\u00a0\u00a0\u00a0\u00a0\u00a0 10 de diciembre de 2011<\/p>\n<p><strong>2010-11:<\/strong> \u00a0\u00a0\u00a0\u00a0\u00a0\u00a0\u00a0\u00a0 20 de noviembre de 2010<\/p>\n<p><strong>2009-10:<\/strong> \u00a0\u00a0\u00a0\u00a0\u00a0\u00a0\u00a0\u00a0 13 de noviembre de 2009<\/p>\n<p><strong>2008-09:<\/strong> \u00a0\u00a0\u00a0\u00a0\u00a0\u00a0\u00a0\u00a0 08 de noviembre de 2008<\/p>\n<p>La apertura se ha hecho con espesores de nieve de 30 a 45 cm y la pista de Coma Oriola. Pero al d\u00eda siguiente del arranque la estaci\u00f3n ha podido ya abrir el telesilla Jet, con la posibilidad de esquiar desde el Cap del Bosc hasta el Pla de Masella.<\/p>\n<p>Tras abrir tambi\u00e9n el TGV el jueves, el fin de semana se abrir\u00e1n m\u00e1s pistas y remontes.<\/p>\n<p><strong>Adem\u00e1s anunciamos que Masella permanecer\u00e1 abierta ininterrumpidamente hasta que las condiciones de la nieve lo permitan. Este a\u00f1o ser\u00e1 una temporada larga, con m\u00e1s de 5 meses de esqu\u00ed y de snowboard.<\/strong> De esta manera en Masella volveremos a ser la estaci\u00f3n con una de las temporadas con m\u00e1s jornadas de esqu\u00ed de los Pirineos.<\/p>\n","protected":false},"excerpt":{"rendered":"<p>Un a\u00f1o m\u00e1s Masella se convierte en la primera estaci\u00f3n de los Pirineos en estrenar la temporada y lo hace<\/p>\n","protected":false},"author":3,"featured_media":122,"comment_status":"closed","ping_status":"open","sticky":false,"template":"","format":"standard","meta":{"footnotes":""},"categories":[16,15,17],"tags":[],"yoast_head":"<!-- This site is optimized with the Yoast SEO plugin v21.5 - https:\/\/yoast.com\/wordpress\/plugins\/seo\/ -->\n<title>Masella inaugura la temporada el 24 de noviembre - blog oficial de masella<\/title>\n<meta name=\"robots\" content=\"index, follow, max-snippet:-1, max-image-preview:large, max-video-preview:-1\" \/>\n<link rel=\"canonical\" href=\"https:\/\/www.masella.com\/blog\/es\/masella-inaugu24-de-novembre\/\" \/>\n<meta property=\"og:locale\" content=\"es_ES\" \/>\n<meta property=\"og:type\" content=\"article\" \/>\n<meta property=\"og:title\" content=\"Masella inaugura la temporada el 24 de noviembre - blog oficial de masella\" \/>\n<meta property=\"og:description\" content=\"Un a\u00f1o m\u00e1s Masella se convierte en la primera estaci\u00f3n de los Pirineos en estrenar la temporada y lo hace\" \/>\n<meta property=\"og:url\" content=\"https:\/\/www.masella.com\/blog\/es\/masella-inaugu24-de-novembre\/\" \/>\n<meta property=\"og:site_name\" content=\"blog oficial de masella\" \/>\n<meta property=\"article:published_time\" content=\"2015-11-26T18:49:38+00:00\" \/>\n<meta property=\"article:modified_time\" content=\"2022-06-01T06:40:09+00:00\" \/>\n<meta property=\"og:image\" content=\"https:\/\/www.masella.com\/blog\/wp-content\/uploads\/2015\/11\/2015_11_24Obertura-temporada.jpg\" \/>\n\t<meta property=\"og:image:width\" content=\"1200\" \/>\n\t<meta property=\"og:image:height\" content=\"900\" \/>\n\t<meta property=\"og:image:type\" content=\"image\/jpeg\" \/>\n<meta name=\"author\" content=\"masella\" \/>\n<meta name=\"twitter:card\" content=\"summary_large_image\" \/>\n<meta name=\"twitter:label1\" content=\"Escrito por\" \/>\n\t<meta name=\"twitter:data1\" content=\"masella\" \/>\n\t<meta name=\"twitter:label2\" content=\"Tiempo de lectura\" \/>\n\t<meta name=\"twitter:data2\" content=\"2 minutos\" \/>\n<script type=\"application\/ld+json\" class=\"yoast-schema-graph\">{\"@context\":\"https:\/\/schema.org\",\"@graph\":[{\"@type\":\"Article\",\"@id\":\"https:\/\/www.masella.com\/blog\/es\/masella-inaugu24-de-novembre\/#article\",\"isPartOf\":{\"@id\":\"https:\/\/www.masella.com\/blog\/es\/masella-inaugu24-de-novembre\/\"},\"author\":{\"name\":\"masella\",\"@id\":\"https:\/\/www.masella.com\/blog\/ca\/#\/schema\/person\/fdf980e7e7ac75053aecd86e9a6b6e29\"},\"headline\":\"Masella inaugura la temporada el 24 de noviembre\",\"datePublished\":\"2015-11-26T18:49:38+00:00\",\"dateModified\":\"2022-06-01T06:40:09+00:00\",\"mainEntityOfPage\":{\"@id\":\"https:\/\/www.masella.com\/blog\/es\/masella-inaugu24-de-novembre\/\"},\"wordCount\":322,\"publisher\":{\"@id\":\"https:\/\/www.masella.com\/blog\/ca\/#organization\"},\"articleSection\":[\"Eventos\",\"Meteo\",\"Servicios\"],\"inLanguage\":\"es\"},{\"@type\":\"WebPage\",\"@id\":\"https:\/\/www.masella.com\/blog\/es\/masella-inaugu24-de-novembre\/\",\"url\":\"https:\/\/www.masella.com\/blog\/es\/masella-inaugu24-de-novembre\/\",\"name\":\"Masella inaugura la temporada el 24 de noviembre - blog oficial de masella\",\"isPartOf\":{\"@id\":\"https:\/\/www.masella.com\/blog\/ca\/#website\"},\"datePublished\":\"2015-11-26T18:49:38+00:00\",\"dateModified\":\"2022-06-01T06:40:09+00:00\",\"breadcrumb\":{\"@id\":\"https:\/\/www.masella.com\/blog\/es\/masella-inaugu24-de-novembre\/#breadcrumb\"},\"inLanguage\":\"es\",\"potentialAction\":[{\"@type\":\"ReadAction\",\"target\":[\"https:\/\/www.masella.com\/blog\/es\/masella-inaugu24-de-novembre\/\"]}]},{\"@type\":\"BreadcrumbList\",\"@id\":\"https:\/\/www.masella.com\/blog\/es\/masella-inaugu24-de-novembre\/#breadcrumb\",\"itemListElement\":[{\"@type\":\"ListItem\",\"position\":1,\"name\":\"Portada\",\"item\":\"https:\/\/www.masella.com\/blog\/ca\/\"},{\"@type\":\"ListItem\",\"position\":2,\"name\":\"Masella inaugura la temporada el 24 de noviembre\"}]},{\"@type\":\"WebSite\",\"@id\":\"https:\/\/www.masella.com\/blog\/ca\/#website\",\"url\":\"https:\/\/www.masella.com\/blog\/ca\/\",\"name\":\"blog oficial de masella\",\"description\":\"\",\"publisher\":{\"@id\":\"https:\/\/www.masella.com\/blog\/ca\/#organization\"},\"potentialAction\":[{\"@type\":\"SearchAction\",\"target\":{\"@type\":\"EntryPoint\",\"urlTemplate\":\"https:\/\/www.masella.com\/blog\/ca\/?s={search_term_string}\"},\"query-input\":\"required name=search_term_string\"}],\"inLanguage\":\"es\"},{\"@type\":\"Organization\",\"@id\":\"https:\/\/www.masella.com\/blog\/ca\/#organization\",\"name\":\"blog oficial de masella\",\"url\":\"https:\/\/www.masella.com\/blog\/ca\/\",\"logo\":{\"@type\":\"ImageObject\",\"inLanguage\":\"es\",\"@id\":\"https:\/\/www.masella.com\/blog\/ca\/#\/schema\/logo\/image\/\",\"url\":\"https:\/\/www.masella.com\/blog\/wp-content\/uploads\/2022\/12\/logo-masella-es-1.png\",\"contentUrl\":\"https:\/\/www.masella.com\/blog\/wp-content\/uploads\/2022\/12\/logo-masella-es-1.png\",\"width\":150,\"height\":88,\"caption\":\"blog oficial de masella\"},\"image\":{\"@id\":\"https:\/\/www.masella.com\/blog\/ca\/#\/schema\/logo\/image\/\"}},{\"@type\":\"Person\",\"@id\":\"https:\/\/www.masella.com\/blog\/ca\/#\/schema\/person\/fdf980e7e7ac75053aecd86e9a6b6e29\",\"name\":\"masella\",\"image\":{\"@type\":\"ImageObject\",\"inLanguage\":\"es\",\"@id\":\"https:\/\/www.masella.com\/blog\/ca\/#\/schema\/person\/image\/\",\"url\":\"https:\/\/secure.gravatar.com\/avatar\/06ea91c270781df40cc6d0e3bef01a8b?s=96&d=mm&r=g\",\"contentUrl\":\"https:\/\/secure.gravatar.com\/avatar\/06ea91c270781df40cc6d0e3bef01a8b?s=96&d=mm&r=g\",\"caption\":\"masella\"},\"url\":\"https:\/\/www.masella.com\/blog\/es\/author\/masella\/\"}]}<\/script>\n<!-- \/ Yoast SEO plugin. -->","yoast_head_json":{"title":"Masella inaugura la temporada el 24 de noviembre - blog oficial de masella","robots":{"index":"index","follow":"follow","max-snippet":"max-snippet:-1","max-image-preview":"max-image-preview:large","max-video-preview":"max-video-preview:-1"},"canonical":"https:\/\/www.masella.com\/blog\/es\/masella-inaugu24-de-novembre\/","og_locale":"es_ES","og_type":"article","og_title":"Masella inaugura la temporada el 24 de noviembre - blog oficial de masella","og_description":"Un a\u00f1o m\u00e1s Masella se convierte en la primera estaci\u00f3n de los Pirineos en estrenar la temporada y lo hace","og_url":"https:\/\/www.masella.com\/blog\/es\/masella-inaugu24-de-novembre\/","og_site_name":"blog oficial de masella","article_published_time":"2015-11-26T18:49:38+00:00","article_modified_time":"2022-06-01T06:40:09+00:00","og_image":[{"width":1200,"height":900,"url":"https:\/\/www.masella.com\/blog\/wp-content\/uploads\/2015\/11\/2015_11_24Obertura-temporada.jpg","type":"image\/jpeg"}],"author":"masella","twitter_card":"summary_large_image","twitter_misc":{"Escrito por":"masella","Tiempo de lectura":"2 minutos"},"schema":{"@context":"https:\/\/schema.org","@graph":[{"@type":"Article","@id":"https:\/\/www.masella.com\/blog\/es\/masella-inaugu24-de-novembre\/#article","isPartOf":{"@id":"https:\/\/www.masella.com\/blog\/es\/masella-inaugu24-de-novembre\/"},"author":{"name":"masella","@id":"https:\/\/www.masella.com\/blog\/ca\/#\/schema\/person\/fdf980e7e7ac75053aecd86e9a6b6e29"},"headline":"Masella inaugura la temporada el 24 de noviembre","datePublished":"2015-11-26T18:49:38+00:00","dateModified":"2022-06-01T06:40:09+00:00","mainEntityOfPage":{"@id":"https:\/\/www.masella.com\/blog\/es\/masella-inaugu24-de-novembre\/"},"wordCount":322,"publisher":{"@id":"https:\/\/www.masella.com\/blog\/ca\/#organization"},"articleSection":["Eventos","Meteo","Servicios"],"inLanguage":"es"},{"@type":"WebPage","@id":"https:\/\/www.masella.com\/blog\/es\/masella-inaugu24-de-novembre\/","url":"https:\/\/www.masella.com\/blog\/es\/masella-inaugu24-de-novembre\/","name":"Masella inaugura la temporada el 24 de noviembre - blog oficial de masella","isPartOf":{"@id":"https:\/\/www.masella.com\/blog\/ca\/#website"},"datePublished":"2015-11-26T18:49:38+00:00","dateModified":"2022-06-01T06:40:09+00:00","breadcrumb":{"@id":"https:\/\/www.masella.com\/blog\/es\/masella-inaugu24-de-novembre\/#breadcrumb"},"inLanguage":"es","potentialAction":[{"@type":"ReadAction","target":["https:\/\/www.masella.com\/blog\/es\/masella-inaugu24-de-novembre\/"]}]},{"@type":"BreadcrumbList","@id":"https:\/\/www.masella.com\/blog\/es\/masella-inaugu24-de-novembre\/#breadcrumb","itemListElement":[{"@type":"ListItem","position":1,"name":"Portada","item":"https:\/\/www.masella.com\/blog\/ca\/"},{"@type":"ListItem","position":2,"name":"Masella inaugura la temporada el 24 de noviembre"}]},{"@type":"WebSite","@id":"https:\/\/www.masella.com\/blog\/ca\/#website","url":"https:\/\/www.masella.com\/blog\/ca\/","name":"blog oficial de masella","description":"","publisher":{"@id":"https:\/\/www.masella.com\/blog\/ca\/#organization"},"potentialAction":[{"@type":"SearchAction","target":{"@type":"EntryPoint","urlTemplate":"https:\/\/www.masella.com\/blog\/ca\/?s={search_term_string}"},"query-input":"required name=search_term_string"}],"inLanguage":"es"},{"@type":"Organization","@id":"https:\/\/www.masella.com\/blog\/ca\/#organization","name":"blog oficial de masella","url":"https:\/\/www.masella.com\/blog\/ca\/","logo":{"@type":"ImageObject","inLanguage":"es","@id":"https:\/\/www.masella.com\/blog\/ca\/#\/schema\/logo\/image\/","url":"https:\/\/www.masella.com\/blog\/wp-content\/uploads\/2022\/12\/logo-masella-es-1.png","contentUrl":"https:\/\/www.masella.com\/blog\/wp-content\/uploads\/2022\/12\/logo-masella-es-1.png","width":150,"height":88,"caption":"blog oficial de masella"},"image":{"@id":"https:\/\/www.masella.com\/blog\/ca\/#\/schema\/logo\/image\/"}},{"@type":"Person","@id":"https:\/\/www.masella.com\/blog\/ca\/#\/schema\/person\/fdf980e7e7ac75053aecd86e9a6b6e29","name":"masella","image":{"@type":"ImageObject","inLanguage":"es","@id":"https:\/\/www.masella.com\/blog\/ca\/#\/schema\/person\/image\/","url":"https:\/\/secure.gravatar.com\/avatar\/06ea91c270781df40cc6d0e3bef01a8b?s=96&d=mm&r=g","contentUrl":"https:\/\/secure.gravatar.com\/avatar\/06ea91c270781df40cc6d0e3bef01a8b?s=96&d=mm&r=g","caption":"masella"},"url":"https:\/\/www.masella.com\/blog\/es\/author\/masella\/"}]}},"_links":{"self":[{"href":"https:\/\/www.masella.com\/blog\/es\/wp-json\/wp\/v2\/posts\/123"}],"collection":[{"href":"https:\/\/www.masella.com\/blog\/es\/wp-json\/wp\/v2\/posts"}],"about":[{"href":"https:\/\/www.masella.com\/blog\/es\/wp-json\/wp\/v2\/types\/post"}],"author":[{"embeddable":true,"href":"https:\/\/www.masella.com\/blog\/es\/wp-json\/wp\/v2\/users\/3"}],"replies":[{"embeddable":true,"href":"https:\/\/www.masella.com\/blog\/es\/wp-json\/wp\/v2\/comments?post=123"}],"version-history":[{"count":5,"href":"https:\/\/www.masella.com\/blog\/es\/wp-json\/wp\/v2\/posts\/123\/revisions"}],"predecessor-version":[{"id":182,"href":"https:\/\/www.masella.com\/blog\/es\/wp-json\/wp\/v2\/posts\/123\/revisions\/182"}],"wp:featuredmedia":[{"embeddable":true,"href":"https:\/\/www.masella.com\/blog\/es\/wp-json\/wp\/v2\/media\/122"}],"wp:attachment":[{"href":"https:\/\/www.masella.com\/blog\/es\/wp-json\/wp\/v2\/media?parent=123"}],"wp:term":[{"taxonomy":"category","embeddable":true,"href":"https:\/\/www.masella.com\/blog\/es\/wp-json\/wp\/v2\/categories?post=123"},{"taxonomy":"post_tag","embeddable":true,"href":"https:\/\/www.masella.com\/blog\/es\/wp-json\/wp\/v2\/tags?post=123"}],"curies":[{"name":"wp","href":"https:\/\/api.w.org\/{rel}","templated":true}]}}