{"id":1237,"date":"2016-10-11T15:52:10","date_gmt":"2016-10-11T15:52:10","guid":{"rendered":"http:\/\/www.masella.com\/blog\/es\/10-imprescindibles-temporada\/"},"modified":"2022-06-01T06:38:21","modified_gmt":"2022-06-01T06:38:21","slug":"10-imprescindibles-temporada","status":"publish","type":"post","link":"https:\/\/www.masella.com\/blog\/es\/10-imprescindibles-temporada\/","title":{"rendered":"10 IMPRESCINDIBLES PARA LA TEMPORADA"},"content":{"rendered":"<p><span id=\"result_box\" class=\"\" lang=\"es\"><span title=\"Semblava que no arribaria mai el dia per\u00f2 ja ho tenim a tocar.\">Parec\u00eda que nunca llegar\u00eda el d\u00eda pero ya lo tenemos aqu\u00ed. <\/span><span title=\"Si tot va b\u00e9 en poc m\u00e9s d\u2019un mes ja tindrem la neu a la muntanya i els esqu\u00eds\/taula als peus.\">Si todo va bien en poco m\u00e1s de un mes ya tendremos la nieve en la monta\u00f1a y los esqu\u00eds\/tabla en los pies. <\/span><span title=\"Abans de comen\u00e7ar hi ha unes quantes coses que has de tenir ben presents... Aqu\u00ed sota, una llista dels 10 PREPARATIUS IMPRESCINDIBLES per arrencar la temporada!!\">Antes de empezar hay algunas cosas que debes tener presentes&#8230; Aqu\u00ed abajo tienes la lista de los 10 PREPARATIVOS IMPRESCINDIBLES para empezar la temporada. <\/span><strong><span title=\"Recordeu que a Masella obrirem el primer cap de setmana de novembre que la neu ho permeti i que per aquell dia ja heu d\u2019estar #apuntdeneu \">Recuerda que en Masella abriremos el primer fin de semana de noviembre que la nieve lo permita y por esas fechas ya tendr\u00edais que estar #apuntdeneu .<br \/>\n<\/span><\/strong><\/span><\/p>\n<p><a href=\"http:\/\/www.masella.com\/blog\/wp-content\/uploads\/2016\/10\/P4160204.jpg\"><img loading=\"lazy\" decoding=\"async\" class=\"alignnone size-full wp-image-1246\" src=\"http:\/\/www.masella.com\/blog\/wp-content\/uploads\/2016\/10\/P4160204.jpg\" alt=\"p4160204\" width=\"800\" height=\"450\" srcset=\"https:\/\/www.masella.com\/blog\/wp-content\/uploads\/2016\/10\/P4160204.jpg 800w, https:\/\/www.masella.com\/blog\/wp-content\/uploads\/2016\/10\/P4160204-300x169.jpg 300w, https:\/\/www.masella.com\/blog\/wp-content\/uploads\/2016\/10\/P4160204-768x432.jpg 768w\" sizes=\"(max-width: 800px) 100vw, 800px\" \/><\/a><\/p>\n<p><span id=\"result_box\" class=\"\" lang=\"es\"><strong><span title=\"1.TRAMITA L\u2019ABONAMENT.\">1. TRAMITA EL ABONO. <\/span><\/strong><span title=\"Ja pots comprar el teu abonament de temporada de Masella, online o a les nostres Oficines.\">Ya puedes comprar tu abono de temporada de Masella, <a href=\"http:\/\/www.masella.com\/ca\/abonaments\/temporada\">online<\/a> o en nuestras Oficinas. <\/span><span title=\"Recorda que fins el 20\/11\/2016 els trobar\u00e0s a preu de promoci\u00f3.\">Recuerda que hasta el 20.11.2016 los encontrar\u00e1s a <a href=\"http:\/\/www.masella.com\/es\/paginas\/abono_temporada\">precio de promoci\u00f3n<\/a>. <\/span><span title=\"Ah, i l\u2019horari de les Oficines d\u2019Atenci\u00f3 a l\u2019Esquiador \u00e9s d\u2019entre setmana durant tot el mes d\u2019octubre i a partir de novembre tamb\u00e9 els caps de setmana. \">Ah, y el horario de las Oficinas de Atenci\u00f3n al Esquiador es de entre semana durante todo el mes de octubre y a partir de noviembre tambi\u00e9n los fines de semana.<\/span><\/span><\/p>\n<p><strong><span title=\"2.POSA\u2019T EN FORMA.\">2. PONTE EN FORMA. <\/span><\/strong><span title=\"Esquiar i surfejar s\u00f3n una activitat divertida, emocionant, adrenal\u00ednica... per\u00f2 cal tenir certa forma f\u00edsica per practicar-les.\">Esquiar y surfear son actividades divertidas, emocionantes, adrenal\u00ednicas&#8230; pero hay que tener cierta forma f\u00edsica para practicarlas. \u00a1<\/span><span title=\"Ara \u00e9s el moment!\">Ahora es el momento! <\/span><span title=\"Surt a c\u00f3rrer, aprofita la quota del gimn\u00e0s que pagues cada mes i v\u00e9s a fer un entrenament suau per\u00f2 constant i progressiu, fes unes quantes \u201csentadilles\u201d cada vespre o fes unes quantes peses amb els paquets d'arr\u00f2s que tens a l'armari\">Sal a correr, aprovecha la cuota del gimnasio que pagas cada mes y ve a hacer un entrenamiento suave pero constante y progresivo, haz unas cuantas \u00absentadillas\u00bb cada tarde o haz unas cuantas pesas con los paquetes de arroz que tienes en el armario <\/span><span title=\".\">. <\/span><span title=\"Ja veur\u00e0s com ho agra\u00efar\u00e0s quan facis per primera vegada a la temporada una baixada des de La Tosa (2535) fins al Pla de Masella (1600) sense parar. \">Ya ver\u00e1s como lo agradecer\u00e1s cuando bajes por primera vez en la temporada desde La Tosa (2535) hasta el Pla de Masella (1600) sin parar.<\/span><\/p>\n<p><strong><span title=\"3.ENCERAR I FER CANTELLS.\">3. CERA Y CANTOS. <\/span><\/strong><span title=\"V\u00e9s cap al traster, agafa els esqu\u00eds o la taula, treu-li la pols i prepara\u2019ls!\">Ve hacia el trastero, coge los esqu\u00eds o la tabla, qu\u00edtales el polvo y prep\u00e1ralos. \u00bf<\/span><span title=\"Saps com fer-ho?\">Sabes c\u00f3mo hacerlo? <\/span><span title=\"S\u2019han d\u2019afilar els cantells, reparar les soles, si cal, i finalment posar-hi cera.\">Se deben afilar los cantos, reparar las suelas, si es necesario, y finalmente poner cera. \u00a1<\/span><span title=\"Si ho saps fer tu mateix, endavant, per\u00f2 sin\u00f3 tens molt\u00edssims tallers on et deixaran els esqu\u00eds i la taula com nous!\">Si lo sabes hacer t\u00fa mismo, adelante, pero sino tienes much\u00edsimos talleres donde te dejar\u00e1n los esqu\u00eds y la tabla como nuevos! <\/span><span title=\"Aqu\u00ed a Masella... tamb\u00e9!\">Aqu\u00ed en Masella&#8230; tambi\u00e9n. <\/span><span title=\"Consulta tots els preus i detalls del nostre taller, aqu\u00ed. \">Consulta todos los precios y detalles de nuestro taller, <a href=\"http:\/\/www.masella.com\/es\/paginas\/precios_taller\">aqu\u00ed<\/a>.<\/span><\/p>\n<p><span title=\"4.ON TENIM L\u2019ANORAC?\"><strong>4.\u00bfDONDE TENEMOS EL ANORAK?<\/strong> <\/span><span title=\"Han passat nom\u00e9s 6 mesos per\u00f2 probablement el teu fill\/a de 8 anys ha crescut una barbaritat i molt millor emprovar l\u2019equipament que portar pantalons \u201cpirates\u201d el primer dia d\u2019esqu\u00ed.\">Han pasado s\u00f3lo 6 meses pero probablemente tu hijo\/a de 8 a\u00f1os ha crecido una barbaridad y mucho mejor probar antes el traje que llevar pantalones \u00abpiratas\u00bb el primer d\u00eda de esqu\u00ed. <\/span><span title=\"\u00c9s un bon moment tamb\u00e9 per comprovar l\u2019estat de la roba, de les ulleres, guants, casc... \">Es un buen momento tambi\u00e9n para comprobar el estado de la ropa, de las gafas, guantes, casco, etc.<\/span><\/p>\n<p><strong><span title=\"5.ASSEGUREM-NOS!\">5. ASEG\u00daRATE. <\/span><\/strong><span title=\"Com \u00e9s all\u00f2 que diuen... M\u00e9s val prevenir que curar!\">Como es eso que dicen&#8230; \u00a1M\u00e1s vale prevenir que curar! <\/span><span title=\"En el mateix moment que tramitis el teu abonament pots tramitar tamb\u00e9 una asseguran\u00e7a per a les teves esquiades.\">En el mismo momento que tramites tu abono puedes tramitar tambi\u00e9n un seguro para tus esquiadas. <\/span><span title=\"A Masella podeu tramitar dues assegurances de temporada, la del RACC o la de la FCEH. \">En Masella pueden tramitar dos seguros de temporada, el del <a href=\"https:\/\/www.racc.es\/seguro-esqui-temporada-slalom?_ga=1.53984800.980250356.1476362609\" target=\"_blank\" rel=\"noopener\">RACC Slalom<\/a> o la <a href=\"http:\/\/www.fceh.cat\/apartat\/712\/TARGENEU%20(lleure)\/\" target=\"_blank\" rel=\"noopener\">Targeneu<\/a> de la FCEH.<\/span><\/p>\n<p><span title=\"6.TRIAR ESCOLA D\u2019ESQU\u00cd O CLUB.\"><strong>6. ESCOGE ESCUELA DE ESQU\u00cd O CLUB.<\/strong> <\/span><span title=\"Classes particulars, cursets de diversos caps de setmana, cursets de Nadal, programes de temporada i de competici\u00f3, freestyle... A Masella tenim una \u00e0mplia oferta de classes i cursos d\u2019esqu\u00ed en diferents Escoles o Clubs.\">Clases particulares, cursos de varios fines de semana, cursos de Navidad, programas de temporada y de competici\u00f3n, freestyle &#8230; En Masella tenemos una amplia oferta de clases y cursos de esqu\u00ed en diferentes Escuelas o Clubes. <\/span><span title=\"Busca el que m\u00e9s s\u2019adeq\u00fci a les teves necessitats i apunta\u2019t ara!\">Busca lo que m\u00e1s se adecue a tus necesidades y ap\u00fantate ahora! <\/span><span title=\"La majoria ja han obert inscripcions.\">La mayor\u00eda ya han abierto inscripciones. <\/span><span title=\"En aquest enlla\u00e7 trobareu tota la informaci\u00f3 referent a l\u2019Escola d\u2019Esqu\u00ed de Masella. \">En este <a href=\"http:\/\/www.masella.com\/es\/paginas\/precios_escuela\">enlace<\/a> encontrar\u00e1s toda la informaci\u00f3n referente a la Escuela de Esqu\u00ed de Masella.<\/span><\/p>\n<p><strong><span title=\"7.RESERVA UN GUARDAESQU\u00cdS!\">7. RESERVA TU GUARDAESQU\u00cdS. <\/span><\/strong><span title=\"Us imagineu sortir de casa amb \u201cvambes\u201d sense haver de carretejar amunt i avall esqu\u00eds, planxes, botes, pals, guants, cascs?\">Se imagina salir de casa con zapatillas sin tener que acarrear arriba y abajo esqu\u00eds, tablas, botas, palos, guantes, cascos? <\/span><span title=\"Aix\u00f2 \u00e9s possible amb les nostres taquilles guardaesqu\u00eds.\">Esto es posible con nuestras taquillas guardaesqu\u00eds. <\/span><span title=\"Esteu interessats en reservar-ne una?\">Est\u00e1 interesado en reservar una? <\/span><span title=\"Tota la info, aqu\u00ed. \">Toda la info, <a href=\"http:\/\/www.masella.com\/es\/paginas\/armarios_guardaesquis\">aqu\u00ed<\/a>.<\/span><\/p>\n<p><span title=\"8.BAIXA\u2019T L\u2019APP DE MASELLA.\"><strong>8. B\u00c1JATE LA APP DE MASELLA<\/strong>. <\/span><span title=\"Descarrega\u2019t l\u2019App de Masella al teu dispositiu m\u00f2bil o tauleta.\">Desc\u00e1rgate la <a href=\"http:\/\/www.masella.com\/es\/paginas\/app\">App de Masella<\/a> en tu dispositivo m\u00f3vil o tablet. <\/span><span title=\"Hi trobar\u00e0s tota la informaci\u00f3 pr\u00e0ctica tant per preparar la teva esquiada com per quan estiguis ja a pistes.\">Encontrar\u00e1s toda la informaci\u00f3n pr\u00e1ctica tanto para preparar tu esquiada como para cuando est\u00e9s ya en pistas. <\/span><span title=\"A m\u00e9s a m\u00e9s, si la tens podr\u00e0s participar en tots els concursos i reptes que s\u2019hi faran durant la temporada. \">Adem\u00e1s, si la tienes podr\u00e1s participar en todos los concursos y retos que se har\u00e1n durante la temporada.<\/span><\/p>\n<p><span title=\"9.CONNECTA\u2019T AMB NOSALTRES!\"><strong>9. CONECTA CON NOSOTROS<\/strong>. <\/span><span title=\"Segueix totes les novetats a trav\u00e9s dels nostres canals digitals: la web, masella.com, i les xarxes socials.\">Sigue todas las novedades a trav\u00e9s de nuestros canales digitales: la web, masella.com, y las redes sociales. <\/span><span title=\"Ens trobar\u00e0s a Facebook, Twitter i Instagram.\">Nos encontrar\u00e1s en <a href=\"https:\/\/www.facebook.com\/masellapirineu\/\" target=\"_blank\" rel=\"noopener\">Facebook<\/a>, <a href=\"https:\/\/twitter.com\/masellapirineu?lang=es\" target=\"_blank\" rel=\"noopener\">Twitter<\/a> e <a href=\"https:\/\/www.instagram.com\/masellapirineu\/\" target=\"_blank\" rel=\"noopener\">Instagram<\/a>. <\/span><span title=\"Connecta\u2019t cada dia amb nosaltres per fer qu\u00e8 els 40 o 50 dies que queden per a comen\u00e7ar la temporada no es facin tan llargs. \">Con\u00e9ctate cada d\u00eda con nosotros para hacer que los 40 o 50 d\u00edas que quedan para empezar la temporada no se hagan tan largos.<\/span><\/p>\n<p><span title=\"10.I ja per \u00faltim... EXPLICA\u2019NS SI JA EST\u00c0S #APUNTDENEU!\"><strong>10. <\/strong>Ya por \u00faltimo&#8230;<strong> CU\u00c9NTANOS SI YA EST\u00c1S #APUNTDENEU!<\/strong> <\/span><span title=\"Envia\u2019ns la teva foto encerant la taula, el teu v\u00eddeo entrenant per a la temporada, explica\u2019ns com portes el \u201cmono\u201d en aquest \u00faltim mes d\u2019espera.\">Env\u00edanos tu foto encerar la mesa, tu v\u00eddeo entrenando para la temporada, cu\u00e9ntanos como puertas el \u00abmono\u00bb en este \u00faltimo mes de espera. <\/span><span title=\"Etiqueta-ho tot amb #apuntdeneu i comparteix la teva pretemporada amb tota la comunitat \u201cmasellera\u201d \">Etiqueta todo con #apuntdeneu y comparte tu pretemporada con toda la comunidad \u00abmasellera\u00bb<\/span><\/p>\n<p><span title=\"Va, que ja no queda res!!\">\u00a1Va, que ya no queda nada! <\/span><span title=\"Nosaltres ja estem #apuntdeneu!\">Nosotros ya estamos #apuntdeneu. \u00bf<\/span><span title=\"I tu?\">Y t\u00fa?<\/span><\/p>\n","protected":false},"excerpt":{"rendered":"<p>Parec\u00eda que nunca llegar\u00eda el d\u00eda pero ya lo tenemos aqu\u00ed. Si todo va bien en poco m\u00e1s de un<\/p>\n","protected":false},"author":4,"featured_media":438,"comment_status":"closed","ping_status":"open","sticky":false,"template":"","format":"standard","meta":{"footnotes":""},"categories":[20,28,19,17,1],"tags":[],"yoast_head":"<!-- This site is optimized with the Yoast SEO plugin v21.5 - https:\/\/yoast.com\/wordpress\/plugins\/seo\/ -->\n<title>10 IMPRESCINDIBLES PARA LA TEMPORADA - blog oficial de masella<\/title>\n<meta name=\"robots\" content=\"index, follow, max-snippet:-1, max-image-preview:large, max-video-preview:-1\" \/>\n<link rel=\"canonical\" href=\"https:\/\/www.masella.com\/blog\/es\/10-imprescindibles-temporada\/\" \/>\n<meta property=\"og:locale\" content=\"es_ES\" \/>\n<meta property=\"og:type\" content=\"article\" \/>\n<meta property=\"og:title\" content=\"10 IMPRESCINDIBLES PARA LA TEMPORADA - blog oficial de masella\" \/>\n<meta property=\"og:description\" content=\"Parec\u00eda que nunca llegar\u00eda el d\u00eda pero ya lo tenemos aqu\u00ed. Si todo va bien en poco m\u00e1s de un\" \/>\n<meta property=\"og:url\" content=\"https:\/\/www.masella.com\/blog\/es\/10-imprescindibles-temporada\/\" \/>\n<meta property=\"og:site_name\" content=\"blog oficial de masella\" \/>\n<meta property=\"article:published_time\" content=\"2016-10-11T15:52:10+00:00\" \/>\n<meta property=\"article:modified_time\" content=\"2022-06-01T06:38:21+00:00\" \/>\n<meta property=\"og:image\" content=\"https:\/\/www.masella.com\/blog\/wp-content\/uploads\/2016\/01\/2016_01_19-austriacs1.jpg\" \/>\n\t<meta property=\"og:image:width\" content=\"800\" \/>\n\t<meta property=\"og:image:height\" content=\"450\" \/>\n\t<meta property=\"og:image:type\" content=\"image\/jpeg\" \/>\n<meta name=\"author\" content=\"masella\" \/>\n<meta name=\"twitter:card\" content=\"summary_large_image\" \/>\n<meta name=\"twitter:label1\" content=\"Escrito por\" \/>\n\t<meta name=\"twitter:data1\" content=\"masella\" \/>\n\t<meta name=\"twitter:label2\" content=\"Tiempo de lectura\" \/>\n\t<meta name=\"twitter:data2\" content=\"4 minutos\" \/>\n<script type=\"application\/ld+json\" class=\"yoast-schema-graph\">{\"@context\":\"https:\/\/schema.org\",\"@graph\":[{\"@type\":\"Article\",\"@id\":\"https:\/\/www.masella.com\/blog\/es\/10-imprescindibles-temporada\/#article\",\"isPartOf\":{\"@id\":\"https:\/\/www.masella.com\/blog\/es\/10-imprescindibles-temporada\/\"},\"author\":{\"name\":\"masella\",\"@id\":\"https:\/\/www.masella.com\/blog\/ca\/#\/schema\/person\/e32b971f5be20790c591d85b8f1c706b\"},\"headline\":\"10 IMPRESCINDIBLES PARA LA TEMPORADA\",\"datePublished\":\"2016-10-11T15:52:10+00:00\",\"dateModified\":\"2022-06-01T06:38:21+00:00\",\"mainEntityOfPage\":{\"@id\":\"https:\/\/www.masella.com\/blog\/es\/10-imprescindibles-temporada\/\"},\"wordCount\":736,\"publisher\":{\"@id\":\"https:\/\/www.masella.com\/blog\/ca\/#organization\"},\"articleSection\":[\"Actualidad\",\"Actualitat\",\"Ofertas\",\"Servicios\"],\"inLanguage\":\"es\"},{\"@type\":\"WebPage\",\"@id\":\"https:\/\/www.masella.com\/blog\/es\/10-imprescindibles-temporada\/\",\"url\":\"https:\/\/www.masella.com\/blog\/es\/10-imprescindibles-temporada\/\",\"name\":\"10 IMPRESCINDIBLES PARA LA TEMPORADA - blog oficial de masella\",\"isPartOf\":{\"@id\":\"https:\/\/www.masella.com\/blog\/ca\/#website\"},\"datePublished\":\"2016-10-11T15:52:10+00:00\",\"dateModified\":\"2022-06-01T06:38:21+00:00\",\"breadcrumb\":{\"@id\":\"https:\/\/www.masella.com\/blog\/es\/10-imprescindibles-temporada\/#breadcrumb\"},\"inLanguage\":\"es\",\"potentialAction\":[{\"@type\":\"ReadAction\",\"target\":[\"https:\/\/www.masella.com\/blog\/es\/10-imprescindibles-temporada\/\"]}]},{\"@type\":\"BreadcrumbList\",\"@id\":\"https:\/\/www.masella.com\/blog\/es\/10-imprescindibles-temporada\/#breadcrumb\",\"itemListElement\":[{\"@type\":\"ListItem\",\"position\":1,\"name\":\"Portada\",\"item\":\"https:\/\/www.masella.com\/blog\/ca\/\"},{\"@type\":\"ListItem\",\"position\":2,\"name\":\"10 IMPRESCINDIBLES PARA LA TEMPORADA\"}]},{\"@type\":\"WebSite\",\"@id\":\"https:\/\/www.masella.com\/blog\/ca\/#website\",\"url\":\"https:\/\/www.masella.com\/blog\/ca\/\",\"name\":\"blog oficial de masella\",\"description\":\"\",\"publisher\":{\"@id\":\"https:\/\/www.masella.com\/blog\/ca\/#organization\"},\"potentialAction\":[{\"@type\":\"SearchAction\",\"target\":{\"@type\":\"EntryPoint\",\"urlTemplate\":\"https:\/\/www.masella.com\/blog\/ca\/?s={search_term_string}\"},\"query-input\":\"required name=search_term_string\"}],\"inLanguage\":\"es\"},{\"@type\":\"Organization\",\"@id\":\"https:\/\/www.masella.com\/blog\/ca\/#organization\",\"name\":\"blog oficial de masella\",\"url\":\"https:\/\/www.masella.com\/blog\/ca\/\",\"logo\":{\"@type\":\"ImageObject\",\"inLanguage\":\"es\",\"@id\":\"https:\/\/www.masella.com\/blog\/ca\/#\/schema\/logo\/image\/\",\"url\":\"https:\/\/www.masella.com\/blog\/wp-content\/uploads\/2022\/12\/logo-masella-es-1.png\",\"contentUrl\":\"https:\/\/www.masella.com\/blog\/wp-content\/uploads\/2022\/12\/logo-masella-es-1.png\",\"width\":150,\"height\":88,\"caption\":\"blog oficial de masella\"},\"image\":{\"@id\":\"https:\/\/www.masella.com\/blog\/ca\/#\/schema\/logo\/image\/\"}},{\"@type\":\"Person\",\"@id\":\"https:\/\/www.masella.com\/blog\/ca\/#\/schema\/person\/e32b971f5be20790c591d85b8f1c706b\",\"name\":\"masella\",\"image\":{\"@type\":\"ImageObject\",\"inLanguage\":\"es\",\"@id\":\"https:\/\/www.masella.com\/blog\/ca\/#\/schema\/person\/image\/\",\"url\":\"https:\/\/secure.gravatar.com\/avatar\/57590b1151eaa410a783e55768bbbba2?s=96&d=mm&r=g\",\"contentUrl\":\"https:\/\/secure.gravatar.com\/avatar\/57590b1151eaa410a783e55768bbbba2?s=96&d=mm&r=g\",\"caption\":\"masella\"},\"url\":\"https:\/\/www.masella.com\/blog\/es\/author\/anna\/\"}]}<\/script>\n<!-- \/ Yoast SEO plugin. -->","yoast_head_json":{"title":"10 IMPRESCINDIBLES PARA LA TEMPORADA - blog oficial de masella","robots":{"index":"index","follow":"follow","max-snippet":"max-snippet:-1","max-image-preview":"max-image-preview:large","max-video-preview":"max-video-preview:-1"},"canonical":"https:\/\/www.masella.com\/blog\/es\/10-imprescindibles-temporada\/","og_locale":"es_ES","og_type":"article","og_title":"10 IMPRESCINDIBLES PARA LA TEMPORADA - blog oficial de masella","og_description":"Parec\u00eda que nunca llegar\u00eda el d\u00eda pero ya lo tenemos aqu\u00ed. Si todo va bien en poco m\u00e1s de un","og_url":"https:\/\/www.masella.com\/blog\/es\/10-imprescindibles-temporada\/","og_site_name":"blog oficial de masella","article_published_time":"2016-10-11T15:52:10+00:00","article_modified_time":"2022-06-01T06:38:21+00:00","og_image":[{"width":800,"height":450,"url":"https:\/\/www.masella.com\/blog\/wp-content\/uploads\/2016\/01\/2016_01_19-austriacs1.jpg","type":"image\/jpeg"}],"author":"masella","twitter_card":"summary_large_image","twitter_misc":{"Escrito por":"masella","Tiempo de lectura":"4 minutos"},"schema":{"@context":"https:\/\/schema.org","@graph":[{"@type":"Article","@id":"https:\/\/www.masella.com\/blog\/es\/10-imprescindibles-temporada\/#article","isPartOf":{"@id":"https:\/\/www.masella.com\/blog\/es\/10-imprescindibles-temporada\/"},"author":{"name":"masella","@id":"https:\/\/www.masella.com\/blog\/ca\/#\/schema\/person\/e32b971f5be20790c591d85b8f1c706b"},"headline":"10 IMPRESCINDIBLES PARA LA TEMPORADA","datePublished":"2016-10-11T15:52:10+00:00","dateModified":"2022-06-01T06:38:21+00:00","mainEntityOfPage":{"@id":"https:\/\/www.masella.com\/blog\/es\/10-imprescindibles-temporada\/"},"wordCount":736,"publisher":{"@id":"https:\/\/www.masella.com\/blog\/ca\/#organization"},"articleSection":["Actualidad","Actualitat","Ofertas","Servicios"],"inLanguage":"es"},{"@type":"WebPage","@id":"https:\/\/www.masella.com\/blog\/es\/10-imprescindibles-temporada\/","url":"https:\/\/www.masella.com\/blog\/es\/10-imprescindibles-temporada\/","name":"10 IMPRESCINDIBLES PARA LA TEMPORADA - blog oficial de masella","isPartOf":{"@id":"https:\/\/www.masella.com\/blog\/ca\/#website"},"datePublished":"2016-10-11T15:52:10+00:00","dateModified":"2022-06-01T06:38:21+00:00","breadcrumb":{"@id":"https:\/\/www.masella.com\/blog\/es\/10-imprescindibles-temporada\/#breadcrumb"},"inLanguage":"es","potentialAction":[{"@type":"ReadAction","target":["https:\/\/www.masella.com\/blog\/es\/10-imprescindibles-temporada\/"]}]},{"@type":"BreadcrumbList","@id":"https:\/\/www.masella.com\/blog\/es\/10-imprescindibles-temporada\/#breadcrumb","itemListElement":[{"@type":"ListItem","position":1,"name":"Portada","item":"https:\/\/www.masella.com\/blog\/ca\/"},{"@type":"ListItem","position":2,"name":"10 IMPRESCINDIBLES PARA LA TEMPORADA"}]},{"@type":"WebSite","@id":"https:\/\/www.masella.com\/blog\/ca\/#website","url":"https:\/\/www.masella.com\/blog\/ca\/","name":"blog oficial de masella","description":"","publisher":{"@id":"https:\/\/www.masella.com\/blog\/ca\/#organization"},"potentialAction":[{"@type":"SearchAction","target":{"@type":"EntryPoint","urlTemplate":"https:\/\/www.masella.com\/blog\/ca\/?s={search_term_string}"},"query-input":"required name=search_term_string"}],"inLanguage":"es"},{"@type":"Organization","@id":"https:\/\/www.masella.com\/blog\/ca\/#organization","name":"blog oficial de masella","url":"https:\/\/www.masella.com\/blog\/ca\/","logo":{"@type":"ImageObject","inLanguage":"es","@id":"https:\/\/www.masella.com\/blog\/ca\/#\/schema\/logo\/image\/","url":"https:\/\/www.masella.com\/blog\/wp-content\/uploads\/2022\/12\/logo-masella-es-1.png","contentUrl":"https:\/\/www.masella.com\/blog\/wp-content\/uploads\/2022\/12\/logo-masella-es-1.png","width":150,"height":88,"caption":"blog oficial de masella"},"image":{"@id":"https:\/\/www.masella.com\/blog\/ca\/#\/schema\/logo\/image\/"}},{"@type":"Person","@id":"https:\/\/www.masella.com\/blog\/ca\/#\/schema\/person\/e32b971f5be20790c591d85b8f1c706b","name":"masella","image":{"@type":"ImageObject","inLanguage":"es","@id":"https:\/\/www.masella.com\/blog\/ca\/#\/schema\/person\/image\/","url":"https:\/\/secure.gravatar.com\/avatar\/57590b1151eaa410a783e55768bbbba2?s=96&d=mm&r=g","contentUrl":"https:\/\/secure.gravatar.com\/avatar\/57590b1151eaa410a783e55768bbbba2?s=96&d=mm&r=g","caption":"masella"},"url":"https:\/\/www.masella.com\/blog\/es\/author\/anna\/"}]}},"_links":{"self":[{"href":"https:\/\/www.masella.com\/blog\/es\/wp-json\/wp\/v2\/posts\/1237"}],"collection":[{"href":"https:\/\/www.masella.com\/blog\/es\/wp-json\/wp\/v2\/posts"}],"about":[{"href":"https:\/\/www.masella.com\/blog\/es\/wp-json\/wp\/v2\/types\/post"}],"author":[{"embeddable":true,"href":"https:\/\/www.masella.com\/blog\/es\/wp-json\/wp\/v2\/users\/4"}],"replies":[{"embeddable":true,"href":"https:\/\/www.masella.com\/blog\/es\/wp-json\/wp\/v2\/comments?post=1237"}],"version-history":[{"count":7,"href":"https:\/\/www.masella.com\/blog\/es\/wp-json\/wp\/v2\/posts\/1237\/revisions"}],"predecessor-version":[{"id":5586,"href":"https:\/\/www.masella.com\/blog\/es\/wp-json\/wp\/v2\/posts\/1237\/revisions\/5586"}],"wp:featuredmedia":[{"embeddable":true,"href":"https:\/\/www.masella.com\/blog\/es\/wp-json\/wp\/v2\/media\/438"}],"wp:attachment":[{"href":"https:\/\/www.masella.com\/blog\/es\/wp-json\/wp\/v2\/media?parent=1237"}],"wp:term":[{"taxonomy":"category","embeddable":true,"href":"https:\/\/www.masella.com\/blog\/es\/wp-json\/wp\/v2\/categories?post=1237"},{"taxonomy":"post_tag","embeddable":true,"href":"https:\/\/www.masella.com\/blog\/es\/wp-json\/wp\/v2\/tags?post=1237"}],"curies":[{"name":"wp","href":"https:\/\/api.w.org\/{rel}","templated":true}]}}