{"id":1587,"date":"2016-12-27T10:11:23","date_gmt":"2016-12-27T10:11:23","guid":{"rendered":"http:\/\/www.masella.com\/blog\/es\/?p=1587"},"modified":"2022-06-01T06:37:23","modified_gmt":"2022-06-01T06:37:23","slug":"agenda-actividades-navidades","status":"publish","type":"post","link":"https:\/\/www.masella.com\/blog\/es\/agenda-actividades-navidades\/","title":{"rendered":"AGENDA ACTIVIDADES NAVIDADES"},"content":{"rendered":"<p style=\"text-align: justify;\">Desde el 24 de diciembre hasta el 5 de enero la estaci\u00f3n organiza una serie de actividades para hacer de las esquiadas, durante estas fiestas de Navidad, a\u00fan m\u00e1s acogedoras entre las familias que estos d\u00edas disfruten de Masella.<\/p>\n<p style=\"text-align: justify;\"><strong>24 y 25\/12\/2016 El Papa Noel reparte caramelos:\u00a0<\/strong>Cada d\u00eda de Navidad y, tambi\u00e9n, la v\u00edspera el Papa Noel repartir\u00e1 caramelos entre los peque\u00f1os esquiadores que se acerquen a la estaci\u00f3n. Y ser\u00e1 la \u00faltima ocasi\u00f3n para que los m\u00e1s peque\u00f1os expresen sus \u00faltimos deseos a Pap\u00e1 Noel.<\/p>\n<p style=\"text-align: justify;\"><a href=\"http:\/\/www.masella.com\/blog\/wp-content\/uploads\/2016\/12\/PareNoel.jpg\"><img loading=\"lazy\" decoding=\"async\" class=\"size-full wp-image-1582 aligncenter\" src=\"http:\/\/www.masella.com\/blog\/wp-content\/uploads\/2016\/12\/PareNoel.jpg\" alt=\"parenoel\" width=\"1200\" height=\"900\" srcset=\"https:\/\/www.masella.com\/blog\/wp-content\/uploads\/2016\/12\/PareNoel.jpg 1200w, https:\/\/www.masella.com\/blog\/wp-content\/uploads\/2016\/12\/PareNoel-300x225.jpg 300w, https:\/\/www.masella.com\/blog\/wp-content\/uploads\/2016\/12\/PareNoel-768x576.jpg 768w, https:\/\/www.masella.com\/blog\/wp-content\/uploads\/2016\/12\/PareNoel-1024x768.jpg 1024w\" sizes=\"(max-width: 1200px) 100vw, 1200px\" \/><\/a><\/p>\n<p style=\"text-align: justify;\"><strong>29\/12\/2016 <\/strong><strong>Inauguraci\u00f3n de la temporada de Esqu\u00ed Nocturno<\/strong>Este jueves la estaci\u00f3n iniciar\u00e1 la temporada del dominio esquiable nocturno con 10 km iluminados en Masella, la capital del Esqu\u00ed Nocturno de los Pirineos.<\/p>\n<p style=\"text-align: justify;\"><strong>30\/12\/2016 <\/strong><strong>Carrera Nocturna Infantiles I y II. Organiza: X-TOT<\/strong>Con esta carrera se inicia la temporada de competiciones en la estaci\u00f3n. En concreto ser\u00e1 una prueba de eslalon de noche en la pista Esl\u00e0lom de La Pleta.<\/p>\n<p style=\"text-align: justify;\"><a href=\"http:\/\/www.masella.com\/blog\/wp-content\/uploads\/2016\/12\/Nocturn.jpg\"><img loading=\"lazy\" decoding=\"async\" class=\"size-full wp-image-1583 aligncenter\" src=\"http:\/\/www.masella.com\/blog\/wp-content\/uploads\/2016\/12\/Nocturn.jpg\" alt=\"nocturn\" width=\"1200\" height=\"900\" srcset=\"https:\/\/www.masella.com\/blog\/wp-content\/uploads\/2016\/12\/Nocturn.jpg 1200w, https:\/\/www.masella.com\/blog\/wp-content\/uploads\/2016\/12\/Nocturn-300x225.jpg 300w, https:\/\/www.masella.com\/blog\/wp-content\/uploads\/2016\/12\/Nocturn-768x576.jpg 768w, https:\/\/www.masella.com\/blog\/wp-content\/uploads\/2016\/12\/Nocturn-1024x768.jpg 1024w\" sizes=\"(max-width: 1200px) 100vw, 1200px\" \/><\/a><\/p>\n<p style=\"text-align: justify;\"><strong>31\/12\/2016 <\/strong><strong>XIV Carrera Familiar<\/strong>Una carrera en la que todas las familias, con abono de temporada, podr\u00e1n disfrutar de lo lindo mientras compiten.<\/p>\n<p style=\"text-align: justify;\"><strong>03\/01\/2017 <\/strong><strong>Carrera Nocturna Alevines. Organiza: CEAC<\/strong>Prueba para los m\u00e1s peque\u00f1os que tambi\u00e9n disfrutan del esqu\u00ed de noche y la competici\u00f3n en una carrera que tambi\u00e9n se celebrar\u00e1 en la pista Esl\u00e0lom de La Pleta.<\/p>\n<p style=\"text-align: justify;\"><a href=\"http:\/\/www.masella.com\/blog\/wp-content\/uploads\/2016\/12\/Reis.jpg\"><img loading=\"lazy\" decoding=\"async\" class=\"size-full wp-image-1584 aligncenter\" src=\"http:\/\/www.masella.com\/blog\/wp-content\/uploads\/2016\/12\/Reis.jpg\" alt=\"reis\" width=\"1200\" height=\"900\" srcset=\"https:\/\/www.masella.com\/blog\/wp-content\/uploads\/2016\/12\/Reis.jpg 1200w, https:\/\/www.masella.com\/blog\/wp-content\/uploads\/2016\/12\/Reis-300x225.jpg 300w, https:\/\/www.masella.com\/blog\/wp-content\/uploads\/2016\/12\/Reis-768x576.jpg 768w, https:\/\/www.masella.com\/blog\/wp-content\/uploads\/2016\/12\/Reis-1024x768.jpg 1024w\" sizes=\"(max-width: 1200px) 100vw, 1200px\" \/><\/a><\/p>\n<p style=\"text-align: justify;\"><strong>05\/01\/2016 <\/strong><strong>Llegada de los Reyes en el Pla de Masella<\/strong>Cada v\u00edspera del d\u00eda de Reyes, a las 18 h, los Reyes Magos llegan al Pla de Masella con m\u00e1quinas pisanieves escoltados por los pajes con antorchas. La fiesta, en la que los protagonistas son sus Majestades los Reyes, los ni\u00f1os hacen una chocolatada mientras esperan la noche m\u00e1s m\u00e1gica del a\u00f1o.<\/p>\n","protected":false},"excerpt":{"rendered":"<p>Desde el 24 de diciembre hasta el 5 de enero la estaci\u00f3n organiza una serie de actividades para hacer de<\/p>\n","protected":false},"author":4,"featured_media":1586,"comment_status":"closed","ping_status":"open","sticky":false,"template":"","format":"standard","meta":{"footnotes":""},"categories":[20,28,33,51,54,32,16,27],"tags":[],"yoast_head":"<!-- This site is optimized with the Yoast SEO plugin v21.5 - https:\/\/yoast.com\/wordpress\/plugins\/seo\/ -->\n<title>AGENDA ACTIVIDADES NAVIDADES - blog oficial de masella<\/title>\n<meta name=\"robots\" content=\"index, follow, max-snippet:-1, max-image-preview:large, max-video-preview:-1\" \/>\n<link rel=\"canonical\" href=\"https:\/\/www.masella.com\/blog\/es\/agenda-actividades-navidades\/\" \/>\n<meta property=\"og:locale\" content=\"es_ES\" \/>\n<meta property=\"og:type\" content=\"article\" \/>\n<meta property=\"og:title\" content=\"AGENDA ACTIVIDADES NAVIDADES - blog oficial de masella\" \/>\n<meta property=\"og:description\" content=\"Desde el 24 de diciembre hasta el 5 de enero la estaci\u00f3n organiza una serie de actividades para hacer de\" \/>\n<meta property=\"og:url\" content=\"https:\/\/www.masella.com\/blog\/es\/agenda-actividades-navidades\/\" \/>\n<meta property=\"og:site_name\" content=\"blog oficial de masella\" \/>\n<meta property=\"article:published_time\" content=\"2016-12-27T10:11:23+00:00\" \/>\n<meta property=\"article:modified_time\" content=\"2022-06-01T06:37:23+00:00\" \/>\n<meta property=\"og:image\" content=\"https:\/\/www.masella.com\/blog\/wp-content\/uploads\/2016\/12\/001FD-6.jpg\" \/>\n\t<meta property=\"og:image:width\" content=\"1200\" \/>\n\t<meta property=\"og:image:height\" content=\"900\" \/>\n\t<meta property=\"og:image:type\" content=\"image\/jpeg\" \/>\n<meta name=\"author\" content=\"masella\" \/>\n<meta name=\"twitter:card\" content=\"summary_large_image\" \/>\n<meta name=\"twitter:label1\" content=\"Escrito por\" \/>\n\t<meta name=\"twitter:data1\" content=\"masella\" \/>\n\t<meta name=\"twitter:label2\" content=\"Tiempo de lectura\" \/>\n\t<meta name=\"twitter:data2\" content=\"1 minuto\" \/>\n<script type=\"application\/ld+json\" class=\"yoast-schema-graph\">{\"@context\":\"https:\/\/schema.org\",\"@graph\":[{\"@type\":\"Article\",\"@id\":\"https:\/\/www.masella.com\/blog\/es\/agenda-actividades-navidades\/#article\",\"isPartOf\":{\"@id\":\"https:\/\/www.masella.com\/blog\/es\/agenda-actividades-navidades\/\"},\"author\":{\"name\":\"masella\",\"@id\":\"https:\/\/www.masella.com\/blog\/ca\/#\/schema\/person\/e32b971f5be20790c591d85b8f1c706b\"},\"headline\":\"AGENDA ACTIVIDADES NAVIDADES\",\"datePublished\":\"2016-12-27T10:11:23+00:00\",\"dateModified\":\"2022-06-01T06:37:23+00:00\",\"mainEntityOfPage\":{\"@id\":\"https:\/\/www.masella.com\/blog\/es\/agenda-actividades-navidades\/\"},\"wordCount\":294,\"publisher\":{\"@id\":\"https:\/\/www.masella.com\/blog\/ca\/#organization\"},\"articleSection\":[\"Actualidad\",\"Actualitat\",\"Carreras\",\"Competici\u00f3\",\"Competici\u00f3n\",\"Curses\",\"Eventos\",\"Nocturno\"],\"inLanguage\":\"es\"},{\"@type\":\"WebPage\",\"@id\":\"https:\/\/www.masella.com\/blog\/es\/agenda-actividades-navidades\/\",\"url\":\"https:\/\/www.masella.com\/blog\/es\/agenda-actividades-navidades\/\",\"name\":\"AGENDA ACTIVIDADES NAVIDADES - blog oficial de masella\",\"isPartOf\":{\"@id\":\"https:\/\/www.masella.com\/blog\/ca\/#website\"},\"datePublished\":\"2016-12-27T10:11:23+00:00\",\"dateModified\":\"2022-06-01T06:37:23+00:00\",\"breadcrumb\":{\"@id\":\"https:\/\/www.masella.com\/blog\/es\/agenda-actividades-navidades\/#breadcrumb\"},\"inLanguage\":\"es\",\"potentialAction\":[{\"@type\":\"ReadAction\",\"target\":[\"https:\/\/www.masella.com\/blog\/es\/agenda-actividades-navidades\/\"]}]},{\"@type\":\"BreadcrumbList\",\"@id\":\"https:\/\/www.masella.com\/blog\/es\/agenda-actividades-navidades\/#breadcrumb\",\"itemListElement\":[{\"@type\":\"ListItem\",\"position\":1,\"name\":\"Portada\",\"item\":\"https:\/\/www.masella.com\/blog\/ca\/\"},{\"@type\":\"ListItem\",\"position\":2,\"name\":\"AGENDA ACTIVIDADES NAVIDADES\"}]},{\"@type\":\"WebSite\",\"@id\":\"https:\/\/www.masella.com\/blog\/ca\/#website\",\"url\":\"https:\/\/www.masella.com\/blog\/ca\/\",\"name\":\"blog oficial de masella\",\"description\":\"\",\"publisher\":{\"@id\":\"https:\/\/www.masella.com\/blog\/ca\/#organization\"},\"potentialAction\":[{\"@type\":\"SearchAction\",\"target\":{\"@type\":\"EntryPoint\",\"urlTemplate\":\"https:\/\/www.masella.com\/blog\/ca\/?s={search_term_string}\"},\"query-input\":\"required name=search_term_string\"}],\"inLanguage\":\"es\"},{\"@type\":\"Organization\",\"@id\":\"https:\/\/www.masella.com\/blog\/ca\/#organization\",\"name\":\"blog oficial de masella\",\"url\":\"https:\/\/www.masella.com\/blog\/ca\/\",\"logo\":{\"@type\":\"ImageObject\",\"inLanguage\":\"es\",\"@id\":\"https:\/\/www.masella.com\/blog\/ca\/#\/schema\/logo\/image\/\",\"url\":\"https:\/\/www.masella.com\/blog\/wp-content\/uploads\/2022\/12\/logo-masella-es-1.png\",\"contentUrl\":\"https:\/\/www.masella.com\/blog\/wp-content\/uploads\/2022\/12\/logo-masella-es-1.png\",\"width\":150,\"height\":88,\"caption\":\"blog oficial de masella\"},\"image\":{\"@id\":\"https:\/\/www.masella.com\/blog\/ca\/#\/schema\/logo\/image\/\"}},{\"@type\":\"Person\",\"@id\":\"https:\/\/www.masella.com\/blog\/ca\/#\/schema\/person\/e32b971f5be20790c591d85b8f1c706b\",\"name\":\"masella\",\"image\":{\"@type\":\"ImageObject\",\"inLanguage\":\"es\",\"@id\":\"https:\/\/www.masella.com\/blog\/ca\/#\/schema\/person\/image\/\",\"url\":\"https:\/\/secure.gravatar.com\/avatar\/57590b1151eaa410a783e55768bbbba2?s=96&d=mm&r=g\",\"contentUrl\":\"https:\/\/secure.gravatar.com\/avatar\/57590b1151eaa410a783e55768bbbba2?s=96&d=mm&r=g\",\"caption\":\"masella\"},\"url\":\"https:\/\/www.masella.com\/blog\/es\/author\/anna\/\"}]}<\/script>\n<!-- \/ Yoast SEO plugin. -->","yoast_head_json":{"title":"AGENDA ACTIVIDADES NAVIDADES - blog oficial de masella","robots":{"index":"index","follow":"follow","max-snippet":"max-snippet:-1","max-image-preview":"max-image-preview:large","max-video-preview":"max-video-preview:-1"},"canonical":"https:\/\/www.masella.com\/blog\/es\/agenda-actividades-navidades\/","og_locale":"es_ES","og_type":"article","og_title":"AGENDA ACTIVIDADES NAVIDADES - blog oficial de masella","og_description":"Desde el 24 de diciembre hasta el 5 de enero la estaci\u00f3n organiza una serie de actividades para hacer de","og_url":"https:\/\/www.masella.com\/blog\/es\/agenda-actividades-navidades\/","og_site_name":"blog oficial de masella","article_published_time":"2016-12-27T10:11:23+00:00","article_modified_time":"2022-06-01T06:37:23+00:00","og_image":[{"width":1200,"height":900,"url":"https:\/\/www.masella.com\/blog\/wp-content\/uploads\/2016\/12\/001FD-6.jpg","type":"image\/jpeg"}],"author":"masella","twitter_card":"summary_large_image","twitter_misc":{"Escrito por":"masella","Tiempo de lectura":"1 minuto"},"schema":{"@context":"https:\/\/schema.org","@graph":[{"@type":"Article","@id":"https:\/\/www.masella.com\/blog\/es\/agenda-actividades-navidades\/#article","isPartOf":{"@id":"https:\/\/www.masella.com\/blog\/es\/agenda-actividades-navidades\/"},"author":{"name":"masella","@id":"https:\/\/www.masella.com\/blog\/ca\/#\/schema\/person\/e32b971f5be20790c591d85b8f1c706b"},"headline":"AGENDA ACTIVIDADES NAVIDADES","datePublished":"2016-12-27T10:11:23+00:00","dateModified":"2022-06-01T06:37:23+00:00","mainEntityOfPage":{"@id":"https:\/\/www.masella.com\/blog\/es\/agenda-actividades-navidades\/"},"wordCount":294,"publisher":{"@id":"https:\/\/www.masella.com\/blog\/ca\/#organization"},"articleSection":["Actualidad","Actualitat","Carreras","Competici\u00f3","Competici\u00f3n","Curses","Eventos","Nocturno"],"inLanguage":"es"},{"@type":"WebPage","@id":"https:\/\/www.masella.com\/blog\/es\/agenda-actividades-navidades\/","url":"https:\/\/www.masella.com\/blog\/es\/agenda-actividades-navidades\/","name":"AGENDA ACTIVIDADES NAVIDADES - blog oficial de masella","isPartOf":{"@id":"https:\/\/www.masella.com\/blog\/ca\/#website"},"datePublished":"2016-12-27T10:11:23+00:00","dateModified":"2022-06-01T06:37:23+00:00","breadcrumb":{"@id":"https:\/\/www.masella.com\/blog\/es\/agenda-actividades-navidades\/#breadcrumb"},"inLanguage":"es","potentialAction":[{"@type":"ReadAction","target":["https:\/\/www.masella.com\/blog\/es\/agenda-actividades-navidades\/"]}]},{"@type":"BreadcrumbList","@id":"https:\/\/www.masella.com\/blog\/es\/agenda-actividades-navidades\/#breadcrumb","itemListElement":[{"@type":"ListItem","position":1,"name":"Portada","item":"https:\/\/www.masella.com\/blog\/ca\/"},{"@type":"ListItem","position":2,"name":"AGENDA ACTIVIDADES NAVIDADES"}]},{"@type":"WebSite","@id":"https:\/\/www.masella.com\/blog\/ca\/#website","url":"https:\/\/www.masella.com\/blog\/ca\/","name":"blog oficial de masella","description":"","publisher":{"@id":"https:\/\/www.masella.com\/blog\/ca\/#organization"},"potentialAction":[{"@type":"SearchAction","target":{"@type":"EntryPoint","urlTemplate":"https:\/\/www.masella.com\/blog\/ca\/?s={search_term_string}"},"query-input":"required name=search_term_string"}],"inLanguage":"es"},{"@type":"Organization","@id":"https:\/\/www.masella.com\/blog\/ca\/#organization","name":"blog oficial de masella","url":"https:\/\/www.masella.com\/blog\/ca\/","logo":{"@type":"ImageObject","inLanguage":"es","@id":"https:\/\/www.masella.com\/blog\/ca\/#\/schema\/logo\/image\/","url":"https:\/\/www.masella.com\/blog\/wp-content\/uploads\/2022\/12\/logo-masella-es-1.png","contentUrl":"https:\/\/www.masella.com\/blog\/wp-content\/uploads\/2022\/12\/logo-masella-es-1.png","width":150,"height":88,"caption":"blog oficial de masella"},"image":{"@id":"https:\/\/www.masella.com\/blog\/ca\/#\/schema\/logo\/image\/"}},{"@type":"Person","@id":"https:\/\/www.masella.com\/blog\/ca\/#\/schema\/person\/e32b971f5be20790c591d85b8f1c706b","name":"masella","image":{"@type":"ImageObject","inLanguage":"es","@id":"https:\/\/www.masella.com\/blog\/ca\/#\/schema\/person\/image\/","url":"https:\/\/secure.gravatar.com\/avatar\/57590b1151eaa410a783e55768bbbba2?s=96&d=mm&r=g","contentUrl":"https:\/\/secure.gravatar.com\/avatar\/57590b1151eaa410a783e55768bbbba2?s=96&d=mm&r=g","caption":"masella"},"url":"https:\/\/www.masella.com\/blog\/es\/author\/anna\/"}]}},"_links":{"self":[{"href":"https:\/\/www.masella.com\/blog\/es\/wp-json\/wp\/v2\/posts\/1587"}],"collection":[{"href":"https:\/\/www.masella.com\/blog\/es\/wp-json\/wp\/v2\/posts"}],"about":[{"href":"https:\/\/www.masella.com\/blog\/es\/wp-json\/wp\/v2\/types\/post"}],"author":[{"embeddable":true,"href":"https:\/\/www.masella.com\/blog\/es\/wp-json\/wp\/v2\/users\/4"}],"replies":[{"embeddable":true,"href":"https:\/\/www.masella.com\/blog\/es\/wp-json\/wp\/v2\/comments?post=1587"}],"version-history":[{"count":1,"href":"https:\/\/www.masella.com\/blog\/es\/wp-json\/wp\/v2\/posts\/1587\/revisions"}],"predecessor-version":[{"id":1588,"href":"https:\/\/www.masella.com\/blog\/es\/wp-json\/wp\/v2\/posts\/1587\/revisions\/1588"}],"wp:featuredmedia":[{"embeddable":true,"href":"https:\/\/www.masella.com\/blog\/es\/wp-json\/wp\/v2\/media\/1586"}],"wp:attachment":[{"href":"https:\/\/www.masella.com\/blog\/es\/wp-json\/wp\/v2\/media?parent=1587"}],"wp:term":[{"taxonomy":"category","embeddable":true,"href":"https:\/\/www.masella.com\/blog\/es\/wp-json\/wp\/v2\/categories?post=1587"},{"taxonomy":"post_tag","embeddable":true,"href":"https:\/\/www.masella.com\/blog\/es\/wp-json\/wp\/v2\/tags?post=1587"}],"curies":[{"name":"wp","href":"https:\/\/api.w.org\/{rel}","templated":true}]}}