{"id":1761,"date":"2017-01-14T07:27:18","date_gmt":"2017-01-14T07:27:18","guid":{"rendered":"http:\/\/www.masella.com\/blog\/bosc-masella-millor-opcio-dies-fred-vent\/"},"modified":"2022-06-01T06:36:53","modified_gmt":"2022-06-01T06:36:53","slug":"bosc-masella-millor-opcio-dies-fred-vent","status":"publish","type":"post","link":"https:\/\/www.masella.com\/blog\/es\/bosc-masella-millor-opcio-dies-fred-vent\/","title":{"rendered":"EL BOSQUE DE MASELLA, LA MEJOR OPCI\u00d3N EN D\u00cdAS DE FR\u00cdO Y VIENTO"},"content":{"rendered":"<p>Se acercan d\u00edas de mucho fr\u00edo y viento y Masella,\u00a0<strong>con un 80% de las pistas trazadas en medio del bosque<\/strong>, tiene los mejores rincones para resguardarse de las condiciones meteorol\u00f3gicas m\u00e1s extremas.<\/p>\n<p>El sector del\u00a0<strong>Bosc d&#8217;Alp<\/strong>, desde Cap del Bosc hasta el Pla de Masella y\u00a0<strong>accesible tanto desde el Tsd Masella Jet como del Tsd TGV<\/strong>, tiene pistas de todos los niveles y todas quedan a resguardo del viento gracias a los densos bosques que las rodean. Encontrar\u00e9is en esta zona las azules\u00a0Enamorats, La Plana, Volta Maria, Clariana, L&#8217;Aparador, Les Fustes, La Cova, La Fosca, entre otras, y las rojas Central, Esquirols, Muntanyes Russes, Davallada&#8230;<\/p>\n<figure id=\"attachment_1763\" aria-describedby=\"caption-attachment-1763\" style=\"width: 800px\" class=\"wp-caption alignnone\"><a href=\"http:\/\/www.masella.com\/blog\/wp-content\/uploads\/2017\/01\/bosc2.jpg\"><img loading=\"lazy\" decoding=\"async\" class=\"wp-image-1763 size-full\" src=\"http:\/\/www.masella.com\/blog\/wp-content\/uploads\/2017\/01\/bosc2.jpg\" alt=\"bosc2\" width=\"800\" height=\"600\" srcset=\"https:\/\/www.masella.com\/blog\/wp-content\/uploads\/2017\/01\/bosc2.jpg 800w, https:\/\/www.masella.com\/blog\/wp-content\/uploads\/2017\/01\/bosc2-300x225.jpg 300w, https:\/\/www.masella.com\/blog\/wp-content\/uploads\/2017\/01\/bosc2-768x576.jpg 768w\" sizes=\"(max-width: 800px) 100vw, 800px\" \/><\/a><figcaption id=\"caption-attachment-1763\" class=\"wp-caption-text\">PISTA FAMILIAR &#8211; FOTO DE ARCHIVO<\/figcaption><\/figure>\n<p>Lo mismo ocurre en el\u00a0<strong>sector La Pia<\/strong>, con una decena de pistas muchas de las cuales transcurren en medio de los bosques m\u00e1s orientales de Masella. Si cog\u00e9is\u00a0el\u00a0<strong>Tsd de La Pia Express<\/strong>\u00a0podr\u00e9is acceder a las pistas azules Familiar, Cerdanya, Rovellons, Sargantana&#8230;, a las rojas Cerdanya, Amagada y L&#8217;Excursi\u00f3 y a la negra L&#8217;Atrevida.<\/p>\n<p>Consultando online el\u00a0<a href=\"http:\/\/www.masella.com\/es\/paginas\/mapa-pistas\">mapa de Masella<\/a>\u00a0podr\u00e1s ver cu\u00e1les son exactamente las pistas trazadas dentro del bosque y que quedar\u00e1n m\u00e1s resguardadas del viento y el fr\u00edo en d\u00edas de condiciones meteorol\u00f3gicas adversas.<\/p>\n","protected":false},"excerpt":{"rendered":"<p>Se acercan d\u00edas de mucho fr\u00edo y viento y Masella,\u00a0con un 80% de las pistas trazadas en medio del bosque,<\/p>\n","protected":false},"author":4,"featured_media":5495,"comment_status":"closed","ping_status":"open","sticky":false,"template":"","format":"standard","meta":{"footnotes":""},"categories":[28,15,36],"tags":[],"yoast_head":"<!-- This site is optimized with the Yoast SEO plugin v21.5 - https:\/\/yoast.com\/wordpress\/plugins\/seo\/ -->\n<title>EL BOSQUE DE MASELLA, LA MEJOR OPCI\u00d3N EN D\u00cdAS DE FR\u00cdO Y VIENTO - blog oficial de masella<\/title>\n<meta name=\"robots\" content=\"index, follow, max-snippet:-1, max-image-preview:large, max-video-preview:-1\" \/>\n<link rel=\"canonical\" href=\"https:\/\/www.masella.com\/blog\/es\/bosc-masella-millor-opcio-dies-fred-vent\/\" \/>\n<meta property=\"og:locale\" content=\"es_ES\" \/>\n<meta property=\"og:type\" content=\"article\" \/>\n<meta property=\"og:title\" content=\"EL BOSQUE DE MASELLA, LA MEJOR OPCI\u00d3N EN D\u00cdAS DE FR\u00cdO Y VIENTO - blog oficial de masella\" \/>\n<meta property=\"og:description\" content=\"Se acercan d\u00edas de mucho fr\u00edo y viento y Masella,\u00a0con un 80% de las pistas trazadas en medio del bosque,\" \/>\n<meta property=\"og:url\" content=\"https:\/\/www.masella.com\/blog\/es\/bosc-masella-millor-opcio-dies-fred-vent\/\" \/>\n<meta property=\"og:site_name\" content=\"blog oficial de masella\" \/>\n<meta property=\"article:published_time\" content=\"2017-01-14T07:27:18+00:00\" \/>\n<meta property=\"article:modified_time\" content=\"2022-06-01T06:36:53+00:00\" \/>\n<meta property=\"og:image\" content=\"https:\/\/www.masella.com\/blog\/wp-content\/uploads\/2017\/01\/bosc1.jpg\" \/>\n\t<meta property=\"og:image:width\" content=\"800\" \/>\n\t<meta property=\"og:image:height\" content=\"451\" \/>\n\t<meta property=\"og:image:type\" content=\"image\/jpeg\" \/>\n<meta name=\"author\" content=\"masella\" \/>\n<meta name=\"twitter:card\" content=\"summary_large_image\" \/>\n<meta name=\"twitter:label1\" content=\"Escrito por\" \/>\n\t<meta name=\"twitter:data1\" content=\"masella\" \/>\n\t<meta name=\"twitter:label2\" content=\"Tiempo de lectura\" \/>\n\t<meta name=\"twitter:data2\" content=\"1 minuto\" \/>\n<script type=\"application\/ld+json\" class=\"yoast-schema-graph\">{\"@context\":\"https:\/\/schema.org\",\"@graph\":[{\"@type\":\"Article\",\"@id\":\"https:\/\/www.masella.com\/blog\/es\/bosc-masella-millor-opcio-dies-fred-vent\/#article\",\"isPartOf\":{\"@id\":\"https:\/\/www.masella.com\/blog\/es\/bosc-masella-millor-opcio-dies-fred-vent\/\"},\"author\":{\"name\":\"masella\",\"@id\":\"https:\/\/www.masella.com\/blog\/ca\/#\/schema\/person\/e32b971f5be20790c591d85b8f1c706b\"},\"headline\":\"EL BOSQUE DE MASELLA, LA MEJOR OPCI\u00d3N EN D\u00cdAS DE FR\u00cdO Y VIENTO\",\"datePublished\":\"2017-01-14T07:27:18+00:00\",\"dateModified\":\"2022-06-01T06:36:53+00:00\",\"mainEntityOfPage\":{\"@id\":\"https:\/\/www.masella.com\/blog\/es\/bosc-masella-millor-opcio-dies-fred-vent\/\"},\"wordCount\":246,\"publisher\":{\"@id\":\"https:\/\/www.masella.com\/blog\/ca\/#organization\"},\"articleSection\":[\"Actualitat\",\"Meteo\",\"Muntanya\"],\"inLanguage\":\"es\"},{\"@type\":\"WebPage\",\"@id\":\"https:\/\/www.masella.com\/blog\/es\/bosc-masella-millor-opcio-dies-fred-vent\/\",\"url\":\"https:\/\/www.masella.com\/blog\/es\/bosc-masella-millor-opcio-dies-fred-vent\/\",\"name\":\"EL BOSQUE DE MASELLA, LA MEJOR OPCI\u00d3N EN D\u00cdAS DE FR\u00cdO Y VIENTO - blog oficial de masella\",\"isPartOf\":{\"@id\":\"https:\/\/www.masella.com\/blog\/ca\/#website\"},\"datePublished\":\"2017-01-14T07:27:18+00:00\",\"dateModified\":\"2022-06-01T06:36:53+00:00\",\"breadcrumb\":{\"@id\":\"https:\/\/www.masella.com\/blog\/es\/bosc-masella-millor-opcio-dies-fred-vent\/#breadcrumb\"},\"inLanguage\":\"es\",\"potentialAction\":[{\"@type\":\"ReadAction\",\"target\":[\"https:\/\/www.masella.com\/blog\/es\/bosc-masella-millor-opcio-dies-fred-vent\/\"]}]},{\"@type\":\"BreadcrumbList\",\"@id\":\"https:\/\/www.masella.com\/blog\/es\/bosc-masella-millor-opcio-dies-fred-vent\/#breadcrumb\",\"itemListElement\":[{\"@type\":\"ListItem\",\"position\":1,\"name\":\"Portada\",\"item\":\"https:\/\/www.masella.com\/blog\/ca\/\"},{\"@type\":\"ListItem\",\"position\":2,\"name\":\"EL BOSQUE DE MASELLA, LA MEJOR OPCI\u00d3N EN D\u00cdAS DE FR\u00cdO Y VIENTO\"}]},{\"@type\":\"WebSite\",\"@id\":\"https:\/\/www.masella.com\/blog\/ca\/#website\",\"url\":\"https:\/\/www.masella.com\/blog\/ca\/\",\"name\":\"blog oficial de masella\",\"description\":\"\",\"publisher\":{\"@id\":\"https:\/\/www.masella.com\/blog\/ca\/#organization\"},\"potentialAction\":[{\"@type\":\"SearchAction\",\"target\":{\"@type\":\"EntryPoint\",\"urlTemplate\":\"https:\/\/www.masella.com\/blog\/ca\/?s={search_term_string}\"},\"query-input\":\"required name=search_term_string\"}],\"inLanguage\":\"es\"},{\"@type\":\"Organization\",\"@id\":\"https:\/\/www.masella.com\/blog\/ca\/#organization\",\"name\":\"blog oficial de masella\",\"url\":\"https:\/\/www.masella.com\/blog\/ca\/\",\"logo\":{\"@type\":\"ImageObject\",\"inLanguage\":\"es\",\"@id\":\"https:\/\/www.masella.com\/blog\/ca\/#\/schema\/logo\/image\/\",\"url\":\"https:\/\/www.masella.com\/blog\/wp-content\/uploads\/2022\/12\/logo-masella-es-1.png\",\"contentUrl\":\"https:\/\/www.masella.com\/blog\/wp-content\/uploads\/2022\/12\/logo-masella-es-1.png\",\"width\":150,\"height\":88,\"caption\":\"blog oficial de masella\"},\"image\":{\"@id\":\"https:\/\/www.masella.com\/blog\/ca\/#\/schema\/logo\/image\/\"}},{\"@type\":\"Person\",\"@id\":\"https:\/\/www.masella.com\/blog\/ca\/#\/schema\/person\/e32b971f5be20790c591d85b8f1c706b\",\"name\":\"masella\",\"image\":{\"@type\":\"ImageObject\",\"inLanguage\":\"es\",\"@id\":\"https:\/\/www.masella.com\/blog\/ca\/#\/schema\/person\/image\/\",\"url\":\"https:\/\/secure.gravatar.com\/avatar\/57590b1151eaa410a783e55768bbbba2?s=96&d=mm&r=g\",\"contentUrl\":\"https:\/\/secure.gravatar.com\/avatar\/57590b1151eaa410a783e55768bbbba2?s=96&d=mm&r=g\",\"caption\":\"masella\"},\"url\":\"https:\/\/www.masella.com\/blog\/es\/author\/anna\/\"}]}<\/script>\n<!-- \/ Yoast SEO plugin. -->","yoast_head_json":{"title":"EL BOSQUE DE MASELLA, LA MEJOR OPCI\u00d3N EN D\u00cdAS DE FR\u00cdO Y VIENTO - blog oficial de masella","robots":{"index":"index","follow":"follow","max-snippet":"max-snippet:-1","max-image-preview":"max-image-preview:large","max-video-preview":"max-video-preview:-1"},"canonical":"https:\/\/www.masella.com\/blog\/es\/bosc-masella-millor-opcio-dies-fred-vent\/","og_locale":"es_ES","og_type":"article","og_title":"EL BOSQUE DE MASELLA, LA MEJOR OPCI\u00d3N EN D\u00cdAS DE FR\u00cdO Y VIENTO - blog oficial de masella","og_description":"Se acercan d\u00edas de mucho fr\u00edo y viento y Masella,\u00a0con un 80% de las pistas trazadas en medio del bosque,","og_url":"https:\/\/www.masella.com\/blog\/es\/bosc-masella-millor-opcio-dies-fred-vent\/","og_site_name":"blog oficial de masella","article_published_time":"2017-01-14T07:27:18+00:00","article_modified_time":"2022-06-01T06:36:53+00:00","og_image":[{"width":800,"height":451,"url":"https:\/\/www.masella.com\/blog\/wp-content\/uploads\/2017\/01\/bosc1.jpg","type":"image\/jpeg"}],"author":"masella","twitter_card":"summary_large_image","twitter_misc":{"Escrito por":"masella","Tiempo de lectura":"1 minuto"},"schema":{"@context":"https:\/\/schema.org","@graph":[{"@type":"Article","@id":"https:\/\/www.masella.com\/blog\/es\/bosc-masella-millor-opcio-dies-fred-vent\/#article","isPartOf":{"@id":"https:\/\/www.masella.com\/blog\/es\/bosc-masella-millor-opcio-dies-fred-vent\/"},"author":{"name":"masella","@id":"https:\/\/www.masella.com\/blog\/ca\/#\/schema\/person\/e32b971f5be20790c591d85b8f1c706b"},"headline":"EL BOSQUE DE MASELLA, LA MEJOR OPCI\u00d3N EN D\u00cdAS DE FR\u00cdO Y VIENTO","datePublished":"2017-01-14T07:27:18+00:00","dateModified":"2022-06-01T06:36:53+00:00","mainEntityOfPage":{"@id":"https:\/\/www.masella.com\/blog\/es\/bosc-masella-millor-opcio-dies-fred-vent\/"},"wordCount":246,"publisher":{"@id":"https:\/\/www.masella.com\/blog\/ca\/#organization"},"articleSection":["Actualitat","Meteo","Muntanya"],"inLanguage":"es"},{"@type":"WebPage","@id":"https:\/\/www.masella.com\/blog\/es\/bosc-masella-millor-opcio-dies-fred-vent\/","url":"https:\/\/www.masella.com\/blog\/es\/bosc-masella-millor-opcio-dies-fred-vent\/","name":"EL BOSQUE DE MASELLA, LA MEJOR OPCI\u00d3N EN D\u00cdAS DE FR\u00cdO Y VIENTO - blog oficial de masella","isPartOf":{"@id":"https:\/\/www.masella.com\/blog\/ca\/#website"},"datePublished":"2017-01-14T07:27:18+00:00","dateModified":"2022-06-01T06:36:53+00:00","breadcrumb":{"@id":"https:\/\/www.masella.com\/blog\/es\/bosc-masella-millor-opcio-dies-fred-vent\/#breadcrumb"},"inLanguage":"es","potentialAction":[{"@type":"ReadAction","target":["https:\/\/www.masella.com\/blog\/es\/bosc-masella-millor-opcio-dies-fred-vent\/"]}]},{"@type":"BreadcrumbList","@id":"https:\/\/www.masella.com\/blog\/es\/bosc-masella-millor-opcio-dies-fred-vent\/#breadcrumb","itemListElement":[{"@type":"ListItem","position":1,"name":"Portada","item":"https:\/\/www.masella.com\/blog\/ca\/"},{"@type":"ListItem","position":2,"name":"EL BOSQUE DE MASELLA, LA MEJOR OPCI\u00d3N EN D\u00cdAS DE FR\u00cdO Y VIENTO"}]},{"@type":"WebSite","@id":"https:\/\/www.masella.com\/blog\/ca\/#website","url":"https:\/\/www.masella.com\/blog\/ca\/","name":"blog oficial de masella","description":"","publisher":{"@id":"https:\/\/www.masella.com\/blog\/ca\/#organization"},"potentialAction":[{"@type":"SearchAction","target":{"@type":"EntryPoint","urlTemplate":"https:\/\/www.masella.com\/blog\/ca\/?s={search_term_string}"},"query-input":"required name=search_term_string"}],"inLanguage":"es"},{"@type":"Organization","@id":"https:\/\/www.masella.com\/blog\/ca\/#organization","name":"blog oficial de masella","url":"https:\/\/www.masella.com\/blog\/ca\/","logo":{"@type":"ImageObject","inLanguage":"es","@id":"https:\/\/www.masella.com\/blog\/ca\/#\/schema\/logo\/image\/","url":"https:\/\/www.masella.com\/blog\/wp-content\/uploads\/2022\/12\/logo-masella-es-1.png","contentUrl":"https:\/\/www.masella.com\/blog\/wp-content\/uploads\/2022\/12\/logo-masella-es-1.png","width":150,"height":88,"caption":"blog oficial de masella"},"image":{"@id":"https:\/\/www.masella.com\/blog\/ca\/#\/schema\/logo\/image\/"}},{"@type":"Person","@id":"https:\/\/www.masella.com\/blog\/ca\/#\/schema\/person\/e32b971f5be20790c591d85b8f1c706b","name":"masella","image":{"@type":"ImageObject","inLanguage":"es","@id":"https:\/\/www.masella.com\/blog\/ca\/#\/schema\/person\/image\/","url":"https:\/\/secure.gravatar.com\/avatar\/57590b1151eaa410a783e55768bbbba2?s=96&d=mm&r=g","contentUrl":"https:\/\/secure.gravatar.com\/avatar\/57590b1151eaa410a783e55768bbbba2?s=96&d=mm&r=g","caption":"masella"},"url":"https:\/\/www.masella.com\/blog\/es\/author\/anna\/"}]}},"_links":{"self":[{"href":"https:\/\/www.masella.com\/blog\/es\/wp-json\/wp\/v2\/posts\/1761"}],"collection":[{"href":"https:\/\/www.masella.com\/blog\/es\/wp-json\/wp\/v2\/posts"}],"about":[{"href":"https:\/\/www.masella.com\/blog\/es\/wp-json\/wp\/v2\/types\/post"}],"author":[{"embeddable":true,"href":"https:\/\/www.masella.com\/blog\/es\/wp-json\/wp\/v2\/users\/4"}],"replies":[{"embeddable":true,"href":"https:\/\/www.masella.com\/blog\/es\/wp-json\/wp\/v2\/comments?post=1761"}],"version-history":[{"count":3,"href":"https:\/\/www.masella.com\/blog\/es\/wp-json\/wp\/v2\/posts\/1761\/revisions"}],"predecessor-version":[{"id":1771,"href":"https:\/\/www.masella.com\/blog\/es\/wp-json\/wp\/v2\/posts\/1761\/revisions\/1771"}],"wp:featuredmedia":[{"embeddable":true,"href":"https:\/\/www.masella.com\/blog\/es\/wp-json\/wp\/v2\/media\/5495"}],"wp:attachment":[{"href":"https:\/\/www.masella.com\/blog\/es\/wp-json\/wp\/v2\/media?parent=1761"}],"wp:term":[{"taxonomy":"category","embeddable":true,"href":"https:\/\/www.masella.com\/blog\/es\/wp-json\/wp\/v2\/categories?post=1761"},{"taxonomy":"post_tag","embeddable":true,"href":"https:\/\/www.masella.com\/blog\/es\/wp-json\/wp\/v2\/tags?post=1761"}],"curies":[{"name":"wp","href":"https:\/\/api.w.org\/{rel}","templated":true}]}}