{"id":1792,"date":"2017-01-17T11:02:25","date_gmt":"2017-01-17T11:02:25","guid":{"rendered":"http:\/\/www.masella.com\/blog\/nevada-45cm-neu-pols\/"},"modified":"2022-06-01T06:36:52","modified_gmt":"2022-06-01T06:36:52","slug":"nevada-45cm-neu-pols","status":"publish","type":"post","link":"https:\/\/www.masella.com\/blog\/es\/nevada-45cm-neu-pols\/","title":{"rendered":"\u00a1NEVADA DE 45CM Y NIEVE POLVO!"},"content":{"rendered":"<p><span lang=\"es\"><strong>La nevada de la noche del 15 de enero y la ma\u00f1ana del 16 de enero<\/strong> nos ha dejado en la estaci\u00f3n espesores muy considerables, que van<strong> de los 50 cm a los 105 cm de nieve polvo.<\/strong> En las cotas medias de la estaci\u00f3n se acumularon 45 cm de nieve nueva y de una calidad excelente gracias al fr\u00edo intenso.<\/span><\/p>\n<figure id=\"attachment_1789\" aria-describedby=\"caption-attachment-1789\" style=\"width: 800px\" class=\"wp-caption alignnone\"><a href=\"http:\/\/www.masella.com\/blog\/wp-content\/uploads\/2017\/01\/1601_blog1.jpg\"><img loading=\"lazy\" decoding=\"async\" class=\"wp-image-1789 size-large\" src=\"http:\/\/www.masella.com\/blog\/wp-content\/uploads\/2017\/01\/1601_blog1-1024x768.jpg\" alt=\"OLYMPUS DIGITAL CAMERA\" width=\"800\" height=\"600\" srcset=\"https:\/\/www.masella.com\/blog\/wp-content\/uploads\/2017\/01\/1601_blog1-1024x768.jpg 1024w, https:\/\/www.masella.com\/blog\/wp-content\/uploads\/2017\/01\/1601_blog1-300x225.jpg 300w, https:\/\/www.masella.com\/blog\/wp-content\/uploads\/2017\/01\/1601_blog1-768x576.jpg 768w, https:\/\/www.masella.com\/blog\/wp-content\/uploads\/2017\/01\/1601_blog1.jpg 1200w\" sizes=\"(max-width: 800px) 100vw, 800px\" \/><\/a><figcaption id=\"caption-attachment-1789\" class=\"wp-caption-text\">OLYMPUS DIGITAL CAMERA<\/figcaption><\/figure>\n<p><span lang=\"es\">Estas precipitaciones de nieve, que han sido las m\u00e1s destacadas de lo que llevamos de temporada, <strong>nos permitir\u00e1n abrir todo el dominio esquiable, el 100% de las pistas y todos los remontes.<\/strong> Hoy martes pero el viento sopla fuerte en las cotas altas, con golpes de hasta 120 km por hora, y el sector de la Tosa est\u00e1 cerrado al p\u00fablico. <\/span><\/p>\n<p><span lang=\"es\">De cara a ma\u00f1ana mi\u00e9rcoles prevemos poder abrir tambi\u00e9n todo este sector. Adem\u00e1s, las previsiones de fr\u00edo muy intenso y ambiente seco para los pr\u00f3ximos d\u00edas har\u00e1n que la nieve se conserve bien fresca, con la mejor calidad polvo, como la que puede ver en estas im\u00e1genes:<\/span><\/p>\n<p><iframe loading=\"lazy\" src=\"https:\/\/www.youtube-nocookie.com\/embed\/S87dATgCAFU?rel=0\" width=\"560\" height=\"315\" frameborder=\"0\" allowfullscreen=\"allowfullscreen\"><\/iframe><\/p>\n<p>Abrigaros bien,\u00a0coged los esqu\u00eds o la tabla &#8230; y <strong>a disfrutar de la nieve polvo de Masella<\/strong>!<\/p>\n","protected":false},"excerpt":{"rendered":"<p>La nevada de la noche del 15 de enero y la ma\u00f1ana del 16 de enero nos ha dejado en<\/p>\n","protected":false},"author":4,"featured_media":1790,"comment_status":"closed","ping_status":"open","sticky":false,"template":"","format":"standard","meta":{"footnotes":""},"categories":[20,28,15,37,36],"tags":[],"yoast_head":"<!-- This site is optimized with the Yoast SEO plugin v21.5 - https:\/\/yoast.com\/wordpress\/plugins\/seo\/ -->\n<title>\u00a1NEVADA DE 45CM Y NIEVE POLVO! - blog oficial de masella<\/title>\n<meta name=\"robots\" content=\"index, follow, max-snippet:-1, max-image-preview:large, max-video-preview:-1\" \/>\n<link rel=\"canonical\" href=\"https:\/\/www.masella.com\/blog\/es\/nevada-45cm-neu-pols\/\" \/>\n<meta property=\"og:locale\" content=\"es_ES\" \/>\n<meta property=\"og:type\" content=\"article\" \/>\n<meta property=\"og:title\" content=\"\u00a1NEVADA DE 45CM Y NIEVE POLVO! - blog oficial de masella\" \/>\n<meta property=\"og:description\" content=\"La nevada de la noche del 15 de enero y la ma\u00f1ana del 16 de enero nos ha dejado en\" \/>\n<meta property=\"og:url\" content=\"https:\/\/www.masella.com\/blog\/es\/nevada-45cm-neu-pols\/\" \/>\n<meta property=\"og:site_name\" content=\"blog oficial de masella\" \/>\n<meta property=\"article:published_time\" content=\"2017-01-17T11:02:25+00:00\" \/>\n<meta property=\"article:modified_time\" content=\"2022-06-01T06:36:52+00:00\" \/>\n<meta property=\"og:image\" content=\"https:\/\/www.masella.com\/blog\/wp-content\/uploads\/2017\/01\/1601_blogdestacat.jpg\" \/>\n\t<meta property=\"og:image:width\" content=\"800\" \/>\n\t<meta property=\"og:image:height\" content=\"451\" \/>\n\t<meta property=\"og:image:type\" content=\"image\/jpeg\" \/>\n<meta name=\"author\" content=\"masella\" \/>\n<meta name=\"twitter:card\" content=\"summary_large_image\" \/>\n<meta name=\"twitter:label1\" content=\"Escrito por\" \/>\n\t<meta name=\"twitter:data1\" content=\"masella\" \/>\n\t<meta name=\"twitter:label2\" content=\"Tiempo de lectura\" \/>\n\t<meta name=\"twitter:data2\" content=\"1 minuto\" \/>\n<script type=\"application\/ld+json\" class=\"yoast-schema-graph\">{\"@context\":\"https:\/\/schema.org\",\"@graph\":[{\"@type\":\"Article\",\"@id\":\"https:\/\/www.masella.com\/blog\/es\/nevada-45cm-neu-pols\/#article\",\"isPartOf\":{\"@id\":\"https:\/\/www.masella.com\/blog\/es\/nevada-45cm-neu-pols\/\"},\"author\":{\"name\":\"masella\",\"@id\":\"https:\/\/www.masella.com\/blog\/ca\/#\/schema\/person\/e32b971f5be20790c591d85b8f1c706b\"},\"headline\":\"\u00a1NEVADA DE 45CM Y NIEVE POLVO!\",\"datePublished\":\"2017-01-17T11:02:25+00:00\",\"dateModified\":\"2022-06-01T06:36:52+00:00\",\"mainEntityOfPage\":{\"@id\":\"https:\/\/www.masella.com\/blog\/es\/nevada-45cm-neu-pols\/\"},\"wordCount\":212,\"publisher\":{\"@id\":\"https:\/\/www.masella.com\/blog\/ca\/#organization\"},\"articleSection\":[\"Actualidad\",\"Actualitat\",\"Meteo\",\"Monta\u00f1a\",\"Muntanya\"],\"inLanguage\":\"es\"},{\"@type\":\"WebPage\",\"@id\":\"https:\/\/www.masella.com\/blog\/es\/nevada-45cm-neu-pols\/\",\"url\":\"https:\/\/www.masella.com\/blog\/es\/nevada-45cm-neu-pols\/\",\"name\":\"\u00a1NEVADA DE 45CM Y NIEVE POLVO! - blog oficial de masella\",\"isPartOf\":{\"@id\":\"https:\/\/www.masella.com\/blog\/ca\/#website\"},\"datePublished\":\"2017-01-17T11:02:25+00:00\",\"dateModified\":\"2022-06-01T06:36:52+00:00\",\"breadcrumb\":{\"@id\":\"https:\/\/www.masella.com\/blog\/es\/nevada-45cm-neu-pols\/#breadcrumb\"},\"inLanguage\":\"es\",\"potentialAction\":[{\"@type\":\"ReadAction\",\"target\":[\"https:\/\/www.masella.com\/blog\/es\/nevada-45cm-neu-pols\/\"]}]},{\"@type\":\"BreadcrumbList\",\"@id\":\"https:\/\/www.masella.com\/blog\/es\/nevada-45cm-neu-pols\/#breadcrumb\",\"itemListElement\":[{\"@type\":\"ListItem\",\"position\":1,\"name\":\"Portada\",\"item\":\"https:\/\/www.masella.com\/blog\/ca\/\"},{\"@type\":\"ListItem\",\"position\":2,\"name\":\"\u00a1NEVADA DE 45CM Y NIEVE POLVO!\"}]},{\"@type\":\"WebSite\",\"@id\":\"https:\/\/www.masella.com\/blog\/ca\/#website\",\"url\":\"https:\/\/www.masella.com\/blog\/ca\/\",\"name\":\"blog oficial de masella\",\"description\":\"\",\"publisher\":{\"@id\":\"https:\/\/www.masella.com\/blog\/ca\/#organization\"},\"potentialAction\":[{\"@type\":\"SearchAction\",\"target\":{\"@type\":\"EntryPoint\",\"urlTemplate\":\"https:\/\/www.masella.com\/blog\/ca\/?s={search_term_string}\"},\"query-input\":\"required name=search_term_string\"}],\"inLanguage\":\"es\"},{\"@type\":\"Organization\",\"@id\":\"https:\/\/www.masella.com\/blog\/ca\/#organization\",\"name\":\"blog oficial de masella\",\"url\":\"https:\/\/www.masella.com\/blog\/ca\/\",\"logo\":{\"@type\":\"ImageObject\",\"inLanguage\":\"es\",\"@id\":\"https:\/\/www.masella.com\/blog\/ca\/#\/schema\/logo\/image\/\",\"url\":\"https:\/\/www.masella.com\/blog\/wp-content\/uploads\/2022\/12\/logo-masella-es-1.png\",\"contentUrl\":\"https:\/\/www.masella.com\/blog\/wp-content\/uploads\/2022\/12\/logo-masella-es-1.png\",\"width\":150,\"height\":88,\"caption\":\"blog oficial de masella\"},\"image\":{\"@id\":\"https:\/\/www.masella.com\/blog\/ca\/#\/schema\/logo\/image\/\"}},{\"@type\":\"Person\",\"@id\":\"https:\/\/www.masella.com\/blog\/ca\/#\/schema\/person\/e32b971f5be20790c591d85b8f1c706b\",\"name\":\"masella\",\"image\":{\"@type\":\"ImageObject\",\"inLanguage\":\"es\",\"@id\":\"https:\/\/www.masella.com\/blog\/ca\/#\/schema\/person\/image\/\",\"url\":\"https:\/\/secure.gravatar.com\/avatar\/57590b1151eaa410a783e55768bbbba2?s=96&d=mm&r=g\",\"contentUrl\":\"https:\/\/secure.gravatar.com\/avatar\/57590b1151eaa410a783e55768bbbba2?s=96&d=mm&r=g\",\"caption\":\"masella\"},\"url\":\"https:\/\/www.masella.com\/blog\/es\/author\/anna\/\"}]}<\/script>\n<!-- \/ Yoast SEO plugin. -->","yoast_head_json":{"title":"\u00a1NEVADA DE 45CM Y NIEVE POLVO! - blog oficial de masella","robots":{"index":"index","follow":"follow","max-snippet":"max-snippet:-1","max-image-preview":"max-image-preview:large","max-video-preview":"max-video-preview:-1"},"canonical":"https:\/\/www.masella.com\/blog\/es\/nevada-45cm-neu-pols\/","og_locale":"es_ES","og_type":"article","og_title":"\u00a1NEVADA DE 45CM Y NIEVE POLVO! - blog oficial de masella","og_description":"La nevada de la noche del 15 de enero y la ma\u00f1ana del 16 de enero nos ha dejado en","og_url":"https:\/\/www.masella.com\/blog\/es\/nevada-45cm-neu-pols\/","og_site_name":"blog oficial de masella","article_published_time":"2017-01-17T11:02:25+00:00","article_modified_time":"2022-06-01T06:36:52+00:00","og_image":[{"width":800,"height":451,"url":"https:\/\/www.masella.com\/blog\/wp-content\/uploads\/2017\/01\/1601_blogdestacat.jpg","type":"image\/jpeg"}],"author":"masella","twitter_card":"summary_large_image","twitter_misc":{"Escrito por":"masella","Tiempo de lectura":"1 minuto"},"schema":{"@context":"https:\/\/schema.org","@graph":[{"@type":"Article","@id":"https:\/\/www.masella.com\/blog\/es\/nevada-45cm-neu-pols\/#article","isPartOf":{"@id":"https:\/\/www.masella.com\/blog\/es\/nevada-45cm-neu-pols\/"},"author":{"name":"masella","@id":"https:\/\/www.masella.com\/blog\/ca\/#\/schema\/person\/e32b971f5be20790c591d85b8f1c706b"},"headline":"\u00a1NEVADA DE 45CM Y NIEVE POLVO!","datePublished":"2017-01-17T11:02:25+00:00","dateModified":"2022-06-01T06:36:52+00:00","mainEntityOfPage":{"@id":"https:\/\/www.masella.com\/blog\/es\/nevada-45cm-neu-pols\/"},"wordCount":212,"publisher":{"@id":"https:\/\/www.masella.com\/blog\/ca\/#organization"},"articleSection":["Actualidad","Actualitat","Meteo","Monta\u00f1a","Muntanya"],"inLanguage":"es"},{"@type":"WebPage","@id":"https:\/\/www.masella.com\/blog\/es\/nevada-45cm-neu-pols\/","url":"https:\/\/www.masella.com\/blog\/es\/nevada-45cm-neu-pols\/","name":"\u00a1NEVADA DE 45CM Y NIEVE POLVO! - blog oficial de masella","isPartOf":{"@id":"https:\/\/www.masella.com\/blog\/ca\/#website"},"datePublished":"2017-01-17T11:02:25+00:00","dateModified":"2022-06-01T06:36:52+00:00","breadcrumb":{"@id":"https:\/\/www.masella.com\/blog\/es\/nevada-45cm-neu-pols\/#breadcrumb"},"inLanguage":"es","potentialAction":[{"@type":"ReadAction","target":["https:\/\/www.masella.com\/blog\/es\/nevada-45cm-neu-pols\/"]}]},{"@type":"BreadcrumbList","@id":"https:\/\/www.masella.com\/blog\/es\/nevada-45cm-neu-pols\/#breadcrumb","itemListElement":[{"@type":"ListItem","position":1,"name":"Portada","item":"https:\/\/www.masella.com\/blog\/ca\/"},{"@type":"ListItem","position":2,"name":"\u00a1NEVADA DE 45CM Y NIEVE POLVO!"}]},{"@type":"WebSite","@id":"https:\/\/www.masella.com\/blog\/ca\/#website","url":"https:\/\/www.masella.com\/blog\/ca\/","name":"blog oficial de masella","description":"","publisher":{"@id":"https:\/\/www.masella.com\/blog\/ca\/#organization"},"potentialAction":[{"@type":"SearchAction","target":{"@type":"EntryPoint","urlTemplate":"https:\/\/www.masella.com\/blog\/ca\/?s={search_term_string}"},"query-input":"required name=search_term_string"}],"inLanguage":"es"},{"@type":"Organization","@id":"https:\/\/www.masella.com\/blog\/ca\/#organization","name":"blog oficial de masella","url":"https:\/\/www.masella.com\/blog\/ca\/","logo":{"@type":"ImageObject","inLanguage":"es","@id":"https:\/\/www.masella.com\/blog\/ca\/#\/schema\/logo\/image\/","url":"https:\/\/www.masella.com\/blog\/wp-content\/uploads\/2022\/12\/logo-masella-es-1.png","contentUrl":"https:\/\/www.masella.com\/blog\/wp-content\/uploads\/2022\/12\/logo-masella-es-1.png","width":150,"height":88,"caption":"blog oficial de masella"},"image":{"@id":"https:\/\/www.masella.com\/blog\/ca\/#\/schema\/logo\/image\/"}},{"@type":"Person","@id":"https:\/\/www.masella.com\/blog\/ca\/#\/schema\/person\/e32b971f5be20790c591d85b8f1c706b","name":"masella","image":{"@type":"ImageObject","inLanguage":"es","@id":"https:\/\/www.masella.com\/blog\/ca\/#\/schema\/person\/image\/","url":"https:\/\/secure.gravatar.com\/avatar\/57590b1151eaa410a783e55768bbbba2?s=96&d=mm&r=g","contentUrl":"https:\/\/secure.gravatar.com\/avatar\/57590b1151eaa410a783e55768bbbba2?s=96&d=mm&r=g","caption":"masella"},"url":"https:\/\/www.masella.com\/blog\/es\/author\/anna\/"}]}},"_links":{"self":[{"href":"https:\/\/www.masella.com\/blog\/es\/wp-json\/wp\/v2\/posts\/1792"}],"collection":[{"href":"https:\/\/www.masella.com\/blog\/es\/wp-json\/wp\/v2\/posts"}],"about":[{"href":"https:\/\/www.masella.com\/blog\/es\/wp-json\/wp\/v2\/types\/post"}],"author":[{"embeddable":true,"href":"https:\/\/www.masella.com\/blog\/es\/wp-json\/wp\/v2\/users\/4"}],"replies":[{"embeddable":true,"href":"https:\/\/www.masella.com\/blog\/es\/wp-json\/wp\/v2\/comments?post=1792"}],"version-history":[{"count":3,"href":"https:\/\/www.masella.com\/blog\/es\/wp-json\/wp\/v2\/posts\/1792\/revisions"}],"predecessor-version":[{"id":1795,"href":"https:\/\/www.masella.com\/blog\/es\/wp-json\/wp\/v2\/posts\/1792\/revisions\/1795"}],"wp:featuredmedia":[{"embeddable":true,"href":"https:\/\/www.masella.com\/blog\/es\/wp-json\/wp\/v2\/media\/1790"}],"wp:attachment":[{"href":"https:\/\/www.masella.com\/blog\/es\/wp-json\/wp\/v2\/media?parent=1792"}],"wp:term":[{"taxonomy":"category","embeddable":true,"href":"https:\/\/www.masella.com\/blog\/es\/wp-json\/wp\/v2\/categories?post=1792"},{"taxonomy":"post_tag","embeddable":true,"href":"https:\/\/www.masella.com\/blog\/es\/wp-json\/wp\/v2\/tags?post=1792"}],"curies":[{"name":"wp","href":"https:\/\/api.w.org\/{rel}","templated":true}]}}